{"id":50411,"date":"2024-04-23T21:55:10","date_gmt":"2024-04-24T03:55:10","guid":{"rendered":"https:\/\/elinformativotam.com\/?p=50411"},"modified":"2024-04-23T21:55:31","modified_gmt":"2024-04-24T03:55:31","slug":"habra-mas-ataques-en-mi-contra-viene-segundo-debate-sheinbaum","status":"publish","type":"post","link":"https:\/\/elinformativotam.com\/index.php\/2024\/04\/23\/habra-mas-ataques-en-mi-contra-viene-segundo-debate-sheinbaum\/","title":{"rendered":"HABR\u00c1 M\u00c1S ATAQUES EN MI CONTRA; VIENE SEGUNDO DEBATE: SHEINBAUM"},"content":{"rendered":"<h2 style=\"text-align: center;\"><em><span style=\"font-family: 'times new roman', times;\">*Se\u00f1ala Que La Campa\u00f1a De Difamaci\u00f3n No Cesa Y Buscan Contrapuntearla Con El Resto De Los Candidatos De La Coalici\u00f3n<\/span><\/em><\/h2>\n<p>&nbsp;<\/p>\n<p>&nbsp;<\/p>\n<p>S\u00ed habr\u00e1 de incrementar la guerra sucia conforme se acerque la elecci\u00f3n del 2 de Junio, se\u00f1al\u00f3 la Candidata a la Presidencia de M\u00e9xico por Morena, Claudia Sheinbaum Pardo, tras afirmar que pretenden hacer creer que hay divisi\u00f3n interna &#8220;que son mentiras tremendas que habr\u00e1n de arreciar en los siguientes d\u00edas&#8221;.<\/p>\n<p>&nbsp;<\/p>\n<p>En su visita a Tampico, la candidata presidencial de la coalici\u00f3n Morena, PVEM y PT afirm\u00f3 que hay desesperaci\u00f3n en los candidatos contrarios, ya que est\u00e1n, dijo, haciendo de todo para pretender crear una divisi\u00f3n en Morena<\/p>\n<p>&nbsp;<\/p>\n<p>&#8220;Ahi est\u00e1n los anuncios que salen en Google, cuando revisaba un art\u00edculo en un peri\u00f3dico, me apareci\u00f3 un v\u00eddeo en contra de Clara Brugada con mentiras tremendas, entonces creo que si va arreciar la guerra sucia&#8221;, indic\u00f3<\/p>\n<p>&nbsp;<\/p>\n<p>Acompa\u00f1ada de los candidatos a la diputaci\u00f3n y al senado de los tres partidos pol\u00edticos coaligados, Sheinbaum subray\u00f3 que &#8220;es pura falsedad, son absurdos y me dan risa&#8221; lo que est\u00e1 apareciendo en algunos medios de comunicaci\u00f3n del pa\u00eds y extranjero&#8221;.<\/p>\n<p>&nbsp;<\/p>\n<p>La abanderada de Morena subray\u00f3 que hoy la poblaci\u00f3n mexicana ya despert\u00f3 &#8220;y ya no se traga est\u00e1s mentiras que circula, y \u00e9stas calumnias que se hacen, y pues no queda m\u00e1s que aclarar cuando se presenta esto&#8221;, detall\u00f3<\/p>\n<p>&nbsp;<\/p>\n<p>Sheinbaum, dej\u00f3 en claro que en el segundo debate presidencial entre los tres abanderados, a realizarse el pr\u00f3ximo 28 de Abril, ya se prepara para la posible andanada de ataques en su contra.<\/p>\n<p>&nbsp;<\/p>\n<p>&#8220;Tenemos ya algunas cosas preparadas para el debate&#8221;, enfatiz\u00f3<\/p>\n<p>&nbsp;<\/p>\n<p>Dijo que a Diferencia del PAN y sus coaligados qui\u00e9nes ya est\u00e1n pidiendo el apoyo a sus gobernadores para el 2 de Junio, en Morena es ilegal hacer eso, ya que es una elecci\u00f3n que tendr\u00e1n que sacar los mismos morenistas y su coalici\u00f3n.<\/p>\n<p>&nbsp;<\/p>\n<p>&#8220;Nosotros somos qui\u00e9nes tenemos la responsabilidad de sacar adelante la elecci\u00f3n, con nuestro trabajo territorial, pero la participaci\u00f3n de los gobernadores es ilegal&#8221;, apunt\u00f3<\/p>\n<p>&nbsp;<\/p>\n<p>Sheinbaum, explic\u00f3 que de ganar los comicios del 2 de Junio, Tamaulipas ser\u00e1 beneficiado con la realizaci\u00f3n de varios proyectos que habr\u00e1 de coordinar con el Gobernador Am\u00e9rico Villarreal Anaya, c\u00f3mo la terminaci\u00f3n de carreteras, el acueducto, proyecto P\u00e1nuco-Mty; el metrob\u00fas en la frontera y la zona sur, la planta de fertilizantes y de almacenaje de Gas, el Proyecto de Matamoros, as\u00ed como el desarrollo tur\u00edstico del Puerto de Tampico<\/p>\n<p>&nbsp;<\/p>\n<p>&#8220;vamos a apoyar al gobernador para realizarlos&#8221;, recalc\u00f3<\/p>\n<p>&nbsp;<\/p>\n<p>Posterior a la conferencia de prensa, Sheinbaum Pardo se traslad\u00f3 a Altamira donde sostuvo un mitin masivo en pleno z\u00f3calo de esa ciudad.<\/p>\n","protected":false},"excerpt":{"rendered":"<p>*Se\u00f1ala Que La Campa\u00f1a De Difamaci\u00f3n No Cesa Y Buscan Contrapuntearla Con El Resto De Los Candidatos De La Coalici\u00f3n&hellip;<\/p>\n","protected":false},"author":1,"featured_media":50412,"comment_status":"open","ping_status":"open","sticky":false,"template":"","format":"standard","meta":{"footnotes":""},"categories":[1],"tags":[],"class_list":["post-50411","post","type-post","status-publish","format-standard","has-post-thumbnail","hentry","category-uncategorized"],"yoast_head":"<!-- This site is optimized with the Yoast SEO plugin v27.5 - https:\/\/yoast.com\/product\/yoast-seo-wordpress\/ -->\n<title>HABR\u00c1 M\u00c1S ATAQUES EN MI CONTRA; VIENE SEGUNDO DEBATE: SHEINBAUM - EL INFORMATIVO DE TAMAULIPAS<\/title>\n<meta name=\"description\" content=\"*Se\u00f1ala Que La Campa\u00f1a De Difamaci\u00f3n No Cesa Y Buscan Contrapuntearla Con El Resto De Los Candidatos De La Coalici\u00f3n &nbsp; &nbsp; S\u00ed habr\u00e1 de incrementar\" \/>\n<meta name=\"robots\" content=\"index, follow, max-snippet:-1, max-image-preview:large, max-video-preview:-1\" \/>\n<link rel=\"canonical\" href=\"https:\/\/elinformativotam.com\/index.php\/2024\/04\/23\/habra-mas-ataques-en-mi-contra-viene-segundo-debate-sheinbaum\/\" \/>\n<meta property=\"og:locale\" content=\"es_MX\" \/>\n<meta property=\"og:type\" content=\"article\" \/>\n<meta property=\"og:title\" content=\"HABR\u00c1 M\u00c1S ATAQUES EN MI CONTRA; VIENE SEGUNDO DEBATE: SHEINBAUM - EL INFORMATIVO DE TAMAULIPAS\" \/>\n<meta property=\"og:description\" content=\"*Se\u00f1ala Que La Campa\u00f1a De Difamaci\u00f3n No Cesa Y Buscan Contrapuntearla Con El Resto De Los Candidatos De La Coalici\u00f3n &nbsp; &nbsp; S\u00ed habr\u00e1 de incrementar\" \/>\n<meta property=\"og:url\" content=\"https:\/\/elinformativotam.com\/index.php\/2024\/04\/23\/habra-mas-ataques-en-mi-contra-viene-segundo-debate-sheinbaum\/\" \/>\n<meta property=\"og:site_name\" content=\"EL INFORMATIVO DE TAMAULIPAS\" \/>\n<meta property=\"article:published_time\" content=\"2024-04-24T03:55:10+00:00\" \/>\n<meta property=\"article:modified_time\" content=\"2024-04-24T03:55:31+00:00\" \/>\n<meta property=\"og:image\" content=\"https:\/\/elinformativotam.com\/wp-content\/uploads\/2024\/04\/Claudia.jpeg\" \/>\n\t<meta property=\"og:image:width\" content=\"1600\" \/>\n\t<meta property=\"og:image:height\" content=\"1204\" \/>\n\t<meta property=\"og:image:type\" content=\"image\/jpeg\" \/>\n<meta name=\"author\" content=\"El Informativo Tam\" \/>\n<meta name=\"twitter:card\" content=\"summary_large_image\" \/>\n<meta name=\"twitter:label1\" content=\"Escrito por\" \/>\n\t<meta name=\"twitter:data1\" content=\"El Informativo Tam\" \/>\n\t<meta name=\"twitter:label2\" content=\"Tiempo de lectura\" \/>\n\t<meta name=\"twitter:data2\" content=\"3 minutos\" \/>\n<script type=\"application\/ld+json\" class=\"yoast-schema-graph\">{\"@context\":\"https:\\\/\\\/schema.org\",\"@graph\":[{\"@type\":\"Article\",\"@id\":\"https:\\\/\\\/elinformativotam.com\\\/index.php\\\/2024\\\/04\\\/23\\\/habra-mas-ataques-en-mi-contra-viene-segundo-debate-sheinbaum\\\/#article\",\"isPartOf\":{\"@id\":\"https:\\\/\\\/elinformativotam.com\\\/index.php\\\/2024\\\/04\\\/23\\\/habra-mas-ataques-en-mi-contra-viene-segundo-debate-sheinbaum\\\/\"},\"author\":{\"name\":\"El Informativo Tam\",\"@id\":\"https:\\\/\\\/elinformativotam.com\\\/#\\\/schema\\\/person\\\/78e08040eed0f6110f0c5f83b6153590\"},\"headline\":\"HABR\u00c1 M\u00c1S ATAQUES EN MI CONTRA; VIENE SEGUNDO DEBATE: SHEINBAUM\",\"datePublished\":\"2024-04-24T03:55:10+00:00\",\"dateModified\":\"2024-04-24T03:55:31+00:00\",\"mainEntityOfPage\":{\"@id\":\"https:\\\/\\\/elinformativotam.com\\\/index.php\\\/2024\\\/04\\\/23\\\/habra-mas-ataques-en-mi-contra-viene-segundo-debate-sheinbaum\\\/\"},\"wordCount\":499,\"commentCount\":0,\"publisher\":{\"@id\":\"https:\\\/\\\/elinformativotam.com\\\/#organization\"},\"image\":{\"@id\":\"https:\\\/\\\/elinformativotam.com\\\/index.php\\\/2024\\\/04\\\/23\\\/habra-mas-ataques-en-mi-contra-viene-segundo-debate-sheinbaum\\\/#primaryimage\"},\"thumbnailUrl\":\"https:\\\/\\\/elinformativotam.com\\\/wp-content\\\/uploads\\\/2024\\\/04\\\/Claudia.jpeg\",\"articleSection\":[\"Uncategorized\"],\"inLanguage\":\"es\",\"potentialAction\":[{\"@type\":\"CommentAction\",\"name\":\"Comment\",\"target\":[\"https:\\\/\\\/elinformativotam.com\\\/index.php\\\/2024\\\/04\\\/23\\\/habra-mas-ataques-en-mi-contra-viene-segundo-debate-sheinbaum\\\/#respond\"]}]},{\"@type\":\"WebPage\",\"@id\":\"https:\\\/\\\/elinformativotam.com\\\/index.php\\\/2024\\\/04\\\/23\\\/habra-mas-ataques-en-mi-contra-viene-segundo-debate-sheinbaum\\\/\",\"url\":\"https:\\\/\\\/elinformativotam.com\\\/index.php\\\/2024\\\/04\\\/23\\\/habra-mas-ataques-en-mi-contra-viene-segundo-debate-sheinbaum\\\/\",\"name\":\"HABR\u00c1 M\u00c1S ATAQUES EN MI CONTRA; VIENE SEGUNDO DEBATE: SHEINBAUM - EL INFORMATIVO DE TAMAULIPAS\",\"isPartOf\":{\"@id\":\"https:\\\/\\\/elinformativotam.com\\\/#website\"},\"primaryImageOfPage\":{\"@id\":\"https:\\\/\\\/elinformativotam.com\\\/index.php\\\/2024\\\/04\\\/23\\\/habra-mas-ataques-en-mi-contra-viene-segundo-debate-sheinbaum\\\/#primaryimage\"},\"image\":{\"@id\":\"https:\\\/\\\/elinformativotam.com\\\/index.php\\\/2024\\\/04\\\/23\\\/habra-mas-ataques-en-mi-contra-viene-segundo-debate-sheinbaum\\\/#primaryimage\"},\"thumbnailUrl\":\"https:\\\/\\\/elinformativotam.com\\\/wp-content\\\/uploads\\\/2024\\\/04\\\/Claudia.jpeg\",\"datePublished\":\"2024-04-24T03:55:10+00:00\",\"dateModified\":\"2024-04-24T03:55:31+00:00\",\"description\":\"*Se\u00f1ala Que La Campa\u00f1a De Difamaci\u00f3n No Cesa Y Buscan Contrapuntearla Con El Resto De Los Candidatos De La Coalici\u00f3n &nbsp; &nbsp; S\u00ed habr\u00e1 de incrementar\",\"inLanguage\":\"es\",\"potentialAction\":[{\"@type\":\"ReadAction\",\"target\":[\"https:\\\/\\\/elinformativotam.com\\\/index.php\\\/2024\\\/04\\\/23\\\/habra-mas-ataques-en-mi-contra-viene-segundo-debate-sheinbaum\\\/\"]}]},{\"@type\":\"ImageObject\",\"inLanguage\":\"es\",\"@id\":\"https:\\\/\\\/elinformativotam.com\\\/index.php\\\/2024\\\/04\\\/23\\\/habra-mas-ataques-en-mi-contra-viene-segundo-debate-sheinbaum\\\/#primaryimage\",\"url\":\"https:\\\/\\\/elinformativotam.com\\\/wp-content\\\/uploads\\\/2024\\\/04\\\/Claudia.jpeg\",\"contentUrl\":\"https:\\\/\\\/elinformativotam.com\\\/wp-content\\\/uploads\\\/2024\\\/04\\\/Claudia.jpeg\",\"width\":1600,\"height\":1204},{\"@type\":\"WebSite\",\"@id\":\"https:\\\/\\\/elinformativotam.com\\\/#website\",\"url\":\"https:\\\/\\\/elinformativotam.com\\\/\",\"name\":\"EL INFORMATIVO DE TAMAULIPAS\",\"description\":\"Desde la Zona Metropolitana Para Todo M\u00e9xico\",\"publisher\":{\"@id\":\"https:\\\/\\\/elinformativotam.com\\\/#organization\"},\"potentialAction\":[{\"@type\":\"SearchAction\",\"target\":{\"@type\":\"EntryPoint\",\"urlTemplate\":\"https:\\\/\\\/elinformativotam.com\\\/?s={search_term_string}\"},\"query-input\":{\"@type\":\"PropertyValueSpecification\",\"valueRequired\":true,\"valueName\":\"search_term_string\"}}],\"inLanguage\":\"es\"},{\"@type\":\"Organization\",\"@id\":\"https:\\\/\\\/elinformativotam.com\\\/#organization\",\"name\":\"EL INFORMATIVO DE TAMAULIPAS\",\"url\":\"https:\\\/\\\/elinformativotam.com\\\/\",\"logo\":{\"@type\":\"ImageObject\",\"inLanguage\":\"es\",\"@id\":\"https:\\\/\\\/elinformativotam.com\\\/#\\\/schema\\\/logo\\\/image\\\/\",\"url\":\"https:\\\/\\\/elinformativotam.com\\\/wp-content\\\/uploads\\\/2026\\\/02\\\/Cabezal.png\",\"contentUrl\":\"https:\\\/\\\/elinformativotam.com\\\/wp-content\\\/uploads\\\/2026\\\/02\\\/Cabezal.png\",\"width\":960,\"height\":640,\"caption\":\"EL INFORMATIVO DE TAMAULIPAS\"},\"image\":{\"@id\":\"https:\\\/\\\/elinformativotam.com\\\/#\\\/schema\\\/logo\\\/image\\\/\"}},{\"@type\":\"Person\",\"@id\":\"https:\\\/\\\/elinformativotam.com\\\/#\\\/schema\\\/person\\\/78e08040eed0f6110f0c5f83b6153590\",\"name\":\"El Informativo Tam\",\"image\":{\"@type\":\"ImageObject\",\"inLanguage\":\"es\",\"@id\":\"https:\\\/\\\/secure.gravatar.com\\\/avatar\\\/f3b7ad3af540688955925ac610647be00b0cf41feea9c4978b73a707ee86bc53?s=96&d=mm&r=g\",\"url\":\"https:\\\/\\\/secure.gravatar.com\\\/avatar\\\/f3b7ad3af540688955925ac610647be00b0cf41feea9c4978b73a707ee86bc53?s=96&d=mm&r=g\",\"contentUrl\":\"https:\\\/\\\/secure.gravatar.com\\\/avatar\\\/f3b7ad3af540688955925ac610647be00b0cf41feea9c4978b73a707ee86bc53?s=96&d=mm&r=g\",\"caption\":\"El Informativo Tam\"}}]}<\/script>\n<!-- \/ Yoast SEO plugin. -->","yoast_head_json":{"title":"HABR\u00c1 M\u00c1S ATAQUES EN MI CONTRA; VIENE SEGUNDO DEBATE: SHEINBAUM - EL INFORMATIVO DE TAMAULIPAS","description":"*Se\u00f1ala Que La Campa\u00f1a De Difamaci\u00f3n No Cesa Y Buscan Contrapuntearla Con El Resto De Los Candidatos De La Coalici\u00f3n &nbsp; &nbsp; S\u00ed habr\u00e1 de incrementar","robots":{"index":"index","follow":"follow","max-snippet":"max-snippet:-1","max-image-preview":"max-image-preview:large","max-video-preview":"max-video-preview:-1"},"canonical":"https:\/\/elinformativotam.com\/index.php\/2024\/04\/23\/habra-mas-ataques-en-mi-contra-viene-segundo-debate-sheinbaum\/","og_locale":"es_MX","og_type":"article","og_title":"HABR\u00c1 M\u00c1S ATAQUES EN MI CONTRA; VIENE SEGUNDO DEBATE: SHEINBAUM - EL INFORMATIVO DE TAMAULIPAS","og_description":"*Se\u00f1ala Que La Campa\u00f1a De Difamaci\u00f3n No Cesa Y Buscan Contrapuntearla Con El Resto De Los Candidatos De La Coalici\u00f3n &nbsp; &nbsp; S\u00ed habr\u00e1 de incrementar","og_url":"https:\/\/elinformativotam.com\/index.php\/2024\/04\/23\/habra-mas-ataques-en-mi-contra-viene-segundo-debate-sheinbaum\/","og_site_name":"EL INFORMATIVO DE TAMAULIPAS","article_published_time":"2024-04-24T03:55:10+00:00","article_modified_time":"2024-04-24T03:55:31+00:00","og_image":[{"width":1600,"height":1204,"url":"https:\/\/elinformativotam.com\/wp-content\/uploads\/2024\/04\/Claudia.jpeg","type":"image\/jpeg"}],"author":"El Informativo Tam","twitter_card":"summary_large_image","twitter_misc":{"Escrito por":"El Informativo Tam","Tiempo de lectura":"3 minutos"},"schema":{"@context":"https:\/\/schema.org","@graph":[{"@type":"Article","@id":"https:\/\/elinformativotam.com\/index.php\/2024\/04\/23\/habra-mas-ataques-en-mi-contra-viene-segundo-debate-sheinbaum\/#article","isPartOf":{"@id":"https:\/\/elinformativotam.com\/index.php\/2024\/04\/23\/habra-mas-ataques-en-mi-contra-viene-segundo-debate-sheinbaum\/"},"author":{"name":"El Informativo Tam","@id":"https:\/\/elinformativotam.com\/#\/schema\/person\/78e08040eed0f6110f0c5f83b6153590"},"headline":"HABR\u00c1 M\u00c1S ATAQUES EN MI CONTRA; VIENE SEGUNDO DEBATE: SHEINBAUM","datePublished":"2024-04-24T03:55:10+00:00","dateModified":"2024-04-24T03:55:31+00:00","mainEntityOfPage":{"@id":"https:\/\/elinformativotam.com\/index.php\/2024\/04\/23\/habra-mas-ataques-en-mi-contra-viene-segundo-debate-sheinbaum\/"},"wordCount":499,"commentCount":0,"publisher":{"@id":"https:\/\/elinformativotam.com\/#organization"},"image":{"@id":"https:\/\/elinformativotam.com\/index.php\/2024\/04\/23\/habra-mas-ataques-en-mi-contra-viene-segundo-debate-sheinbaum\/#primaryimage"},"thumbnailUrl":"https:\/\/elinformativotam.com\/wp-content\/uploads\/2024\/04\/Claudia.jpeg","articleSection":["Uncategorized"],"inLanguage":"es","potentialAction":[{"@type":"CommentAction","name":"Comment","target":["https:\/\/elinformativotam.com\/index.php\/2024\/04\/23\/habra-mas-ataques-en-mi-contra-viene-segundo-debate-sheinbaum\/#respond"]}]},{"@type":"WebPage","@id":"https:\/\/elinformativotam.com\/index.php\/2024\/04\/23\/habra-mas-ataques-en-mi-contra-viene-segundo-debate-sheinbaum\/","url":"https:\/\/elinformativotam.com\/index.php\/2024\/04\/23\/habra-mas-ataques-en-mi-contra-viene-segundo-debate-sheinbaum\/","name":"HABR\u00c1 M\u00c1S ATAQUES EN MI CONTRA; VIENE SEGUNDO DEBATE: SHEINBAUM - EL INFORMATIVO DE TAMAULIPAS","isPartOf":{"@id":"https:\/\/elinformativotam.com\/#website"},"primaryImageOfPage":{"@id":"https:\/\/elinformativotam.com\/index.php\/2024\/04\/23\/habra-mas-ataques-en-mi-contra-viene-segundo-debate-sheinbaum\/#primaryimage"},"image":{"@id":"https:\/\/elinformativotam.com\/index.php\/2024\/04\/23\/habra-mas-ataques-en-mi-contra-viene-segundo-debate-sheinbaum\/#primaryimage"},"thumbnailUrl":"https:\/\/elinformativotam.com\/wp-content\/uploads\/2024\/04\/Claudia.jpeg","datePublished":"2024-04-24T03:55:10+00:00","dateModified":"2024-04-24T03:55:31+00:00","description":"*Se\u00f1ala Que La Campa\u00f1a De Difamaci\u00f3n No Cesa Y Buscan Contrapuntearla Con El Resto De Los Candidatos De La Coalici\u00f3n &nbsp; &nbsp; S\u00ed habr\u00e1 de incrementar","inLanguage":"es","potentialAction":[{"@type":"ReadAction","target":["https:\/\/elinformativotam.com\/index.php\/2024\/04\/23\/habra-mas-ataques-en-mi-contra-viene-segundo-debate-sheinbaum\/"]}]},{"@type":"ImageObject","inLanguage":"es","@id":"https:\/\/elinformativotam.com\/index.php\/2024\/04\/23\/habra-mas-ataques-en-mi-contra-viene-segundo-debate-sheinbaum\/#primaryimage","url":"https:\/\/elinformativotam.com\/wp-content\/uploads\/2024\/04\/Claudia.jpeg","contentUrl":"https:\/\/elinformativotam.com\/wp-content\/uploads\/2024\/04\/Claudia.jpeg","width":1600,"height":1204},{"@type":"WebSite","@id":"https:\/\/elinformativotam.com\/#website","url":"https:\/\/elinformativotam.com\/","name":"EL INFORMATIVO DE TAMAULIPAS","description":"Desde la Zona Metropolitana Para Todo M\u00e9xico","publisher":{"@id":"https:\/\/elinformativotam.com\/#organization"},"potentialAction":[{"@type":"SearchAction","target":{"@type":"EntryPoint","urlTemplate":"https:\/\/elinformativotam.com\/?s={search_term_string}"},"query-input":{"@type":"PropertyValueSpecification","valueRequired":true,"valueName":"search_term_string"}}],"inLanguage":"es"},{"@type":"Organization","@id":"https:\/\/elinformativotam.com\/#organization","name":"EL INFORMATIVO DE TAMAULIPAS","url":"https:\/\/elinformativotam.com\/","logo":{"@type":"ImageObject","inLanguage":"es","@id":"https:\/\/elinformativotam.com\/#\/schema\/logo\/image\/","url":"https:\/\/elinformativotam.com\/wp-content\/uploads\/2026\/02\/Cabezal.png","contentUrl":"https:\/\/elinformativotam.com\/wp-content\/uploads\/2026\/02\/Cabezal.png","width":960,"height":640,"caption":"EL INFORMATIVO DE TAMAULIPAS"},"image":{"@id":"https:\/\/elinformativotam.com\/#\/schema\/logo\/image\/"}},{"@type":"Person","@id":"https:\/\/elinformativotam.com\/#\/schema\/person\/78e08040eed0f6110f0c5f83b6153590","name":"El Informativo Tam","image":{"@type":"ImageObject","inLanguage":"es","@id":"https:\/\/secure.gravatar.com\/avatar\/f3b7ad3af540688955925ac610647be00b0cf41feea9c4978b73a707ee86bc53?s=96&d=mm&r=g","url":"https:\/\/secure.gravatar.com\/avatar\/f3b7ad3af540688955925ac610647be00b0cf41feea9c4978b73a707ee86bc53?s=96&d=mm&r=g","contentUrl":"https:\/\/secure.gravatar.com\/avatar\/f3b7ad3af540688955925ac610647be00b0cf41feea9c4978b73a707ee86bc53?s=96&d=mm&r=g","caption":"El Informativo Tam"}}]}},"_links":{"self":[{"href":"https:\/\/elinformativotam.com\/index.php\/wp-json\/wp\/v2\/posts\/50411","targetHints":{"allow":["GET"]}}],"collection":[{"href":"https:\/\/elinformativotam.com\/index.php\/wp-json\/wp\/v2\/posts"}],"about":[{"href":"https:\/\/elinformativotam.com\/index.php\/wp-json\/wp\/v2\/types\/post"}],"author":[{"embeddable":true,"href":"https:\/\/elinformativotam.com\/index.php\/wp-json\/wp\/v2\/users\/1"}],"replies":[{"embeddable":true,"href":"https:\/\/elinformativotam.com\/index.php\/wp-json\/wp\/v2\/comments?post=50411"}],"version-history":[{"count":2,"href":"https:\/\/elinformativotam.com\/index.php\/wp-json\/wp\/v2\/posts\/50411\/revisions"}],"predecessor-version":[{"id":50414,"href":"https:\/\/elinformativotam.com\/index.php\/wp-json\/wp\/v2\/posts\/50411\/revisions\/50414"}],"wp:featuredmedia":[{"embeddable":true,"href":"https:\/\/elinformativotam.com\/index.php\/wp-json\/wp\/v2\/media\/50412"}],"wp:attachment":[{"href":"https:\/\/elinformativotam.com\/index.php\/wp-json\/wp\/v2\/media?parent=50411"}],"wp:term":[{"taxonomy":"category","embeddable":true,"href":"https:\/\/elinformativotam.com\/index.php\/wp-json\/wp\/v2\/categories?post=50411"},{"taxonomy":"post_tag","embeddable":true,"href":"https:\/\/elinformativotam.com\/index.php\/wp-json\/wp\/v2\/tags?post=50411"}],"curies":[{"name":"wp","href":"https:\/\/api.w.org\/{rel}","templated":true}]}}