{"id":50409,"date":"2024-04-22T21:58:52","date_gmt":"2024-04-23T03:58:52","guid":{"rendered":"https:\/\/elinformativotam.com\/?p=50409"},"modified":"2024-04-22T21:58:52","modified_gmt":"2024-04-23T03:58:52","slug":"madero-requiere-de-un-desarrollo-economico-solido-edgar-chacon","status":"publish","type":"post","link":"https:\/\/elinformativotam.com\/index.php\/2024\/04\/22\/madero-requiere-de-un-desarrollo-economico-solido-edgar-chacon\/","title":{"rendered":"MADERO REQUIERE DE UN DESARROLLO ECON\u00d3MICO S\u00d3LIDO: EDGAR CHAC\u00d3N."},"content":{"rendered":"<p>Cd. Madero, Tamaulipas.- El municipio de Ciudad Madero requiere de un desarrollo econ\u00f3mico s\u00f3lido para consolidarse en este rubro.<\/p>\n<p>&nbsp;<\/p>\n<p>El candidato del partido Movimiento Ciudadano a la diputaci\u00f3n local por el distrito 20, Edgar Chac\u00f3n, se\u00f1al\u00f3 que esto es fundamental para el municipio, debido a que es el rubro en el cual se desarrolla la urbe petrolera.<\/p>\n<p>&nbsp;<\/p>\n<p>Mencion\u00f3 que el contar con una econom\u00eda s\u00f3lida, permitir\u00e1 que m\u00e1s inversionistas se acerquen a la ciudad.<\/p>\n<p>&nbsp;<\/p>\n<p>Indic\u00f3 que para conocer tambi\u00e9n las inquietudes ciudadanas, recorre las colonias del municipio maderense, donde instala las llamadas mesas naranja, en las cuales dialoga con la poblaci\u00f3n sobre lo que se requiere.<\/p>\n<p>&nbsp;<\/p>\n<p>A\u00f1adi\u00f3 que eso le ayudar\u00e1 a legislar, pues su labor, al momento de llegar al congreso estatal, ser\u00e1 buscar satisfacer las necesidades de los ciudadanos, gestionando y bajando recursos y apoyos para obras y servicios.<\/p>\n<p>&nbsp;<\/p>\n<p>&nbsp;<\/p>\n","protected":false},"excerpt":{"rendered":"<p>Cd. Madero, Tamaulipas.- El municipio de Ciudad Madero requiere de un desarrollo econ\u00f3mico s\u00f3lido para consolidarse en este rubro. &nbsp;&hellip;<\/p>\n","protected":false},"author":1,"featured_media":50406,"comment_status":"open","ping_status":"open","sticky":false,"template":"","format":"standard","meta":{"footnotes":""},"categories":[4],"tags":[],"class_list":["post-50409","post","type-post","status-publish","format-standard","has-post-thumbnail","hentry","category-madero"],"yoast_head":"<!-- This site is optimized with the Yoast SEO plugin v27.5 - https:\/\/yoast.com\/product\/yoast-seo-wordpress\/ -->\n<title>MADERO REQUIERE DE UN DESARROLLO ECON\u00d3MICO S\u00d3LIDO: EDGAR CHAC\u00d3N. - EL INFORMATIVO DE TAMAULIPAS<\/title>\n<meta name=\"description\" content=\"Cd. Madero, Tamaulipas.- El municipio de Ciudad Madero requiere de un desarrollo econ\u00f3mico s\u00f3lido para consolidarse en este rubro. &nbsp; El candidato del\" \/>\n<meta name=\"robots\" content=\"index, follow, max-snippet:-1, max-image-preview:large, max-video-preview:-1\" \/>\n<link rel=\"canonical\" href=\"https:\/\/elinformativotam.com\/index.php\/2024\/04\/22\/madero-requiere-de-un-desarrollo-economico-solido-edgar-chacon\/\" \/>\n<meta property=\"og:locale\" content=\"es_MX\" \/>\n<meta property=\"og:type\" content=\"article\" \/>\n<meta property=\"og:title\" content=\"MADERO REQUIERE DE UN DESARROLLO ECON\u00d3MICO S\u00d3LIDO: EDGAR CHAC\u00d3N. - EL INFORMATIVO DE TAMAULIPAS\" \/>\n<meta property=\"og:description\" content=\"Cd. Madero, Tamaulipas.- El municipio de Ciudad Madero requiere de un desarrollo econ\u00f3mico s\u00f3lido para consolidarse en este rubro. &nbsp; El candidato del\" \/>\n<meta property=\"og:url\" content=\"https:\/\/elinformativotam.com\/index.php\/2024\/04\/22\/madero-requiere-de-un-desarrollo-economico-solido-edgar-chacon\/\" \/>\n<meta property=\"og:site_name\" content=\"EL INFORMATIVO DE TAMAULIPAS\" \/>\n<meta property=\"article:published_time\" content=\"2024-04-23T03:58:52+00:00\" \/>\n<meta property=\"og:image\" content=\"https:\/\/elinformativotam.com\/wp-content\/uploads\/2024\/04\/Edgar-Chacon.jpeg\" \/>\n\t<meta property=\"og:image:width\" content=\"1280\" \/>\n\t<meta property=\"og:image:height\" content=\"960\" \/>\n\t<meta property=\"og:image:type\" content=\"image\/jpeg\" \/>\n<meta name=\"author\" content=\"El Informativo Tam\" \/>\n<meta name=\"twitter:card\" content=\"summary_large_image\" \/>\n<meta name=\"twitter:label1\" content=\"Escrito por\" \/>\n\t<meta name=\"twitter:data1\" content=\"El Informativo Tam\" \/>\n\t<meta name=\"twitter:label2\" content=\"Tiempo de lectura\" \/>\n\t<meta name=\"twitter:data2\" content=\"1 minuto\" \/>\n<script type=\"application\/ld+json\" class=\"yoast-schema-graph\">{\"@context\":\"https:\\\/\\\/schema.org\",\"@graph\":[{\"@type\":\"Article\",\"@id\":\"https:\\\/\\\/elinformativotam.com\\\/index.php\\\/2024\\\/04\\\/22\\\/madero-requiere-de-un-desarrollo-economico-solido-edgar-chacon\\\/#article\",\"isPartOf\":{\"@id\":\"https:\\\/\\\/elinformativotam.com\\\/index.php\\\/2024\\\/04\\\/22\\\/madero-requiere-de-un-desarrollo-economico-solido-edgar-chacon\\\/\"},\"author\":{\"name\":\"El Informativo Tam\",\"@id\":\"https:\\\/\\\/elinformativotam.com\\\/#\\\/schema\\\/person\\\/78e08040eed0f6110f0c5f83b6153590\"},\"headline\":\"MADERO REQUIERE DE UN DESARROLLO ECON\u00d3MICO S\u00d3LIDO: EDGAR CHAC\u00d3N.\",\"datePublished\":\"2024-04-23T03:58:52+00:00\",\"mainEntityOfPage\":{\"@id\":\"https:\\\/\\\/elinformativotam.com\\\/index.php\\\/2024\\\/04\\\/22\\\/madero-requiere-de-un-desarrollo-economico-solido-edgar-chacon\\\/\"},\"wordCount\":170,\"commentCount\":0,\"publisher\":{\"@id\":\"https:\\\/\\\/elinformativotam.com\\\/#organization\"},\"image\":{\"@id\":\"https:\\\/\\\/elinformativotam.com\\\/index.php\\\/2024\\\/04\\\/22\\\/madero-requiere-de-un-desarrollo-economico-solido-edgar-chacon\\\/#primaryimage\"},\"thumbnailUrl\":\"https:\\\/\\\/elinformativotam.com\\\/wp-content\\\/uploads\\\/2024\\\/04\\\/Edgar-Chacon.jpeg\",\"articleSection\":[\"Cd Madero\"],\"inLanguage\":\"es\",\"potentialAction\":[{\"@type\":\"CommentAction\",\"name\":\"Comment\",\"target\":[\"https:\\\/\\\/elinformativotam.com\\\/index.php\\\/2024\\\/04\\\/22\\\/madero-requiere-de-un-desarrollo-economico-solido-edgar-chacon\\\/#respond\"]}]},{\"@type\":\"WebPage\",\"@id\":\"https:\\\/\\\/elinformativotam.com\\\/index.php\\\/2024\\\/04\\\/22\\\/madero-requiere-de-un-desarrollo-economico-solido-edgar-chacon\\\/\",\"url\":\"https:\\\/\\\/elinformativotam.com\\\/index.php\\\/2024\\\/04\\\/22\\\/madero-requiere-de-un-desarrollo-economico-solido-edgar-chacon\\\/\",\"name\":\"MADERO REQUIERE DE UN DESARROLLO ECON\u00d3MICO S\u00d3LIDO: EDGAR CHAC\u00d3N. - EL INFORMATIVO DE TAMAULIPAS\",\"isPartOf\":{\"@id\":\"https:\\\/\\\/elinformativotam.com\\\/#website\"},\"primaryImageOfPage\":{\"@id\":\"https:\\\/\\\/elinformativotam.com\\\/index.php\\\/2024\\\/04\\\/22\\\/madero-requiere-de-un-desarrollo-economico-solido-edgar-chacon\\\/#primaryimage\"},\"image\":{\"@id\":\"https:\\\/\\\/elinformativotam.com\\\/index.php\\\/2024\\\/04\\\/22\\\/madero-requiere-de-un-desarrollo-economico-solido-edgar-chacon\\\/#primaryimage\"},\"thumbnailUrl\":\"https:\\\/\\\/elinformativotam.com\\\/wp-content\\\/uploads\\\/2024\\\/04\\\/Edgar-Chacon.jpeg\",\"datePublished\":\"2024-04-23T03:58:52+00:00\",\"description\":\"Cd. Madero, Tamaulipas.- El municipio de Ciudad Madero requiere de un desarrollo econ\u00f3mico s\u00f3lido para consolidarse en este rubro. &nbsp; El candidato del\",\"inLanguage\":\"es\",\"potentialAction\":[{\"@type\":\"ReadAction\",\"target\":[\"https:\\\/\\\/elinformativotam.com\\\/index.php\\\/2024\\\/04\\\/22\\\/madero-requiere-de-un-desarrollo-economico-solido-edgar-chacon\\\/\"]}]},{\"@type\":\"ImageObject\",\"inLanguage\":\"es\",\"@id\":\"https:\\\/\\\/elinformativotam.com\\\/index.php\\\/2024\\\/04\\\/22\\\/madero-requiere-de-un-desarrollo-economico-solido-edgar-chacon\\\/#primaryimage\",\"url\":\"https:\\\/\\\/elinformativotam.com\\\/wp-content\\\/uploads\\\/2024\\\/04\\\/Edgar-Chacon.jpeg\",\"contentUrl\":\"https:\\\/\\\/elinformativotam.com\\\/wp-content\\\/uploads\\\/2024\\\/04\\\/Edgar-Chacon.jpeg\",\"width\":1280,\"height\":960},{\"@type\":\"WebSite\",\"@id\":\"https:\\\/\\\/elinformativotam.com\\\/#website\",\"url\":\"https:\\\/\\\/elinformativotam.com\\\/\",\"name\":\"EL INFORMATIVO DE TAMAULIPAS\",\"description\":\"Desde la Zona Metropolitana Para Todo M\u00e9xico\",\"publisher\":{\"@id\":\"https:\\\/\\\/elinformativotam.com\\\/#organization\"},\"potentialAction\":[{\"@type\":\"SearchAction\",\"target\":{\"@type\":\"EntryPoint\",\"urlTemplate\":\"https:\\\/\\\/elinformativotam.com\\\/?s={search_term_string}\"},\"query-input\":{\"@type\":\"PropertyValueSpecification\",\"valueRequired\":true,\"valueName\":\"search_term_string\"}}],\"inLanguage\":\"es\"},{\"@type\":\"Organization\",\"@id\":\"https:\\\/\\\/elinformativotam.com\\\/#organization\",\"name\":\"EL INFORMATIVO DE TAMAULIPAS\",\"url\":\"https:\\\/\\\/elinformativotam.com\\\/\",\"logo\":{\"@type\":\"ImageObject\",\"inLanguage\":\"es\",\"@id\":\"https:\\\/\\\/elinformativotam.com\\\/#\\\/schema\\\/logo\\\/image\\\/\",\"url\":\"https:\\\/\\\/elinformativotam.com\\\/wp-content\\\/uploads\\\/2026\\\/02\\\/Cabezal.png\",\"contentUrl\":\"https:\\\/\\\/elinformativotam.com\\\/wp-content\\\/uploads\\\/2026\\\/02\\\/Cabezal.png\",\"width\":960,\"height\":640,\"caption\":\"EL INFORMATIVO DE TAMAULIPAS\"},\"image\":{\"@id\":\"https:\\\/\\\/elinformativotam.com\\\/#\\\/schema\\\/logo\\\/image\\\/\"}},{\"@type\":\"Person\",\"@id\":\"https:\\\/\\\/elinformativotam.com\\\/#\\\/schema\\\/person\\\/78e08040eed0f6110f0c5f83b6153590\",\"name\":\"El Informativo Tam\",\"image\":{\"@type\":\"ImageObject\",\"inLanguage\":\"es\",\"@id\":\"https:\\\/\\\/secure.gravatar.com\\\/avatar\\\/f3b7ad3af540688955925ac610647be00b0cf41feea9c4978b73a707ee86bc53?s=96&d=mm&r=g\",\"url\":\"https:\\\/\\\/secure.gravatar.com\\\/avatar\\\/f3b7ad3af540688955925ac610647be00b0cf41feea9c4978b73a707ee86bc53?s=96&d=mm&r=g\",\"contentUrl\":\"https:\\\/\\\/secure.gravatar.com\\\/avatar\\\/f3b7ad3af540688955925ac610647be00b0cf41feea9c4978b73a707ee86bc53?s=96&d=mm&r=g\",\"caption\":\"El Informativo Tam\"}}]}<\/script>\n<!-- \/ Yoast SEO plugin. -->","yoast_head_json":{"title":"MADERO REQUIERE DE UN DESARROLLO ECON\u00d3MICO S\u00d3LIDO: EDGAR CHAC\u00d3N. - EL INFORMATIVO DE TAMAULIPAS","description":"Cd. Madero, Tamaulipas.- El municipio de Ciudad Madero requiere de un desarrollo econ\u00f3mico s\u00f3lido para consolidarse en este rubro. &nbsp; El candidato del","robots":{"index":"index","follow":"follow","max-snippet":"max-snippet:-1","max-image-preview":"max-image-preview:large","max-video-preview":"max-video-preview:-1"},"canonical":"https:\/\/elinformativotam.com\/index.php\/2024\/04\/22\/madero-requiere-de-un-desarrollo-economico-solido-edgar-chacon\/","og_locale":"es_MX","og_type":"article","og_title":"MADERO REQUIERE DE UN DESARROLLO ECON\u00d3MICO S\u00d3LIDO: EDGAR CHAC\u00d3N. - EL INFORMATIVO DE TAMAULIPAS","og_description":"Cd. Madero, Tamaulipas.- El municipio de Ciudad Madero requiere de un desarrollo econ\u00f3mico s\u00f3lido para consolidarse en este rubro. &nbsp; El candidato del","og_url":"https:\/\/elinformativotam.com\/index.php\/2024\/04\/22\/madero-requiere-de-un-desarrollo-economico-solido-edgar-chacon\/","og_site_name":"EL INFORMATIVO DE TAMAULIPAS","article_published_time":"2024-04-23T03:58:52+00:00","og_image":[{"width":1280,"height":960,"url":"https:\/\/elinformativotam.com\/wp-content\/uploads\/2024\/04\/Edgar-Chacon.jpeg","type":"image\/jpeg"}],"author":"El Informativo Tam","twitter_card":"summary_large_image","twitter_misc":{"Escrito por":"El Informativo Tam","Tiempo de lectura":"1 minuto"},"schema":{"@context":"https:\/\/schema.org","@graph":[{"@type":"Article","@id":"https:\/\/elinformativotam.com\/index.php\/2024\/04\/22\/madero-requiere-de-un-desarrollo-economico-solido-edgar-chacon\/#article","isPartOf":{"@id":"https:\/\/elinformativotam.com\/index.php\/2024\/04\/22\/madero-requiere-de-un-desarrollo-economico-solido-edgar-chacon\/"},"author":{"name":"El Informativo Tam","@id":"https:\/\/elinformativotam.com\/#\/schema\/person\/78e08040eed0f6110f0c5f83b6153590"},"headline":"MADERO REQUIERE DE UN DESARROLLO ECON\u00d3MICO S\u00d3LIDO: EDGAR CHAC\u00d3N.","datePublished":"2024-04-23T03:58:52+00:00","mainEntityOfPage":{"@id":"https:\/\/elinformativotam.com\/index.php\/2024\/04\/22\/madero-requiere-de-un-desarrollo-economico-solido-edgar-chacon\/"},"wordCount":170,"commentCount":0,"publisher":{"@id":"https:\/\/elinformativotam.com\/#organization"},"image":{"@id":"https:\/\/elinformativotam.com\/index.php\/2024\/04\/22\/madero-requiere-de-un-desarrollo-economico-solido-edgar-chacon\/#primaryimage"},"thumbnailUrl":"https:\/\/elinformativotam.com\/wp-content\/uploads\/2024\/04\/Edgar-Chacon.jpeg","articleSection":["Cd Madero"],"inLanguage":"es","potentialAction":[{"@type":"CommentAction","name":"Comment","target":["https:\/\/elinformativotam.com\/index.php\/2024\/04\/22\/madero-requiere-de-un-desarrollo-economico-solido-edgar-chacon\/#respond"]}]},{"@type":"WebPage","@id":"https:\/\/elinformativotam.com\/index.php\/2024\/04\/22\/madero-requiere-de-un-desarrollo-economico-solido-edgar-chacon\/","url":"https:\/\/elinformativotam.com\/index.php\/2024\/04\/22\/madero-requiere-de-un-desarrollo-economico-solido-edgar-chacon\/","name":"MADERO REQUIERE DE UN DESARROLLO ECON\u00d3MICO S\u00d3LIDO: EDGAR CHAC\u00d3N. - EL INFORMATIVO DE TAMAULIPAS","isPartOf":{"@id":"https:\/\/elinformativotam.com\/#website"},"primaryImageOfPage":{"@id":"https:\/\/elinformativotam.com\/index.php\/2024\/04\/22\/madero-requiere-de-un-desarrollo-economico-solido-edgar-chacon\/#primaryimage"},"image":{"@id":"https:\/\/elinformativotam.com\/index.php\/2024\/04\/22\/madero-requiere-de-un-desarrollo-economico-solido-edgar-chacon\/#primaryimage"},"thumbnailUrl":"https:\/\/elinformativotam.com\/wp-content\/uploads\/2024\/04\/Edgar-Chacon.jpeg","datePublished":"2024-04-23T03:58:52+00:00","description":"Cd. Madero, Tamaulipas.- El municipio de Ciudad Madero requiere de un desarrollo econ\u00f3mico s\u00f3lido para consolidarse en este rubro. &nbsp; El candidato del","inLanguage":"es","potentialAction":[{"@type":"ReadAction","target":["https:\/\/elinformativotam.com\/index.php\/2024\/04\/22\/madero-requiere-de-un-desarrollo-economico-solido-edgar-chacon\/"]}]},{"@type":"ImageObject","inLanguage":"es","@id":"https:\/\/elinformativotam.com\/index.php\/2024\/04\/22\/madero-requiere-de-un-desarrollo-economico-solido-edgar-chacon\/#primaryimage","url":"https:\/\/elinformativotam.com\/wp-content\/uploads\/2024\/04\/Edgar-Chacon.jpeg","contentUrl":"https:\/\/elinformativotam.com\/wp-content\/uploads\/2024\/04\/Edgar-Chacon.jpeg","width":1280,"height":960},{"@type":"WebSite","@id":"https:\/\/elinformativotam.com\/#website","url":"https:\/\/elinformativotam.com\/","name":"EL INFORMATIVO DE TAMAULIPAS","description":"Desde la Zona Metropolitana Para Todo M\u00e9xico","publisher":{"@id":"https:\/\/elinformativotam.com\/#organization"},"potentialAction":[{"@type":"SearchAction","target":{"@type":"EntryPoint","urlTemplate":"https:\/\/elinformativotam.com\/?s={search_term_string}"},"query-input":{"@type":"PropertyValueSpecification","valueRequired":true,"valueName":"search_term_string"}}],"inLanguage":"es"},{"@type":"Organization","@id":"https:\/\/elinformativotam.com\/#organization","name":"EL INFORMATIVO DE TAMAULIPAS","url":"https:\/\/elinformativotam.com\/","logo":{"@type":"ImageObject","inLanguage":"es","@id":"https:\/\/elinformativotam.com\/#\/schema\/logo\/image\/","url":"https:\/\/elinformativotam.com\/wp-content\/uploads\/2026\/02\/Cabezal.png","contentUrl":"https:\/\/elinformativotam.com\/wp-content\/uploads\/2026\/02\/Cabezal.png","width":960,"height":640,"caption":"EL INFORMATIVO DE TAMAULIPAS"},"image":{"@id":"https:\/\/elinformativotam.com\/#\/schema\/logo\/image\/"}},{"@type":"Person","@id":"https:\/\/elinformativotam.com\/#\/schema\/person\/78e08040eed0f6110f0c5f83b6153590","name":"El Informativo Tam","image":{"@type":"ImageObject","inLanguage":"es","@id":"https:\/\/secure.gravatar.com\/avatar\/f3b7ad3af540688955925ac610647be00b0cf41feea9c4978b73a707ee86bc53?s=96&d=mm&r=g","url":"https:\/\/secure.gravatar.com\/avatar\/f3b7ad3af540688955925ac610647be00b0cf41feea9c4978b73a707ee86bc53?s=96&d=mm&r=g","contentUrl":"https:\/\/secure.gravatar.com\/avatar\/f3b7ad3af540688955925ac610647be00b0cf41feea9c4978b73a707ee86bc53?s=96&d=mm&r=g","caption":"El Informativo Tam"}}]}},"_links":{"self":[{"href":"https:\/\/elinformativotam.com\/index.php\/wp-json\/wp\/v2\/posts\/50409","targetHints":{"allow":["GET"]}}],"collection":[{"href":"https:\/\/elinformativotam.com\/index.php\/wp-json\/wp\/v2\/posts"}],"about":[{"href":"https:\/\/elinformativotam.com\/index.php\/wp-json\/wp\/v2\/types\/post"}],"author":[{"embeddable":true,"href":"https:\/\/elinformativotam.com\/index.php\/wp-json\/wp\/v2\/users\/1"}],"replies":[{"embeddable":true,"href":"https:\/\/elinformativotam.com\/index.php\/wp-json\/wp\/v2\/comments?post=50409"}],"version-history":[{"count":1,"href":"https:\/\/elinformativotam.com\/index.php\/wp-json\/wp\/v2\/posts\/50409\/revisions"}],"predecessor-version":[{"id":50410,"href":"https:\/\/elinformativotam.com\/index.php\/wp-json\/wp\/v2\/posts\/50409\/revisions\/50410"}],"wp:featuredmedia":[{"embeddable":true,"href":"https:\/\/elinformativotam.com\/index.php\/wp-json\/wp\/v2\/media\/50406"}],"wp:attachment":[{"href":"https:\/\/elinformativotam.com\/index.php\/wp-json\/wp\/v2\/media?parent=50409"}],"wp:term":[{"taxonomy":"category","embeddable":true,"href":"https:\/\/elinformativotam.com\/index.php\/wp-json\/wp\/v2\/categories?post=50409"},{"taxonomy":"post_tag","embeddable":true,"href":"https:\/\/elinformativotam.com\/index.php\/wp-json\/wp\/v2\/tags?post=50409"}],"curies":[{"name":"wp","href":"https:\/\/api.w.org\/{rel}","templated":true}]}}