{"id":50401,"date":"2024-04-22T21:46:24","date_gmt":"2024-04-23T03:46:24","guid":{"rendered":"https:\/\/elinformativotam.com\/?p=50401"},"modified":"2024-04-22T21:46:24","modified_gmt":"2024-04-23T03:46:24","slug":"habra-iniciativas-para-recuperar-sistema-lagunario-y-crear-conciencia-en-el-adecuado-uso-del-agua-pepe-schekaiban","status":"publish","type":"post","link":"https:\/\/elinformativotam.com\/index.php\/2024\/04\/22\/habra-iniciativas-para-recuperar-sistema-lagunario-y-crear-conciencia-en-el-adecuado-uso-del-agua-pepe-schekaiban\/","title":{"rendered":"HABR\u00c1 INICIATIVAS PARA RECUPERAR SISTEMA LAGUNARIO Y CREAR CONCIENCIA EN EL ADECUADO USO DEL AGUA: PEPE SCHEKAIB\u00c1N"},"content":{"rendered":"<p>&nbsp;<\/p>\n<h2 style=\"text-align: center;\"><em><span style=\"font-family: 'times new roman', times;\">*Hace Falta Dinero Y Conciencia Para Preservar El Vaso De Captaci\u00f3n De La Zona Sur<\/span><\/em><\/h2>\n<p>&nbsp;<\/p>\n<p>&nbsp;<\/p>\n<p>El Sistema Lagunario necesita de manera urgente recursos para realizar trabajos de dragado y retiro de lirio acu\u00e1tico, y desde el Congreso del Estado se habr\u00e1 de gestionar dinero y lanzar iniciativas para volver a contar con un vaso de captaci\u00f3n que ayude a sobrellevar los tiempos de sequ\u00eda, se\u00f1al\u00f3 Jos\u00e9 Schekaib\u00e1n Ongay<\/p>\n<p>&nbsp;<\/p>\n<p>El candidato a la diputaci\u00f3n local por el distrito 22, remarc\u00f3 que el grave problema de la sequ\u00eda est\u00e1 impactando de manera muy severa a la poblaci\u00f3n, ya que las lluvias no llegan a la zona sur.<\/p>\n<p>&nbsp;<\/p>\n<p>Lament\u00f3 que a la par formalizar\u00e1 iniciativas de ley encaminadas a educar en el ciudado del agua a los menores de edad y poblaci\u00f3n en general, pues es una de las maneras de garantizar el abasto del vital l\u00edquido para los pr\u00f3ximos a\u00f1os<\/p>\n<p>&nbsp;<\/p>\n<p>El abanderado al distrito 22 dej\u00f3 en claro que el lirio acu\u00e1tico representa un serio problema para la captaci\u00f3n del agua, pues tambi\u00e9n abona a que los niveles del Chairel sean mucho m\u00e1s bajos en estos momentos.<\/p>\n<p>&nbsp;<\/p>\n<p>Schekaib\u00e1n, enfatiz\u00f3 que el municipio actual ha contribuido en la limpieza del vaso de captaci\u00f3n y el retiro de la hierba acu\u00e1tica, sin embargo no ha sido suficiente por lo que es necesario que se le inviertan mayores recursos en este rengl\u00f3n.<\/p>\n<p>&nbsp;<\/p>\n<p>Abund\u00f3 que para buscar una mayor conciencia en el uso del agua y ayudar a establecer acciones de mejora en el rubro, pedir\u00e1 estar en la mesa ciudadana del agua para desde ah\u00ed contribuir en el tema y que en un tiempo no lejano se vuelva a contar con niveles \u00f3ptimos el principal vaso captador de d\u00f3nde se toma el agua para el consumo humano, del campo e industrial<\/p>\n","protected":false},"excerpt":{"rendered":"<p>&nbsp; *Hace Falta Dinero Y Conciencia Para Preservar El Vaso De Captaci\u00f3n De La Zona Sur &nbsp; &nbsp; El Sistema&hellip;<\/p>\n","protected":false},"author":1,"featured_media":50399,"comment_status":"open","ping_status":"open","sticky":false,"template":"","format":"standard","meta":{"footnotes":""},"categories":[3],"tags":[],"class_list":["post-50401","post","type-post","status-publish","format-standard","has-post-thumbnail","hentry","category-tampico"],"yoast_head":"<!-- This site is optimized with the Yoast SEO plugin v27.5 - https:\/\/yoast.com\/product\/yoast-seo-wordpress\/ -->\n<title>HABR\u00c1 INICIATIVAS PARA RECUPERAR SISTEMA LAGUNARIO Y CREAR CONCIENCIA EN EL ADECUADO USO DEL AGUA: PEPE SCHEKAIB\u00c1N - EL INFORMATIVO DE TAMAULIPAS<\/title>\n<meta name=\"description\" content=\"&nbsp; *Hace Falta Dinero Y Conciencia Para Preservar El Vaso De Captaci\u00f3n De La Zona Sur &nbsp; &nbsp; El Sistema Lagunario necesita de manera urgente\" \/>\n<meta name=\"robots\" content=\"index, follow, max-snippet:-1, max-image-preview:large, max-video-preview:-1\" \/>\n<link rel=\"canonical\" href=\"https:\/\/elinformativotam.com\/index.php\/2024\/04\/22\/habra-iniciativas-para-recuperar-sistema-lagunario-y-crear-conciencia-en-el-adecuado-uso-del-agua-pepe-schekaiban\/\" \/>\n<meta property=\"og:locale\" content=\"es_MX\" \/>\n<meta property=\"og:type\" content=\"article\" \/>\n<meta property=\"og:title\" content=\"HABR\u00c1 INICIATIVAS PARA RECUPERAR SISTEMA LAGUNARIO Y CREAR CONCIENCIA EN EL ADECUADO USO DEL AGUA: PEPE SCHEKAIB\u00c1N - EL INFORMATIVO DE TAMAULIPAS\" \/>\n<meta property=\"og:description\" content=\"&nbsp; *Hace Falta Dinero Y Conciencia Para Preservar El Vaso De Captaci\u00f3n De La Zona Sur &nbsp; &nbsp; El Sistema Lagunario necesita de manera urgente\" \/>\n<meta property=\"og:url\" content=\"https:\/\/elinformativotam.com\/index.php\/2024\/04\/22\/habra-iniciativas-para-recuperar-sistema-lagunario-y-crear-conciencia-en-el-adecuado-uso-del-agua-pepe-schekaiban\/\" \/>\n<meta property=\"og:site_name\" content=\"EL INFORMATIVO DE TAMAULIPAS\" \/>\n<meta property=\"article:published_time\" content=\"2024-04-23T03:46:24+00:00\" \/>\n<meta property=\"og:image\" content=\"https:\/\/elinformativotam.com\/wp-content\/uploads\/2024\/04\/Pepe-1-scaled.jpeg\" \/>\n\t<meta property=\"og:image:width\" content=\"2560\" \/>\n\t<meta property=\"og:image:height\" content=\"1708\" \/>\n\t<meta property=\"og:image:type\" content=\"image\/jpeg\" \/>\n<meta name=\"author\" content=\"El Informativo Tam\" \/>\n<meta name=\"twitter:card\" content=\"summary_large_image\" \/>\n<meta name=\"twitter:label1\" content=\"Escrito por\" \/>\n\t<meta name=\"twitter:data1\" content=\"El Informativo Tam\" \/>\n\t<meta name=\"twitter:label2\" content=\"Tiempo de lectura\" \/>\n\t<meta name=\"twitter:data2\" content=\"2 minutos\" \/>\n<script type=\"application\/ld+json\" class=\"yoast-schema-graph\">{\"@context\":\"https:\\\/\\\/schema.org\",\"@graph\":[{\"@type\":\"Article\",\"@id\":\"https:\\\/\\\/elinformativotam.com\\\/index.php\\\/2024\\\/04\\\/22\\\/habra-iniciativas-para-recuperar-sistema-lagunario-y-crear-conciencia-en-el-adecuado-uso-del-agua-pepe-schekaiban\\\/#article\",\"isPartOf\":{\"@id\":\"https:\\\/\\\/elinformativotam.com\\\/index.php\\\/2024\\\/04\\\/22\\\/habra-iniciativas-para-recuperar-sistema-lagunario-y-crear-conciencia-en-el-adecuado-uso-del-agua-pepe-schekaiban\\\/\"},\"author\":{\"name\":\"El Informativo Tam\",\"@id\":\"https:\\\/\\\/elinformativotam.com\\\/#\\\/schema\\\/person\\\/78e08040eed0f6110f0c5f83b6153590\"},\"headline\":\"HABR\u00c1 INICIATIVAS PARA RECUPERAR SISTEMA LAGUNARIO Y CREAR CONCIENCIA EN EL ADECUADO USO DEL AGUA: PEPE SCHEKAIB\u00c1N\",\"datePublished\":\"2024-04-23T03:46:24+00:00\",\"mainEntityOfPage\":{\"@id\":\"https:\\\/\\\/elinformativotam.com\\\/index.php\\\/2024\\\/04\\\/22\\\/habra-iniciativas-para-recuperar-sistema-lagunario-y-crear-conciencia-en-el-adecuado-uso-del-agua-pepe-schekaiban\\\/\"},\"wordCount\":342,\"commentCount\":0,\"publisher\":{\"@id\":\"https:\\\/\\\/elinformativotam.com\\\/#organization\"},\"image\":{\"@id\":\"https:\\\/\\\/elinformativotam.com\\\/index.php\\\/2024\\\/04\\\/22\\\/habra-iniciativas-para-recuperar-sistema-lagunario-y-crear-conciencia-en-el-adecuado-uso-del-agua-pepe-schekaiban\\\/#primaryimage\"},\"thumbnailUrl\":\"https:\\\/\\\/elinformativotam.com\\\/wp-content\\\/uploads\\\/2024\\\/04\\\/Pepe-1-scaled.jpeg\",\"articleSection\":[\"Tampico\"],\"inLanguage\":\"es\",\"potentialAction\":[{\"@type\":\"CommentAction\",\"name\":\"Comment\",\"target\":[\"https:\\\/\\\/elinformativotam.com\\\/index.php\\\/2024\\\/04\\\/22\\\/habra-iniciativas-para-recuperar-sistema-lagunario-y-crear-conciencia-en-el-adecuado-uso-del-agua-pepe-schekaiban\\\/#respond\"]}]},{\"@type\":\"WebPage\",\"@id\":\"https:\\\/\\\/elinformativotam.com\\\/index.php\\\/2024\\\/04\\\/22\\\/habra-iniciativas-para-recuperar-sistema-lagunario-y-crear-conciencia-en-el-adecuado-uso-del-agua-pepe-schekaiban\\\/\",\"url\":\"https:\\\/\\\/elinformativotam.com\\\/index.php\\\/2024\\\/04\\\/22\\\/habra-iniciativas-para-recuperar-sistema-lagunario-y-crear-conciencia-en-el-adecuado-uso-del-agua-pepe-schekaiban\\\/\",\"name\":\"HABR\u00c1 INICIATIVAS PARA RECUPERAR SISTEMA LAGUNARIO Y CREAR CONCIENCIA EN EL ADECUADO USO DEL AGUA: PEPE SCHEKAIB\u00c1N - EL INFORMATIVO DE TAMAULIPAS\",\"isPartOf\":{\"@id\":\"https:\\\/\\\/elinformativotam.com\\\/#website\"},\"primaryImageOfPage\":{\"@id\":\"https:\\\/\\\/elinformativotam.com\\\/index.php\\\/2024\\\/04\\\/22\\\/habra-iniciativas-para-recuperar-sistema-lagunario-y-crear-conciencia-en-el-adecuado-uso-del-agua-pepe-schekaiban\\\/#primaryimage\"},\"image\":{\"@id\":\"https:\\\/\\\/elinformativotam.com\\\/index.php\\\/2024\\\/04\\\/22\\\/habra-iniciativas-para-recuperar-sistema-lagunario-y-crear-conciencia-en-el-adecuado-uso-del-agua-pepe-schekaiban\\\/#primaryimage\"},\"thumbnailUrl\":\"https:\\\/\\\/elinformativotam.com\\\/wp-content\\\/uploads\\\/2024\\\/04\\\/Pepe-1-scaled.jpeg\",\"datePublished\":\"2024-04-23T03:46:24+00:00\",\"description\":\"&nbsp; *Hace Falta Dinero Y Conciencia Para Preservar El Vaso De Captaci\u00f3n De La Zona Sur &nbsp; &nbsp; El Sistema Lagunario necesita de manera urgente\",\"inLanguage\":\"es\",\"potentialAction\":[{\"@type\":\"ReadAction\",\"target\":[\"https:\\\/\\\/elinformativotam.com\\\/index.php\\\/2024\\\/04\\\/22\\\/habra-iniciativas-para-recuperar-sistema-lagunario-y-crear-conciencia-en-el-adecuado-uso-del-agua-pepe-schekaiban\\\/\"]}]},{\"@type\":\"ImageObject\",\"inLanguage\":\"es\",\"@id\":\"https:\\\/\\\/elinformativotam.com\\\/index.php\\\/2024\\\/04\\\/22\\\/habra-iniciativas-para-recuperar-sistema-lagunario-y-crear-conciencia-en-el-adecuado-uso-del-agua-pepe-schekaiban\\\/#primaryimage\",\"url\":\"https:\\\/\\\/elinformativotam.com\\\/wp-content\\\/uploads\\\/2024\\\/04\\\/Pepe-1-scaled.jpeg\",\"contentUrl\":\"https:\\\/\\\/elinformativotam.com\\\/wp-content\\\/uploads\\\/2024\\\/04\\\/Pepe-1-scaled.jpeg\",\"width\":2560,\"height\":1708},{\"@type\":\"WebSite\",\"@id\":\"https:\\\/\\\/elinformativotam.com\\\/#website\",\"url\":\"https:\\\/\\\/elinformativotam.com\\\/\",\"name\":\"EL INFORMATIVO DE TAMAULIPAS\",\"description\":\"Desde la Zona Metropolitana Para Todo M\u00e9xico\",\"publisher\":{\"@id\":\"https:\\\/\\\/elinformativotam.com\\\/#organization\"},\"potentialAction\":[{\"@type\":\"SearchAction\",\"target\":{\"@type\":\"EntryPoint\",\"urlTemplate\":\"https:\\\/\\\/elinformativotam.com\\\/?s={search_term_string}\"},\"query-input\":{\"@type\":\"PropertyValueSpecification\",\"valueRequired\":true,\"valueName\":\"search_term_string\"}}],\"inLanguage\":\"es\"},{\"@type\":\"Organization\",\"@id\":\"https:\\\/\\\/elinformativotam.com\\\/#organization\",\"name\":\"EL INFORMATIVO DE TAMAULIPAS\",\"url\":\"https:\\\/\\\/elinformativotam.com\\\/\",\"logo\":{\"@type\":\"ImageObject\",\"inLanguage\":\"es\",\"@id\":\"https:\\\/\\\/elinformativotam.com\\\/#\\\/schema\\\/logo\\\/image\\\/\",\"url\":\"https:\\\/\\\/elinformativotam.com\\\/wp-content\\\/uploads\\\/2026\\\/02\\\/Cabezal.png\",\"contentUrl\":\"https:\\\/\\\/elinformativotam.com\\\/wp-content\\\/uploads\\\/2026\\\/02\\\/Cabezal.png\",\"width\":960,\"height\":640,\"caption\":\"EL INFORMATIVO DE TAMAULIPAS\"},\"image\":{\"@id\":\"https:\\\/\\\/elinformativotam.com\\\/#\\\/schema\\\/logo\\\/image\\\/\"}},{\"@type\":\"Person\",\"@id\":\"https:\\\/\\\/elinformativotam.com\\\/#\\\/schema\\\/person\\\/78e08040eed0f6110f0c5f83b6153590\",\"name\":\"El Informativo Tam\",\"image\":{\"@type\":\"ImageObject\",\"inLanguage\":\"es\",\"@id\":\"https:\\\/\\\/secure.gravatar.com\\\/avatar\\\/f3b7ad3af540688955925ac610647be00b0cf41feea9c4978b73a707ee86bc53?s=96&d=mm&r=g\",\"url\":\"https:\\\/\\\/secure.gravatar.com\\\/avatar\\\/f3b7ad3af540688955925ac610647be00b0cf41feea9c4978b73a707ee86bc53?s=96&d=mm&r=g\",\"contentUrl\":\"https:\\\/\\\/secure.gravatar.com\\\/avatar\\\/f3b7ad3af540688955925ac610647be00b0cf41feea9c4978b73a707ee86bc53?s=96&d=mm&r=g\",\"caption\":\"El Informativo Tam\"}}]}<\/script>\n<!-- \/ Yoast SEO plugin. -->","yoast_head_json":{"title":"HABR\u00c1 INICIATIVAS PARA RECUPERAR SISTEMA LAGUNARIO Y CREAR CONCIENCIA EN EL ADECUADO USO DEL AGUA: PEPE SCHEKAIB\u00c1N - EL INFORMATIVO DE TAMAULIPAS","description":"&nbsp; *Hace Falta Dinero Y Conciencia Para Preservar El Vaso De Captaci\u00f3n De La Zona Sur &nbsp; &nbsp; El Sistema Lagunario necesita de manera urgente","robots":{"index":"index","follow":"follow","max-snippet":"max-snippet:-1","max-image-preview":"max-image-preview:large","max-video-preview":"max-video-preview:-1"},"canonical":"https:\/\/elinformativotam.com\/index.php\/2024\/04\/22\/habra-iniciativas-para-recuperar-sistema-lagunario-y-crear-conciencia-en-el-adecuado-uso-del-agua-pepe-schekaiban\/","og_locale":"es_MX","og_type":"article","og_title":"HABR\u00c1 INICIATIVAS PARA RECUPERAR SISTEMA LAGUNARIO Y CREAR CONCIENCIA EN EL ADECUADO USO DEL AGUA: PEPE SCHEKAIB\u00c1N - EL INFORMATIVO DE TAMAULIPAS","og_description":"&nbsp; *Hace Falta Dinero Y Conciencia Para Preservar El Vaso De Captaci\u00f3n De La Zona Sur &nbsp; &nbsp; El Sistema Lagunario necesita de manera urgente","og_url":"https:\/\/elinformativotam.com\/index.php\/2024\/04\/22\/habra-iniciativas-para-recuperar-sistema-lagunario-y-crear-conciencia-en-el-adecuado-uso-del-agua-pepe-schekaiban\/","og_site_name":"EL INFORMATIVO DE TAMAULIPAS","article_published_time":"2024-04-23T03:46:24+00:00","og_image":[{"width":2560,"height":1708,"url":"https:\/\/elinformativotam.com\/wp-content\/uploads\/2024\/04\/Pepe-1-scaled.jpeg","type":"image\/jpeg"}],"author":"El Informativo Tam","twitter_card":"summary_large_image","twitter_misc":{"Escrito por":"El Informativo Tam","Tiempo de lectura":"2 minutos"},"schema":{"@context":"https:\/\/schema.org","@graph":[{"@type":"Article","@id":"https:\/\/elinformativotam.com\/index.php\/2024\/04\/22\/habra-iniciativas-para-recuperar-sistema-lagunario-y-crear-conciencia-en-el-adecuado-uso-del-agua-pepe-schekaiban\/#article","isPartOf":{"@id":"https:\/\/elinformativotam.com\/index.php\/2024\/04\/22\/habra-iniciativas-para-recuperar-sistema-lagunario-y-crear-conciencia-en-el-adecuado-uso-del-agua-pepe-schekaiban\/"},"author":{"name":"El Informativo Tam","@id":"https:\/\/elinformativotam.com\/#\/schema\/person\/78e08040eed0f6110f0c5f83b6153590"},"headline":"HABR\u00c1 INICIATIVAS PARA RECUPERAR SISTEMA LAGUNARIO Y CREAR CONCIENCIA EN EL ADECUADO USO DEL AGUA: PEPE SCHEKAIB\u00c1N","datePublished":"2024-04-23T03:46:24+00:00","mainEntityOfPage":{"@id":"https:\/\/elinformativotam.com\/index.php\/2024\/04\/22\/habra-iniciativas-para-recuperar-sistema-lagunario-y-crear-conciencia-en-el-adecuado-uso-del-agua-pepe-schekaiban\/"},"wordCount":342,"commentCount":0,"publisher":{"@id":"https:\/\/elinformativotam.com\/#organization"},"image":{"@id":"https:\/\/elinformativotam.com\/index.php\/2024\/04\/22\/habra-iniciativas-para-recuperar-sistema-lagunario-y-crear-conciencia-en-el-adecuado-uso-del-agua-pepe-schekaiban\/#primaryimage"},"thumbnailUrl":"https:\/\/elinformativotam.com\/wp-content\/uploads\/2024\/04\/Pepe-1-scaled.jpeg","articleSection":["Tampico"],"inLanguage":"es","potentialAction":[{"@type":"CommentAction","name":"Comment","target":["https:\/\/elinformativotam.com\/index.php\/2024\/04\/22\/habra-iniciativas-para-recuperar-sistema-lagunario-y-crear-conciencia-en-el-adecuado-uso-del-agua-pepe-schekaiban\/#respond"]}]},{"@type":"WebPage","@id":"https:\/\/elinformativotam.com\/index.php\/2024\/04\/22\/habra-iniciativas-para-recuperar-sistema-lagunario-y-crear-conciencia-en-el-adecuado-uso-del-agua-pepe-schekaiban\/","url":"https:\/\/elinformativotam.com\/index.php\/2024\/04\/22\/habra-iniciativas-para-recuperar-sistema-lagunario-y-crear-conciencia-en-el-adecuado-uso-del-agua-pepe-schekaiban\/","name":"HABR\u00c1 INICIATIVAS PARA RECUPERAR SISTEMA LAGUNARIO Y CREAR CONCIENCIA EN EL ADECUADO USO DEL AGUA: PEPE SCHEKAIB\u00c1N - EL INFORMATIVO DE TAMAULIPAS","isPartOf":{"@id":"https:\/\/elinformativotam.com\/#website"},"primaryImageOfPage":{"@id":"https:\/\/elinformativotam.com\/index.php\/2024\/04\/22\/habra-iniciativas-para-recuperar-sistema-lagunario-y-crear-conciencia-en-el-adecuado-uso-del-agua-pepe-schekaiban\/#primaryimage"},"image":{"@id":"https:\/\/elinformativotam.com\/index.php\/2024\/04\/22\/habra-iniciativas-para-recuperar-sistema-lagunario-y-crear-conciencia-en-el-adecuado-uso-del-agua-pepe-schekaiban\/#primaryimage"},"thumbnailUrl":"https:\/\/elinformativotam.com\/wp-content\/uploads\/2024\/04\/Pepe-1-scaled.jpeg","datePublished":"2024-04-23T03:46:24+00:00","description":"&nbsp; *Hace Falta Dinero Y Conciencia Para Preservar El Vaso De Captaci\u00f3n De La Zona Sur &nbsp; &nbsp; El Sistema Lagunario necesita de manera urgente","inLanguage":"es","potentialAction":[{"@type":"ReadAction","target":["https:\/\/elinformativotam.com\/index.php\/2024\/04\/22\/habra-iniciativas-para-recuperar-sistema-lagunario-y-crear-conciencia-en-el-adecuado-uso-del-agua-pepe-schekaiban\/"]}]},{"@type":"ImageObject","inLanguage":"es","@id":"https:\/\/elinformativotam.com\/index.php\/2024\/04\/22\/habra-iniciativas-para-recuperar-sistema-lagunario-y-crear-conciencia-en-el-adecuado-uso-del-agua-pepe-schekaiban\/#primaryimage","url":"https:\/\/elinformativotam.com\/wp-content\/uploads\/2024\/04\/Pepe-1-scaled.jpeg","contentUrl":"https:\/\/elinformativotam.com\/wp-content\/uploads\/2024\/04\/Pepe-1-scaled.jpeg","width":2560,"height":1708},{"@type":"WebSite","@id":"https:\/\/elinformativotam.com\/#website","url":"https:\/\/elinformativotam.com\/","name":"EL INFORMATIVO DE TAMAULIPAS","description":"Desde la Zona Metropolitana Para Todo M\u00e9xico","publisher":{"@id":"https:\/\/elinformativotam.com\/#organization"},"potentialAction":[{"@type":"SearchAction","target":{"@type":"EntryPoint","urlTemplate":"https:\/\/elinformativotam.com\/?s={search_term_string}"},"query-input":{"@type":"PropertyValueSpecification","valueRequired":true,"valueName":"search_term_string"}}],"inLanguage":"es"},{"@type":"Organization","@id":"https:\/\/elinformativotam.com\/#organization","name":"EL INFORMATIVO DE TAMAULIPAS","url":"https:\/\/elinformativotam.com\/","logo":{"@type":"ImageObject","inLanguage":"es","@id":"https:\/\/elinformativotam.com\/#\/schema\/logo\/image\/","url":"https:\/\/elinformativotam.com\/wp-content\/uploads\/2026\/02\/Cabezal.png","contentUrl":"https:\/\/elinformativotam.com\/wp-content\/uploads\/2026\/02\/Cabezal.png","width":960,"height":640,"caption":"EL INFORMATIVO DE TAMAULIPAS"},"image":{"@id":"https:\/\/elinformativotam.com\/#\/schema\/logo\/image\/"}},{"@type":"Person","@id":"https:\/\/elinformativotam.com\/#\/schema\/person\/78e08040eed0f6110f0c5f83b6153590","name":"El Informativo Tam","image":{"@type":"ImageObject","inLanguage":"es","@id":"https:\/\/secure.gravatar.com\/avatar\/f3b7ad3af540688955925ac610647be00b0cf41feea9c4978b73a707ee86bc53?s=96&d=mm&r=g","url":"https:\/\/secure.gravatar.com\/avatar\/f3b7ad3af540688955925ac610647be00b0cf41feea9c4978b73a707ee86bc53?s=96&d=mm&r=g","contentUrl":"https:\/\/secure.gravatar.com\/avatar\/f3b7ad3af540688955925ac610647be00b0cf41feea9c4978b73a707ee86bc53?s=96&d=mm&r=g","caption":"El Informativo Tam"}}]}},"_links":{"self":[{"href":"https:\/\/elinformativotam.com\/index.php\/wp-json\/wp\/v2\/posts\/50401","targetHints":{"allow":["GET"]}}],"collection":[{"href":"https:\/\/elinformativotam.com\/index.php\/wp-json\/wp\/v2\/posts"}],"about":[{"href":"https:\/\/elinformativotam.com\/index.php\/wp-json\/wp\/v2\/types\/post"}],"author":[{"embeddable":true,"href":"https:\/\/elinformativotam.com\/index.php\/wp-json\/wp\/v2\/users\/1"}],"replies":[{"embeddable":true,"href":"https:\/\/elinformativotam.com\/index.php\/wp-json\/wp\/v2\/comments?post=50401"}],"version-history":[{"count":1,"href":"https:\/\/elinformativotam.com\/index.php\/wp-json\/wp\/v2\/posts\/50401\/revisions"}],"predecessor-version":[{"id":50402,"href":"https:\/\/elinformativotam.com\/index.php\/wp-json\/wp\/v2\/posts\/50401\/revisions\/50402"}],"wp:featuredmedia":[{"embeddable":true,"href":"https:\/\/elinformativotam.com\/index.php\/wp-json\/wp\/v2\/media\/50399"}],"wp:attachment":[{"href":"https:\/\/elinformativotam.com\/index.php\/wp-json\/wp\/v2\/media?parent=50401"}],"wp:term":[{"taxonomy":"category","embeddable":true,"href":"https:\/\/elinformativotam.com\/index.php\/wp-json\/wp\/v2\/categories?post=50401"},{"taxonomy":"post_tag","embeddable":true,"href":"https:\/\/elinformativotam.com\/index.php\/wp-json\/wp\/v2\/tags?post=50401"}],"curies":[{"name":"wp","href":"https:\/\/api.w.org\/{rel}","templated":true}]}}