{"id":50396,"date":"2024-04-22T21:42:52","date_gmt":"2024-04-23T03:42:52","guid":{"rendered":"https:\/\/elinformativotam.com\/?p=50396"},"modified":"2024-04-22T21:42:52","modified_gmt":"2024-04-23T03:42:52","slug":"necesario-que-regrese-la-policia-municipal-en-tamaulipas","status":"publish","type":"post","link":"https:\/\/elinformativotam.com\/index.php\/2024\/04\/22\/necesario-que-regrese-la-policia-municipal-en-tamaulipas\/","title":{"rendered":"NECESARIO QUE REGRESE LA POLIC\u00cdA MUNICIPAL EN TAMAULIPAS"},"content":{"rendered":"<h2 style=\"text-align: center;\"><em><span style=\"font-family: 'times new roman', times;\">*Principalmente En Ciudades Donde El \u00cdndice Delictivo Es Alto<\/span><\/em><\/h2>\n<p>&nbsp;<\/p>\n<p>&nbsp;<\/p>\n<p>Pese a que Tamaulipas tiene un mando centralizado con la guardia estatal, es necesario que retorne la polic\u00eda municipal o de proximidad para contrarrestar los delitos de \u00edndole com\u00fan y de cooperaci\u00f3n con la federaci\u00f3n.<\/p>\n<p>&nbsp;<\/p>\n<p>Al respecto, el edil porte\u00f1o Roberto Gonz\u00e1lez Barba, consider\u00f3 que desafortunadamente en ciudades de la parte norte y centro de la entidad aun no terminan por controlar los delitos, y ante ello la guardia estatal se observa rebasada.<\/p>\n<p>&nbsp;<\/p>\n<p>Explic\u00f3 que el modelo de polic\u00eda municipal que se tuvo hace m\u00e1s de 12 a\u00f1os en la zona sur y otros municipios era positivo, sin embargo, dijo, para que una polic\u00eda funcione adecuadamente debe contar con recurso humano y material.<\/p>\n<p>&nbsp;<\/p>\n<p>Resalt\u00f3 la necesidad de que el pr\u00f3ximo gobierno federal reorganice su estrategia de seguridad y defina la manera en que habr\u00e1 de colaborar con las entidades y municipios en este rengl\u00f3n<\/p>\n<p>&nbsp;<\/p>\n<p>El ex presidente del PRI en Tampico extern\u00f3 que desgraciadamente sigue habiendo luto en muchas familias mexicanas por el tema de la inseguridad, pues un ejemplo es Ciudad Mante que hace unos d\u00edas vivi\u00f3 una tragedia al ser asesinado un candidato en pleno acto de proselitismo.<\/p>\n<p>&nbsp;<\/p>\n<p>&#8220;Hace falta una polic\u00eda de corta distancia. Van 190 mil asesinados en el pa\u00eds y estimamos llegar a los 200 cuando finalice este sexenio federal, es muy preocupante&#8221;, dijo<\/p>\n<p>&nbsp;<\/p>\n<p>El concejal porte\u00f1o, subray\u00f3 que el tema de la seguridad es un compromiso no cumplido en el gobierno de L\u00f3pez Obrador, por lo que hace falta que fructifique una verdadera oferta pol\u00edtica en torno al tema.<\/p>\n<p>&nbsp;<\/p>\n<p>&nbsp;<\/p>\n","protected":false},"excerpt":{"rendered":"<p>*Principalmente En Ciudades Donde El \u00cdndice Delictivo Es Alto &nbsp; &nbsp; Pese a que Tamaulipas tiene un mando centralizado con&hellip;<\/p>\n","protected":false},"author":1,"featured_media":50397,"comment_status":"open","ping_status":"open","sticky":false,"template":"","format":"standard","meta":{"footnotes":""},"categories":[3],"tags":[],"class_list":["post-50396","post","type-post","status-publish","format-standard","has-post-thumbnail","hentry","category-tampico"],"yoast_head":"<!-- This site is optimized with the Yoast SEO plugin v27.5 - https:\/\/yoast.com\/product\/yoast-seo-wordpress\/ -->\n<title>NECESARIO QUE REGRESE LA POLIC\u00cdA MUNICIPAL EN TAMAULIPAS - EL INFORMATIVO DE TAMAULIPAS<\/title>\n<meta name=\"description\" content=\"*Principalmente En Ciudades Donde El \u00cdndice Delictivo Es Alto &nbsp; &nbsp; Pese a que Tamaulipas tiene un mando centralizado con la guardia estatal, es\" \/>\n<meta name=\"robots\" content=\"index, follow, max-snippet:-1, max-image-preview:large, max-video-preview:-1\" \/>\n<link rel=\"canonical\" href=\"https:\/\/elinformativotam.com\/index.php\/2024\/04\/22\/necesario-que-regrese-la-policia-municipal-en-tamaulipas\/\" \/>\n<meta property=\"og:locale\" content=\"es_MX\" \/>\n<meta property=\"og:type\" content=\"article\" \/>\n<meta property=\"og:title\" content=\"NECESARIO QUE REGRESE LA POLIC\u00cdA MUNICIPAL EN TAMAULIPAS - EL INFORMATIVO DE TAMAULIPAS\" \/>\n<meta property=\"og:description\" content=\"*Principalmente En Ciudades Donde El \u00cdndice Delictivo Es Alto &nbsp; &nbsp; Pese a que Tamaulipas tiene un mando centralizado con la guardia estatal, es\" \/>\n<meta property=\"og:url\" content=\"https:\/\/elinformativotam.com\/index.php\/2024\/04\/22\/necesario-que-regrese-la-policia-municipal-en-tamaulipas\/\" \/>\n<meta property=\"og:site_name\" content=\"EL INFORMATIVO DE TAMAULIPAS\" \/>\n<meta property=\"article:published_time\" content=\"2024-04-23T03:42:52+00:00\" \/>\n<meta property=\"og:image\" content=\"https:\/\/elinformativotam.com\/wp-content\/uploads\/2024\/04\/Gonzalez-Barba-1.jpeg\" \/>\n\t<meta property=\"og:image:width\" content=\"2560\" \/>\n\t<meta property=\"og:image:height\" content=\"1440\" \/>\n\t<meta property=\"og:image:type\" content=\"image\/jpeg\" \/>\n<meta name=\"author\" content=\"El Informativo Tam\" \/>\n<meta name=\"twitter:card\" content=\"summary_large_image\" \/>\n<meta name=\"twitter:label1\" content=\"Escrito por\" \/>\n\t<meta name=\"twitter:data1\" content=\"El Informativo Tam\" \/>\n\t<meta name=\"twitter:label2\" content=\"Tiempo de lectura\" \/>\n\t<meta name=\"twitter:data2\" content=\"2 minutos\" \/>\n<script type=\"application\/ld+json\" class=\"yoast-schema-graph\">{\"@context\":\"https:\\\/\\\/schema.org\",\"@graph\":[{\"@type\":\"Article\",\"@id\":\"https:\\\/\\\/elinformativotam.com\\\/index.php\\\/2024\\\/04\\\/22\\\/necesario-que-regrese-la-policia-municipal-en-tamaulipas\\\/#article\",\"isPartOf\":{\"@id\":\"https:\\\/\\\/elinformativotam.com\\\/index.php\\\/2024\\\/04\\\/22\\\/necesario-que-regrese-la-policia-municipal-en-tamaulipas\\\/\"},\"author\":{\"name\":\"El Informativo Tam\",\"@id\":\"https:\\\/\\\/elinformativotam.com\\\/#\\\/schema\\\/person\\\/78e08040eed0f6110f0c5f83b6153590\"},\"headline\":\"NECESARIO QUE REGRESE LA POLIC\u00cdA MUNICIPAL EN TAMAULIPAS\",\"datePublished\":\"2024-04-23T03:42:52+00:00\",\"mainEntityOfPage\":{\"@id\":\"https:\\\/\\\/elinformativotam.com\\\/index.php\\\/2024\\\/04\\\/22\\\/necesario-que-regrese-la-policia-municipal-en-tamaulipas\\\/\"},\"wordCount\":298,\"commentCount\":0,\"publisher\":{\"@id\":\"https:\\\/\\\/elinformativotam.com\\\/#organization\"},\"image\":{\"@id\":\"https:\\\/\\\/elinformativotam.com\\\/index.php\\\/2024\\\/04\\\/22\\\/necesario-que-regrese-la-policia-municipal-en-tamaulipas\\\/#primaryimage\"},\"thumbnailUrl\":\"https:\\\/\\\/elinformativotam.com\\\/wp-content\\\/uploads\\\/2024\\\/04\\\/Gonzalez-Barba-1.jpeg\",\"articleSection\":[\"Tampico\"],\"inLanguage\":\"es\",\"potentialAction\":[{\"@type\":\"CommentAction\",\"name\":\"Comment\",\"target\":[\"https:\\\/\\\/elinformativotam.com\\\/index.php\\\/2024\\\/04\\\/22\\\/necesario-que-regrese-la-policia-municipal-en-tamaulipas\\\/#respond\"]}]},{\"@type\":\"WebPage\",\"@id\":\"https:\\\/\\\/elinformativotam.com\\\/index.php\\\/2024\\\/04\\\/22\\\/necesario-que-regrese-la-policia-municipal-en-tamaulipas\\\/\",\"url\":\"https:\\\/\\\/elinformativotam.com\\\/index.php\\\/2024\\\/04\\\/22\\\/necesario-que-regrese-la-policia-municipal-en-tamaulipas\\\/\",\"name\":\"NECESARIO QUE REGRESE LA POLIC\u00cdA MUNICIPAL EN TAMAULIPAS - EL INFORMATIVO DE TAMAULIPAS\",\"isPartOf\":{\"@id\":\"https:\\\/\\\/elinformativotam.com\\\/#website\"},\"primaryImageOfPage\":{\"@id\":\"https:\\\/\\\/elinformativotam.com\\\/index.php\\\/2024\\\/04\\\/22\\\/necesario-que-regrese-la-policia-municipal-en-tamaulipas\\\/#primaryimage\"},\"image\":{\"@id\":\"https:\\\/\\\/elinformativotam.com\\\/index.php\\\/2024\\\/04\\\/22\\\/necesario-que-regrese-la-policia-municipal-en-tamaulipas\\\/#primaryimage\"},\"thumbnailUrl\":\"https:\\\/\\\/elinformativotam.com\\\/wp-content\\\/uploads\\\/2024\\\/04\\\/Gonzalez-Barba-1.jpeg\",\"datePublished\":\"2024-04-23T03:42:52+00:00\",\"description\":\"*Principalmente En Ciudades Donde El \u00cdndice Delictivo Es Alto &nbsp; &nbsp; Pese a que Tamaulipas tiene un mando centralizado con la guardia estatal, es\",\"inLanguage\":\"es\",\"potentialAction\":[{\"@type\":\"ReadAction\",\"target\":[\"https:\\\/\\\/elinformativotam.com\\\/index.php\\\/2024\\\/04\\\/22\\\/necesario-que-regrese-la-policia-municipal-en-tamaulipas\\\/\"]}]},{\"@type\":\"ImageObject\",\"inLanguage\":\"es\",\"@id\":\"https:\\\/\\\/elinformativotam.com\\\/index.php\\\/2024\\\/04\\\/22\\\/necesario-que-regrese-la-policia-municipal-en-tamaulipas\\\/#primaryimage\",\"url\":\"https:\\\/\\\/elinformativotam.com\\\/wp-content\\\/uploads\\\/2024\\\/04\\\/Gonzalez-Barba-1.jpeg\",\"contentUrl\":\"https:\\\/\\\/elinformativotam.com\\\/wp-content\\\/uploads\\\/2024\\\/04\\\/Gonzalez-Barba-1.jpeg\",\"width\":2560,\"height\":1440},{\"@type\":\"WebSite\",\"@id\":\"https:\\\/\\\/elinformativotam.com\\\/#website\",\"url\":\"https:\\\/\\\/elinformativotam.com\\\/\",\"name\":\"EL INFORMATIVO DE TAMAULIPAS\",\"description\":\"Desde la Zona Metropolitana Para Todo M\u00e9xico\",\"publisher\":{\"@id\":\"https:\\\/\\\/elinformativotam.com\\\/#organization\"},\"potentialAction\":[{\"@type\":\"SearchAction\",\"target\":{\"@type\":\"EntryPoint\",\"urlTemplate\":\"https:\\\/\\\/elinformativotam.com\\\/?s={search_term_string}\"},\"query-input\":{\"@type\":\"PropertyValueSpecification\",\"valueRequired\":true,\"valueName\":\"search_term_string\"}}],\"inLanguage\":\"es\"},{\"@type\":\"Organization\",\"@id\":\"https:\\\/\\\/elinformativotam.com\\\/#organization\",\"name\":\"EL INFORMATIVO DE TAMAULIPAS\",\"url\":\"https:\\\/\\\/elinformativotam.com\\\/\",\"logo\":{\"@type\":\"ImageObject\",\"inLanguage\":\"es\",\"@id\":\"https:\\\/\\\/elinformativotam.com\\\/#\\\/schema\\\/logo\\\/image\\\/\",\"url\":\"https:\\\/\\\/elinformativotam.com\\\/wp-content\\\/uploads\\\/2026\\\/02\\\/Cabezal.png\",\"contentUrl\":\"https:\\\/\\\/elinformativotam.com\\\/wp-content\\\/uploads\\\/2026\\\/02\\\/Cabezal.png\",\"width\":960,\"height\":640,\"caption\":\"EL INFORMATIVO DE TAMAULIPAS\"},\"image\":{\"@id\":\"https:\\\/\\\/elinformativotam.com\\\/#\\\/schema\\\/logo\\\/image\\\/\"}},{\"@type\":\"Person\",\"@id\":\"https:\\\/\\\/elinformativotam.com\\\/#\\\/schema\\\/person\\\/78e08040eed0f6110f0c5f83b6153590\",\"name\":\"El Informativo Tam\",\"image\":{\"@type\":\"ImageObject\",\"inLanguage\":\"es\",\"@id\":\"https:\\\/\\\/secure.gravatar.com\\\/avatar\\\/f3b7ad3af540688955925ac610647be00b0cf41feea9c4978b73a707ee86bc53?s=96&d=mm&r=g\",\"url\":\"https:\\\/\\\/secure.gravatar.com\\\/avatar\\\/f3b7ad3af540688955925ac610647be00b0cf41feea9c4978b73a707ee86bc53?s=96&d=mm&r=g\",\"contentUrl\":\"https:\\\/\\\/secure.gravatar.com\\\/avatar\\\/f3b7ad3af540688955925ac610647be00b0cf41feea9c4978b73a707ee86bc53?s=96&d=mm&r=g\",\"caption\":\"El Informativo Tam\"}}]}<\/script>\n<!-- \/ Yoast SEO plugin. -->","yoast_head_json":{"title":"NECESARIO QUE REGRESE LA POLIC\u00cdA MUNICIPAL EN TAMAULIPAS - EL INFORMATIVO DE TAMAULIPAS","description":"*Principalmente En Ciudades Donde El \u00cdndice Delictivo Es Alto &nbsp; &nbsp; Pese a que Tamaulipas tiene un mando centralizado con la guardia estatal, es","robots":{"index":"index","follow":"follow","max-snippet":"max-snippet:-1","max-image-preview":"max-image-preview:large","max-video-preview":"max-video-preview:-1"},"canonical":"https:\/\/elinformativotam.com\/index.php\/2024\/04\/22\/necesario-que-regrese-la-policia-municipal-en-tamaulipas\/","og_locale":"es_MX","og_type":"article","og_title":"NECESARIO QUE REGRESE LA POLIC\u00cdA MUNICIPAL EN TAMAULIPAS - EL INFORMATIVO DE TAMAULIPAS","og_description":"*Principalmente En Ciudades Donde El \u00cdndice Delictivo Es Alto &nbsp; &nbsp; Pese a que Tamaulipas tiene un mando centralizado con la guardia estatal, es","og_url":"https:\/\/elinformativotam.com\/index.php\/2024\/04\/22\/necesario-que-regrese-la-policia-municipal-en-tamaulipas\/","og_site_name":"EL INFORMATIVO DE TAMAULIPAS","article_published_time":"2024-04-23T03:42:52+00:00","og_image":[{"width":2560,"height":1440,"url":"https:\/\/elinformativotam.com\/wp-content\/uploads\/2024\/04\/Gonzalez-Barba-1.jpeg","type":"image\/jpeg"}],"author":"El Informativo Tam","twitter_card":"summary_large_image","twitter_misc":{"Escrito por":"El Informativo Tam","Tiempo de lectura":"2 minutos"},"schema":{"@context":"https:\/\/schema.org","@graph":[{"@type":"Article","@id":"https:\/\/elinformativotam.com\/index.php\/2024\/04\/22\/necesario-que-regrese-la-policia-municipal-en-tamaulipas\/#article","isPartOf":{"@id":"https:\/\/elinformativotam.com\/index.php\/2024\/04\/22\/necesario-que-regrese-la-policia-municipal-en-tamaulipas\/"},"author":{"name":"El Informativo Tam","@id":"https:\/\/elinformativotam.com\/#\/schema\/person\/78e08040eed0f6110f0c5f83b6153590"},"headline":"NECESARIO QUE REGRESE LA POLIC\u00cdA MUNICIPAL EN TAMAULIPAS","datePublished":"2024-04-23T03:42:52+00:00","mainEntityOfPage":{"@id":"https:\/\/elinformativotam.com\/index.php\/2024\/04\/22\/necesario-que-regrese-la-policia-municipal-en-tamaulipas\/"},"wordCount":298,"commentCount":0,"publisher":{"@id":"https:\/\/elinformativotam.com\/#organization"},"image":{"@id":"https:\/\/elinformativotam.com\/index.php\/2024\/04\/22\/necesario-que-regrese-la-policia-municipal-en-tamaulipas\/#primaryimage"},"thumbnailUrl":"https:\/\/elinformativotam.com\/wp-content\/uploads\/2024\/04\/Gonzalez-Barba-1.jpeg","articleSection":["Tampico"],"inLanguage":"es","potentialAction":[{"@type":"CommentAction","name":"Comment","target":["https:\/\/elinformativotam.com\/index.php\/2024\/04\/22\/necesario-que-regrese-la-policia-municipal-en-tamaulipas\/#respond"]}]},{"@type":"WebPage","@id":"https:\/\/elinformativotam.com\/index.php\/2024\/04\/22\/necesario-que-regrese-la-policia-municipal-en-tamaulipas\/","url":"https:\/\/elinformativotam.com\/index.php\/2024\/04\/22\/necesario-que-regrese-la-policia-municipal-en-tamaulipas\/","name":"NECESARIO QUE REGRESE LA POLIC\u00cdA MUNICIPAL EN TAMAULIPAS - EL INFORMATIVO DE TAMAULIPAS","isPartOf":{"@id":"https:\/\/elinformativotam.com\/#website"},"primaryImageOfPage":{"@id":"https:\/\/elinformativotam.com\/index.php\/2024\/04\/22\/necesario-que-regrese-la-policia-municipal-en-tamaulipas\/#primaryimage"},"image":{"@id":"https:\/\/elinformativotam.com\/index.php\/2024\/04\/22\/necesario-que-regrese-la-policia-municipal-en-tamaulipas\/#primaryimage"},"thumbnailUrl":"https:\/\/elinformativotam.com\/wp-content\/uploads\/2024\/04\/Gonzalez-Barba-1.jpeg","datePublished":"2024-04-23T03:42:52+00:00","description":"*Principalmente En Ciudades Donde El \u00cdndice Delictivo Es Alto &nbsp; &nbsp; Pese a que Tamaulipas tiene un mando centralizado con la guardia estatal, es","inLanguage":"es","potentialAction":[{"@type":"ReadAction","target":["https:\/\/elinformativotam.com\/index.php\/2024\/04\/22\/necesario-que-regrese-la-policia-municipal-en-tamaulipas\/"]}]},{"@type":"ImageObject","inLanguage":"es","@id":"https:\/\/elinformativotam.com\/index.php\/2024\/04\/22\/necesario-que-regrese-la-policia-municipal-en-tamaulipas\/#primaryimage","url":"https:\/\/elinformativotam.com\/wp-content\/uploads\/2024\/04\/Gonzalez-Barba-1.jpeg","contentUrl":"https:\/\/elinformativotam.com\/wp-content\/uploads\/2024\/04\/Gonzalez-Barba-1.jpeg","width":2560,"height":1440},{"@type":"WebSite","@id":"https:\/\/elinformativotam.com\/#website","url":"https:\/\/elinformativotam.com\/","name":"EL INFORMATIVO DE TAMAULIPAS","description":"Desde la Zona Metropolitana Para Todo M\u00e9xico","publisher":{"@id":"https:\/\/elinformativotam.com\/#organization"},"potentialAction":[{"@type":"SearchAction","target":{"@type":"EntryPoint","urlTemplate":"https:\/\/elinformativotam.com\/?s={search_term_string}"},"query-input":{"@type":"PropertyValueSpecification","valueRequired":true,"valueName":"search_term_string"}}],"inLanguage":"es"},{"@type":"Organization","@id":"https:\/\/elinformativotam.com\/#organization","name":"EL INFORMATIVO DE TAMAULIPAS","url":"https:\/\/elinformativotam.com\/","logo":{"@type":"ImageObject","inLanguage":"es","@id":"https:\/\/elinformativotam.com\/#\/schema\/logo\/image\/","url":"https:\/\/elinformativotam.com\/wp-content\/uploads\/2026\/02\/Cabezal.png","contentUrl":"https:\/\/elinformativotam.com\/wp-content\/uploads\/2026\/02\/Cabezal.png","width":960,"height":640,"caption":"EL INFORMATIVO DE TAMAULIPAS"},"image":{"@id":"https:\/\/elinformativotam.com\/#\/schema\/logo\/image\/"}},{"@type":"Person","@id":"https:\/\/elinformativotam.com\/#\/schema\/person\/78e08040eed0f6110f0c5f83b6153590","name":"El Informativo Tam","image":{"@type":"ImageObject","inLanguage":"es","@id":"https:\/\/secure.gravatar.com\/avatar\/f3b7ad3af540688955925ac610647be00b0cf41feea9c4978b73a707ee86bc53?s=96&d=mm&r=g","url":"https:\/\/secure.gravatar.com\/avatar\/f3b7ad3af540688955925ac610647be00b0cf41feea9c4978b73a707ee86bc53?s=96&d=mm&r=g","contentUrl":"https:\/\/secure.gravatar.com\/avatar\/f3b7ad3af540688955925ac610647be00b0cf41feea9c4978b73a707ee86bc53?s=96&d=mm&r=g","caption":"El Informativo Tam"}}]}},"_links":{"self":[{"href":"https:\/\/elinformativotam.com\/index.php\/wp-json\/wp\/v2\/posts\/50396","targetHints":{"allow":["GET"]}}],"collection":[{"href":"https:\/\/elinformativotam.com\/index.php\/wp-json\/wp\/v2\/posts"}],"about":[{"href":"https:\/\/elinformativotam.com\/index.php\/wp-json\/wp\/v2\/types\/post"}],"author":[{"embeddable":true,"href":"https:\/\/elinformativotam.com\/index.php\/wp-json\/wp\/v2\/users\/1"}],"replies":[{"embeddable":true,"href":"https:\/\/elinformativotam.com\/index.php\/wp-json\/wp\/v2\/comments?post=50396"}],"version-history":[{"count":1,"href":"https:\/\/elinformativotam.com\/index.php\/wp-json\/wp\/v2\/posts\/50396\/revisions"}],"predecessor-version":[{"id":50400,"href":"https:\/\/elinformativotam.com\/index.php\/wp-json\/wp\/v2\/posts\/50396\/revisions\/50400"}],"wp:featuredmedia":[{"embeddable":true,"href":"https:\/\/elinformativotam.com\/index.php\/wp-json\/wp\/v2\/media\/50397"}],"wp:attachment":[{"href":"https:\/\/elinformativotam.com\/index.php\/wp-json\/wp\/v2\/media?parent=50396"}],"wp:term":[{"taxonomy":"category","embeddable":true,"href":"https:\/\/elinformativotam.com\/index.php\/wp-json\/wp\/v2\/categories?post=50396"},{"taxonomy":"post_tag","embeddable":true,"href":"https:\/\/elinformativotam.com\/index.php\/wp-json\/wp\/v2\/tags?post=50396"}],"curies":[{"name":"wp","href":"https:\/\/api.w.org\/{rel}","templated":true}]}}