{"id":50359,"date":"2024-04-17T23:35:29","date_gmt":"2024-04-18T05:35:29","guid":{"rendered":"https:\/\/elinformativotam.com\/?p=50359"},"modified":"2024-04-17T23:35:29","modified_gmt":"2024-04-18T05:35:29","slug":"piden-precaucion-a-los-automovilistas-al-conducir","status":"publish","type":"post","link":"https:\/\/elinformativotam.com\/index.php\/2024\/04\/17\/piden-precaucion-a-los-automovilistas-al-conducir\/","title":{"rendered":"PIDEN PRECAUCI\u00d3N A LOS AUTOMOVILISTAS AL CONDUCIR."},"content":{"rendered":"<p>Accidentes no paran en la zona y Altamira no es la excepci\u00f3n. Santiago Cerecedo Maya, delegado de Tr\u00e1nsito y Vialidad, expuso que la avenida de la industria es el punto donde se registran m\u00e1s accidentes, de igual el bulevar Primex y el corredor Luis Donaldo Colosio.<\/p>\n<p>&nbsp;<\/p>\n<p>Expuso que este \u00faltimo, se han dado varios accidentes de consideraci\u00f3n, lo cual es m\u00e1s que nada a la falta de precauci\u00f3n de los conductores, porque manejan a una alta velocidad y que hay algunas curvas que est\u00e1n mal trazadas.<\/p>\n<p>&nbsp;<\/p>\n<p>\u201cEsta situaci\u00f3n es lo que descontrola al conductor, aunado al mal estado de la curva y eso es lo que provoca estos accidentes, esto nos est\u00e1 orillando a realizar vigilancia, para que de alguna manera los conductores vean que hay presencia de la autoridad y bajen la velocidad\u201d, coment\u00f3.<\/p>\n<p>&nbsp;<\/p>\n<p>Detall\u00f3 que parte de las acciones que se van a tomar, es que se va a reparar y lo que se quiere es reconfigurar esas curvas, para evitar que se sigan presentando este tipo de accidentes.<\/p>\n<p>&nbsp;<\/p>\n<p>Agreg\u00f3 que hasta el momento se han registrado alrededor de 10 accidentes viales, mismos que han dejado cuantiosos da\u00f1os materiales y adem\u00e1s p\u00e9rdidas humanas, lo cual es m\u00e1s lamentable, por ello pide que los conductores tengan la precauci\u00f3n al manejar esta arteria vial.<\/p>\n","protected":false},"excerpt":{"rendered":"<p>Accidentes no paran en la zona y Altamira no es la excepci\u00f3n. Santiago Cerecedo Maya, delegado de Tr\u00e1nsito y Vialidad,&hellip;<\/p>\n","protected":false},"author":1,"featured_media":50360,"comment_status":"open","ping_status":"open","sticky":false,"template":"","format":"standard","meta":{"footnotes":""},"categories":[5],"tags":[],"class_list":["post-50359","post","type-post","status-publish","format-standard","has-post-thumbnail","hentry","category-altamira"],"yoast_head":"<!-- This site is optimized with the Yoast SEO plugin v27.5 - https:\/\/yoast.com\/product\/yoast-seo-wordpress\/ -->\n<title>PIDEN PRECAUCI\u00d3N A LOS AUTOMOVILISTAS AL CONDUCIR. - EL INFORMATIVO DE TAMAULIPAS<\/title>\n<meta name=\"description\" content=\"Accidentes no paran en la zona y Altamira no es la excepci\u00f3n. Santiago Cerecedo Maya, delegado de Tr\u00e1nsito y Vialidad, expuso que la avenida de la\" \/>\n<meta name=\"robots\" content=\"index, follow, max-snippet:-1, max-image-preview:large, max-video-preview:-1\" \/>\n<link rel=\"canonical\" href=\"https:\/\/elinformativotam.com\/index.php\/2024\/04\/17\/piden-precaucion-a-los-automovilistas-al-conducir\/\" \/>\n<meta property=\"og:locale\" content=\"es_MX\" \/>\n<meta property=\"og:type\" content=\"article\" \/>\n<meta property=\"og:title\" content=\"PIDEN PRECAUCI\u00d3N A LOS AUTOMOVILISTAS AL CONDUCIR. - EL INFORMATIVO DE TAMAULIPAS\" \/>\n<meta property=\"og:description\" content=\"Accidentes no paran en la zona y Altamira no es la excepci\u00f3n. Santiago Cerecedo Maya, delegado de Tr\u00e1nsito y Vialidad, expuso que la avenida de la\" \/>\n<meta property=\"og:url\" content=\"https:\/\/elinformativotam.com\/index.php\/2024\/04\/17\/piden-precaucion-a-los-automovilistas-al-conducir\/\" \/>\n<meta property=\"og:site_name\" content=\"EL INFORMATIVO DE TAMAULIPAS\" \/>\n<meta property=\"article:published_time\" content=\"2024-04-18T05:35:29+00:00\" \/>\n<meta property=\"og:image\" content=\"https:\/\/elinformativotam.com\/wp-content\/uploads\/2024\/04\/Accidente-2.jpeg\" \/>\n\t<meta property=\"og:image:width\" content=\"823\" \/>\n\t<meta property=\"og:image:height\" content=\"692\" \/>\n\t<meta property=\"og:image:type\" content=\"image\/jpeg\" \/>\n<meta name=\"author\" content=\"El Informativo Tam\" \/>\n<meta name=\"twitter:card\" content=\"summary_large_image\" \/>\n<meta name=\"twitter:label1\" content=\"Escrito por\" \/>\n\t<meta name=\"twitter:data1\" content=\"El Informativo Tam\" \/>\n\t<meta name=\"twitter:label2\" content=\"Tiempo de lectura\" \/>\n\t<meta name=\"twitter:data2\" content=\"2 minutos\" \/>\n<script type=\"application\/ld+json\" class=\"yoast-schema-graph\">{\"@context\":\"https:\\\/\\\/schema.org\",\"@graph\":[{\"@type\":\"Article\",\"@id\":\"https:\\\/\\\/elinformativotam.com\\\/index.php\\\/2024\\\/04\\\/17\\\/piden-precaucion-a-los-automovilistas-al-conducir\\\/#article\",\"isPartOf\":{\"@id\":\"https:\\\/\\\/elinformativotam.com\\\/index.php\\\/2024\\\/04\\\/17\\\/piden-precaucion-a-los-automovilistas-al-conducir\\\/\"},\"author\":{\"name\":\"El Informativo Tam\",\"@id\":\"https:\\\/\\\/elinformativotam.com\\\/#\\\/schema\\\/person\\\/78e08040eed0f6110f0c5f83b6153590\"},\"headline\":\"PIDEN PRECAUCI\u00d3N A LOS AUTOMOVILISTAS AL CONDUCIR.\",\"datePublished\":\"2024-04-18T05:35:29+00:00\",\"mainEntityOfPage\":{\"@id\":\"https:\\\/\\\/elinformativotam.com\\\/index.php\\\/2024\\\/04\\\/17\\\/piden-precaucion-a-los-automovilistas-al-conducir\\\/\"},\"wordCount\":238,\"commentCount\":0,\"publisher\":{\"@id\":\"https:\\\/\\\/elinformativotam.com\\\/#organization\"},\"image\":{\"@id\":\"https:\\\/\\\/elinformativotam.com\\\/index.php\\\/2024\\\/04\\\/17\\\/piden-precaucion-a-los-automovilistas-al-conducir\\\/#primaryimage\"},\"thumbnailUrl\":\"https:\\\/\\\/elinformativotam.com\\\/wp-content\\\/uploads\\\/2024\\\/04\\\/Accidente-2.jpeg\",\"articleSection\":[\"Altamira\"],\"inLanguage\":\"es\",\"potentialAction\":[{\"@type\":\"CommentAction\",\"name\":\"Comment\",\"target\":[\"https:\\\/\\\/elinformativotam.com\\\/index.php\\\/2024\\\/04\\\/17\\\/piden-precaucion-a-los-automovilistas-al-conducir\\\/#respond\"]}]},{\"@type\":\"WebPage\",\"@id\":\"https:\\\/\\\/elinformativotam.com\\\/index.php\\\/2024\\\/04\\\/17\\\/piden-precaucion-a-los-automovilistas-al-conducir\\\/\",\"url\":\"https:\\\/\\\/elinformativotam.com\\\/index.php\\\/2024\\\/04\\\/17\\\/piden-precaucion-a-los-automovilistas-al-conducir\\\/\",\"name\":\"PIDEN PRECAUCI\u00d3N A LOS AUTOMOVILISTAS AL CONDUCIR. - EL INFORMATIVO DE TAMAULIPAS\",\"isPartOf\":{\"@id\":\"https:\\\/\\\/elinformativotam.com\\\/#website\"},\"primaryImageOfPage\":{\"@id\":\"https:\\\/\\\/elinformativotam.com\\\/index.php\\\/2024\\\/04\\\/17\\\/piden-precaucion-a-los-automovilistas-al-conducir\\\/#primaryimage\"},\"image\":{\"@id\":\"https:\\\/\\\/elinformativotam.com\\\/index.php\\\/2024\\\/04\\\/17\\\/piden-precaucion-a-los-automovilistas-al-conducir\\\/#primaryimage\"},\"thumbnailUrl\":\"https:\\\/\\\/elinformativotam.com\\\/wp-content\\\/uploads\\\/2024\\\/04\\\/Accidente-2.jpeg\",\"datePublished\":\"2024-04-18T05:35:29+00:00\",\"description\":\"Accidentes no paran en la zona y Altamira no es la excepci\u00f3n. Santiago Cerecedo Maya, delegado de Tr\u00e1nsito y Vialidad, expuso que la avenida de la\",\"inLanguage\":\"es\",\"potentialAction\":[{\"@type\":\"ReadAction\",\"target\":[\"https:\\\/\\\/elinformativotam.com\\\/index.php\\\/2024\\\/04\\\/17\\\/piden-precaucion-a-los-automovilistas-al-conducir\\\/\"]}]},{\"@type\":\"ImageObject\",\"inLanguage\":\"es\",\"@id\":\"https:\\\/\\\/elinformativotam.com\\\/index.php\\\/2024\\\/04\\\/17\\\/piden-precaucion-a-los-automovilistas-al-conducir\\\/#primaryimage\",\"url\":\"https:\\\/\\\/elinformativotam.com\\\/wp-content\\\/uploads\\\/2024\\\/04\\\/Accidente-2.jpeg\",\"contentUrl\":\"https:\\\/\\\/elinformativotam.com\\\/wp-content\\\/uploads\\\/2024\\\/04\\\/Accidente-2.jpeg\",\"width\":823,\"height\":692},{\"@type\":\"WebSite\",\"@id\":\"https:\\\/\\\/elinformativotam.com\\\/#website\",\"url\":\"https:\\\/\\\/elinformativotam.com\\\/\",\"name\":\"EL INFORMATIVO DE TAMAULIPAS\",\"description\":\"Desde la Zona Metropolitana Para Todo M\u00e9xico\",\"publisher\":{\"@id\":\"https:\\\/\\\/elinformativotam.com\\\/#organization\"},\"potentialAction\":[{\"@type\":\"SearchAction\",\"target\":{\"@type\":\"EntryPoint\",\"urlTemplate\":\"https:\\\/\\\/elinformativotam.com\\\/?s={search_term_string}\"},\"query-input\":{\"@type\":\"PropertyValueSpecification\",\"valueRequired\":true,\"valueName\":\"search_term_string\"}}],\"inLanguage\":\"es\"},{\"@type\":\"Organization\",\"@id\":\"https:\\\/\\\/elinformativotam.com\\\/#organization\",\"name\":\"EL INFORMATIVO DE TAMAULIPAS\",\"url\":\"https:\\\/\\\/elinformativotam.com\\\/\",\"logo\":{\"@type\":\"ImageObject\",\"inLanguage\":\"es\",\"@id\":\"https:\\\/\\\/elinformativotam.com\\\/#\\\/schema\\\/logo\\\/image\\\/\",\"url\":\"https:\\\/\\\/elinformativotam.com\\\/wp-content\\\/uploads\\\/2026\\\/02\\\/Cabezal.png\",\"contentUrl\":\"https:\\\/\\\/elinformativotam.com\\\/wp-content\\\/uploads\\\/2026\\\/02\\\/Cabezal.png\",\"width\":960,\"height\":640,\"caption\":\"EL INFORMATIVO DE TAMAULIPAS\"},\"image\":{\"@id\":\"https:\\\/\\\/elinformativotam.com\\\/#\\\/schema\\\/logo\\\/image\\\/\"}},{\"@type\":\"Person\",\"@id\":\"https:\\\/\\\/elinformativotam.com\\\/#\\\/schema\\\/person\\\/78e08040eed0f6110f0c5f83b6153590\",\"name\":\"El Informativo Tam\",\"image\":{\"@type\":\"ImageObject\",\"inLanguage\":\"es\",\"@id\":\"https:\\\/\\\/secure.gravatar.com\\\/avatar\\\/f3b7ad3af540688955925ac610647be00b0cf41feea9c4978b73a707ee86bc53?s=96&d=mm&r=g\",\"url\":\"https:\\\/\\\/secure.gravatar.com\\\/avatar\\\/f3b7ad3af540688955925ac610647be00b0cf41feea9c4978b73a707ee86bc53?s=96&d=mm&r=g\",\"contentUrl\":\"https:\\\/\\\/secure.gravatar.com\\\/avatar\\\/f3b7ad3af540688955925ac610647be00b0cf41feea9c4978b73a707ee86bc53?s=96&d=mm&r=g\",\"caption\":\"El Informativo Tam\"}}]}<\/script>\n<!-- \/ Yoast SEO plugin. -->","yoast_head_json":{"title":"PIDEN PRECAUCI\u00d3N A LOS AUTOMOVILISTAS AL CONDUCIR. - EL INFORMATIVO DE TAMAULIPAS","description":"Accidentes no paran en la zona y Altamira no es la excepci\u00f3n. Santiago Cerecedo Maya, delegado de Tr\u00e1nsito y Vialidad, expuso que la avenida de la","robots":{"index":"index","follow":"follow","max-snippet":"max-snippet:-1","max-image-preview":"max-image-preview:large","max-video-preview":"max-video-preview:-1"},"canonical":"https:\/\/elinformativotam.com\/index.php\/2024\/04\/17\/piden-precaucion-a-los-automovilistas-al-conducir\/","og_locale":"es_MX","og_type":"article","og_title":"PIDEN PRECAUCI\u00d3N A LOS AUTOMOVILISTAS AL CONDUCIR. - EL INFORMATIVO DE TAMAULIPAS","og_description":"Accidentes no paran en la zona y Altamira no es la excepci\u00f3n. Santiago Cerecedo Maya, delegado de Tr\u00e1nsito y Vialidad, expuso que la avenida de la","og_url":"https:\/\/elinformativotam.com\/index.php\/2024\/04\/17\/piden-precaucion-a-los-automovilistas-al-conducir\/","og_site_name":"EL INFORMATIVO DE TAMAULIPAS","article_published_time":"2024-04-18T05:35:29+00:00","og_image":[{"width":823,"height":692,"url":"https:\/\/elinformativotam.com\/wp-content\/uploads\/2024\/04\/Accidente-2.jpeg","type":"image\/jpeg"}],"author":"El Informativo Tam","twitter_card":"summary_large_image","twitter_misc":{"Escrito por":"El Informativo Tam","Tiempo de lectura":"2 minutos"},"schema":{"@context":"https:\/\/schema.org","@graph":[{"@type":"Article","@id":"https:\/\/elinformativotam.com\/index.php\/2024\/04\/17\/piden-precaucion-a-los-automovilistas-al-conducir\/#article","isPartOf":{"@id":"https:\/\/elinformativotam.com\/index.php\/2024\/04\/17\/piden-precaucion-a-los-automovilistas-al-conducir\/"},"author":{"name":"El Informativo Tam","@id":"https:\/\/elinformativotam.com\/#\/schema\/person\/78e08040eed0f6110f0c5f83b6153590"},"headline":"PIDEN PRECAUCI\u00d3N A LOS AUTOMOVILISTAS AL CONDUCIR.","datePublished":"2024-04-18T05:35:29+00:00","mainEntityOfPage":{"@id":"https:\/\/elinformativotam.com\/index.php\/2024\/04\/17\/piden-precaucion-a-los-automovilistas-al-conducir\/"},"wordCount":238,"commentCount":0,"publisher":{"@id":"https:\/\/elinformativotam.com\/#organization"},"image":{"@id":"https:\/\/elinformativotam.com\/index.php\/2024\/04\/17\/piden-precaucion-a-los-automovilistas-al-conducir\/#primaryimage"},"thumbnailUrl":"https:\/\/elinformativotam.com\/wp-content\/uploads\/2024\/04\/Accidente-2.jpeg","articleSection":["Altamira"],"inLanguage":"es","potentialAction":[{"@type":"CommentAction","name":"Comment","target":["https:\/\/elinformativotam.com\/index.php\/2024\/04\/17\/piden-precaucion-a-los-automovilistas-al-conducir\/#respond"]}]},{"@type":"WebPage","@id":"https:\/\/elinformativotam.com\/index.php\/2024\/04\/17\/piden-precaucion-a-los-automovilistas-al-conducir\/","url":"https:\/\/elinformativotam.com\/index.php\/2024\/04\/17\/piden-precaucion-a-los-automovilistas-al-conducir\/","name":"PIDEN PRECAUCI\u00d3N A LOS AUTOMOVILISTAS AL CONDUCIR. - EL INFORMATIVO DE TAMAULIPAS","isPartOf":{"@id":"https:\/\/elinformativotam.com\/#website"},"primaryImageOfPage":{"@id":"https:\/\/elinformativotam.com\/index.php\/2024\/04\/17\/piden-precaucion-a-los-automovilistas-al-conducir\/#primaryimage"},"image":{"@id":"https:\/\/elinformativotam.com\/index.php\/2024\/04\/17\/piden-precaucion-a-los-automovilistas-al-conducir\/#primaryimage"},"thumbnailUrl":"https:\/\/elinformativotam.com\/wp-content\/uploads\/2024\/04\/Accidente-2.jpeg","datePublished":"2024-04-18T05:35:29+00:00","description":"Accidentes no paran en la zona y Altamira no es la excepci\u00f3n. Santiago Cerecedo Maya, delegado de Tr\u00e1nsito y Vialidad, expuso que la avenida de la","inLanguage":"es","potentialAction":[{"@type":"ReadAction","target":["https:\/\/elinformativotam.com\/index.php\/2024\/04\/17\/piden-precaucion-a-los-automovilistas-al-conducir\/"]}]},{"@type":"ImageObject","inLanguage":"es","@id":"https:\/\/elinformativotam.com\/index.php\/2024\/04\/17\/piden-precaucion-a-los-automovilistas-al-conducir\/#primaryimage","url":"https:\/\/elinformativotam.com\/wp-content\/uploads\/2024\/04\/Accidente-2.jpeg","contentUrl":"https:\/\/elinformativotam.com\/wp-content\/uploads\/2024\/04\/Accidente-2.jpeg","width":823,"height":692},{"@type":"WebSite","@id":"https:\/\/elinformativotam.com\/#website","url":"https:\/\/elinformativotam.com\/","name":"EL INFORMATIVO DE TAMAULIPAS","description":"Desde la Zona Metropolitana Para Todo M\u00e9xico","publisher":{"@id":"https:\/\/elinformativotam.com\/#organization"},"potentialAction":[{"@type":"SearchAction","target":{"@type":"EntryPoint","urlTemplate":"https:\/\/elinformativotam.com\/?s={search_term_string}"},"query-input":{"@type":"PropertyValueSpecification","valueRequired":true,"valueName":"search_term_string"}}],"inLanguage":"es"},{"@type":"Organization","@id":"https:\/\/elinformativotam.com\/#organization","name":"EL INFORMATIVO DE TAMAULIPAS","url":"https:\/\/elinformativotam.com\/","logo":{"@type":"ImageObject","inLanguage":"es","@id":"https:\/\/elinformativotam.com\/#\/schema\/logo\/image\/","url":"https:\/\/elinformativotam.com\/wp-content\/uploads\/2026\/02\/Cabezal.png","contentUrl":"https:\/\/elinformativotam.com\/wp-content\/uploads\/2026\/02\/Cabezal.png","width":960,"height":640,"caption":"EL INFORMATIVO DE TAMAULIPAS"},"image":{"@id":"https:\/\/elinformativotam.com\/#\/schema\/logo\/image\/"}},{"@type":"Person","@id":"https:\/\/elinformativotam.com\/#\/schema\/person\/78e08040eed0f6110f0c5f83b6153590","name":"El Informativo Tam","image":{"@type":"ImageObject","inLanguage":"es","@id":"https:\/\/secure.gravatar.com\/avatar\/f3b7ad3af540688955925ac610647be00b0cf41feea9c4978b73a707ee86bc53?s=96&d=mm&r=g","url":"https:\/\/secure.gravatar.com\/avatar\/f3b7ad3af540688955925ac610647be00b0cf41feea9c4978b73a707ee86bc53?s=96&d=mm&r=g","contentUrl":"https:\/\/secure.gravatar.com\/avatar\/f3b7ad3af540688955925ac610647be00b0cf41feea9c4978b73a707ee86bc53?s=96&d=mm&r=g","caption":"El Informativo Tam"}}]}},"_links":{"self":[{"href":"https:\/\/elinformativotam.com\/index.php\/wp-json\/wp\/v2\/posts\/50359","targetHints":{"allow":["GET"]}}],"collection":[{"href":"https:\/\/elinformativotam.com\/index.php\/wp-json\/wp\/v2\/posts"}],"about":[{"href":"https:\/\/elinformativotam.com\/index.php\/wp-json\/wp\/v2\/types\/post"}],"author":[{"embeddable":true,"href":"https:\/\/elinformativotam.com\/index.php\/wp-json\/wp\/v2\/users\/1"}],"replies":[{"embeddable":true,"href":"https:\/\/elinformativotam.com\/index.php\/wp-json\/wp\/v2\/comments?post=50359"}],"version-history":[{"count":1,"href":"https:\/\/elinformativotam.com\/index.php\/wp-json\/wp\/v2\/posts\/50359\/revisions"}],"predecessor-version":[{"id":50361,"href":"https:\/\/elinformativotam.com\/index.php\/wp-json\/wp\/v2\/posts\/50359\/revisions\/50361"}],"wp:featuredmedia":[{"embeddable":true,"href":"https:\/\/elinformativotam.com\/index.php\/wp-json\/wp\/v2\/media\/50360"}],"wp:attachment":[{"href":"https:\/\/elinformativotam.com\/index.php\/wp-json\/wp\/v2\/media?parent=50359"}],"wp:term":[{"taxonomy":"category","embeddable":true,"href":"https:\/\/elinformativotam.com\/index.php\/wp-json\/wp\/v2\/categories?post=50359"},{"taxonomy":"post_tag","embeddable":true,"href":"https:\/\/elinformativotam.com\/index.php\/wp-json\/wp\/v2\/tags?post=50359"}],"curies":[{"name":"wp","href":"https:\/\/api.w.org\/{rel}","templated":true}]}}