{"id":50356,"date":"2024-04-17T23:32:08","date_gmt":"2024-04-18T05:32:08","guid":{"rendered":"https:\/\/elinformativotam.com\/?p=50356"},"modified":"2024-04-17T23:32:08","modified_gmt":"2024-04-18T05:32:08","slug":"ha-habido-avances-para-personas-de-la-comunidad-aun-falta-mucho-por-hacer","status":"publish","type":"post","link":"https:\/\/elinformativotam.com\/index.php\/2024\/04\/17\/ha-habido-avances-para-personas-de-la-comunidad-aun-falta-mucho-por-hacer\/","title":{"rendered":"HA HABIDO AVANCES PARA PERSONAS DE LA COMUNIDAD, A\u00daN FALTA MUCHO POR HACER"},"content":{"rendered":"<p>Sa\u00fal Serratos, miembro de la comunidad LGBTTT+, dio a conocer la muerte tr\u00e1gica que tuvo un compa\u00f1ero de la comunidad, quien supuestamente se dio a conocer hab\u00eda fallecido en un accidentes; sin embargo, se duda es que realmente haya sido as\u00ed.<\/p>\n<p>&nbsp;<\/p>\n<p>Dijo que supuestamente fue embestido por un veh\u00edculo fantasma, y eso es lo que se debi\u00f3 de haber investigado y que no est\u00e9 ligado a un crimen de odio, por ello dijo que es importante que la carpeta se abra.<\/p>\n<p>&nbsp;<\/p>\n<p>Y es que tomando en cuenta la cantidad de v\u00edctimas de homicidios y ataques que han sufrido compa\u00f1eros de la comunidad, es que se tiene duda de que realmente sea verdad que el joven haya fallecido de un accidente.<\/p>\n<p>&nbsp;<\/p>\n<p>\u201cSer\u00eda bueno, que tomando en cuenta que estamos siendo parte de decisiones importantes, ser\u00eda bueno que sigamos trabajando en el tema de esclarecer todas esas carpetas, para que las autoridades trabajen y den con las personas responsables\u201d, coment\u00f3.<\/p>\n<p>&nbsp;<\/p>\n<p>Expuso que hace falta una oficina especializada que atienda precisamente estos asuntos de la comunidad y que d\u00e9 seguimiento; as\u00ed mismo que haya personal que d\u00e9 apoyo a las familias, porque cuando sucede un caso como el antes mencionado, tambi\u00e9n ellos son discriminados.<\/p>\n<p>&nbsp;<\/p>\n<p>Agreg\u00f3 que desafortunadamente en la comunidad hay muertes que no se han aclarado de hombres trans y mujeres lesvianas, citaci\u00f3n que no debe de seguir y ante ello, coment\u00f3 que se debe trabajar en sanciones m\u00e1s severas.<\/p>\n<p>&nbsp;<\/p>\n","protected":false},"excerpt":{"rendered":"<p>Sa\u00fal Serratos, miembro de la comunidad LGBTTT+, dio a conocer la muerte tr\u00e1gica que tuvo un compa\u00f1ero de la comunidad,&hellip;<\/p>\n","protected":false},"author":1,"featured_media":50357,"comment_status":"open","ping_status":"open","sticky":false,"template":"","format":"standard","meta":{"footnotes":""},"categories":[5],"tags":[],"class_list":["post-50356","post","type-post","status-publish","format-standard","has-post-thumbnail","hentry","category-altamira"],"yoast_head":"<!-- This site is optimized with the Yoast SEO plugin v27.5 - https:\/\/yoast.com\/product\/yoast-seo-wordpress\/ -->\n<title>HA HABIDO AVANCES PARA PERSONAS DE LA COMUNIDAD, A\u00daN FALTA MUCHO POR HACER - EL INFORMATIVO DE TAMAULIPAS<\/title>\n<meta name=\"description\" content=\"Sa\u00fal Serratos, miembro de la comunidad LGBTTT+, dio a conocer la muerte tr\u00e1gica que tuvo un compa\u00f1ero de la comunidad, quien supuestamente se dio a\" \/>\n<meta name=\"robots\" content=\"index, follow, max-snippet:-1, max-image-preview:large, max-video-preview:-1\" \/>\n<link rel=\"canonical\" href=\"https:\/\/elinformativotam.com\/index.php\/2024\/04\/17\/ha-habido-avances-para-personas-de-la-comunidad-aun-falta-mucho-por-hacer\/\" \/>\n<meta property=\"og:locale\" content=\"es_MX\" \/>\n<meta property=\"og:type\" content=\"article\" \/>\n<meta property=\"og:title\" content=\"HA HABIDO AVANCES PARA PERSONAS DE LA COMUNIDAD, A\u00daN FALTA MUCHO POR HACER - EL INFORMATIVO DE TAMAULIPAS\" \/>\n<meta property=\"og:description\" content=\"Sa\u00fal Serratos, miembro de la comunidad LGBTTT+, dio a conocer la muerte tr\u00e1gica que tuvo un compa\u00f1ero de la comunidad, quien supuestamente se dio a\" \/>\n<meta property=\"og:url\" content=\"https:\/\/elinformativotam.com\/index.php\/2024\/04\/17\/ha-habido-avances-para-personas-de-la-comunidad-aun-falta-mucho-por-hacer\/\" \/>\n<meta property=\"og:site_name\" content=\"EL INFORMATIVO DE TAMAULIPAS\" \/>\n<meta property=\"article:published_time\" content=\"2024-04-18T05:32:08+00:00\" \/>\n<meta property=\"og:image\" content=\"https:\/\/elinformativotam.com\/wp-content\/uploads\/2024\/04\/Comunidad-1.jpeg\" \/>\n\t<meta property=\"og:image:width\" content=\"686\" \/>\n\t<meta property=\"og:image:height\" content=\"447\" \/>\n\t<meta property=\"og:image:type\" content=\"image\/jpeg\" \/>\n<meta name=\"author\" content=\"El Informativo Tam\" \/>\n<meta name=\"twitter:card\" content=\"summary_large_image\" \/>\n<meta name=\"twitter:label1\" content=\"Escrito por\" \/>\n\t<meta name=\"twitter:data1\" content=\"El Informativo Tam\" \/>\n\t<meta name=\"twitter:label2\" content=\"Tiempo de lectura\" \/>\n\t<meta name=\"twitter:data2\" content=\"2 minutos\" \/>\n<script type=\"application\/ld+json\" class=\"yoast-schema-graph\">{\"@context\":\"https:\\\/\\\/schema.org\",\"@graph\":[{\"@type\":\"Article\",\"@id\":\"https:\\\/\\\/elinformativotam.com\\\/index.php\\\/2024\\\/04\\\/17\\\/ha-habido-avances-para-personas-de-la-comunidad-aun-falta-mucho-por-hacer\\\/#article\",\"isPartOf\":{\"@id\":\"https:\\\/\\\/elinformativotam.com\\\/index.php\\\/2024\\\/04\\\/17\\\/ha-habido-avances-para-personas-de-la-comunidad-aun-falta-mucho-por-hacer\\\/\"},\"author\":{\"name\":\"El Informativo Tam\",\"@id\":\"https:\\\/\\\/elinformativotam.com\\\/#\\\/schema\\\/person\\\/78e08040eed0f6110f0c5f83b6153590\"},\"headline\":\"HA HABIDO AVANCES PARA PERSONAS DE LA COMUNIDAD, A\u00daN FALTA MUCHO POR HACER\",\"datePublished\":\"2024-04-18T05:32:08+00:00\",\"mainEntityOfPage\":{\"@id\":\"https:\\\/\\\/elinformativotam.com\\\/index.php\\\/2024\\\/04\\\/17\\\/ha-habido-avances-para-personas-de-la-comunidad-aun-falta-mucho-por-hacer\\\/\"},\"wordCount\":270,\"commentCount\":0,\"publisher\":{\"@id\":\"https:\\\/\\\/elinformativotam.com\\\/#organization\"},\"image\":{\"@id\":\"https:\\\/\\\/elinformativotam.com\\\/index.php\\\/2024\\\/04\\\/17\\\/ha-habido-avances-para-personas-de-la-comunidad-aun-falta-mucho-por-hacer\\\/#primaryimage\"},\"thumbnailUrl\":\"https:\\\/\\\/elinformativotam.com\\\/wp-content\\\/uploads\\\/2024\\\/04\\\/Comunidad-1.jpeg\",\"articleSection\":[\"Altamira\"],\"inLanguage\":\"es\",\"potentialAction\":[{\"@type\":\"CommentAction\",\"name\":\"Comment\",\"target\":[\"https:\\\/\\\/elinformativotam.com\\\/index.php\\\/2024\\\/04\\\/17\\\/ha-habido-avances-para-personas-de-la-comunidad-aun-falta-mucho-por-hacer\\\/#respond\"]}]},{\"@type\":\"WebPage\",\"@id\":\"https:\\\/\\\/elinformativotam.com\\\/index.php\\\/2024\\\/04\\\/17\\\/ha-habido-avances-para-personas-de-la-comunidad-aun-falta-mucho-por-hacer\\\/\",\"url\":\"https:\\\/\\\/elinformativotam.com\\\/index.php\\\/2024\\\/04\\\/17\\\/ha-habido-avances-para-personas-de-la-comunidad-aun-falta-mucho-por-hacer\\\/\",\"name\":\"HA HABIDO AVANCES PARA PERSONAS DE LA COMUNIDAD, A\u00daN FALTA MUCHO POR HACER - EL INFORMATIVO DE TAMAULIPAS\",\"isPartOf\":{\"@id\":\"https:\\\/\\\/elinformativotam.com\\\/#website\"},\"primaryImageOfPage\":{\"@id\":\"https:\\\/\\\/elinformativotam.com\\\/index.php\\\/2024\\\/04\\\/17\\\/ha-habido-avances-para-personas-de-la-comunidad-aun-falta-mucho-por-hacer\\\/#primaryimage\"},\"image\":{\"@id\":\"https:\\\/\\\/elinformativotam.com\\\/index.php\\\/2024\\\/04\\\/17\\\/ha-habido-avances-para-personas-de-la-comunidad-aun-falta-mucho-por-hacer\\\/#primaryimage\"},\"thumbnailUrl\":\"https:\\\/\\\/elinformativotam.com\\\/wp-content\\\/uploads\\\/2024\\\/04\\\/Comunidad-1.jpeg\",\"datePublished\":\"2024-04-18T05:32:08+00:00\",\"description\":\"Sa\u00fal Serratos, miembro de la comunidad LGBTTT+, dio a conocer la muerte tr\u00e1gica que tuvo un compa\u00f1ero de la comunidad, quien supuestamente se dio a\",\"inLanguage\":\"es\",\"potentialAction\":[{\"@type\":\"ReadAction\",\"target\":[\"https:\\\/\\\/elinformativotam.com\\\/index.php\\\/2024\\\/04\\\/17\\\/ha-habido-avances-para-personas-de-la-comunidad-aun-falta-mucho-por-hacer\\\/\"]}]},{\"@type\":\"ImageObject\",\"inLanguage\":\"es\",\"@id\":\"https:\\\/\\\/elinformativotam.com\\\/index.php\\\/2024\\\/04\\\/17\\\/ha-habido-avances-para-personas-de-la-comunidad-aun-falta-mucho-por-hacer\\\/#primaryimage\",\"url\":\"https:\\\/\\\/elinformativotam.com\\\/wp-content\\\/uploads\\\/2024\\\/04\\\/Comunidad-1.jpeg\",\"contentUrl\":\"https:\\\/\\\/elinformativotam.com\\\/wp-content\\\/uploads\\\/2024\\\/04\\\/Comunidad-1.jpeg\",\"width\":686,\"height\":447},{\"@type\":\"WebSite\",\"@id\":\"https:\\\/\\\/elinformativotam.com\\\/#website\",\"url\":\"https:\\\/\\\/elinformativotam.com\\\/\",\"name\":\"EL INFORMATIVO DE TAMAULIPAS\",\"description\":\"Desde la Zona Metropolitana Para Todo M\u00e9xico\",\"publisher\":{\"@id\":\"https:\\\/\\\/elinformativotam.com\\\/#organization\"},\"potentialAction\":[{\"@type\":\"SearchAction\",\"target\":{\"@type\":\"EntryPoint\",\"urlTemplate\":\"https:\\\/\\\/elinformativotam.com\\\/?s={search_term_string}\"},\"query-input\":{\"@type\":\"PropertyValueSpecification\",\"valueRequired\":true,\"valueName\":\"search_term_string\"}}],\"inLanguage\":\"es\"},{\"@type\":\"Organization\",\"@id\":\"https:\\\/\\\/elinformativotam.com\\\/#organization\",\"name\":\"EL INFORMATIVO DE TAMAULIPAS\",\"url\":\"https:\\\/\\\/elinformativotam.com\\\/\",\"logo\":{\"@type\":\"ImageObject\",\"inLanguage\":\"es\",\"@id\":\"https:\\\/\\\/elinformativotam.com\\\/#\\\/schema\\\/logo\\\/image\\\/\",\"url\":\"https:\\\/\\\/elinformativotam.com\\\/wp-content\\\/uploads\\\/2026\\\/02\\\/Cabezal.png\",\"contentUrl\":\"https:\\\/\\\/elinformativotam.com\\\/wp-content\\\/uploads\\\/2026\\\/02\\\/Cabezal.png\",\"width\":960,\"height\":640,\"caption\":\"EL INFORMATIVO DE TAMAULIPAS\"},\"image\":{\"@id\":\"https:\\\/\\\/elinformativotam.com\\\/#\\\/schema\\\/logo\\\/image\\\/\"}},{\"@type\":\"Person\",\"@id\":\"https:\\\/\\\/elinformativotam.com\\\/#\\\/schema\\\/person\\\/78e08040eed0f6110f0c5f83b6153590\",\"name\":\"El Informativo Tam\",\"image\":{\"@type\":\"ImageObject\",\"inLanguage\":\"es\",\"@id\":\"https:\\\/\\\/secure.gravatar.com\\\/avatar\\\/f3b7ad3af540688955925ac610647be00b0cf41feea9c4978b73a707ee86bc53?s=96&d=mm&r=g\",\"url\":\"https:\\\/\\\/secure.gravatar.com\\\/avatar\\\/f3b7ad3af540688955925ac610647be00b0cf41feea9c4978b73a707ee86bc53?s=96&d=mm&r=g\",\"contentUrl\":\"https:\\\/\\\/secure.gravatar.com\\\/avatar\\\/f3b7ad3af540688955925ac610647be00b0cf41feea9c4978b73a707ee86bc53?s=96&d=mm&r=g\",\"caption\":\"El Informativo Tam\"}}]}<\/script>\n<!-- \/ Yoast SEO plugin. -->","yoast_head_json":{"title":"HA HABIDO AVANCES PARA PERSONAS DE LA COMUNIDAD, A\u00daN FALTA MUCHO POR HACER - EL INFORMATIVO DE TAMAULIPAS","description":"Sa\u00fal Serratos, miembro de la comunidad LGBTTT+, dio a conocer la muerte tr\u00e1gica que tuvo un compa\u00f1ero de la comunidad, quien supuestamente se dio a","robots":{"index":"index","follow":"follow","max-snippet":"max-snippet:-1","max-image-preview":"max-image-preview:large","max-video-preview":"max-video-preview:-1"},"canonical":"https:\/\/elinformativotam.com\/index.php\/2024\/04\/17\/ha-habido-avances-para-personas-de-la-comunidad-aun-falta-mucho-por-hacer\/","og_locale":"es_MX","og_type":"article","og_title":"HA HABIDO AVANCES PARA PERSONAS DE LA COMUNIDAD, A\u00daN FALTA MUCHO POR HACER - EL INFORMATIVO DE TAMAULIPAS","og_description":"Sa\u00fal Serratos, miembro de la comunidad LGBTTT+, dio a conocer la muerte tr\u00e1gica que tuvo un compa\u00f1ero de la comunidad, quien supuestamente se dio a","og_url":"https:\/\/elinformativotam.com\/index.php\/2024\/04\/17\/ha-habido-avances-para-personas-de-la-comunidad-aun-falta-mucho-por-hacer\/","og_site_name":"EL INFORMATIVO DE TAMAULIPAS","article_published_time":"2024-04-18T05:32:08+00:00","og_image":[{"width":686,"height":447,"url":"https:\/\/elinformativotam.com\/wp-content\/uploads\/2024\/04\/Comunidad-1.jpeg","type":"image\/jpeg"}],"author":"El Informativo Tam","twitter_card":"summary_large_image","twitter_misc":{"Escrito por":"El Informativo Tam","Tiempo de lectura":"2 minutos"},"schema":{"@context":"https:\/\/schema.org","@graph":[{"@type":"Article","@id":"https:\/\/elinformativotam.com\/index.php\/2024\/04\/17\/ha-habido-avances-para-personas-de-la-comunidad-aun-falta-mucho-por-hacer\/#article","isPartOf":{"@id":"https:\/\/elinformativotam.com\/index.php\/2024\/04\/17\/ha-habido-avances-para-personas-de-la-comunidad-aun-falta-mucho-por-hacer\/"},"author":{"name":"El Informativo Tam","@id":"https:\/\/elinformativotam.com\/#\/schema\/person\/78e08040eed0f6110f0c5f83b6153590"},"headline":"HA HABIDO AVANCES PARA PERSONAS DE LA COMUNIDAD, A\u00daN FALTA MUCHO POR HACER","datePublished":"2024-04-18T05:32:08+00:00","mainEntityOfPage":{"@id":"https:\/\/elinformativotam.com\/index.php\/2024\/04\/17\/ha-habido-avances-para-personas-de-la-comunidad-aun-falta-mucho-por-hacer\/"},"wordCount":270,"commentCount":0,"publisher":{"@id":"https:\/\/elinformativotam.com\/#organization"},"image":{"@id":"https:\/\/elinformativotam.com\/index.php\/2024\/04\/17\/ha-habido-avances-para-personas-de-la-comunidad-aun-falta-mucho-por-hacer\/#primaryimage"},"thumbnailUrl":"https:\/\/elinformativotam.com\/wp-content\/uploads\/2024\/04\/Comunidad-1.jpeg","articleSection":["Altamira"],"inLanguage":"es","potentialAction":[{"@type":"CommentAction","name":"Comment","target":["https:\/\/elinformativotam.com\/index.php\/2024\/04\/17\/ha-habido-avances-para-personas-de-la-comunidad-aun-falta-mucho-por-hacer\/#respond"]}]},{"@type":"WebPage","@id":"https:\/\/elinformativotam.com\/index.php\/2024\/04\/17\/ha-habido-avances-para-personas-de-la-comunidad-aun-falta-mucho-por-hacer\/","url":"https:\/\/elinformativotam.com\/index.php\/2024\/04\/17\/ha-habido-avances-para-personas-de-la-comunidad-aun-falta-mucho-por-hacer\/","name":"HA HABIDO AVANCES PARA PERSONAS DE LA COMUNIDAD, A\u00daN FALTA MUCHO POR HACER - EL INFORMATIVO DE TAMAULIPAS","isPartOf":{"@id":"https:\/\/elinformativotam.com\/#website"},"primaryImageOfPage":{"@id":"https:\/\/elinformativotam.com\/index.php\/2024\/04\/17\/ha-habido-avances-para-personas-de-la-comunidad-aun-falta-mucho-por-hacer\/#primaryimage"},"image":{"@id":"https:\/\/elinformativotam.com\/index.php\/2024\/04\/17\/ha-habido-avances-para-personas-de-la-comunidad-aun-falta-mucho-por-hacer\/#primaryimage"},"thumbnailUrl":"https:\/\/elinformativotam.com\/wp-content\/uploads\/2024\/04\/Comunidad-1.jpeg","datePublished":"2024-04-18T05:32:08+00:00","description":"Sa\u00fal Serratos, miembro de la comunidad LGBTTT+, dio a conocer la muerte tr\u00e1gica que tuvo un compa\u00f1ero de la comunidad, quien supuestamente se dio a","inLanguage":"es","potentialAction":[{"@type":"ReadAction","target":["https:\/\/elinformativotam.com\/index.php\/2024\/04\/17\/ha-habido-avances-para-personas-de-la-comunidad-aun-falta-mucho-por-hacer\/"]}]},{"@type":"ImageObject","inLanguage":"es","@id":"https:\/\/elinformativotam.com\/index.php\/2024\/04\/17\/ha-habido-avances-para-personas-de-la-comunidad-aun-falta-mucho-por-hacer\/#primaryimage","url":"https:\/\/elinformativotam.com\/wp-content\/uploads\/2024\/04\/Comunidad-1.jpeg","contentUrl":"https:\/\/elinformativotam.com\/wp-content\/uploads\/2024\/04\/Comunidad-1.jpeg","width":686,"height":447},{"@type":"WebSite","@id":"https:\/\/elinformativotam.com\/#website","url":"https:\/\/elinformativotam.com\/","name":"EL INFORMATIVO DE TAMAULIPAS","description":"Desde la Zona Metropolitana Para Todo M\u00e9xico","publisher":{"@id":"https:\/\/elinformativotam.com\/#organization"},"potentialAction":[{"@type":"SearchAction","target":{"@type":"EntryPoint","urlTemplate":"https:\/\/elinformativotam.com\/?s={search_term_string}"},"query-input":{"@type":"PropertyValueSpecification","valueRequired":true,"valueName":"search_term_string"}}],"inLanguage":"es"},{"@type":"Organization","@id":"https:\/\/elinformativotam.com\/#organization","name":"EL INFORMATIVO DE TAMAULIPAS","url":"https:\/\/elinformativotam.com\/","logo":{"@type":"ImageObject","inLanguage":"es","@id":"https:\/\/elinformativotam.com\/#\/schema\/logo\/image\/","url":"https:\/\/elinformativotam.com\/wp-content\/uploads\/2026\/02\/Cabezal.png","contentUrl":"https:\/\/elinformativotam.com\/wp-content\/uploads\/2026\/02\/Cabezal.png","width":960,"height":640,"caption":"EL INFORMATIVO DE TAMAULIPAS"},"image":{"@id":"https:\/\/elinformativotam.com\/#\/schema\/logo\/image\/"}},{"@type":"Person","@id":"https:\/\/elinformativotam.com\/#\/schema\/person\/78e08040eed0f6110f0c5f83b6153590","name":"El Informativo Tam","image":{"@type":"ImageObject","inLanguage":"es","@id":"https:\/\/secure.gravatar.com\/avatar\/f3b7ad3af540688955925ac610647be00b0cf41feea9c4978b73a707ee86bc53?s=96&d=mm&r=g","url":"https:\/\/secure.gravatar.com\/avatar\/f3b7ad3af540688955925ac610647be00b0cf41feea9c4978b73a707ee86bc53?s=96&d=mm&r=g","contentUrl":"https:\/\/secure.gravatar.com\/avatar\/f3b7ad3af540688955925ac610647be00b0cf41feea9c4978b73a707ee86bc53?s=96&d=mm&r=g","caption":"El Informativo Tam"}}]}},"_links":{"self":[{"href":"https:\/\/elinformativotam.com\/index.php\/wp-json\/wp\/v2\/posts\/50356","targetHints":{"allow":["GET"]}}],"collection":[{"href":"https:\/\/elinformativotam.com\/index.php\/wp-json\/wp\/v2\/posts"}],"about":[{"href":"https:\/\/elinformativotam.com\/index.php\/wp-json\/wp\/v2\/types\/post"}],"author":[{"embeddable":true,"href":"https:\/\/elinformativotam.com\/index.php\/wp-json\/wp\/v2\/users\/1"}],"replies":[{"embeddable":true,"href":"https:\/\/elinformativotam.com\/index.php\/wp-json\/wp\/v2\/comments?post=50356"}],"version-history":[{"count":1,"href":"https:\/\/elinformativotam.com\/index.php\/wp-json\/wp\/v2\/posts\/50356\/revisions"}],"predecessor-version":[{"id":50358,"href":"https:\/\/elinformativotam.com\/index.php\/wp-json\/wp\/v2\/posts\/50356\/revisions\/50358"}],"wp:featuredmedia":[{"embeddable":true,"href":"https:\/\/elinformativotam.com\/index.php\/wp-json\/wp\/v2\/media\/50357"}],"wp:attachment":[{"href":"https:\/\/elinformativotam.com\/index.php\/wp-json\/wp\/v2\/media?parent=50356"}],"wp:term":[{"taxonomy":"category","embeddable":true,"href":"https:\/\/elinformativotam.com\/index.php\/wp-json\/wp\/v2\/categories?post=50356"},{"taxonomy":"post_tag","embeddable":true,"href":"https:\/\/elinformativotam.com\/index.php\/wp-json\/wp\/v2\/tags?post=50356"}],"curies":[{"name":"wp","href":"https:\/\/api.w.org\/{rel}","templated":true}]}}