{"id":50350,"date":"2024-04-17T23:29:02","date_gmt":"2024-04-18T05:29:02","guid":{"rendered":"https:\/\/elinformativotam.com\/?p=50350"},"modified":"2024-04-17T23:29:02","modified_gmt":"2024-04-18T05:29:02","slug":"quiere-candidata-portena-de-morena-construir-una-segunda-delegacion-municipal","status":"publish","type":"post","link":"https:\/\/elinformativotam.com\/index.php\/2024\/04\/17\/quiere-candidata-portena-de-morena-construir-una-segunda-delegacion-municipal\/","title":{"rendered":"QUIERE CANDIDATA PORTE\u00d1A DE MORENA CONSTRUIR UNA SEGUNDA DELEGACI\u00d3N MUNICIPAL"},"content":{"rendered":"<h2 style=\"text-align: center;\"><em><span style=\"font-family: 'times new roman', times;\">*La Intenci\u00f3n Es Brindar Una Mejor Atenci\u00f3n A La Poblaci\u00f3n De La Zona Norte De La Ciudad<\/span><\/em><\/h2>\n<p>&nbsp;<\/p>\n<p>&nbsp;<\/p>\n<p>Debido a que la zona norte de Tampico comprende poco m\u00e1s de cien colonias con una alta densidad poblacional, la candidata de Morena-PVEM y PT, M\u00f3nica Villarreal Anaya, propuso la creaci\u00f3n de una segunda subdelegaci\u00f3n municipal que estar\u00eda ubicada en el amplio sector de Infonavit.<\/p>\n<p>&nbsp;<\/p>\n<p>La abanderada de la coalici\u00f3n &#8220;Sigamos Haciendo Historia&#8221; en el Puerto se\u00f1al\u00f3 que dicha propuesta de campa\u00f1a est\u00e1 enfocada en lograr una mejor eficiencia en los servicios que presta el municipio, as\u00ed como acercarlos a\u00fan m\u00e1s a la poblaci\u00f3n de la parte norte de la ciudad.<\/p>\n<p>&nbsp;<\/p>\n<p>Abund\u00f3 que los tampique\u00f1os necesitan llevar a cabo sus tr\u00e1mites y peticiones de la manera m\u00e1s r\u00e1pida y eficiente, y en ese sentido, dijo, que esa nueva infraestructura estar\u00eda enfocada en dar una pronta atenci\u00f3n a las necesidades de la poblaci\u00f3n de la llamada &#8220;zona norte&#8221;.<\/p>\n<p>&nbsp;<\/p>\n<p>&#8220;Pensamos no \u00fanicamente tener una delegaci\u00f3n zona norte por lo extenso ya del municipio y por la cantidad de habitantes que tenemos, vamos a poner otra delegaci\u00f3n en la colonia Infonavit para acercar a este gobierno a todos los ciudadanos y de alguna manera desahogar la atenci\u00f3n, en la delegaci\u00f3n de la zona norte&#8221;, detall\u00f3<\/p>\n<p>&nbsp;<\/p>\n<p>Villarreal, extern\u00f3 que esa segunda delegaci\u00f3n municipal se encargar\u00e1 de ayudar a que muchos tr\u00e1mites sea ah\u00ed desahogados, y no tengan los tampique\u00f1os la necesidad de trasladarse al Palacio Municipal o ir a la subdelegaci\u00f3n ubicada en la Laguna de la Puerta.<\/p>\n<p>&nbsp;<\/p>\n<p>La candidata de Morena y sus aliados remarc\u00f3 que en su tercer d\u00eda de campa\u00f1a contin\u00faa escuchando a la sociedad y sus necesidades en las colonias, y para ello se traslada a los planteles educativos de Tampico, d\u00f3nde en los accesos dialoga con padres de famila, maestros y alumnos.<\/p>\n<p>&nbsp;<\/p>\n<p>M\u00f3nica Villarreal se\u00f1al\u00f3 que diariamente estar\u00e1 visitando escuelas y caminando por las colonias de Tampico, para conocer de cerca las necesidades y crear estrategias para una vez que obtenga la victoria este pr\u00f3ximo 2 de junio, comenzar a trabajar en resolver dichas problem\u00e1ticas.<\/p>\n<p>&nbsp;<\/p>\n<p>Finalmente, plante\u00f3 la necesidad de que los tres \u00f3rdenes de gobierno trabajen en una misma direcci\u00f3n, pues de esta manera habr\u00e1 un mejor crecimiento para Tampico y sus habitantes.<\/p>\n<p>&nbsp;<\/p>\n","protected":false},"excerpt":{"rendered":"<p>*La Intenci\u00f3n Es Brindar Una Mejor Atenci\u00f3n A La Poblaci\u00f3n De La Zona Norte De La Ciudad &nbsp; &nbsp; Debido&hellip;<\/p>\n","protected":false},"author":1,"featured_media":50351,"comment_status":"open","ping_status":"open","sticky":false,"template":"","format":"standard","meta":{"footnotes":""},"categories":[3],"tags":[],"class_list":["post-50350","post","type-post","status-publish","format-standard","has-post-thumbnail","hentry","category-tampico"],"yoast_head":"<!-- This site is optimized with the Yoast SEO plugin v27.5 - https:\/\/yoast.com\/product\/yoast-seo-wordpress\/ -->\n<title>QUIERE CANDIDATA PORTE\u00d1A DE MORENA CONSTRUIR UNA SEGUNDA DELEGACI\u00d3N MUNICIPAL - EL INFORMATIVO DE TAMAULIPAS<\/title>\n<meta name=\"description\" content=\"*La Intenci\u00f3n Es Brindar Una Mejor Atenci\u00f3n A La Poblaci\u00f3n De La Zona Norte De La Ciudad &nbsp; &nbsp; Debido a que la zona norte de Tampico comprende\" \/>\n<meta name=\"robots\" content=\"index, follow, max-snippet:-1, max-image-preview:large, max-video-preview:-1\" \/>\n<link rel=\"canonical\" href=\"https:\/\/elinformativotam.com\/index.php\/2024\/04\/17\/quiere-candidata-portena-de-morena-construir-una-segunda-delegacion-municipal\/\" \/>\n<meta property=\"og:locale\" content=\"es_MX\" \/>\n<meta property=\"og:type\" content=\"article\" \/>\n<meta property=\"og:title\" content=\"QUIERE CANDIDATA PORTE\u00d1A DE MORENA CONSTRUIR UNA SEGUNDA DELEGACI\u00d3N MUNICIPAL - EL INFORMATIVO DE TAMAULIPAS\" \/>\n<meta property=\"og:description\" content=\"*La Intenci\u00f3n Es Brindar Una Mejor Atenci\u00f3n A La Poblaci\u00f3n De La Zona Norte De La Ciudad &nbsp; &nbsp; Debido a que la zona norte de Tampico comprende\" \/>\n<meta property=\"og:url\" content=\"https:\/\/elinformativotam.com\/index.php\/2024\/04\/17\/quiere-candidata-portena-de-morena-construir-una-segunda-delegacion-municipal\/\" \/>\n<meta property=\"og:site_name\" content=\"EL INFORMATIVO DE TAMAULIPAS\" \/>\n<meta property=\"article:published_time\" content=\"2024-04-18T05:29:02+00:00\" \/>\n<meta property=\"og:image\" content=\"https:\/\/elinformativotam.com\/wp-content\/uploads\/2024\/04\/Moninca1-scaled.jpeg\" \/>\n\t<meta property=\"og:image:width\" content=\"2560\" \/>\n\t<meta property=\"og:image:height\" content=\"1707\" \/>\n\t<meta property=\"og:image:type\" content=\"image\/jpeg\" \/>\n<meta name=\"author\" content=\"El Informativo Tam\" \/>\n<meta name=\"twitter:card\" content=\"summary_large_image\" \/>\n<meta name=\"twitter:label1\" content=\"Escrito por\" \/>\n\t<meta name=\"twitter:data1\" content=\"El Informativo Tam\" \/>\n\t<meta name=\"twitter:label2\" content=\"Tiempo de lectura\" \/>\n\t<meta name=\"twitter:data2\" content=\"2 minutos\" \/>\n<script type=\"application\/ld+json\" class=\"yoast-schema-graph\">{\"@context\":\"https:\\\/\\\/schema.org\",\"@graph\":[{\"@type\":\"Article\",\"@id\":\"https:\\\/\\\/elinformativotam.com\\\/index.php\\\/2024\\\/04\\\/17\\\/quiere-candidata-portena-de-morena-construir-una-segunda-delegacion-municipal\\\/#article\",\"isPartOf\":{\"@id\":\"https:\\\/\\\/elinformativotam.com\\\/index.php\\\/2024\\\/04\\\/17\\\/quiere-candidata-portena-de-morena-construir-una-segunda-delegacion-municipal\\\/\"},\"author\":{\"name\":\"El Informativo Tam\",\"@id\":\"https:\\\/\\\/elinformativotam.com\\\/#\\\/schema\\\/person\\\/78e08040eed0f6110f0c5f83b6153590\"},\"headline\":\"QUIERE CANDIDATA PORTE\u00d1A DE MORENA CONSTRUIR UNA SEGUNDA DELEGACI\u00d3N MUNICIPAL\",\"datePublished\":\"2024-04-18T05:29:02+00:00\",\"mainEntityOfPage\":{\"@id\":\"https:\\\/\\\/elinformativotam.com\\\/index.php\\\/2024\\\/04\\\/17\\\/quiere-candidata-portena-de-morena-construir-una-segunda-delegacion-municipal\\\/\"},\"wordCount\":431,\"commentCount\":0,\"publisher\":{\"@id\":\"https:\\\/\\\/elinformativotam.com\\\/#organization\"},\"image\":{\"@id\":\"https:\\\/\\\/elinformativotam.com\\\/index.php\\\/2024\\\/04\\\/17\\\/quiere-candidata-portena-de-morena-construir-una-segunda-delegacion-municipal\\\/#primaryimage\"},\"thumbnailUrl\":\"https:\\\/\\\/elinformativotam.com\\\/wp-content\\\/uploads\\\/2024\\\/04\\\/Moninca1-scaled.jpeg\",\"articleSection\":[\"Tampico\"],\"inLanguage\":\"es\",\"potentialAction\":[{\"@type\":\"CommentAction\",\"name\":\"Comment\",\"target\":[\"https:\\\/\\\/elinformativotam.com\\\/index.php\\\/2024\\\/04\\\/17\\\/quiere-candidata-portena-de-morena-construir-una-segunda-delegacion-municipal\\\/#respond\"]}]},{\"@type\":\"WebPage\",\"@id\":\"https:\\\/\\\/elinformativotam.com\\\/index.php\\\/2024\\\/04\\\/17\\\/quiere-candidata-portena-de-morena-construir-una-segunda-delegacion-municipal\\\/\",\"url\":\"https:\\\/\\\/elinformativotam.com\\\/index.php\\\/2024\\\/04\\\/17\\\/quiere-candidata-portena-de-morena-construir-una-segunda-delegacion-municipal\\\/\",\"name\":\"QUIERE CANDIDATA PORTE\u00d1A DE MORENA CONSTRUIR UNA SEGUNDA DELEGACI\u00d3N MUNICIPAL - EL INFORMATIVO DE TAMAULIPAS\",\"isPartOf\":{\"@id\":\"https:\\\/\\\/elinformativotam.com\\\/#website\"},\"primaryImageOfPage\":{\"@id\":\"https:\\\/\\\/elinformativotam.com\\\/index.php\\\/2024\\\/04\\\/17\\\/quiere-candidata-portena-de-morena-construir-una-segunda-delegacion-municipal\\\/#primaryimage\"},\"image\":{\"@id\":\"https:\\\/\\\/elinformativotam.com\\\/index.php\\\/2024\\\/04\\\/17\\\/quiere-candidata-portena-de-morena-construir-una-segunda-delegacion-municipal\\\/#primaryimage\"},\"thumbnailUrl\":\"https:\\\/\\\/elinformativotam.com\\\/wp-content\\\/uploads\\\/2024\\\/04\\\/Moninca1-scaled.jpeg\",\"datePublished\":\"2024-04-18T05:29:02+00:00\",\"description\":\"*La Intenci\u00f3n Es Brindar Una Mejor Atenci\u00f3n A La Poblaci\u00f3n De La Zona Norte De La Ciudad &nbsp; &nbsp; Debido a que la zona norte de Tampico comprende\",\"inLanguage\":\"es\",\"potentialAction\":[{\"@type\":\"ReadAction\",\"target\":[\"https:\\\/\\\/elinformativotam.com\\\/index.php\\\/2024\\\/04\\\/17\\\/quiere-candidata-portena-de-morena-construir-una-segunda-delegacion-municipal\\\/\"]}]},{\"@type\":\"ImageObject\",\"inLanguage\":\"es\",\"@id\":\"https:\\\/\\\/elinformativotam.com\\\/index.php\\\/2024\\\/04\\\/17\\\/quiere-candidata-portena-de-morena-construir-una-segunda-delegacion-municipal\\\/#primaryimage\",\"url\":\"https:\\\/\\\/elinformativotam.com\\\/wp-content\\\/uploads\\\/2024\\\/04\\\/Moninca1-scaled.jpeg\",\"contentUrl\":\"https:\\\/\\\/elinformativotam.com\\\/wp-content\\\/uploads\\\/2024\\\/04\\\/Moninca1-scaled.jpeg\",\"width\":2560,\"height\":1707},{\"@type\":\"WebSite\",\"@id\":\"https:\\\/\\\/elinformativotam.com\\\/#website\",\"url\":\"https:\\\/\\\/elinformativotam.com\\\/\",\"name\":\"EL INFORMATIVO DE TAMAULIPAS\",\"description\":\"Desde la Zona Metropolitana Para Todo M\u00e9xico\",\"publisher\":{\"@id\":\"https:\\\/\\\/elinformativotam.com\\\/#organization\"},\"potentialAction\":[{\"@type\":\"SearchAction\",\"target\":{\"@type\":\"EntryPoint\",\"urlTemplate\":\"https:\\\/\\\/elinformativotam.com\\\/?s={search_term_string}\"},\"query-input\":{\"@type\":\"PropertyValueSpecification\",\"valueRequired\":true,\"valueName\":\"search_term_string\"}}],\"inLanguage\":\"es\"},{\"@type\":\"Organization\",\"@id\":\"https:\\\/\\\/elinformativotam.com\\\/#organization\",\"name\":\"EL INFORMATIVO DE TAMAULIPAS\",\"url\":\"https:\\\/\\\/elinformativotam.com\\\/\",\"logo\":{\"@type\":\"ImageObject\",\"inLanguage\":\"es\",\"@id\":\"https:\\\/\\\/elinformativotam.com\\\/#\\\/schema\\\/logo\\\/image\\\/\",\"url\":\"https:\\\/\\\/elinformativotam.com\\\/wp-content\\\/uploads\\\/2026\\\/02\\\/Cabezal.png\",\"contentUrl\":\"https:\\\/\\\/elinformativotam.com\\\/wp-content\\\/uploads\\\/2026\\\/02\\\/Cabezal.png\",\"width\":960,\"height\":640,\"caption\":\"EL INFORMATIVO DE TAMAULIPAS\"},\"image\":{\"@id\":\"https:\\\/\\\/elinformativotam.com\\\/#\\\/schema\\\/logo\\\/image\\\/\"}},{\"@type\":\"Person\",\"@id\":\"https:\\\/\\\/elinformativotam.com\\\/#\\\/schema\\\/person\\\/78e08040eed0f6110f0c5f83b6153590\",\"name\":\"El Informativo Tam\",\"image\":{\"@type\":\"ImageObject\",\"inLanguage\":\"es\",\"@id\":\"https:\\\/\\\/secure.gravatar.com\\\/avatar\\\/f3b7ad3af540688955925ac610647be00b0cf41feea9c4978b73a707ee86bc53?s=96&d=mm&r=g\",\"url\":\"https:\\\/\\\/secure.gravatar.com\\\/avatar\\\/f3b7ad3af540688955925ac610647be00b0cf41feea9c4978b73a707ee86bc53?s=96&d=mm&r=g\",\"contentUrl\":\"https:\\\/\\\/secure.gravatar.com\\\/avatar\\\/f3b7ad3af540688955925ac610647be00b0cf41feea9c4978b73a707ee86bc53?s=96&d=mm&r=g\",\"caption\":\"El Informativo Tam\"}}]}<\/script>\n<!-- \/ Yoast SEO plugin. -->","yoast_head_json":{"title":"QUIERE CANDIDATA PORTE\u00d1A DE MORENA CONSTRUIR UNA SEGUNDA DELEGACI\u00d3N MUNICIPAL - EL INFORMATIVO DE TAMAULIPAS","description":"*La Intenci\u00f3n Es Brindar Una Mejor Atenci\u00f3n A La Poblaci\u00f3n De La Zona Norte De La Ciudad &nbsp; &nbsp; Debido a que la zona norte de Tampico comprende","robots":{"index":"index","follow":"follow","max-snippet":"max-snippet:-1","max-image-preview":"max-image-preview:large","max-video-preview":"max-video-preview:-1"},"canonical":"https:\/\/elinformativotam.com\/index.php\/2024\/04\/17\/quiere-candidata-portena-de-morena-construir-una-segunda-delegacion-municipal\/","og_locale":"es_MX","og_type":"article","og_title":"QUIERE CANDIDATA PORTE\u00d1A DE MORENA CONSTRUIR UNA SEGUNDA DELEGACI\u00d3N MUNICIPAL - EL INFORMATIVO DE TAMAULIPAS","og_description":"*La Intenci\u00f3n Es Brindar Una Mejor Atenci\u00f3n A La Poblaci\u00f3n De La Zona Norte De La Ciudad &nbsp; &nbsp; Debido a que la zona norte de Tampico comprende","og_url":"https:\/\/elinformativotam.com\/index.php\/2024\/04\/17\/quiere-candidata-portena-de-morena-construir-una-segunda-delegacion-municipal\/","og_site_name":"EL INFORMATIVO DE TAMAULIPAS","article_published_time":"2024-04-18T05:29:02+00:00","og_image":[{"width":2560,"height":1707,"url":"https:\/\/elinformativotam.com\/wp-content\/uploads\/2024\/04\/Moninca1-scaled.jpeg","type":"image\/jpeg"}],"author":"El Informativo Tam","twitter_card":"summary_large_image","twitter_misc":{"Escrito por":"El Informativo Tam","Tiempo de lectura":"2 minutos"},"schema":{"@context":"https:\/\/schema.org","@graph":[{"@type":"Article","@id":"https:\/\/elinformativotam.com\/index.php\/2024\/04\/17\/quiere-candidata-portena-de-morena-construir-una-segunda-delegacion-municipal\/#article","isPartOf":{"@id":"https:\/\/elinformativotam.com\/index.php\/2024\/04\/17\/quiere-candidata-portena-de-morena-construir-una-segunda-delegacion-municipal\/"},"author":{"name":"El Informativo Tam","@id":"https:\/\/elinformativotam.com\/#\/schema\/person\/78e08040eed0f6110f0c5f83b6153590"},"headline":"QUIERE CANDIDATA PORTE\u00d1A DE MORENA CONSTRUIR UNA SEGUNDA DELEGACI\u00d3N MUNICIPAL","datePublished":"2024-04-18T05:29:02+00:00","mainEntityOfPage":{"@id":"https:\/\/elinformativotam.com\/index.php\/2024\/04\/17\/quiere-candidata-portena-de-morena-construir-una-segunda-delegacion-municipal\/"},"wordCount":431,"commentCount":0,"publisher":{"@id":"https:\/\/elinformativotam.com\/#organization"},"image":{"@id":"https:\/\/elinformativotam.com\/index.php\/2024\/04\/17\/quiere-candidata-portena-de-morena-construir-una-segunda-delegacion-municipal\/#primaryimage"},"thumbnailUrl":"https:\/\/elinformativotam.com\/wp-content\/uploads\/2024\/04\/Moninca1-scaled.jpeg","articleSection":["Tampico"],"inLanguage":"es","potentialAction":[{"@type":"CommentAction","name":"Comment","target":["https:\/\/elinformativotam.com\/index.php\/2024\/04\/17\/quiere-candidata-portena-de-morena-construir-una-segunda-delegacion-municipal\/#respond"]}]},{"@type":"WebPage","@id":"https:\/\/elinformativotam.com\/index.php\/2024\/04\/17\/quiere-candidata-portena-de-morena-construir-una-segunda-delegacion-municipal\/","url":"https:\/\/elinformativotam.com\/index.php\/2024\/04\/17\/quiere-candidata-portena-de-morena-construir-una-segunda-delegacion-municipal\/","name":"QUIERE CANDIDATA PORTE\u00d1A DE MORENA CONSTRUIR UNA SEGUNDA DELEGACI\u00d3N MUNICIPAL - EL INFORMATIVO DE TAMAULIPAS","isPartOf":{"@id":"https:\/\/elinformativotam.com\/#website"},"primaryImageOfPage":{"@id":"https:\/\/elinformativotam.com\/index.php\/2024\/04\/17\/quiere-candidata-portena-de-morena-construir-una-segunda-delegacion-municipal\/#primaryimage"},"image":{"@id":"https:\/\/elinformativotam.com\/index.php\/2024\/04\/17\/quiere-candidata-portena-de-morena-construir-una-segunda-delegacion-municipal\/#primaryimage"},"thumbnailUrl":"https:\/\/elinformativotam.com\/wp-content\/uploads\/2024\/04\/Moninca1-scaled.jpeg","datePublished":"2024-04-18T05:29:02+00:00","description":"*La Intenci\u00f3n Es Brindar Una Mejor Atenci\u00f3n A La Poblaci\u00f3n De La Zona Norte De La Ciudad &nbsp; &nbsp; Debido a que la zona norte de Tampico comprende","inLanguage":"es","potentialAction":[{"@type":"ReadAction","target":["https:\/\/elinformativotam.com\/index.php\/2024\/04\/17\/quiere-candidata-portena-de-morena-construir-una-segunda-delegacion-municipal\/"]}]},{"@type":"ImageObject","inLanguage":"es","@id":"https:\/\/elinformativotam.com\/index.php\/2024\/04\/17\/quiere-candidata-portena-de-morena-construir-una-segunda-delegacion-municipal\/#primaryimage","url":"https:\/\/elinformativotam.com\/wp-content\/uploads\/2024\/04\/Moninca1-scaled.jpeg","contentUrl":"https:\/\/elinformativotam.com\/wp-content\/uploads\/2024\/04\/Moninca1-scaled.jpeg","width":2560,"height":1707},{"@type":"WebSite","@id":"https:\/\/elinformativotam.com\/#website","url":"https:\/\/elinformativotam.com\/","name":"EL INFORMATIVO DE TAMAULIPAS","description":"Desde la Zona Metropolitana Para Todo M\u00e9xico","publisher":{"@id":"https:\/\/elinformativotam.com\/#organization"},"potentialAction":[{"@type":"SearchAction","target":{"@type":"EntryPoint","urlTemplate":"https:\/\/elinformativotam.com\/?s={search_term_string}"},"query-input":{"@type":"PropertyValueSpecification","valueRequired":true,"valueName":"search_term_string"}}],"inLanguage":"es"},{"@type":"Organization","@id":"https:\/\/elinformativotam.com\/#organization","name":"EL INFORMATIVO DE TAMAULIPAS","url":"https:\/\/elinformativotam.com\/","logo":{"@type":"ImageObject","inLanguage":"es","@id":"https:\/\/elinformativotam.com\/#\/schema\/logo\/image\/","url":"https:\/\/elinformativotam.com\/wp-content\/uploads\/2026\/02\/Cabezal.png","contentUrl":"https:\/\/elinformativotam.com\/wp-content\/uploads\/2026\/02\/Cabezal.png","width":960,"height":640,"caption":"EL INFORMATIVO DE TAMAULIPAS"},"image":{"@id":"https:\/\/elinformativotam.com\/#\/schema\/logo\/image\/"}},{"@type":"Person","@id":"https:\/\/elinformativotam.com\/#\/schema\/person\/78e08040eed0f6110f0c5f83b6153590","name":"El Informativo Tam","image":{"@type":"ImageObject","inLanguage":"es","@id":"https:\/\/secure.gravatar.com\/avatar\/f3b7ad3af540688955925ac610647be00b0cf41feea9c4978b73a707ee86bc53?s=96&d=mm&r=g","url":"https:\/\/secure.gravatar.com\/avatar\/f3b7ad3af540688955925ac610647be00b0cf41feea9c4978b73a707ee86bc53?s=96&d=mm&r=g","contentUrl":"https:\/\/secure.gravatar.com\/avatar\/f3b7ad3af540688955925ac610647be00b0cf41feea9c4978b73a707ee86bc53?s=96&d=mm&r=g","caption":"El Informativo Tam"}}]}},"_links":{"self":[{"href":"https:\/\/elinformativotam.com\/index.php\/wp-json\/wp\/v2\/posts\/50350","targetHints":{"allow":["GET"]}}],"collection":[{"href":"https:\/\/elinformativotam.com\/index.php\/wp-json\/wp\/v2\/posts"}],"about":[{"href":"https:\/\/elinformativotam.com\/index.php\/wp-json\/wp\/v2\/types\/post"}],"author":[{"embeddable":true,"href":"https:\/\/elinformativotam.com\/index.php\/wp-json\/wp\/v2\/users\/1"}],"replies":[{"embeddable":true,"href":"https:\/\/elinformativotam.com\/index.php\/wp-json\/wp\/v2\/comments?post=50350"}],"version-history":[{"count":1,"href":"https:\/\/elinformativotam.com\/index.php\/wp-json\/wp\/v2\/posts\/50350\/revisions"}],"predecessor-version":[{"id":50352,"href":"https:\/\/elinformativotam.com\/index.php\/wp-json\/wp\/v2\/posts\/50350\/revisions\/50352"}],"wp:featuredmedia":[{"embeddable":true,"href":"https:\/\/elinformativotam.com\/index.php\/wp-json\/wp\/v2\/media\/50351"}],"wp:attachment":[{"href":"https:\/\/elinformativotam.com\/index.php\/wp-json\/wp\/v2\/media?parent=50350"}],"wp:term":[{"taxonomy":"category","embeddable":true,"href":"https:\/\/elinformativotam.com\/index.php\/wp-json\/wp\/v2\/categories?post=50350"},{"taxonomy":"post_tag","embeddable":true,"href":"https:\/\/elinformativotam.com\/index.php\/wp-json\/wp\/v2\/tags?post=50350"}],"curies":[{"name":"wp","href":"https:\/\/api.w.org\/{rel}","templated":true}]}}