{"id":50347,"date":"2024-04-17T23:26:44","date_gmt":"2024-04-18T05:26:44","guid":{"rendered":"https:\/\/elinformativotam.com\/?p=50347"},"modified":"2024-04-17T23:26:44","modified_gmt":"2024-04-18T05:26:44","slug":"piden-constructores-que-haya-mas-obra-publica-federal","status":"publish","type":"post","link":"https:\/\/elinformativotam.com\/index.php\/2024\/04\/17\/piden-constructores-que-haya-mas-obra-publica-federal\/","title":{"rendered":"PIDEN CONSTRUCTORES QU\u00c9 HAYA M\u00c1S OBRA P\u00daBLICA FEDERAL"},"content":{"rendered":"<h2 style=\"text-align: center;\"><em><span style=\"font-family: 'times new roman', times;\">*La Pr\u00f3xima Presidenta De La Rep\u00fablica Debe Poner M\u00e1s Atenci\u00f3n En Este Rubro En Las Entidades<\/span><\/em><\/h2>\n<p>&nbsp;<\/p>\n<p>&nbsp;<\/p>\n<p>La C\u00e1mara Mexicana de la Industria de la Construcci\u00f3n, delegaci\u00f3n zona sur, pidi\u00f3 a quien resulte ganadora de la elecci\u00f3n federal el 2 de Junio, asigne mayor obra p\u00fablica a las entidades, ya que son los constructores qui\u00e9nes deben ejercer esa labor, y no la SEDENA.<\/p>\n<p>&nbsp;<\/p>\n<p>El coordinador de la zona sur de la CMIC, Gustavo Organista Gonz\u00e1lez, se\u00f1al\u00f3 que tantas atribuciones que le ha otorgado el Presidente de M\u00e9xico al Ej\u00e9rcito Mexicano en materia de creaci\u00f3n de infraestructura, ha ocasionado que a nivel nacional se pierda una cantidad importante de fuentes de empleo.<\/p>\n<p>&nbsp;<\/p>\n<p>Enfatiz\u00f3 que hasta el momento la CMIC no cuenta con obra p\u00fablica del Gobierno Federal, lo que pone de manifiesto que no es prioridad la industria de la construcci\u00f3n.<\/p>\n<p>&nbsp;<\/p>\n<p>&#8220;El ejercito constructor ha impactado en los empleos, el tema es preocupante y en lo que va del a\u00f1o apenas est\u00e1 arrancando el plan de obra p\u00fablica Federal&#8221;, resalt\u00f3<\/p>\n<p>&nbsp;<\/p>\n<p>Organista, enfatiz\u00f3 que las obras que com\u00fanmente realiza la CMIC con recursos de la federaci\u00f3n est\u00e1n enfocadas a infraestructura urbana, como agua, pavimento, parques y obras de impacto en la poblaci\u00f3n.<\/p>\n<p>&nbsp;<\/p>\n<p>Remarc\u00f3 que gane qui\u00e9n gane la elecci\u00f3n federal debe dar un giro importante al tema de la infraestructura nacional.<\/p>\n<p>&nbsp;<\/p>\n<p>&#8220;Es necesario que el nuevo sexenio cambie esa pol\u00edtica de infraestructura, y que la sigamos desarrollando los empresarios de la construcci\u00f3n de todo el pa\u00eds&#8221;, acot\u00f3<\/p>\n<p>&nbsp;<\/p>\n<p>La CMIC tiene un padr\u00f3n de 360 constructores, de los cuales un porcentaje importante se encuentran laborando en los municipios de la frontera de Tamaulipas y en la zona Sur.<\/p>\n","protected":false},"excerpt":{"rendered":"<p>*La Pr\u00f3xima Presidenta De La Rep\u00fablica Debe Poner M\u00e1s Atenci\u00f3n En Este Rubro En Las Entidades &nbsp; &nbsp; La C\u00e1mara&hellip;<\/p>\n","protected":false},"author":1,"featured_media":50348,"comment_status":"open","ping_status":"open","sticky":false,"template":"","format":"standard","meta":{"footnotes":""},"categories":[3],"tags":[],"class_list":["post-50347","post","type-post","status-publish","format-standard","has-post-thumbnail","hentry","category-tampico"],"yoast_head":"<!-- This site is optimized with the Yoast SEO plugin v27.5 - https:\/\/yoast.com\/product\/yoast-seo-wordpress\/ -->\n<title>PIDEN CONSTRUCTORES QU\u00c9 HAYA M\u00c1S OBRA P\u00daBLICA FEDERAL - EL INFORMATIVO DE TAMAULIPAS<\/title>\n<meta name=\"description\" content=\"*La Pr\u00f3xima Presidenta De La Rep\u00fablica Debe Poner M\u00e1s Atenci\u00f3n En Este Rubro En Las Entidades &nbsp; &nbsp; La C\u00e1mara Mexicana de la Industria de la\" \/>\n<meta name=\"robots\" content=\"index, follow, max-snippet:-1, max-image-preview:large, max-video-preview:-1\" \/>\n<link rel=\"canonical\" href=\"https:\/\/elinformativotam.com\/index.php\/2024\/04\/17\/piden-constructores-que-haya-mas-obra-publica-federal\/\" \/>\n<meta property=\"og:locale\" content=\"es_MX\" \/>\n<meta property=\"og:type\" content=\"article\" \/>\n<meta property=\"og:title\" content=\"PIDEN CONSTRUCTORES QU\u00c9 HAYA M\u00c1S OBRA P\u00daBLICA FEDERAL - EL INFORMATIVO DE TAMAULIPAS\" \/>\n<meta property=\"og:description\" content=\"*La Pr\u00f3xima Presidenta De La Rep\u00fablica Debe Poner M\u00e1s Atenci\u00f3n En Este Rubro En Las Entidades &nbsp; &nbsp; La C\u00e1mara Mexicana de la Industria de la\" \/>\n<meta property=\"og:url\" content=\"https:\/\/elinformativotam.com\/index.php\/2024\/04\/17\/piden-constructores-que-haya-mas-obra-publica-federal\/\" \/>\n<meta property=\"og:site_name\" content=\"EL INFORMATIVO DE TAMAULIPAS\" \/>\n<meta property=\"article:published_time\" content=\"2024-04-18T05:26:44+00:00\" \/>\n<meta property=\"og:image\" content=\"https:\/\/elinformativotam.com\/wp-content\/uploads\/2024\/04\/Constructores.jpeg\" \/>\n\t<meta property=\"og:image:width\" content=\"1280\" \/>\n\t<meta property=\"og:image:height\" content=\"963\" \/>\n\t<meta property=\"og:image:type\" content=\"image\/jpeg\" \/>\n<meta name=\"author\" content=\"El Informativo Tam\" \/>\n<meta name=\"twitter:card\" content=\"summary_large_image\" \/>\n<meta name=\"twitter:label1\" content=\"Escrito por\" \/>\n\t<meta name=\"twitter:data1\" content=\"El Informativo Tam\" \/>\n\t<meta name=\"twitter:label2\" content=\"Tiempo de lectura\" \/>\n\t<meta name=\"twitter:data2\" content=\"2 minutos\" \/>\n<script type=\"application\/ld+json\" class=\"yoast-schema-graph\">{\"@context\":\"https:\\\/\\\/schema.org\",\"@graph\":[{\"@type\":\"Article\",\"@id\":\"https:\\\/\\\/elinformativotam.com\\\/index.php\\\/2024\\\/04\\\/17\\\/piden-constructores-que-haya-mas-obra-publica-federal\\\/#article\",\"isPartOf\":{\"@id\":\"https:\\\/\\\/elinformativotam.com\\\/index.php\\\/2024\\\/04\\\/17\\\/piden-constructores-que-haya-mas-obra-publica-federal\\\/\"},\"author\":{\"name\":\"El Informativo Tam\",\"@id\":\"https:\\\/\\\/elinformativotam.com\\\/#\\\/schema\\\/person\\\/78e08040eed0f6110f0c5f83b6153590\"},\"headline\":\"PIDEN CONSTRUCTORES QU\u00c9 HAYA M\u00c1S OBRA P\u00daBLICA FEDERAL\",\"datePublished\":\"2024-04-18T05:26:44+00:00\",\"mainEntityOfPage\":{\"@id\":\"https:\\\/\\\/elinformativotam.com\\\/index.php\\\/2024\\\/04\\\/17\\\/piden-constructores-que-haya-mas-obra-publica-federal\\\/\"},\"wordCount\":320,\"commentCount\":0,\"publisher\":{\"@id\":\"https:\\\/\\\/elinformativotam.com\\\/#organization\"},\"image\":{\"@id\":\"https:\\\/\\\/elinformativotam.com\\\/index.php\\\/2024\\\/04\\\/17\\\/piden-constructores-que-haya-mas-obra-publica-federal\\\/#primaryimage\"},\"thumbnailUrl\":\"https:\\\/\\\/elinformativotam.com\\\/wp-content\\\/uploads\\\/2024\\\/04\\\/Constructores.jpeg\",\"articleSection\":[\"Tampico\"],\"inLanguage\":\"es\",\"potentialAction\":[{\"@type\":\"CommentAction\",\"name\":\"Comment\",\"target\":[\"https:\\\/\\\/elinformativotam.com\\\/index.php\\\/2024\\\/04\\\/17\\\/piden-constructores-que-haya-mas-obra-publica-federal\\\/#respond\"]}]},{\"@type\":\"WebPage\",\"@id\":\"https:\\\/\\\/elinformativotam.com\\\/index.php\\\/2024\\\/04\\\/17\\\/piden-constructores-que-haya-mas-obra-publica-federal\\\/\",\"url\":\"https:\\\/\\\/elinformativotam.com\\\/index.php\\\/2024\\\/04\\\/17\\\/piden-constructores-que-haya-mas-obra-publica-federal\\\/\",\"name\":\"PIDEN CONSTRUCTORES QU\u00c9 HAYA M\u00c1S OBRA P\u00daBLICA FEDERAL - EL INFORMATIVO DE TAMAULIPAS\",\"isPartOf\":{\"@id\":\"https:\\\/\\\/elinformativotam.com\\\/#website\"},\"primaryImageOfPage\":{\"@id\":\"https:\\\/\\\/elinformativotam.com\\\/index.php\\\/2024\\\/04\\\/17\\\/piden-constructores-que-haya-mas-obra-publica-federal\\\/#primaryimage\"},\"image\":{\"@id\":\"https:\\\/\\\/elinformativotam.com\\\/index.php\\\/2024\\\/04\\\/17\\\/piden-constructores-que-haya-mas-obra-publica-federal\\\/#primaryimage\"},\"thumbnailUrl\":\"https:\\\/\\\/elinformativotam.com\\\/wp-content\\\/uploads\\\/2024\\\/04\\\/Constructores.jpeg\",\"datePublished\":\"2024-04-18T05:26:44+00:00\",\"description\":\"*La Pr\u00f3xima Presidenta De La Rep\u00fablica Debe Poner M\u00e1s Atenci\u00f3n En Este Rubro En Las Entidades &nbsp; &nbsp; La C\u00e1mara Mexicana de la Industria de la\",\"inLanguage\":\"es\",\"potentialAction\":[{\"@type\":\"ReadAction\",\"target\":[\"https:\\\/\\\/elinformativotam.com\\\/index.php\\\/2024\\\/04\\\/17\\\/piden-constructores-que-haya-mas-obra-publica-federal\\\/\"]}]},{\"@type\":\"ImageObject\",\"inLanguage\":\"es\",\"@id\":\"https:\\\/\\\/elinformativotam.com\\\/index.php\\\/2024\\\/04\\\/17\\\/piden-constructores-que-haya-mas-obra-publica-federal\\\/#primaryimage\",\"url\":\"https:\\\/\\\/elinformativotam.com\\\/wp-content\\\/uploads\\\/2024\\\/04\\\/Constructores.jpeg\",\"contentUrl\":\"https:\\\/\\\/elinformativotam.com\\\/wp-content\\\/uploads\\\/2024\\\/04\\\/Constructores.jpeg\",\"width\":1280,\"height\":963},{\"@type\":\"WebSite\",\"@id\":\"https:\\\/\\\/elinformativotam.com\\\/#website\",\"url\":\"https:\\\/\\\/elinformativotam.com\\\/\",\"name\":\"EL INFORMATIVO DE TAMAULIPAS\",\"description\":\"Desde la Zona Metropolitana Para Todo M\u00e9xico\",\"publisher\":{\"@id\":\"https:\\\/\\\/elinformativotam.com\\\/#organization\"},\"potentialAction\":[{\"@type\":\"SearchAction\",\"target\":{\"@type\":\"EntryPoint\",\"urlTemplate\":\"https:\\\/\\\/elinformativotam.com\\\/?s={search_term_string}\"},\"query-input\":{\"@type\":\"PropertyValueSpecification\",\"valueRequired\":true,\"valueName\":\"search_term_string\"}}],\"inLanguage\":\"es\"},{\"@type\":\"Organization\",\"@id\":\"https:\\\/\\\/elinformativotam.com\\\/#organization\",\"name\":\"EL INFORMATIVO DE TAMAULIPAS\",\"url\":\"https:\\\/\\\/elinformativotam.com\\\/\",\"logo\":{\"@type\":\"ImageObject\",\"inLanguage\":\"es\",\"@id\":\"https:\\\/\\\/elinformativotam.com\\\/#\\\/schema\\\/logo\\\/image\\\/\",\"url\":\"https:\\\/\\\/elinformativotam.com\\\/wp-content\\\/uploads\\\/2026\\\/02\\\/Cabezal.png\",\"contentUrl\":\"https:\\\/\\\/elinformativotam.com\\\/wp-content\\\/uploads\\\/2026\\\/02\\\/Cabezal.png\",\"width\":960,\"height\":640,\"caption\":\"EL INFORMATIVO DE TAMAULIPAS\"},\"image\":{\"@id\":\"https:\\\/\\\/elinformativotam.com\\\/#\\\/schema\\\/logo\\\/image\\\/\"}},{\"@type\":\"Person\",\"@id\":\"https:\\\/\\\/elinformativotam.com\\\/#\\\/schema\\\/person\\\/78e08040eed0f6110f0c5f83b6153590\",\"name\":\"El Informativo Tam\",\"image\":{\"@type\":\"ImageObject\",\"inLanguage\":\"es\",\"@id\":\"https:\\\/\\\/secure.gravatar.com\\\/avatar\\\/f3b7ad3af540688955925ac610647be00b0cf41feea9c4978b73a707ee86bc53?s=96&d=mm&r=g\",\"url\":\"https:\\\/\\\/secure.gravatar.com\\\/avatar\\\/f3b7ad3af540688955925ac610647be00b0cf41feea9c4978b73a707ee86bc53?s=96&d=mm&r=g\",\"contentUrl\":\"https:\\\/\\\/secure.gravatar.com\\\/avatar\\\/f3b7ad3af540688955925ac610647be00b0cf41feea9c4978b73a707ee86bc53?s=96&d=mm&r=g\",\"caption\":\"El Informativo Tam\"}}]}<\/script>\n<!-- \/ Yoast SEO plugin. -->","yoast_head_json":{"title":"PIDEN CONSTRUCTORES QU\u00c9 HAYA M\u00c1S OBRA P\u00daBLICA FEDERAL - EL INFORMATIVO DE TAMAULIPAS","description":"*La Pr\u00f3xima Presidenta De La Rep\u00fablica Debe Poner M\u00e1s Atenci\u00f3n En Este Rubro En Las Entidades &nbsp; &nbsp; La C\u00e1mara Mexicana de la Industria de la","robots":{"index":"index","follow":"follow","max-snippet":"max-snippet:-1","max-image-preview":"max-image-preview:large","max-video-preview":"max-video-preview:-1"},"canonical":"https:\/\/elinformativotam.com\/index.php\/2024\/04\/17\/piden-constructores-que-haya-mas-obra-publica-federal\/","og_locale":"es_MX","og_type":"article","og_title":"PIDEN CONSTRUCTORES QU\u00c9 HAYA M\u00c1S OBRA P\u00daBLICA FEDERAL - EL INFORMATIVO DE TAMAULIPAS","og_description":"*La Pr\u00f3xima Presidenta De La Rep\u00fablica Debe Poner M\u00e1s Atenci\u00f3n En Este Rubro En Las Entidades &nbsp; &nbsp; La C\u00e1mara Mexicana de la Industria de la","og_url":"https:\/\/elinformativotam.com\/index.php\/2024\/04\/17\/piden-constructores-que-haya-mas-obra-publica-federal\/","og_site_name":"EL INFORMATIVO DE TAMAULIPAS","article_published_time":"2024-04-18T05:26:44+00:00","og_image":[{"width":1280,"height":963,"url":"https:\/\/elinformativotam.com\/wp-content\/uploads\/2024\/04\/Constructores.jpeg","type":"image\/jpeg"}],"author":"El Informativo Tam","twitter_card":"summary_large_image","twitter_misc":{"Escrito por":"El Informativo Tam","Tiempo de lectura":"2 minutos"},"schema":{"@context":"https:\/\/schema.org","@graph":[{"@type":"Article","@id":"https:\/\/elinformativotam.com\/index.php\/2024\/04\/17\/piden-constructores-que-haya-mas-obra-publica-federal\/#article","isPartOf":{"@id":"https:\/\/elinformativotam.com\/index.php\/2024\/04\/17\/piden-constructores-que-haya-mas-obra-publica-federal\/"},"author":{"name":"El Informativo Tam","@id":"https:\/\/elinformativotam.com\/#\/schema\/person\/78e08040eed0f6110f0c5f83b6153590"},"headline":"PIDEN CONSTRUCTORES QU\u00c9 HAYA M\u00c1S OBRA P\u00daBLICA FEDERAL","datePublished":"2024-04-18T05:26:44+00:00","mainEntityOfPage":{"@id":"https:\/\/elinformativotam.com\/index.php\/2024\/04\/17\/piden-constructores-que-haya-mas-obra-publica-federal\/"},"wordCount":320,"commentCount":0,"publisher":{"@id":"https:\/\/elinformativotam.com\/#organization"},"image":{"@id":"https:\/\/elinformativotam.com\/index.php\/2024\/04\/17\/piden-constructores-que-haya-mas-obra-publica-federal\/#primaryimage"},"thumbnailUrl":"https:\/\/elinformativotam.com\/wp-content\/uploads\/2024\/04\/Constructores.jpeg","articleSection":["Tampico"],"inLanguage":"es","potentialAction":[{"@type":"CommentAction","name":"Comment","target":["https:\/\/elinformativotam.com\/index.php\/2024\/04\/17\/piden-constructores-que-haya-mas-obra-publica-federal\/#respond"]}]},{"@type":"WebPage","@id":"https:\/\/elinformativotam.com\/index.php\/2024\/04\/17\/piden-constructores-que-haya-mas-obra-publica-federal\/","url":"https:\/\/elinformativotam.com\/index.php\/2024\/04\/17\/piden-constructores-que-haya-mas-obra-publica-federal\/","name":"PIDEN CONSTRUCTORES QU\u00c9 HAYA M\u00c1S OBRA P\u00daBLICA FEDERAL - EL INFORMATIVO DE TAMAULIPAS","isPartOf":{"@id":"https:\/\/elinformativotam.com\/#website"},"primaryImageOfPage":{"@id":"https:\/\/elinformativotam.com\/index.php\/2024\/04\/17\/piden-constructores-que-haya-mas-obra-publica-federal\/#primaryimage"},"image":{"@id":"https:\/\/elinformativotam.com\/index.php\/2024\/04\/17\/piden-constructores-que-haya-mas-obra-publica-federal\/#primaryimage"},"thumbnailUrl":"https:\/\/elinformativotam.com\/wp-content\/uploads\/2024\/04\/Constructores.jpeg","datePublished":"2024-04-18T05:26:44+00:00","description":"*La Pr\u00f3xima Presidenta De La Rep\u00fablica Debe Poner M\u00e1s Atenci\u00f3n En Este Rubro En Las Entidades &nbsp; &nbsp; La C\u00e1mara Mexicana de la Industria de la","inLanguage":"es","potentialAction":[{"@type":"ReadAction","target":["https:\/\/elinformativotam.com\/index.php\/2024\/04\/17\/piden-constructores-que-haya-mas-obra-publica-federal\/"]}]},{"@type":"ImageObject","inLanguage":"es","@id":"https:\/\/elinformativotam.com\/index.php\/2024\/04\/17\/piden-constructores-que-haya-mas-obra-publica-federal\/#primaryimage","url":"https:\/\/elinformativotam.com\/wp-content\/uploads\/2024\/04\/Constructores.jpeg","contentUrl":"https:\/\/elinformativotam.com\/wp-content\/uploads\/2024\/04\/Constructores.jpeg","width":1280,"height":963},{"@type":"WebSite","@id":"https:\/\/elinformativotam.com\/#website","url":"https:\/\/elinformativotam.com\/","name":"EL INFORMATIVO DE TAMAULIPAS","description":"Desde la Zona Metropolitana Para Todo M\u00e9xico","publisher":{"@id":"https:\/\/elinformativotam.com\/#organization"},"potentialAction":[{"@type":"SearchAction","target":{"@type":"EntryPoint","urlTemplate":"https:\/\/elinformativotam.com\/?s={search_term_string}"},"query-input":{"@type":"PropertyValueSpecification","valueRequired":true,"valueName":"search_term_string"}}],"inLanguage":"es"},{"@type":"Organization","@id":"https:\/\/elinformativotam.com\/#organization","name":"EL INFORMATIVO DE TAMAULIPAS","url":"https:\/\/elinformativotam.com\/","logo":{"@type":"ImageObject","inLanguage":"es","@id":"https:\/\/elinformativotam.com\/#\/schema\/logo\/image\/","url":"https:\/\/elinformativotam.com\/wp-content\/uploads\/2026\/02\/Cabezal.png","contentUrl":"https:\/\/elinformativotam.com\/wp-content\/uploads\/2026\/02\/Cabezal.png","width":960,"height":640,"caption":"EL INFORMATIVO DE TAMAULIPAS"},"image":{"@id":"https:\/\/elinformativotam.com\/#\/schema\/logo\/image\/"}},{"@type":"Person","@id":"https:\/\/elinformativotam.com\/#\/schema\/person\/78e08040eed0f6110f0c5f83b6153590","name":"El Informativo Tam","image":{"@type":"ImageObject","inLanguage":"es","@id":"https:\/\/secure.gravatar.com\/avatar\/f3b7ad3af540688955925ac610647be00b0cf41feea9c4978b73a707ee86bc53?s=96&d=mm&r=g","url":"https:\/\/secure.gravatar.com\/avatar\/f3b7ad3af540688955925ac610647be00b0cf41feea9c4978b73a707ee86bc53?s=96&d=mm&r=g","contentUrl":"https:\/\/secure.gravatar.com\/avatar\/f3b7ad3af540688955925ac610647be00b0cf41feea9c4978b73a707ee86bc53?s=96&d=mm&r=g","caption":"El Informativo Tam"}}]}},"_links":{"self":[{"href":"https:\/\/elinformativotam.com\/index.php\/wp-json\/wp\/v2\/posts\/50347","targetHints":{"allow":["GET"]}}],"collection":[{"href":"https:\/\/elinformativotam.com\/index.php\/wp-json\/wp\/v2\/posts"}],"about":[{"href":"https:\/\/elinformativotam.com\/index.php\/wp-json\/wp\/v2\/types\/post"}],"author":[{"embeddable":true,"href":"https:\/\/elinformativotam.com\/index.php\/wp-json\/wp\/v2\/users\/1"}],"replies":[{"embeddable":true,"href":"https:\/\/elinformativotam.com\/index.php\/wp-json\/wp\/v2\/comments?post=50347"}],"version-history":[{"count":1,"href":"https:\/\/elinformativotam.com\/index.php\/wp-json\/wp\/v2\/posts\/50347\/revisions"}],"predecessor-version":[{"id":50349,"href":"https:\/\/elinformativotam.com\/index.php\/wp-json\/wp\/v2\/posts\/50347\/revisions\/50349"}],"wp:featuredmedia":[{"embeddable":true,"href":"https:\/\/elinformativotam.com\/index.php\/wp-json\/wp\/v2\/media\/50348"}],"wp:attachment":[{"href":"https:\/\/elinformativotam.com\/index.php\/wp-json\/wp\/v2\/media?parent=50347"}],"wp:term":[{"taxonomy":"category","embeddable":true,"href":"https:\/\/elinformativotam.com\/index.php\/wp-json\/wp\/v2\/categories?post=50347"},{"taxonomy":"post_tag","embeddable":true,"href":"https:\/\/elinformativotam.com\/index.php\/wp-json\/wp\/v2\/tags?post=50347"}],"curies":[{"name":"wp","href":"https:\/\/api.w.org\/{rel}","templated":true}]}}