{"id":50335,"date":"2024-04-16T22:45:33","date_gmt":"2024-04-17T04:45:33","guid":{"rendered":"https:\/\/elinformativotam.com\/?p=50335"},"modified":"2024-04-16T22:45:33","modified_gmt":"2024-04-17T04:45:33","slug":"ira-schekaiban-al-congreso-por-mejor-conciencia-en-el-cuidado-del-agua","status":"publish","type":"post","link":"https:\/\/elinformativotam.com\/index.php\/2024\/04\/16\/ira-schekaiban-al-congreso-por-mejor-conciencia-en-el-cuidado-del-agua\/","title":{"rendered":"IR\u00c1 SCHEKAIB\u00c1N AL CONGRESO POR MEJOR CONCIENCIA EN EL CUIDADO DEL AGUA"},"content":{"rendered":"<h2 style=\"text-align: center;\"><em><span style=\"font-family: 'times new roman', times;\">*Los Menores Y Adolescentes De La Entidad Y Tampico Deber\u00e1n De Priorizar Este Elemento Natural Desde El Plantel Educativo<\/span><\/em><\/h2>\n<p>&nbsp;<\/p>\n<p>&nbsp;<\/p>\n<p>Pese a ser una zona de Tampico que ha adquirido crecimiento en los \u00faltimos a\u00f1os, la parte sur del municipio requiere contar con m\u00e1s apoyo en temas muy espec\u00edficos, como la concientizaci\u00f3n del ciudado del agua en los menores que el organismo operador del vital l\u00edquido(Comapa) tenga mejores recursos para sanear el rezago en fugas del vital l\u00edquido.<\/p>\n<p>&nbsp;<\/p>\n<p>El abanderado a la diputaci\u00f3n local por el distrito 22, Jos\u00e9 Schekaib\u00e1n Ongay, detall\u00f3 que el tema del agua y de su cuidado es una problem\u00e1tica nacional que hoy requiere ser abordada desde la tribuna legislativa.<\/p>\n<p>&nbsp;<\/p>\n<p>Remarc\u00f3 que sin duda ser\u00e1 un tema que, de ganar los comicios del 2 de junio, habr\u00e1 de tocar en la pr\u00f3xima legislatura local.<\/p>\n<p>&nbsp;<\/p>\n<p>&#8220;Sobre todo el reforzamiento en la conciencia desde la escuela y en el hogar en el cuidado del agua. Es un tema que ha cobrado vigencia en los \u00faltimos a\u00f1os debido a que las lluvias en toda la entidad ya son menos, y desde el a\u00f1o pasado que la escasez est\u00e1 muy presente&#8221;, dijo<\/p>\n<p>&nbsp;<\/p>\n<p>El candidato por el distrito local 22 del PAN-PRI reiter\u00f3 que, adem\u00e1s, la Comapa Sur necesita contar con un mejor presupuesto que le permita resolver el rezago que arrastra en fugas del vital l\u00edquido.<\/p>\n<p>&nbsp;<\/p>\n<p>Schekaib\u00e1n, expres\u00f3 que en poco m\u00e1s de cinco a\u00f1os de fungir como Secretario de Servicios P\u00fablicos se ha dado cuenta que a\u00fan existen \u00e1reas de oportunidad en la ciudad, y particularmente en su parte sur, que necesitan ser abordadas y solucionadas en corto tiempo<\/p>\n<p>&nbsp;<\/p>\n<p>&#8220;En casi seis a\u00f1os he escuchado a la poblaci\u00f3n desde el cargo que ostent\u00e9 en servicios p\u00fablicos, lo que hoy me permite tener un panorama m\u00e1s claro de lo que necesita la ciudad, y particularmente este distrito, tengo el pulso de lo que tiene y le falta a la ciudad&#8221;, acot\u00f3.<\/p>\n<p>&nbsp;<\/p>\n","protected":false},"excerpt":{"rendered":"<p>*Los Menores Y Adolescentes De La Entidad Y Tampico Deber\u00e1n De Priorizar Este Elemento Natural Desde El Plantel Educativo &nbsp;&hellip;<\/p>\n","protected":false},"author":1,"featured_media":50336,"comment_status":"open","ping_status":"open","sticky":false,"template":"","format":"standard","meta":{"footnotes":""},"categories":[3],"tags":[],"class_list":["post-50335","post","type-post","status-publish","format-standard","has-post-thumbnail","hentry","category-tampico"],"yoast_head":"<!-- This site is optimized with the Yoast SEO plugin v27.5 - https:\/\/yoast.com\/product\/yoast-seo-wordpress\/ -->\n<title>IR\u00c1 SCHEKAIB\u00c1N AL CONGRESO POR MEJOR CONCIENCIA EN EL CUIDADO DEL AGUA - EL INFORMATIVO DE TAMAULIPAS<\/title>\n<meta name=\"description\" content=\"*Los Menores Y Adolescentes De La Entidad Y Tampico Deber\u00e1n De Priorizar Este Elemento Natural Desde El Plantel Educativo &nbsp; &nbsp; Pese a ser una\" \/>\n<meta name=\"robots\" content=\"index, follow, max-snippet:-1, max-image-preview:large, max-video-preview:-1\" \/>\n<link rel=\"canonical\" href=\"https:\/\/elinformativotam.com\/index.php\/2024\/04\/16\/ira-schekaiban-al-congreso-por-mejor-conciencia-en-el-cuidado-del-agua\/\" \/>\n<meta property=\"og:locale\" content=\"es_MX\" \/>\n<meta property=\"og:type\" content=\"article\" \/>\n<meta property=\"og:title\" content=\"IR\u00c1 SCHEKAIB\u00c1N AL CONGRESO POR MEJOR CONCIENCIA EN EL CUIDADO DEL AGUA - EL INFORMATIVO DE TAMAULIPAS\" \/>\n<meta property=\"og:description\" content=\"*Los Menores Y Adolescentes De La Entidad Y Tampico Deber\u00e1n De Priorizar Este Elemento Natural Desde El Plantel Educativo &nbsp; &nbsp; Pese a ser una\" \/>\n<meta property=\"og:url\" content=\"https:\/\/elinformativotam.com\/index.php\/2024\/04\/16\/ira-schekaiban-al-congreso-por-mejor-conciencia-en-el-cuidado-del-agua\/\" \/>\n<meta property=\"og:site_name\" content=\"EL INFORMATIVO DE TAMAULIPAS\" \/>\n<meta property=\"article:published_time\" content=\"2024-04-17T04:45:33+00:00\" \/>\n<meta property=\"og:image\" content=\"https:\/\/elinformativotam.com\/wp-content\/uploads\/2024\/04\/Pepe1.jpeg\" \/>\n\t<meta property=\"og:image:width\" content=\"1600\" \/>\n\t<meta property=\"og:image:height\" content=\"1200\" \/>\n\t<meta property=\"og:image:type\" content=\"image\/jpeg\" \/>\n<meta name=\"author\" content=\"El Informativo Tam\" \/>\n<meta name=\"twitter:card\" content=\"summary_large_image\" \/>\n<meta name=\"twitter:label1\" content=\"Escrito por\" \/>\n\t<meta name=\"twitter:data1\" content=\"El Informativo Tam\" \/>\n\t<meta name=\"twitter:label2\" content=\"Tiempo de lectura\" \/>\n\t<meta name=\"twitter:data2\" content=\"2 minutos\" \/>\n<script type=\"application\/ld+json\" class=\"yoast-schema-graph\">{\"@context\":\"https:\\\/\\\/schema.org\",\"@graph\":[{\"@type\":\"Article\",\"@id\":\"https:\\\/\\\/elinformativotam.com\\\/index.php\\\/2024\\\/04\\\/16\\\/ira-schekaiban-al-congreso-por-mejor-conciencia-en-el-cuidado-del-agua\\\/#article\",\"isPartOf\":{\"@id\":\"https:\\\/\\\/elinformativotam.com\\\/index.php\\\/2024\\\/04\\\/16\\\/ira-schekaiban-al-congreso-por-mejor-conciencia-en-el-cuidado-del-agua\\\/\"},\"author\":{\"name\":\"El Informativo Tam\",\"@id\":\"https:\\\/\\\/elinformativotam.com\\\/#\\\/schema\\\/person\\\/78e08040eed0f6110f0c5f83b6153590\"},\"headline\":\"IR\u00c1 SCHEKAIB\u00c1N AL CONGRESO POR MEJOR CONCIENCIA EN EL CUIDADO DEL AGUA\",\"datePublished\":\"2024-04-17T04:45:33+00:00\",\"mainEntityOfPage\":{\"@id\":\"https:\\\/\\\/elinformativotam.com\\\/index.php\\\/2024\\\/04\\\/16\\\/ira-schekaiban-al-congreso-por-mejor-conciencia-en-el-cuidado-del-agua\\\/\"},\"wordCount\":364,\"commentCount\":0,\"publisher\":{\"@id\":\"https:\\\/\\\/elinformativotam.com\\\/#organization\"},\"image\":{\"@id\":\"https:\\\/\\\/elinformativotam.com\\\/index.php\\\/2024\\\/04\\\/16\\\/ira-schekaiban-al-congreso-por-mejor-conciencia-en-el-cuidado-del-agua\\\/#primaryimage\"},\"thumbnailUrl\":\"https:\\\/\\\/elinformativotam.com\\\/wp-content\\\/uploads\\\/2024\\\/04\\\/Pepe1.jpeg\",\"articleSection\":[\"Tampico\"],\"inLanguage\":\"es\",\"potentialAction\":[{\"@type\":\"CommentAction\",\"name\":\"Comment\",\"target\":[\"https:\\\/\\\/elinformativotam.com\\\/index.php\\\/2024\\\/04\\\/16\\\/ira-schekaiban-al-congreso-por-mejor-conciencia-en-el-cuidado-del-agua\\\/#respond\"]}]},{\"@type\":\"WebPage\",\"@id\":\"https:\\\/\\\/elinformativotam.com\\\/index.php\\\/2024\\\/04\\\/16\\\/ira-schekaiban-al-congreso-por-mejor-conciencia-en-el-cuidado-del-agua\\\/\",\"url\":\"https:\\\/\\\/elinformativotam.com\\\/index.php\\\/2024\\\/04\\\/16\\\/ira-schekaiban-al-congreso-por-mejor-conciencia-en-el-cuidado-del-agua\\\/\",\"name\":\"IR\u00c1 SCHEKAIB\u00c1N AL CONGRESO POR MEJOR CONCIENCIA EN EL CUIDADO DEL AGUA - EL INFORMATIVO DE TAMAULIPAS\",\"isPartOf\":{\"@id\":\"https:\\\/\\\/elinformativotam.com\\\/#website\"},\"primaryImageOfPage\":{\"@id\":\"https:\\\/\\\/elinformativotam.com\\\/index.php\\\/2024\\\/04\\\/16\\\/ira-schekaiban-al-congreso-por-mejor-conciencia-en-el-cuidado-del-agua\\\/#primaryimage\"},\"image\":{\"@id\":\"https:\\\/\\\/elinformativotam.com\\\/index.php\\\/2024\\\/04\\\/16\\\/ira-schekaiban-al-congreso-por-mejor-conciencia-en-el-cuidado-del-agua\\\/#primaryimage\"},\"thumbnailUrl\":\"https:\\\/\\\/elinformativotam.com\\\/wp-content\\\/uploads\\\/2024\\\/04\\\/Pepe1.jpeg\",\"datePublished\":\"2024-04-17T04:45:33+00:00\",\"description\":\"*Los Menores Y Adolescentes De La Entidad Y Tampico Deber\u00e1n De Priorizar Este Elemento Natural Desde El Plantel Educativo &nbsp; &nbsp; Pese a ser una\",\"inLanguage\":\"es\",\"potentialAction\":[{\"@type\":\"ReadAction\",\"target\":[\"https:\\\/\\\/elinformativotam.com\\\/index.php\\\/2024\\\/04\\\/16\\\/ira-schekaiban-al-congreso-por-mejor-conciencia-en-el-cuidado-del-agua\\\/\"]}]},{\"@type\":\"ImageObject\",\"inLanguage\":\"es\",\"@id\":\"https:\\\/\\\/elinformativotam.com\\\/index.php\\\/2024\\\/04\\\/16\\\/ira-schekaiban-al-congreso-por-mejor-conciencia-en-el-cuidado-del-agua\\\/#primaryimage\",\"url\":\"https:\\\/\\\/elinformativotam.com\\\/wp-content\\\/uploads\\\/2024\\\/04\\\/Pepe1.jpeg\",\"contentUrl\":\"https:\\\/\\\/elinformativotam.com\\\/wp-content\\\/uploads\\\/2024\\\/04\\\/Pepe1.jpeg\",\"width\":1600,\"height\":1200},{\"@type\":\"WebSite\",\"@id\":\"https:\\\/\\\/elinformativotam.com\\\/#website\",\"url\":\"https:\\\/\\\/elinformativotam.com\\\/\",\"name\":\"EL INFORMATIVO DE TAMAULIPAS\",\"description\":\"Desde la Zona Metropolitana Para Todo M\u00e9xico\",\"publisher\":{\"@id\":\"https:\\\/\\\/elinformativotam.com\\\/#organization\"},\"potentialAction\":[{\"@type\":\"SearchAction\",\"target\":{\"@type\":\"EntryPoint\",\"urlTemplate\":\"https:\\\/\\\/elinformativotam.com\\\/?s={search_term_string}\"},\"query-input\":{\"@type\":\"PropertyValueSpecification\",\"valueRequired\":true,\"valueName\":\"search_term_string\"}}],\"inLanguage\":\"es\"},{\"@type\":\"Organization\",\"@id\":\"https:\\\/\\\/elinformativotam.com\\\/#organization\",\"name\":\"EL INFORMATIVO DE TAMAULIPAS\",\"url\":\"https:\\\/\\\/elinformativotam.com\\\/\",\"logo\":{\"@type\":\"ImageObject\",\"inLanguage\":\"es\",\"@id\":\"https:\\\/\\\/elinformativotam.com\\\/#\\\/schema\\\/logo\\\/image\\\/\",\"url\":\"https:\\\/\\\/elinformativotam.com\\\/wp-content\\\/uploads\\\/2026\\\/02\\\/Cabezal.png\",\"contentUrl\":\"https:\\\/\\\/elinformativotam.com\\\/wp-content\\\/uploads\\\/2026\\\/02\\\/Cabezal.png\",\"width\":960,\"height\":640,\"caption\":\"EL INFORMATIVO DE TAMAULIPAS\"},\"image\":{\"@id\":\"https:\\\/\\\/elinformativotam.com\\\/#\\\/schema\\\/logo\\\/image\\\/\"}},{\"@type\":\"Person\",\"@id\":\"https:\\\/\\\/elinformativotam.com\\\/#\\\/schema\\\/person\\\/78e08040eed0f6110f0c5f83b6153590\",\"name\":\"El Informativo Tam\",\"image\":{\"@type\":\"ImageObject\",\"inLanguage\":\"es\",\"@id\":\"https:\\\/\\\/secure.gravatar.com\\\/avatar\\\/f3b7ad3af540688955925ac610647be00b0cf41feea9c4978b73a707ee86bc53?s=96&d=mm&r=g\",\"url\":\"https:\\\/\\\/secure.gravatar.com\\\/avatar\\\/f3b7ad3af540688955925ac610647be00b0cf41feea9c4978b73a707ee86bc53?s=96&d=mm&r=g\",\"contentUrl\":\"https:\\\/\\\/secure.gravatar.com\\\/avatar\\\/f3b7ad3af540688955925ac610647be00b0cf41feea9c4978b73a707ee86bc53?s=96&d=mm&r=g\",\"caption\":\"El Informativo Tam\"}}]}<\/script>\n<!-- \/ Yoast SEO plugin. -->","yoast_head_json":{"title":"IR\u00c1 SCHEKAIB\u00c1N AL CONGRESO POR MEJOR CONCIENCIA EN EL CUIDADO DEL AGUA - EL INFORMATIVO DE TAMAULIPAS","description":"*Los Menores Y Adolescentes De La Entidad Y Tampico Deber\u00e1n De Priorizar Este Elemento Natural Desde El Plantel Educativo &nbsp; &nbsp; Pese a ser una","robots":{"index":"index","follow":"follow","max-snippet":"max-snippet:-1","max-image-preview":"max-image-preview:large","max-video-preview":"max-video-preview:-1"},"canonical":"https:\/\/elinformativotam.com\/index.php\/2024\/04\/16\/ira-schekaiban-al-congreso-por-mejor-conciencia-en-el-cuidado-del-agua\/","og_locale":"es_MX","og_type":"article","og_title":"IR\u00c1 SCHEKAIB\u00c1N AL CONGRESO POR MEJOR CONCIENCIA EN EL CUIDADO DEL AGUA - EL INFORMATIVO DE TAMAULIPAS","og_description":"*Los Menores Y Adolescentes De La Entidad Y Tampico Deber\u00e1n De Priorizar Este Elemento Natural Desde El Plantel Educativo &nbsp; &nbsp; Pese a ser una","og_url":"https:\/\/elinformativotam.com\/index.php\/2024\/04\/16\/ira-schekaiban-al-congreso-por-mejor-conciencia-en-el-cuidado-del-agua\/","og_site_name":"EL INFORMATIVO DE TAMAULIPAS","article_published_time":"2024-04-17T04:45:33+00:00","og_image":[{"width":1600,"height":1200,"url":"https:\/\/elinformativotam.com\/wp-content\/uploads\/2024\/04\/Pepe1.jpeg","type":"image\/jpeg"}],"author":"El Informativo Tam","twitter_card":"summary_large_image","twitter_misc":{"Escrito por":"El Informativo Tam","Tiempo de lectura":"2 minutos"},"schema":{"@context":"https:\/\/schema.org","@graph":[{"@type":"Article","@id":"https:\/\/elinformativotam.com\/index.php\/2024\/04\/16\/ira-schekaiban-al-congreso-por-mejor-conciencia-en-el-cuidado-del-agua\/#article","isPartOf":{"@id":"https:\/\/elinformativotam.com\/index.php\/2024\/04\/16\/ira-schekaiban-al-congreso-por-mejor-conciencia-en-el-cuidado-del-agua\/"},"author":{"name":"El Informativo Tam","@id":"https:\/\/elinformativotam.com\/#\/schema\/person\/78e08040eed0f6110f0c5f83b6153590"},"headline":"IR\u00c1 SCHEKAIB\u00c1N AL CONGRESO POR MEJOR CONCIENCIA EN EL CUIDADO DEL AGUA","datePublished":"2024-04-17T04:45:33+00:00","mainEntityOfPage":{"@id":"https:\/\/elinformativotam.com\/index.php\/2024\/04\/16\/ira-schekaiban-al-congreso-por-mejor-conciencia-en-el-cuidado-del-agua\/"},"wordCount":364,"commentCount":0,"publisher":{"@id":"https:\/\/elinformativotam.com\/#organization"},"image":{"@id":"https:\/\/elinformativotam.com\/index.php\/2024\/04\/16\/ira-schekaiban-al-congreso-por-mejor-conciencia-en-el-cuidado-del-agua\/#primaryimage"},"thumbnailUrl":"https:\/\/elinformativotam.com\/wp-content\/uploads\/2024\/04\/Pepe1.jpeg","articleSection":["Tampico"],"inLanguage":"es","potentialAction":[{"@type":"CommentAction","name":"Comment","target":["https:\/\/elinformativotam.com\/index.php\/2024\/04\/16\/ira-schekaiban-al-congreso-por-mejor-conciencia-en-el-cuidado-del-agua\/#respond"]}]},{"@type":"WebPage","@id":"https:\/\/elinformativotam.com\/index.php\/2024\/04\/16\/ira-schekaiban-al-congreso-por-mejor-conciencia-en-el-cuidado-del-agua\/","url":"https:\/\/elinformativotam.com\/index.php\/2024\/04\/16\/ira-schekaiban-al-congreso-por-mejor-conciencia-en-el-cuidado-del-agua\/","name":"IR\u00c1 SCHEKAIB\u00c1N AL CONGRESO POR MEJOR CONCIENCIA EN EL CUIDADO DEL AGUA - EL INFORMATIVO DE TAMAULIPAS","isPartOf":{"@id":"https:\/\/elinformativotam.com\/#website"},"primaryImageOfPage":{"@id":"https:\/\/elinformativotam.com\/index.php\/2024\/04\/16\/ira-schekaiban-al-congreso-por-mejor-conciencia-en-el-cuidado-del-agua\/#primaryimage"},"image":{"@id":"https:\/\/elinformativotam.com\/index.php\/2024\/04\/16\/ira-schekaiban-al-congreso-por-mejor-conciencia-en-el-cuidado-del-agua\/#primaryimage"},"thumbnailUrl":"https:\/\/elinformativotam.com\/wp-content\/uploads\/2024\/04\/Pepe1.jpeg","datePublished":"2024-04-17T04:45:33+00:00","description":"*Los Menores Y Adolescentes De La Entidad Y Tampico Deber\u00e1n De Priorizar Este Elemento Natural Desde El Plantel Educativo &nbsp; &nbsp; Pese a ser una","inLanguage":"es","potentialAction":[{"@type":"ReadAction","target":["https:\/\/elinformativotam.com\/index.php\/2024\/04\/16\/ira-schekaiban-al-congreso-por-mejor-conciencia-en-el-cuidado-del-agua\/"]}]},{"@type":"ImageObject","inLanguage":"es","@id":"https:\/\/elinformativotam.com\/index.php\/2024\/04\/16\/ira-schekaiban-al-congreso-por-mejor-conciencia-en-el-cuidado-del-agua\/#primaryimage","url":"https:\/\/elinformativotam.com\/wp-content\/uploads\/2024\/04\/Pepe1.jpeg","contentUrl":"https:\/\/elinformativotam.com\/wp-content\/uploads\/2024\/04\/Pepe1.jpeg","width":1600,"height":1200},{"@type":"WebSite","@id":"https:\/\/elinformativotam.com\/#website","url":"https:\/\/elinformativotam.com\/","name":"EL INFORMATIVO DE TAMAULIPAS","description":"Desde la Zona Metropolitana Para Todo M\u00e9xico","publisher":{"@id":"https:\/\/elinformativotam.com\/#organization"},"potentialAction":[{"@type":"SearchAction","target":{"@type":"EntryPoint","urlTemplate":"https:\/\/elinformativotam.com\/?s={search_term_string}"},"query-input":{"@type":"PropertyValueSpecification","valueRequired":true,"valueName":"search_term_string"}}],"inLanguage":"es"},{"@type":"Organization","@id":"https:\/\/elinformativotam.com\/#organization","name":"EL INFORMATIVO DE TAMAULIPAS","url":"https:\/\/elinformativotam.com\/","logo":{"@type":"ImageObject","inLanguage":"es","@id":"https:\/\/elinformativotam.com\/#\/schema\/logo\/image\/","url":"https:\/\/elinformativotam.com\/wp-content\/uploads\/2026\/02\/Cabezal.png","contentUrl":"https:\/\/elinformativotam.com\/wp-content\/uploads\/2026\/02\/Cabezal.png","width":960,"height":640,"caption":"EL INFORMATIVO DE TAMAULIPAS"},"image":{"@id":"https:\/\/elinformativotam.com\/#\/schema\/logo\/image\/"}},{"@type":"Person","@id":"https:\/\/elinformativotam.com\/#\/schema\/person\/78e08040eed0f6110f0c5f83b6153590","name":"El Informativo Tam","image":{"@type":"ImageObject","inLanguage":"es","@id":"https:\/\/secure.gravatar.com\/avatar\/f3b7ad3af540688955925ac610647be00b0cf41feea9c4978b73a707ee86bc53?s=96&d=mm&r=g","url":"https:\/\/secure.gravatar.com\/avatar\/f3b7ad3af540688955925ac610647be00b0cf41feea9c4978b73a707ee86bc53?s=96&d=mm&r=g","contentUrl":"https:\/\/secure.gravatar.com\/avatar\/f3b7ad3af540688955925ac610647be00b0cf41feea9c4978b73a707ee86bc53?s=96&d=mm&r=g","caption":"El Informativo Tam"}}]}},"_links":{"self":[{"href":"https:\/\/elinformativotam.com\/index.php\/wp-json\/wp\/v2\/posts\/50335","targetHints":{"allow":["GET"]}}],"collection":[{"href":"https:\/\/elinformativotam.com\/index.php\/wp-json\/wp\/v2\/posts"}],"about":[{"href":"https:\/\/elinformativotam.com\/index.php\/wp-json\/wp\/v2\/types\/post"}],"author":[{"embeddable":true,"href":"https:\/\/elinformativotam.com\/index.php\/wp-json\/wp\/v2\/users\/1"}],"replies":[{"embeddable":true,"href":"https:\/\/elinformativotam.com\/index.php\/wp-json\/wp\/v2\/comments?post=50335"}],"version-history":[{"count":1,"href":"https:\/\/elinformativotam.com\/index.php\/wp-json\/wp\/v2\/posts\/50335\/revisions"}],"predecessor-version":[{"id":50337,"href":"https:\/\/elinformativotam.com\/index.php\/wp-json\/wp\/v2\/posts\/50335\/revisions\/50337"}],"wp:featuredmedia":[{"embeddable":true,"href":"https:\/\/elinformativotam.com\/index.php\/wp-json\/wp\/v2\/media\/50336"}],"wp:attachment":[{"href":"https:\/\/elinformativotam.com\/index.php\/wp-json\/wp\/v2\/media?parent=50335"}],"wp:term":[{"taxonomy":"category","embeddable":true,"href":"https:\/\/elinformativotam.com\/index.php\/wp-json\/wp\/v2\/categories?post=50335"},{"taxonomy":"post_tag","embeddable":true,"href":"https:\/\/elinformativotam.com\/index.php\/wp-json\/wp\/v2\/tags?post=50335"}],"curies":[{"name":"wp","href":"https:\/\/api.w.org\/{rel}","templated":true}]}}