{"id":50333,"date":"2024-04-16T22:43:34","date_gmt":"2024-04-17T04:43:34","guid":{"rendered":"https:\/\/elinformativotam.com\/?p=50333"},"modified":"2024-04-16T22:43:34","modified_gmt":"2024-04-17T04:43:34","slug":"defendera-formula-del-pan-en-tampico-la-continuidad","status":"publish","type":"post","link":"https:\/\/elinformativotam.com\/index.php\/2024\/04\/16\/defendera-formula-del-pan-en-tampico-la-continuidad\/","title":{"rendered":"DEFENDER\u00c1 F\u00d3RMULA DEL PAN EN TAMPICO LA CONTINUIDAD"},"content":{"rendered":"<h2 style=\"text-align: center;\"><em><span style=\"font-family: 'times new roman', times;\">*Muchos Tampique\u00f1os Est\u00e1n Dispuestos A Defender El Desarrollo Y Crecimiento Obtenido En M\u00e1s De Cinco A\u00f1os En La Ciudad<\/span><\/em><\/h2>\n<p>&nbsp;<\/p>\n<p>Al precisar que la clave del desarrollo y crecimiento es que Tampico mantenga la continuidad en los pr\u00f3ximos tres a\u00f1os, la candidata a la alcald\u00eda porte\u00f1a, Rosa Mar\u00eda Gonz\u00e1lez Azc\u00e1rraga, reiter\u00f3 que los tampique\u00f1os ya est\u00e1n haciendo el compromiso de defender lo logrado en los \u00faltimos cinco a\u00f1os, sobre todo en los temas de seguridad, turismo e infraestructura.<\/p>\n<p>&nbsp;<\/p>\n<p>La abanderada de la coalici\u00f3n PAN-PRI detall\u00f3 que habr\u00e1 de continuar con el desarrollo que dejar\u00e1 Jes\u00fas Nader Nasrallah, pues reiter\u00f3 que la poblaci\u00f3n se siente contenta con la infraestructura que se ha logrado hasta el momento, sobre todo en el rubro recreativo.<\/p>\n<p>&nbsp;<\/p>\n<p>Remarc\u00f3 que las condiciones est\u00e1n dadas para que Tampico siga por la\u00a0 senda del progreso, ya que as\u00ed lo est\u00e1n considerando muchos ciudadanos &#8220;que est\u00e1n haciendo el compromiso y pacto con nosotros para conservar lo que ya hemos hecho, no hace falta que vengan a cambiarlo o que se vuelva a reinventar la ciudad&#8221;, dijo<\/p>\n<p>&nbsp;<\/p>\n<p>Gonz\u00e1lez, enfatiz\u00f3 que la defensa de Tampico ser\u00e1 fundamental en estos pr\u00f3ximos 43 d\u00edas de campa\u00f1a, y para ello, dijo cuenta con una plataforma pol\u00edtica-electoral que la har\u00e1 valer en todos los sectores de la poblaci\u00f3n.<\/p>\n<p>&nbsp;<\/p>\n<p>Dijo, que el trabajo en equipo seguir\u00e1 siendo importante en los pr\u00f3ximos a\u00f1os, pues de la mano con Jes\u00fas Nader, Marcela Unda y Jos\u00e9 Schekaib\u00e1n, se tendr\u00e1n mejores resultados provenientes de la c\u00e1mara baja as\u00ed como del Congreso del Estado, en beneficio del puerto y de Ciudad Madero<\/p>\n<p>&nbsp;<\/p>\n<p>La candidata a la Presidencia Municipal de Tampico puntualiz\u00f3 que &#8220;vamos a seguirle&#8221; frase acu\u00f1ada desde el arranque de campa\u00f1a y que, dijo, servir\u00e1 como standarte de batalla para los d\u00edas restantes de proselitismo y el d\u00eda de la elecci\u00f3n.<\/p>\n<p>&nbsp;<\/p>\n<p>&#8220;Vamos a seguirle con m\u00e1s pavimento, preservar la paz social, seguir con el programa de iluminaci\u00f3n en todas las colonias, m\u00e1s cultura, m\u00e1s deporte con infraestructura, y continuar con esa imagen que tenemos a nivel nacional de ser una ciudad de las m\u00e1s limpias.<\/p>\n<p>&nbsp;<\/p>\n","protected":false},"excerpt":{"rendered":"<p>*Muchos Tampique\u00f1os Est\u00e1n Dispuestos A Defender El Desarrollo Y Crecimiento Obtenido En M\u00e1s De Cinco A\u00f1os En La Ciudad &nbsp;&hellip;<\/p>\n","protected":false},"author":1,"featured_media":48941,"comment_status":"open","ping_status":"open","sticky":false,"template":"","format":"standard","meta":{"footnotes":""},"categories":[3],"tags":[],"class_list":["post-50333","post","type-post","status-publish","format-standard","has-post-thumbnail","hentry","category-tampico"],"yoast_head":"<!-- This site is optimized with the Yoast SEO plugin v27.5 - https:\/\/yoast.com\/product\/yoast-seo-wordpress\/ -->\n<title>DEFENDER\u00c1 F\u00d3RMULA DEL PAN EN TAMPICO LA CONTINUIDAD - EL INFORMATIVO DE TAMAULIPAS<\/title>\n<meta name=\"description\" content=\"*Muchos Tampique\u00f1os Est\u00e1n Dispuestos A Defender El Desarrollo Y Crecimiento Obtenido En M\u00e1s De Cinco A\u00f1os En La Ciudad &nbsp; Al precisar que la clave del\" \/>\n<meta name=\"robots\" content=\"index, follow, max-snippet:-1, max-image-preview:large, max-video-preview:-1\" \/>\n<link rel=\"canonical\" href=\"https:\/\/elinformativotam.com\/index.php\/2024\/04\/16\/defendera-formula-del-pan-en-tampico-la-continuidad\/\" \/>\n<meta property=\"og:locale\" content=\"es_MX\" \/>\n<meta property=\"og:type\" content=\"article\" \/>\n<meta property=\"og:title\" content=\"DEFENDER\u00c1 F\u00d3RMULA DEL PAN EN TAMPICO LA CONTINUIDAD - EL INFORMATIVO DE TAMAULIPAS\" \/>\n<meta property=\"og:description\" content=\"*Muchos Tampique\u00f1os Est\u00e1n Dispuestos A Defender El Desarrollo Y Crecimiento Obtenido En M\u00e1s De Cinco A\u00f1os En La Ciudad &nbsp; Al precisar que la clave del\" \/>\n<meta property=\"og:url\" content=\"https:\/\/elinformativotam.com\/index.php\/2024\/04\/16\/defendera-formula-del-pan-en-tampico-la-continuidad\/\" \/>\n<meta property=\"og:site_name\" content=\"EL INFORMATIVO DE TAMAULIPAS\" \/>\n<meta property=\"article:published_time\" content=\"2024-04-17T04:43:34+00:00\" \/>\n<meta property=\"og:image\" content=\"https:\/\/elinformativotam.com\/wp-content\/uploads\/2024\/02\/Rosa.jpeg\" \/>\n\t<meta property=\"og:image:width\" content=\"1280\" \/>\n\t<meta property=\"og:image:height\" content=\"963\" \/>\n\t<meta property=\"og:image:type\" content=\"image\/jpeg\" \/>\n<meta name=\"author\" content=\"El Informativo Tam\" \/>\n<meta name=\"twitter:card\" content=\"summary_large_image\" \/>\n<meta name=\"twitter:label1\" content=\"Escrito por\" \/>\n\t<meta name=\"twitter:data1\" content=\"El Informativo Tam\" \/>\n\t<meta name=\"twitter:label2\" content=\"Tiempo de lectura\" \/>\n\t<meta name=\"twitter:data2\" content=\"2 minutos\" \/>\n<script type=\"application\/ld+json\" class=\"yoast-schema-graph\">{\"@context\":\"https:\\\/\\\/schema.org\",\"@graph\":[{\"@type\":\"Article\",\"@id\":\"https:\\\/\\\/elinformativotam.com\\\/index.php\\\/2024\\\/04\\\/16\\\/defendera-formula-del-pan-en-tampico-la-continuidad\\\/#article\",\"isPartOf\":{\"@id\":\"https:\\\/\\\/elinformativotam.com\\\/index.php\\\/2024\\\/04\\\/16\\\/defendera-formula-del-pan-en-tampico-la-continuidad\\\/\"},\"author\":{\"name\":\"El Informativo Tam\",\"@id\":\"https:\\\/\\\/elinformativotam.com\\\/#\\\/schema\\\/person\\\/78e08040eed0f6110f0c5f83b6153590\"},\"headline\":\"DEFENDER\u00c1 F\u00d3RMULA DEL PAN EN TAMPICO LA CONTINUIDAD\",\"datePublished\":\"2024-04-17T04:43:34+00:00\",\"mainEntityOfPage\":{\"@id\":\"https:\\\/\\\/elinformativotam.com\\\/index.php\\\/2024\\\/04\\\/16\\\/defendera-formula-del-pan-en-tampico-la-continuidad\\\/\"},\"wordCount\":401,\"commentCount\":0,\"publisher\":{\"@id\":\"https:\\\/\\\/elinformativotam.com\\\/#organization\"},\"image\":{\"@id\":\"https:\\\/\\\/elinformativotam.com\\\/index.php\\\/2024\\\/04\\\/16\\\/defendera-formula-del-pan-en-tampico-la-continuidad\\\/#primaryimage\"},\"thumbnailUrl\":\"https:\\\/\\\/elinformativotam.com\\\/wp-content\\\/uploads\\\/2024\\\/02\\\/Rosa.jpeg\",\"articleSection\":[\"Tampico\"],\"inLanguage\":\"es\",\"potentialAction\":[{\"@type\":\"CommentAction\",\"name\":\"Comment\",\"target\":[\"https:\\\/\\\/elinformativotam.com\\\/index.php\\\/2024\\\/04\\\/16\\\/defendera-formula-del-pan-en-tampico-la-continuidad\\\/#respond\"]}]},{\"@type\":\"WebPage\",\"@id\":\"https:\\\/\\\/elinformativotam.com\\\/index.php\\\/2024\\\/04\\\/16\\\/defendera-formula-del-pan-en-tampico-la-continuidad\\\/\",\"url\":\"https:\\\/\\\/elinformativotam.com\\\/index.php\\\/2024\\\/04\\\/16\\\/defendera-formula-del-pan-en-tampico-la-continuidad\\\/\",\"name\":\"DEFENDER\u00c1 F\u00d3RMULA DEL PAN EN TAMPICO LA CONTINUIDAD - EL INFORMATIVO DE TAMAULIPAS\",\"isPartOf\":{\"@id\":\"https:\\\/\\\/elinformativotam.com\\\/#website\"},\"primaryImageOfPage\":{\"@id\":\"https:\\\/\\\/elinformativotam.com\\\/index.php\\\/2024\\\/04\\\/16\\\/defendera-formula-del-pan-en-tampico-la-continuidad\\\/#primaryimage\"},\"image\":{\"@id\":\"https:\\\/\\\/elinformativotam.com\\\/index.php\\\/2024\\\/04\\\/16\\\/defendera-formula-del-pan-en-tampico-la-continuidad\\\/#primaryimage\"},\"thumbnailUrl\":\"https:\\\/\\\/elinformativotam.com\\\/wp-content\\\/uploads\\\/2024\\\/02\\\/Rosa.jpeg\",\"datePublished\":\"2024-04-17T04:43:34+00:00\",\"description\":\"*Muchos Tampique\u00f1os Est\u00e1n Dispuestos A Defender El Desarrollo Y Crecimiento Obtenido En M\u00e1s De Cinco A\u00f1os En La Ciudad &nbsp; Al precisar que la clave del\",\"inLanguage\":\"es\",\"potentialAction\":[{\"@type\":\"ReadAction\",\"target\":[\"https:\\\/\\\/elinformativotam.com\\\/index.php\\\/2024\\\/04\\\/16\\\/defendera-formula-del-pan-en-tampico-la-continuidad\\\/\"]}]},{\"@type\":\"ImageObject\",\"inLanguage\":\"es\",\"@id\":\"https:\\\/\\\/elinformativotam.com\\\/index.php\\\/2024\\\/04\\\/16\\\/defendera-formula-del-pan-en-tampico-la-continuidad\\\/#primaryimage\",\"url\":\"https:\\\/\\\/elinformativotam.com\\\/wp-content\\\/uploads\\\/2024\\\/02\\\/Rosa.jpeg\",\"contentUrl\":\"https:\\\/\\\/elinformativotam.com\\\/wp-content\\\/uploads\\\/2024\\\/02\\\/Rosa.jpeg\",\"width\":1280,\"height\":963},{\"@type\":\"WebSite\",\"@id\":\"https:\\\/\\\/elinformativotam.com\\\/#website\",\"url\":\"https:\\\/\\\/elinformativotam.com\\\/\",\"name\":\"EL INFORMATIVO DE TAMAULIPAS\",\"description\":\"Desde la Zona Metropolitana Para Todo M\u00e9xico\",\"publisher\":{\"@id\":\"https:\\\/\\\/elinformativotam.com\\\/#organization\"},\"potentialAction\":[{\"@type\":\"SearchAction\",\"target\":{\"@type\":\"EntryPoint\",\"urlTemplate\":\"https:\\\/\\\/elinformativotam.com\\\/?s={search_term_string}\"},\"query-input\":{\"@type\":\"PropertyValueSpecification\",\"valueRequired\":true,\"valueName\":\"search_term_string\"}}],\"inLanguage\":\"es\"},{\"@type\":\"Organization\",\"@id\":\"https:\\\/\\\/elinformativotam.com\\\/#organization\",\"name\":\"EL INFORMATIVO DE TAMAULIPAS\",\"url\":\"https:\\\/\\\/elinformativotam.com\\\/\",\"logo\":{\"@type\":\"ImageObject\",\"inLanguage\":\"es\",\"@id\":\"https:\\\/\\\/elinformativotam.com\\\/#\\\/schema\\\/logo\\\/image\\\/\",\"url\":\"https:\\\/\\\/elinformativotam.com\\\/wp-content\\\/uploads\\\/2026\\\/02\\\/Cabezal.png\",\"contentUrl\":\"https:\\\/\\\/elinformativotam.com\\\/wp-content\\\/uploads\\\/2026\\\/02\\\/Cabezal.png\",\"width\":960,\"height\":640,\"caption\":\"EL INFORMATIVO DE TAMAULIPAS\"},\"image\":{\"@id\":\"https:\\\/\\\/elinformativotam.com\\\/#\\\/schema\\\/logo\\\/image\\\/\"}},{\"@type\":\"Person\",\"@id\":\"https:\\\/\\\/elinformativotam.com\\\/#\\\/schema\\\/person\\\/78e08040eed0f6110f0c5f83b6153590\",\"name\":\"El Informativo Tam\",\"image\":{\"@type\":\"ImageObject\",\"inLanguage\":\"es\",\"@id\":\"https:\\\/\\\/secure.gravatar.com\\\/avatar\\\/f3b7ad3af540688955925ac610647be00b0cf41feea9c4978b73a707ee86bc53?s=96&d=mm&r=g\",\"url\":\"https:\\\/\\\/secure.gravatar.com\\\/avatar\\\/f3b7ad3af540688955925ac610647be00b0cf41feea9c4978b73a707ee86bc53?s=96&d=mm&r=g\",\"contentUrl\":\"https:\\\/\\\/secure.gravatar.com\\\/avatar\\\/f3b7ad3af540688955925ac610647be00b0cf41feea9c4978b73a707ee86bc53?s=96&d=mm&r=g\",\"caption\":\"El Informativo Tam\"}}]}<\/script>\n<!-- \/ Yoast SEO plugin. -->","yoast_head_json":{"title":"DEFENDER\u00c1 F\u00d3RMULA DEL PAN EN TAMPICO LA CONTINUIDAD - EL INFORMATIVO DE TAMAULIPAS","description":"*Muchos Tampique\u00f1os Est\u00e1n Dispuestos A Defender El Desarrollo Y Crecimiento Obtenido En M\u00e1s De Cinco A\u00f1os En La Ciudad &nbsp; Al precisar que la clave del","robots":{"index":"index","follow":"follow","max-snippet":"max-snippet:-1","max-image-preview":"max-image-preview:large","max-video-preview":"max-video-preview:-1"},"canonical":"https:\/\/elinformativotam.com\/index.php\/2024\/04\/16\/defendera-formula-del-pan-en-tampico-la-continuidad\/","og_locale":"es_MX","og_type":"article","og_title":"DEFENDER\u00c1 F\u00d3RMULA DEL PAN EN TAMPICO LA CONTINUIDAD - EL INFORMATIVO DE TAMAULIPAS","og_description":"*Muchos Tampique\u00f1os Est\u00e1n Dispuestos A Defender El Desarrollo Y Crecimiento Obtenido En M\u00e1s De Cinco A\u00f1os En La Ciudad &nbsp; Al precisar que la clave del","og_url":"https:\/\/elinformativotam.com\/index.php\/2024\/04\/16\/defendera-formula-del-pan-en-tampico-la-continuidad\/","og_site_name":"EL INFORMATIVO DE TAMAULIPAS","article_published_time":"2024-04-17T04:43:34+00:00","og_image":[{"width":1280,"height":963,"url":"https:\/\/elinformativotam.com\/wp-content\/uploads\/2024\/02\/Rosa.jpeg","type":"image\/jpeg"}],"author":"El Informativo Tam","twitter_card":"summary_large_image","twitter_misc":{"Escrito por":"El Informativo Tam","Tiempo de lectura":"2 minutos"},"schema":{"@context":"https:\/\/schema.org","@graph":[{"@type":"Article","@id":"https:\/\/elinformativotam.com\/index.php\/2024\/04\/16\/defendera-formula-del-pan-en-tampico-la-continuidad\/#article","isPartOf":{"@id":"https:\/\/elinformativotam.com\/index.php\/2024\/04\/16\/defendera-formula-del-pan-en-tampico-la-continuidad\/"},"author":{"name":"El Informativo Tam","@id":"https:\/\/elinformativotam.com\/#\/schema\/person\/78e08040eed0f6110f0c5f83b6153590"},"headline":"DEFENDER\u00c1 F\u00d3RMULA DEL PAN EN TAMPICO LA CONTINUIDAD","datePublished":"2024-04-17T04:43:34+00:00","mainEntityOfPage":{"@id":"https:\/\/elinformativotam.com\/index.php\/2024\/04\/16\/defendera-formula-del-pan-en-tampico-la-continuidad\/"},"wordCount":401,"commentCount":0,"publisher":{"@id":"https:\/\/elinformativotam.com\/#organization"},"image":{"@id":"https:\/\/elinformativotam.com\/index.php\/2024\/04\/16\/defendera-formula-del-pan-en-tampico-la-continuidad\/#primaryimage"},"thumbnailUrl":"https:\/\/elinformativotam.com\/wp-content\/uploads\/2024\/02\/Rosa.jpeg","articleSection":["Tampico"],"inLanguage":"es","potentialAction":[{"@type":"CommentAction","name":"Comment","target":["https:\/\/elinformativotam.com\/index.php\/2024\/04\/16\/defendera-formula-del-pan-en-tampico-la-continuidad\/#respond"]}]},{"@type":"WebPage","@id":"https:\/\/elinformativotam.com\/index.php\/2024\/04\/16\/defendera-formula-del-pan-en-tampico-la-continuidad\/","url":"https:\/\/elinformativotam.com\/index.php\/2024\/04\/16\/defendera-formula-del-pan-en-tampico-la-continuidad\/","name":"DEFENDER\u00c1 F\u00d3RMULA DEL PAN EN TAMPICO LA CONTINUIDAD - EL INFORMATIVO DE TAMAULIPAS","isPartOf":{"@id":"https:\/\/elinformativotam.com\/#website"},"primaryImageOfPage":{"@id":"https:\/\/elinformativotam.com\/index.php\/2024\/04\/16\/defendera-formula-del-pan-en-tampico-la-continuidad\/#primaryimage"},"image":{"@id":"https:\/\/elinformativotam.com\/index.php\/2024\/04\/16\/defendera-formula-del-pan-en-tampico-la-continuidad\/#primaryimage"},"thumbnailUrl":"https:\/\/elinformativotam.com\/wp-content\/uploads\/2024\/02\/Rosa.jpeg","datePublished":"2024-04-17T04:43:34+00:00","description":"*Muchos Tampique\u00f1os Est\u00e1n Dispuestos A Defender El Desarrollo Y Crecimiento Obtenido En M\u00e1s De Cinco A\u00f1os En La Ciudad &nbsp; Al precisar que la clave del","inLanguage":"es","potentialAction":[{"@type":"ReadAction","target":["https:\/\/elinformativotam.com\/index.php\/2024\/04\/16\/defendera-formula-del-pan-en-tampico-la-continuidad\/"]}]},{"@type":"ImageObject","inLanguage":"es","@id":"https:\/\/elinformativotam.com\/index.php\/2024\/04\/16\/defendera-formula-del-pan-en-tampico-la-continuidad\/#primaryimage","url":"https:\/\/elinformativotam.com\/wp-content\/uploads\/2024\/02\/Rosa.jpeg","contentUrl":"https:\/\/elinformativotam.com\/wp-content\/uploads\/2024\/02\/Rosa.jpeg","width":1280,"height":963},{"@type":"WebSite","@id":"https:\/\/elinformativotam.com\/#website","url":"https:\/\/elinformativotam.com\/","name":"EL INFORMATIVO DE TAMAULIPAS","description":"Desde la Zona Metropolitana Para Todo M\u00e9xico","publisher":{"@id":"https:\/\/elinformativotam.com\/#organization"},"potentialAction":[{"@type":"SearchAction","target":{"@type":"EntryPoint","urlTemplate":"https:\/\/elinformativotam.com\/?s={search_term_string}"},"query-input":{"@type":"PropertyValueSpecification","valueRequired":true,"valueName":"search_term_string"}}],"inLanguage":"es"},{"@type":"Organization","@id":"https:\/\/elinformativotam.com\/#organization","name":"EL INFORMATIVO DE TAMAULIPAS","url":"https:\/\/elinformativotam.com\/","logo":{"@type":"ImageObject","inLanguage":"es","@id":"https:\/\/elinformativotam.com\/#\/schema\/logo\/image\/","url":"https:\/\/elinformativotam.com\/wp-content\/uploads\/2026\/02\/Cabezal.png","contentUrl":"https:\/\/elinformativotam.com\/wp-content\/uploads\/2026\/02\/Cabezal.png","width":960,"height":640,"caption":"EL INFORMATIVO DE TAMAULIPAS"},"image":{"@id":"https:\/\/elinformativotam.com\/#\/schema\/logo\/image\/"}},{"@type":"Person","@id":"https:\/\/elinformativotam.com\/#\/schema\/person\/78e08040eed0f6110f0c5f83b6153590","name":"El Informativo Tam","image":{"@type":"ImageObject","inLanguage":"es","@id":"https:\/\/secure.gravatar.com\/avatar\/f3b7ad3af540688955925ac610647be00b0cf41feea9c4978b73a707ee86bc53?s=96&d=mm&r=g","url":"https:\/\/secure.gravatar.com\/avatar\/f3b7ad3af540688955925ac610647be00b0cf41feea9c4978b73a707ee86bc53?s=96&d=mm&r=g","contentUrl":"https:\/\/secure.gravatar.com\/avatar\/f3b7ad3af540688955925ac610647be00b0cf41feea9c4978b73a707ee86bc53?s=96&d=mm&r=g","caption":"El Informativo Tam"}}]}},"_links":{"self":[{"href":"https:\/\/elinformativotam.com\/index.php\/wp-json\/wp\/v2\/posts\/50333","targetHints":{"allow":["GET"]}}],"collection":[{"href":"https:\/\/elinformativotam.com\/index.php\/wp-json\/wp\/v2\/posts"}],"about":[{"href":"https:\/\/elinformativotam.com\/index.php\/wp-json\/wp\/v2\/types\/post"}],"author":[{"embeddable":true,"href":"https:\/\/elinformativotam.com\/index.php\/wp-json\/wp\/v2\/users\/1"}],"replies":[{"embeddable":true,"href":"https:\/\/elinformativotam.com\/index.php\/wp-json\/wp\/v2\/comments?post=50333"}],"version-history":[{"count":1,"href":"https:\/\/elinformativotam.com\/index.php\/wp-json\/wp\/v2\/posts\/50333\/revisions"}],"predecessor-version":[{"id":50334,"href":"https:\/\/elinformativotam.com\/index.php\/wp-json\/wp\/v2\/posts\/50333\/revisions\/50334"}],"wp:featuredmedia":[{"embeddable":true,"href":"https:\/\/elinformativotam.com\/index.php\/wp-json\/wp\/v2\/media\/48941"}],"wp:attachment":[{"href":"https:\/\/elinformativotam.com\/index.php\/wp-json\/wp\/v2\/media?parent=50333"}],"wp:term":[{"taxonomy":"category","embeddable":true,"href":"https:\/\/elinformativotam.com\/index.php\/wp-json\/wp\/v2\/categories?post=50333"},{"taxonomy":"post_tag","embeddable":true,"href":"https:\/\/elinformativotam.com\/index.php\/wp-json\/wp\/v2\/tags?post=50333"}],"curies":[{"name":"wp","href":"https:\/\/api.w.org\/{rel}","templated":true}]}}