{"id":50327,"date":"2024-04-16T22:40:02","date_gmt":"2024-04-17T04:40:02","guid":{"rendered":"https:\/\/elinformativotam.com\/?p=50327"},"modified":"2024-04-16T22:40:02","modified_gmt":"2024-04-17T04:40:02","slug":"rosa-gonzalez-y-formula-de-candidatos-exponen-plan-de-gobierno-a-comunidad-empresarial-de-tampico","status":"publish","type":"post","link":"https:\/\/elinformativotam.com\/index.php\/2024\/04\/16\/rosa-gonzalez-y-formula-de-candidatos-exponen-plan-de-gobierno-a-comunidad-empresarial-de-tampico\/","title":{"rendered":"ROSA GONZ\u00c1LEZ Y F\u00d3RMULA DE CANDIDATOS EXPONEN PLAN DE GOBIERNO A COMUNIDAD EMPRESARIAL DE TAMPICO"},"content":{"rendered":"<p>Al sostener un encuentro con los empresarios adheridos al Consejo de Instituciones Empresariales del Sur de Tamaulipas -CIEST- Rosa Gonz\u00e1lez Azc\u00e1rraga, Candidata de alianza PAN-PRI a la alcald\u00eda de Tampico, asegur\u00f3 que encabezar\u00e1 una administraci\u00f3n que d\u00e9 continuidad a las acciones y programas de modernizaci\u00f3n emprendidos durante el gobierno de Chucho Nader.<\/p>\n<p>&nbsp;<\/p>\n<p>La abanderada de la coalici\u00f3n &#8220;Fuerza y Coraz\u00f3n por Tamaulipas&#8221;, acompa\u00f1ada de su candidata suplente, A\u00edda F\u00e9res de Nader, as\u00ed como los integrantes de la f\u00f3rmula; Chucho Nader, Marcela Unda y Pepe Schekaib\u00e1n, expuso que la transformaci\u00f3n de la ciudad ha sido posible gracias a la participaci\u00f3n de todos los sectores de la sociedad y particularmente, dijo, de la iniciativa privada que se ha sumado con su trabajo y propuestas a la construcci\u00f3n de un municipio seguro, limpio y moderno.<\/p>\n<p>&nbsp;<\/p>\n<p>&#8220;Hoy Tampico es ejemplo nacional de buenos resultados; los tampique\u00f1os hemos trabajado de la mano en el rescate y transformaci\u00f3n de nuestra ciudad, por ello es importante que le demos continuidad a un gobierno que integra las voces y acciones de todos los tampique\u00f1os, un gobierno que escucha, atiende, y resuelve&#8221;.<\/p>\n<p>&nbsp;<\/p>\n<p>Rosa Gonz\u00e1lez Azc\u00e1rraga subray\u00f3 que el esfuerzo conjunto de la sociedad y de la comunidad empresarial ha sido crucial en la recuperaci\u00f3n de la paz y la seguridad como punto de partida para lograr la modernizaci\u00f3n de Tampico.<\/p>\n<p>&nbsp;<\/p>\n<p>&#8220;Dejamos atr\u00e1s el Tampico inseguro, oscuro, sucio y estancado, por una ciudad segura, din\u00e1mica, moderna, limpia y con grandes expectativas de seguir creciendo, por ello les pido que sigamos haciendo equipo para que Tampico siga brillando&#8221;, apunt\u00f3.<\/p>\n<p>&nbsp;<\/p>\n<p>Chucho Nader, Candidato a la Diputaci\u00f3n Federal por el Octavo Distrito, asegur\u00f3 por su parte, que el cambio logrado en el municipio, no es obra de la casualidad, sino del trabajo comprometido, responsable y coordinado entre el gobierno y la sociedad en su conjunto.<\/p>\n<p>&nbsp;<\/p>\n<p>Por su parte, el Consejo Empresarial dirigido por Juan \u00c1ngel Paredes celebr\u00f3 la comparecencia y presentaci\u00f3n de la f\u00f3rmula de candidatos de la alianza.<\/p>\n","protected":false},"excerpt":{"rendered":"<p>Al sostener un encuentro con los empresarios adheridos al Consejo de Instituciones Empresariales del Sur de Tamaulipas -CIEST- Rosa Gonz\u00e1lez&hellip;<\/p>\n","protected":false},"author":1,"featured_media":50328,"comment_status":"open","ping_status":"open","sticky":false,"template":"","format":"standard","meta":{"footnotes":""},"categories":[3],"tags":[],"class_list":["post-50327","post","type-post","status-publish","format-standard","has-post-thumbnail","hentry","category-tampico"],"yoast_head":"<!-- This site is optimized with the Yoast SEO plugin v27.5 - https:\/\/yoast.com\/product\/yoast-seo-wordpress\/ -->\n<title>ROSA GONZ\u00c1LEZ Y F\u00d3RMULA DE CANDIDATOS EXPONEN PLAN DE GOBIERNO A COMUNIDAD EMPRESARIAL DE TAMPICO - EL INFORMATIVO DE TAMAULIPAS<\/title>\n<meta name=\"description\" content=\"Al sostener un encuentro con los empresarios adheridos al Consejo de Instituciones Empresariales del Sur de Tamaulipas -CIEST- Rosa Gonz\u00e1lez Azc\u00e1rraga,\" \/>\n<meta name=\"robots\" content=\"index, follow, max-snippet:-1, max-image-preview:large, max-video-preview:-1\" \/>\n<link rel=\"canonical\" href=\"https:\/\/elinformativotam.com\/index.php\/2024\/04\/16\/rosa-gonzalez-y-formula-de-candidatos-exponen-plan-de-gobierno-a-comunidad-empresarial-de-tampico\/\" \/>\n<meta property=\"og:locale\" content=\"es_MX\" \/>\n<meta property=\"og:type\" content=\"article\" \/>\n<meta property=\"og:title\" content=\"ROSA GONZ\u00c1LEZ Y F\u00d3RMULA DE CANDIDATOS EXPONEN PLAN DE GOBIERNO A COMUNIDAD EMPRESARIAL DE TAMPICO - EL INFORMATIVO DE TAMAULIPAS\" \/>\n<meta property=\"og:description\" content=\"Al sostener un encuentro con los empresarios adheridos al Consejo de Instituciones Empresariales del Sur de Tamaulipas -CIEST- Rosa Gonz\u00e1lez Azc\u00e1rraga,\" \/>\n<meta property=\"og:url\" content=\"https:\/\/elinformativotam.com\/index.php\/2024\/04\/16\/rosa-gonzalez-y-formula-de-candidatos-exponen-plan-de-gobierno-a-comunidad-empresarial-de-tampico\/\" \/>\n<meta property=\"og:site_name\" content=\"EL INFORMATIVO DE TAMAULIPAS\" \/>\n<meta property=\"article:published_time\" content=\"2024-04-17T04:40:02+00:00\" \/>\n<meta property=\"og:image\" content=\"https:\/\/elinformativotam.com\/wp-content\/uploads\/2024\/04\/Rosa2-scaled.jpeg\" \/>\n\t<meta property=\"og:image:width\" content=\"2560\" \/>\n\t<meta property=\"og:image:height\" content=\"1706\" \/>\n\t<meta property=\"og:image:type\" content=\"image\/jpeg\" \/>\n<meta name=\"author\" content=\"El Informativo Tam\" \/>\n<meta name=\"twitter:card\" content=\"summary_large_image\" \/>\n<meta name=\"twitter:label1\" content=\"Escrito por\" \/>\n\t<meta name=\"twitter:data1\" content=\"El Informativo Tam\" \/>\n\t<meta name=\"twitter:label2\" content=\"Tiempo de lectura\" \/>\n\t<meta name=\"twitter:data2\" content=\"2 minutos\" \/>\n<script type=\"application\/ld+json\" class=\"yoast-schema-graph\">{\"@context\":\"https:\\\/\\\/schema.org\",\"@graph\":[{\"@type\":\"Article\",\"@id\":\"https:\\\/\\\/elinformativotam.com\\\/index.php\\\/2024\\\/04\\\/16\\\/rosa-gonzalez-y-formula-de-candidatos-exponen-plan-de-gobierno-a-comunidad-empresarial-de-tampico\\\/#article\",\"isPartOf\":{\"@id\":\"https:\\\/\\\/elinformativotam.com\\\/index.php\\\/2024\\\/04\\\/16\\\/rosa-gonzalez-y-formula-de-candidatos-exponen-plan-de-gobierno-a-comunidad-empresarial-de-tampico\\\/\"},\"author\":{\"name\":\"El Informativo Tam\",\"@id\":\"https:\\\/\\\/elinformativotam.com\\\/#\\\/schema\\\/person\\\/78e08040eed0f6110f0c5f83b6153590\"},\"headline\":\"ROSA GONZ\u00c1LEZ Y F\u00d3RMULA DE CANDIDATOS EXPONEN PLAN DE GOBIERNO A COMUNIDAD EMPRESARIAL DE TAMPICO\",\"datePublished\":\"2024-04-17T04:40:02+00:00\",\"mainEntityOfPage\":{\"@id\":\"https:\\\/\\\/elinformativotam.com\\\/index.php\\\/2024\\\/04\\\/16\\\/rosa-gonzalez-y-formula-de-candidatos-exponen-plan-de-gobierno-a-comunidad-empresarial-de-tampico\\\/\"},\"wordCount\":376,\"commentCount\":0,\"publisher\":{\"@id\":\"https:\\\/\\\/elinformativotam.com\\\/#organization\"},\"image\":{\"@id\":\"https:\\\/\\\/elinformativotam.com\\\/index.php\\\/2024\\\/04\\\/16\\\/rosa-gonzalez-y-formula-de-candidatos-exponen-plan-de-gobierno-a-comunidad-empresarial-de-tampico\\\/#primaryimage\"},\"thumbnailUrl\":\"https:\\\/\\\/elinformativotam.com\\\/wp-content\\\/uploads\\\/2024\\\/04\\\/Rosa2-scaled.jpeg\",\"articleSection\":[\"Tampico\"],\"inLanguage\":\"es\",\"potentialAction\":[{\"@type\":\"CommentAction\",\"name\":\"Comment\",\"target\":[\"https:\\\/\\\/elinformativotam.com\\\/index.php\\\/2024\\\/04\\\/16\\\/rosa-gonzalez-y-formula-de-candidatos-exponen-plan-de-gobierno-a-comunidad-empresarial-de-tampico\\\/#respond\"]}]},{\"@type\":\"WebPage\",\"@id\":\"https:\\\/\\\/elinformativotam.com\\\/index.php\\\/2024\\\/04\\\/16\\\/rosa-gonzalez-y-formula-de-candidatos-exponen-plan-de-gobierno-a-comunidad-empresarial-de-tampico\\\/\",\"url\":\"https:\\\/\\\/elinformativotam.com\\\/index.php\\\/2024\\\/04\\\/16\\\/rosa-gonzalez-y-formula-de-candidatos-exponen-plan-de-gobierno-a-comunidad-empresarial-de-tampico\\\/\",\"name\":\"ROSA GONZ\u00c1LEZ Y F\u00d3RMULA DE CANDIDATOS EXPONEN PLAN DE GOBIERNO A COMUNIDAD EMPRESARIAL DE TAMPICO - EL INFORMATIVO DE TAMAULIPAS\",\"isPartOf\":{\"@id\":\"https:\\\/\\\/elinformativotam.com\\\/#website\"},\"primaryImageOfPage\":{\"@id\":\"https:\\\/\\\/elinformativotam.com\\\/index.php\\\/2024\\\/04\\\/16\\\/rosa-gonzalez-y-formula-de-candidatos-exponen-plan-de-gobierno-a-comunidad-empresarial-de-tampico\\\/#primaryimage\"},\"image\":{\"@id\":\"https:\\\/\\\/elinformativotam.com\\\/index.php\\\/2024\\\/04\\\/16\\\/rosa-gonzalez-y-formula-de-candidatos-exponen-plan-de-gobierno-a-comunidad-empresarial-de-tampico\\\/#primaryimage\"},\"thumbnailUrl\":\"https:\\\/\\\/elinformativotam.com\\\/wp-content\\\/uploads\\\/2024\\\/04\\\/Rosa2-scaled.jpeg\",\"datePublished\":\"2024-04-17T04:40:02+00:00\",\"description\":\"Al sostener un encuentro con los empresarios adheridos al Consejo de Instituciones Empresariales del Sur de Tamaulipas -CIEST- Rosa Gonz\u00e1lez Azc\u00e1rraga,\",\"inLanguage\":\"es\",\"potentialAction\":[{\"@type\":\"ReadAction\",\"target\":[\"https:\\\/\\\/elinformativotam.com\\\/index.php\\\/2024\\\/04\\\/16\\\/rosa-gonzalez-y-formula-de-candidatos-exponen-plan-de-gobierno-a-comunidad-empresarial-de-tampico\\\/\"]}]},{\"@type\":\"ImageObject\",\"inLanguage\":\"es\",\"@id\":\"https:\\\/\\\/elinformativotam.com\\\/index.php\\\/2024\\\/04\\\/16\\\/rosa-gonzalez-y-formula-de-candidatos-exponen-plan-de-gobierno-a-comunidad-empresarial-de-tampico\\\/#primaryimage\",\"url\":\"https:\\\/\\\/elinformativotam.com\\\/wp-content\\\/uploads\\\/2024\\\/04\\\/Rosa2-scaled.jpeg\",\"contentUrl\":\"https:\\\/\\\/elinformativotam.com\\\/wp-content\\\/uploads\\\/2024\\\/04\\\/Rosa2-scaled.jpeg\",\"width\":2560,\"height\":1706},{\"@type\":\"WebSite\",\"@id\":\"https:\\\/\\\/elinformativotam.com\\\/#website\",\"url\":\"https:\\\/\\\/elinformativotam.com\\\/\",\"name\":\"EL INFORMATIVO DE TAMAULIPAS\",\"description\":\"Desde la Zona Metropolitana Para Todo M\u00e9xico\",\"publisher\":{\"@id\":\"https:\\\/\\\/elinformativotam.com\\\/#organization\"},\"potentialAction\":[{\"@type\":\"SearchAction\",\"target\":{\"@type\":\"EntryPoint\",\"urlTemplate\":\"https:\\\/\\\/elinformativotam.com\\\/?s={search_term_string}\"},\"query-input\":{\"@type\":\"PropertyValueSpecification\",\"valueRequired\":true,\"valueName\":\"search_term_string\"}}],\"inLanguage\":\"es\"},{\"@type\":\"Organization\",\"@id\":\"https:\\\/\\\/elinformativotam.com\\\/#organization\",\"name\":\"EL INFORMATIVO DE TAMAULIPAS\",\"url\":\"https:\\\/\\\/elinformativotam.com\\\/\",\"logo\":{\"@type\":\"ImageObject\",\"inLanguage\":\"es\",\"@id\":\"https:\\\/\\\/elinformativotam.com\\\/#\\\/schema\\\/logo\\\/image\\\/\",\"url\":\"https:\\\/\\\/elinformativotam.com\\\/wp-content\\\/uploads\\\/2026\\\/02\\\/Cabezal.png\",\"contentUrl\":\"https:\\\/\\\/elinformativotam.com\\\/wp-content\\\/uploads\\\/2026\\\/02\\\/Cabezal.png\",\"width\":960,\"height\":640,\"caption\":\"EL INFORMATIVO DE TAMAULIPAS\"},\"image\":{\"@id\":\"https:\\\/\\\/elinformativotam.com\\\/#\\\/schema\\\/logo\\\/image\\\/\"}},{\"@type\":\"Person\",\"@id\":\"https:\\\/\\\/elinformativotam.com\\\/#\\\/schema\\\/person\\\/78e08040eed0f6110f0c5f83b6153590\",\"name\":\"El Informativo Tam\",\"image\":{\"@type\":\"ImageObject\",\"inLanguage\":\"es\",\"@id\":\"https:\\\/\\\/secure.gravatar.com\\\/avatar\\\/f3b7ad3af540688955925ac610647be00b0cf41feea9c4978b73a707ee86bc53?s=96&d=mm&r=g\",\"url\":\"https:\\\/\\\/secure.gravatar.com\\\/avatar\\\/f3b7ad3af540688955925ac610647be00b0cf41feea9c4978b73a707ee86bc53?s=96&d=mm&r=g\",\"contentUrl\":\"https:\\\/\\\/secure.gravatar.com\\\/avatar\\\/f3b7ad3af540688955925ac610647be00b0cf41feea9c4978b73a707ee86bc53?s=96&d=mm&r=g\",\"caption\":\"El Informativo Tam\"}}]}<\/script>\n<!-- \/ Yoast SEO plugin. -->","yoast_head_json":{"title":"ROSA GONZ\u00c1LEZ Y F\u00d3RMULA DE CANDIDATOS EXPONEN PLAN DE GOBIERNO A COMUNIDAD EMPRESARIAL DE TAMPICO - EL INFORMATIVO DE TAMAULIPAS","description":"Al sostener un encuentro con los empresarios adheridos al Consejo de Instituciones Empresariales del Sur de Tamaulipas -CIEST- Rosa Gonz\u00e1lez Azc\u00e1rraga,","robots":{"index":"index","follow":"follow","max-snippet":"max-snippet:-1","max-image-preview":"max-image-preview:large","max-video-preview":"max-video-preview:-1"},"canonical":"https:\/\/elinformativotam.com\/index.php\/2024\/04\/16\/rosa-gonzalez-y-formula-de-candidatos-exponen-plan-de-gobierno-a-comunidad-empresarial-de-tampico\/","og_locale":"es_MX","og_type":"article","og_title":"ROSA GONZ\u00c1LEZ Y F\u00d3RMULA DE CANDIDATOS EXPONEN PLAN DE GOBIERNO A COMUNIDAD EMPRESARIAL DE TAMPICO - EL INFORMATIVO DE TAMAULIPAS","og_description":"Al sostener un encuentro con los empresarios adheridos al Consejo de Instituciones Empresariales del Sur de Tamaulipas -CIEST- Rosa Gonz\u00e1lez Azc\u00e1rraga,","og_url":"https:\/\/elinformativotam.com\/index.php\/2024\/04\/16\/rosa-gonzalez-y-formula-de-candidatos-exponen-plan-de-gobierno-a-comunidad-empresarial-de-tampico\/","og_site_name":"EL INFORMATIVO DE TAMAULIPAS","article_published_time":"2024-04-17T04:40:02+00:00","og_image":[{"width":2560,"height":1706,"url":"https:\/\/elinformativotam.com\/wp-content\/uploads\/2024\/04\/Rosa2-scaled.jpeg","type":"image\/jpeg"}],"author":"El Informativo Tam","twitter_card":"summary_large_image","twitter_misc":{"Escrito por":"El Informativo Tam","Tiempo de lectura":"2 minutos"},"schema":{"@context":"https:\/\/schema.org","@graph":[{"@type":"Article","@id":"https:\/\/elinformativotam.com\/index.php\/2024\/04\/16\/rosa-gonzalez-y-formula-de-candidatos-exponen-plan-de-gobierno-a-comunidad-empresarial-de-tampico\/#article","isPartOf":{"@id":"https:\/\/elinformativotam.com\/index.php\/2024\/04\/16\/rosa-gonzalez-y-formula-de-candidatos-exponen-plan-de-gobierno-a-comunidad-empresarial-de-tampico\/"},"author":{"name":"El Informativo Tam","@id":"https:\/\/elinformativotam.com\/#\/schema\/person\/78e08040eed0f6110f0c5f83b6153590"},"headline":"ROSA GONZ\u00c1LEZ Y F\u00d3RMULA DE CANDIDATOS EXPONEN PLAN DE GOBIERNO A COMUNIDAD EMPRESARIAL DE TAMPICO","datePublished":"2024-04-17T04:40:02+00:00","mainEntityOfPage":{"@id":"https:\/\/elinformativotam.com\/index.php\/2024\/04\/16\/rosa-gonzalez-y-formula-de-candidatos-exponen-plan-de-gobierno-a-comunidad-empresarial-de-tampico\/"},"wordCount":376,"commentCount":0,"publisher":{"@id":"https:\/\/elinformativotam.com\/#organization"},"image":{"@id":"https:\/\/elinformativotam.com\/index.php\/2024\/04\/16\/rosa-gonzalez-y-formula-de-candidatos-exponen-plan-de-gobierno-a-comunidad-empresarial-de-tampico\/#primaryimage"},"thumbnailUrl":"https:\/\/elinformativotam.com\/wp-content\/uploads\/2024\/04\/Rosa2-scaled.jpeg","articleSection":["Tampico"],"inLanguage":"es","potentialAction":[{"@type":"CommentAction","name":"Comment","target":["https:\/\/elinformativotam.com\/index.php\/2024\/04\/16\/rosa-gonzalez-y-formula-de-candidatos-exponen-plan-de-gobierno-a-comunidad-empresarial-de-tampico\/#respond"]}]},{"@type":"WebPage","@id":"https:\/\/elinformativotam.com\/index.php\/2024\/04\/16\/rosa-gonzalez-y-formula-de-candidatos-exponen-plan-de-gobierno-a-comunidad-empresarial-de-tampico\/","url":"https:\/\/elinformativotam.com\/index.php\/2024\/04\/16\/rosa-gonzalez-y-formula-de-candidatos-exponen-plan-de-gobierno-a-comunidad-empresarial-de-tampico\/","name":"ROSA GONZ\u00c1LEZ Y F\u00d3RMULA DE CANDIDATOS EXPONEN PLAN DE GOBIERNO A COMUNIDAD EMPRESARIAL DE TAMPICO - EL INFORMATIVO DE TAMAULIPAS","isPartOf":{"@id":"https:\/\/elinformativotam.com\/#website"},"primaryImageOfPage":{"@id":"https:\/\/elinformativotam.com\/index.php\/2024\/04\/16\/rosa-gonzalez-y-formula-de-candidatos-exponen-plan-de-gobierno-a-comunidad-empresarial-de-tampico\/#primaryimage"},"image":{"@id":"https:\/\/elinformativotam.com\/index.php\/2024\/04\/16\/rosa-gonzalez-y-formula-de-candidatos-exponen-plan-de-gobierno-a-comunidad-empresarial-de-tampico\/#primaryimage"},"thumbnailUrl":"https:\/\/elinformativotam.com\/wp-content\/uploads\/2024\/04\/Rosa2-scaled.jpeg","datePublished":"2024-04-17T04:40:02+00:00","description":"Al sostener un encuentro con los empresarios adheridos al Consejo de Instituciones Empresariales del Sur de Tamaulipas -CIEST- Rosa Gonz\u00e1lez Azc\u00e1rraga,","inLanguage":"es","potentialAction":[{"@type":"ReadAction","target":["https:\/\/elinformativotam.com\/index.php\/2024\/04\/16\/rosa-gonzalez-y-formula-de-candidatos-exponen-plan-de-gobierno-a-comunidad-empresarial-de-tampico\/"]}]},{"@type":"ImageObject","inLanguage":"es","@id":"https:\/\/elinformativotam.com\/index.php\/2024\/04\/16\/rosa-gonzalez-y-formula-de-candidatos-exponen-plan-de-gobierno-a-comunidad-empresarial-de-tampico\/#primaryimage","url":"https:\/\/elinformativotam.com\/wp-content\/uploads\/2024\/04\/Rosa2-scaled.jpeg","contentUrl":"https:\/\/elinformativotam.com\/wp-content\/uploads\/2024\/04\/Rosa2-scaled.jpeg","width":2560,"height":1706},{"@type":"WebSite","@id":"https:\/\/elinformativotam.com\/#website","url":"https:\/\/elinformativotam.com\/","name":"EL INFORMATIVO DE TAMAULIPAS","description":"Desde la Zona Metropolitana Para Todo M\u00e9xico","publisher":{"@id":"https:\/\/elinformativotam.com\/#organization"},"potentialAction":[{"@type":"SearchAction","target":{"@type":"EntryPoint","urlTemplate":"https:\/\/elinformativotam.com\/?s={search_term_string}"},"query-input":{"@type":"PropertyValueSpecification","valueRequired":true,"valueName":"search_term_string"}}],"inLanguage":"es"},{"@type":"Organization","@id":"https:\/\/elinformativotam.com\/#organization","name":"EL INFORMATIVO DE TAMAULIPAS","url":"https:\/\/elinformativotam.com\/","logo":{"@type":"ImageObject","inLanguage":"es","@id":"https:\/\/elinformativotam.com\/#\/schema\/logo\/image\/","url":"https:\/\/elinformativotam.com\/wp-content\/uploads\/2026\/02\/Cabezal.png","contentUrl":"https:\/\/elinformativotam.com\/wp-content\/uploads\/2026\/02\/Cabezal.png","width":960,"height":640,"caption":"EL INFORMATIVO DE TAMAULIPAS"},"image":{"@id":"https:\/\/elinformativotam.com\/#\/schema\/logo\/image\/"}},{"@type":"Person","@id":"https:\/\/elinformativotam.com\/#\/schema\/person\/78e08040eed0f6110f0c5f83b6153590","name":"El Informativo Tam","image":{"@type":"ImageObject","inLanguage":"es","@id":"https:\/\/secure.gravatar.com\/avatar\/f3b7ad3af540688955925ac610647be00b0cf41feea9c4978b73a707ee86bc53?s=96&d=mm&r=g","url":"https:\/\/secure.gravatar.com\/avatar\/f3b7ad3af540688955925ac610647be00b0cf41feea9c4978b73a707ee86bc53?s=96&d=mm&r=g","contentUrl":"https:\/\/secure.gravatar.com\/avatar\/f3b7ad3af540688955925ac610647be00b0cf41feea9c4978b73a707ee86bc53?s=96&d=mm&r=g","caption":"El Informativo Tam"}}]}},"_links":{"self":[{"href":"https:\/\/elinformativotam.com\/index.php\/wp-json\/wp\/v2\/posts\/50327","targetHints":{"allow":["GET"]}}],"collection":[{"href":"https:\/\/elinformativotam.com\/index.php\/wp-json\/wp\/v2\/posts"}],"about":[{"href":"https:\/\/elinformativotam.com\/index.php\/wp-json\/wp\/v2\/types\/post"}],"author":[{"embeddable":true,"href":"https:\/\/elinformativotam.com\/index.php\/wp-json\/wp\/v2\/users\/1"}],"replies":[{"embeddable":true,"href":"https:\/\/elinformativotam.com\/index.php\/wp-json\/wp\/v2\/comments?post=50327"}],"version-history":[{"count":1,"href":"https:\/\/elinformativotam.com\/index.php\/wp-json\/wp\/v2\/posts\/50327\/revisions"}],"predecessor-version":[{"id":50329,"href":"https:\/\/elinformativotam.com\/index.php\/wp-json\/wp\/v2\/posts\/50327\/revisions\/50329"}],"wp:featuredmedia":[{"embeddable":true,"href":"https:\/\/elinformativotam.com\/index.php\/wp-json\/wp\/v2\/media\/50328"}],"wp:attachment":[{"href":"https:\/\/elinformativotam.com\/index.php\/wp-json\/wp\/v2\/media?parent=50327"}],"wp:term":[{"taxonomy":"category","embeddable":true,"href":"https:\/\/elinformativotam.com\/index.php\/wp-json\/wp\/v2\/categories?post=50327"},{"taxonomy":"post_tag","embeddable":true,"href":"https:\/\/elinformativotam.com\/index.php\/wp-json\/wp\/v2\/tags?post=50327"}],"curies":[{"name":"wp","href":"https:\/\/api.w.org\/{rel}","templated":true}]}}