{"id":50324,"date":"2024-04-16T22:38:03","date_gmt":"2024-04-17T04:38:03","guid":{"rendered":"https:\/\/elinformativotam.com\/?p=50324"},"modified":"2024-04-16T22:38:03","modified_gmt":"2024-04-17T04:38:03","slug":"impulsara-pepe-schekaiban-programas-que-fortalezcan-el-tejido-social","status":"publish","type":"post","link":"https:\/\/elinformativotam.com\/index.php\/2024\/04\/16\/impulsara-pepe-schekaiban-programas-que-fortalezcan-el-tejido-social\/","title":{"rendered":"IMPULSAR\u00c1 PEPE SCHEKAIB\u00c1N PROGRAMAS QUE FORTALEZCAN EL TEJIDO SOCIAL"},"content":{"rendered":"<p>A fin de reducir los casos de violencia dom\u00e9stica relacionados con la salud mental de los involucrados, el Candidato del PAN a la Diputaci\u00f3n local por el Distrito 22 Tampico Sur, Pepe Schekaib\u00e1n se\u00f1al\u00f3 que desde el Congreso local impulsar\u00e1 legislaciones que favorezcan el acceso de la ciudadan\u00eda a la atenci\u00f3n especializada en salud mental.<\/p>\n<p>&nbsp;<\/p>\n<p>El candidato de la Alianza &#8220;Fuerza y Coraz\u00f3n por Tamaulipas&#8221; precis\u00f3 que de acuerdo a las estad\u00edsticas del Observatorio Ciudadano, la violencia intrafamiliar forma parte de los delitos m\u00e1s recurrentes en el sur de la entidad, por lo que plantear\u00e1 mayores acciones orientadas a la recomposici\u00f3n del tejido social y a la atenci\u00f3n prioritaria a los grupos familiares donde se presente este fen\u00f3meno.<\/p>\n<p>&nbsp;<\/p>\n<p>Al efectuar un recorrido en la colonia Morelos, Pepe Schekaib\u00e1n agreg\u00f3 que su plataforma pol\u00edtica incluye adem\u00e1s fortalecer los programas de concienciaci\u00f3n en torno al cuidado del agua.<\/p>\n<p>&nbsp;<\/p>\n<p>&#8220;El problema que tenemos con el agua es urgente; por ello gestionaremos mayores acciones y programas dirigidos a la sociedad y particularmente a la ni\u00f1ez para cuidarla, igual a la Comapa, le solicitaremos mayor atenci\u00f3n a su infraestructura para remediar las fugas&#8221;, dijo.<\/p>\n<p>&nbsp;<\/p>\n<p>Acompa\u00f1ado de Chucho Nader, Candidato a la Diputaci\u00f3n Federal por el Octavo Distrito;\u00a0 Pepe Schekaib\u00e1n expres\u00f3, por otra parte que que junto a su compa\u00f1era de f\u00f3rmula, Rosa Gonz\u00e1lez, candidata a la alcald\u00eda de Tampico, gestionar\u00e1 becas y est\u00edmulos deportivos para la pr\u00e1ctica de distintas disciplinas que permitan un mejor desarrollo de la ni\u00f1ez y juventud porte\u00f1a.<\/p>\n<p>&nbsp;<\/p>\n<p>Por \u00faltimo, el tambi\u00e9n candidato del PRI subray\u00f3 en la importancia que la ciudadan\u00eda vote en f\u00f3rmula por todos los cargos de elecci\u00f3n popular para concretar las iniciativas de la alianza &#8220;Fuerza y Coraz\u00f3n por Tamaulipas&#8221;.<\/p>\n<p>&nbsp;<\/p>\n","protected":false},"excerpt":{"rendered":"<p>A fin de reducir los casos de violencia dom\u00e9stica relacionados con la salud mental de los involucrados, el Candidato del&hellip;<\/p>\n","protected":false},"author":1,"featured_media":50325,"comment_status":"open","ping_status":"open","sticky":false,"template":"","format":"standard","meta":{"footnotes":""},"categories":[3],"tags":[],"class_list":["post-50324","post","type-post","status-publish","format-standard","has-post-thumbnail","hentry","category-tampico"],"yoast_head":"<!-- This site is optimized with the Yoast SEO plugin v27.5 - https:\/\/yoast.com\/product\/yoast-seo-wordpress\/ -->\n<title>IMPULSAR\u00c1 PEPE SCHEKAIB\u00c1N PROGRAMAS QUE FORTALEZCAN EL TEJIDO SOCIAL - EL INFORMATIVO DE TAMAULIPAS<\/title>\n<meta name=\"description\" content=\"A fin de reducir los casos de violencia dom\u00e9stica relacionados con la salud mental de los involucrados, el Candidato del PAN a la Diputaci\u00f3n local por el\" \/>\n<meta name=\"robots\" content=\"index, follow, max-snippet:-1, max-image-preview:large, max-video-preview:-1\" \/>\n<link rel=\"canonical\" href=\"https:\/\/elinformativotam.com\/index.php\/2024\/04\/16\/impulsara-pepe-schekaiban-programas-que-fortalezcan-el-tejido-social\/\" \/>\n<meta property=\"og:locale\" content=\"es_MX\" \/>\n<meta property=\"og:type\" content=\"article\" \/>\n<meta property=\"og:title\" content=\"IMPULSAR\u00c1 PEPE SCHEKAIB\u00c1N PROGRAMAS QUE FORTALEZCAN EL TEJIDO SOCIAL - EL INFORMATIVO DE TAMAULIPAS\" \/>\n<meta property=\"og:description\" content=\"A fin de reducir los casos de violencia dom\u00e9stica relacionados con la salud mental de los involucrados, el Candidato del PAN a la Diputaci\u00f3n local por el\" \/>\n<meta property=\"og:url\" content=\"https:\/\/elinformativotam.com\/index.php\/2024\/04\/16\/impulsara-pepe-schekaiban-programas-que-fortalezcan-el-tejido-social\/\" \/>\n<meta property=\"og:site_name\" content=\"EL INFORMATIVO DE TAMAULIPAS\" \/>\n<meta property=\"article:published_time\" content=\"2024-04-17T04:38:03+00:00\" \/>\n<meta property=\"og:image\" content=\"https:\/\/elinformativotam.com\/wp-content\/uploads\/2024\/04\/Pepe.jpeg\" \/>\n\t<meta property=\"og:image:width\" content=\"1600\" \/>\n\t<meta property=\"og:image:height\" content=\"1067\" \/>\n\t<meta property=\"og:image:type\" content=\"image\/jpeg\" \/>\n<meta name=\"author\" content=\"El Informativo Tam\" \/>\n<meta name=\"twitter:card\" content=\"summary_large_image\" \/>\n<meta name=\"twitter:label1\" content=\"Escrito por\" \/>\n\t<meta name=\"twitter:data1\" content=\"El Informativo Tam\" \/>\n\t<meta name=\"twitter:label2\" content=\"Tiempo de lectura\" \/>\n\t<meta name=\"twitter:data2\" content=\"2 minutos\" \/>\n<script type=\"application\/ld+json\" class=\"yoast-schema-graph\">{\"@context\":\"https:\\\/\\\/schema.org\",\"@graph\":[{\"@type\":\"Article\",\"@id\":\"https:\\\/\\\/elinformativotam.com\\\/index.php\\\/2024\\\/04\\\/16\\\/impulsara-pepe-schekaiban-programas-que-fortalezcan-el-tejido-social\\\/#article\",\"isPartOf\":{\"@id\":\"https:\\\/\\\/elinformativotam.com\\\/index.php\\\/2024\\\/04\\\/16\\\/impulsara-pepe-schekaiban-programas-que-fortalezcan-el-tejido-social\\\/\"},\"author\":{\"name\":\"El Informativo Tam\",\"@id\":\"https:\\\/\\\/elinformativotam.com\\\/#\\\/schema\\\/person\\\/78e08040eed0f6110f0c5f83b6153590\"},\"headline\":\"IMPULSAR\u00c1 PEPE SCHEKAIB\u00c1N PROGRAMAS QUE FORTALEZCAN EL TEJIDO SOCIAL\",\"datePublished\":\"2024-04-17T04:38:03+00:00\",\"mainEntityOfPage\":{\"@id\":\"https:\\\/\\\/elinformativotam.com\\\/index.php\\\/2024\\\/04\\\/16\\\/impulsara-pepe-schekaiban-programas-que-fortalezcan-el-tejido-social\\\/\"},\"wordCount\":331,\"commentCount\":0,\"publisher\":{\"@id\":\"https:\\\/\\\/elinformativotam.com\\\/#organization\"},\"image\":{\"@id\":\"https:\\\/\\\/elinformativotam.com\\\/index.php\\\/2024\\\/04\\\/16\\\/impulsara-pepe-schekaiban-programas-que-fortalezcan-el-tejido-social\\\/#primaryimage\"},\"thumbnailUrl\":\"https:\\\/\\\/elinformativotam.com\\\/wp-content\\\/uploads\\\/2024\\\/04\\\/Pepe.jpeg\",\"articleSection\":[\"Tampico\"],\"inLanguage\":\"es\",\"potentialAction\":[{\"@type\":\"CommentAction\",\"name\":\"Comment\",\"target\":[\"https:\\\/\\\/elinformativotam.com\\\/index.php\\\/2024\\\/04\\\/16\\\/impulsara-pepe-schekaiban-programas-que-fortalezcan-el-tejido-social\\\/#respond\"]}]},{\"@type\":\"WebPage\",\"@id\":\"https:\\\/\\\/elinformativotam.com\\\/index.php\\\/2024\\\/04\\\/16\\\/impulsara-pepe-schekaiban-programas-que-fortalezcan-el-tejido-social\\\/\",\"url\":\"https:\\\/\\\/elinformativotam.com\\\/index.php\\\/2024\\\/04\\\/16\\\/impulsara-pepe-schekaiban-programas-que-fortalezcan-el-tejido-social\\\/\",\"name\":\"IMPULSAR\u00c1 PEPE SCHEKAIB\u00c1N PROGRAMAS QUE FORTALEZCAN EL TEJIDO SOCIAL - EL INFORMATIVO DE TAMAULIPAS\",\"isPartOf\":{\"@id\":\"https:\\\/\\\/elinformativotam.com\\\/#website\"},\"primaryImageOfPage\":{\"@id\":\"https:\\\/\\\/elinformativotam.com\\\/index.php\\\/2024\\\/04\\\/16\\\/impulsara-pepe-schekaiban-programas-que-fortalezcan-el-tejido-social\\\/#primaryimage\"},\"image\":{\"@id\":\"https:\\\/\\\/elinformativotam.com\\\/index.php\\\/2024\\\/04\\\/16\\\/impulsara-pepe-schekaiban-programas-que-fortalezcan-el-tejido-social\\\/#primaryimage\"},\"thumbnailUrl\":\"https:\\\/\\\/elinformativotam.com\\\/wp-content\\\/uploads\\\/2024\\\/04\\\/Pepe.jpeg\",\"datePublished\":\"2024-04-17T04:38:03+00:00\",\"description\":\"A fin de reducir los casos de violencia dom\u00e9stica relacionados con la salud mental de los involucrados, el Candidato del PAN a la Diputaci\u00f3n local por el\",\"inLanguage\":\"es\",\"potentialAction\":[{\"@type\":\"ReadAction\",\"target\":[\"https:\\\/\\\/elinformativotam.com\\\/index.php\\\/2024\\\/04\\\/16\\\/impulsara-pepe-schekaiban-programas-que-fortalezcan-el-tejido-social\\\/\"]}]},{\"@type\":\"ImageObject\",\"inLanguage\":\"es\",\"@id\":\"https:\\\/\\\/elinformativotam.com\\\/index.php\\\/2024\\\/04\\\/16\\\/impulsara-pepe-schekaiban-programas-que-fortalezcan-el-tejido-social\\\/#primaryimage\",\"url\":\"https:\\\/\\\/elinformativotam.com\\\/wp-content\\\/uploads\\\/2024\\\/04\\\/Pepe.jpeg\",\"contentUrl\":\"https:\\\/\\\/elinformativotam.com\\\/wp-content\\\/uploads\\\/2024\\\/04\\\/Pepe.jpeg\",\"width\":1600,\"height\":1067},{\"@type\":\"WebSite\",\"@id\":\"https:\\\/\\\/elinformativotam.com\\\/#website\",\"url\":\"https:\\\/\\\/elinformativotam.com\\\/\",\"name\":\"EL INFORMATIVO DE TAMAULIPAS\",\"description\":\"Desde la Zona Metropolitana Para Todo M\u00e9xico\",\"publisher\":{\"@id\":\"https:\\\/\\\/elinformativotam.com\\\/#organization\"},\"potentialAction\":[{\"@type\":\"SearchAction\",\"target\":{\"@type\":\"EntryPoint\",\"urlTemplate\":\"https:\\\/\\\/elinformativotam.com\\\/?s={search_term_string}\"},\"query-input\":{\"@type\":\"PropertyValueSpecification\",\"valueRequired\":true,\"valueName\":\"search_term_string\"}}],\"inLanguage\":\"es\"},{\"@type\":\"Organization\",\"@id\":\"https:\\\/\\\/elinformativotam.com\\\/#organization\",\"name\":\"EL INFORMATIVO DE TAMAULIPAS\",\"url\":\"https:\\\/\\\/elinformativotam.com\\\/\",\"logo\":{\"@type\":\"ImageObject\",\"inLanguage\":\"es\",\"@id\":\"https:\\\/\\\/elinformativotam.com\\\/#\\\/schema\\\/logo\\\/image\\\/\",\"url\":\"https:\\\/\\\/elinformativotam.com\\\/wp-content\\\/uploads\\\/2026\\\/02\\\/Cabezal.png\",\"contentUrl\":\"https:\\\/\\\/elinformativotam.com\\\/wp-content\\\/uploads\\\/2026\\\/02\\\/Cabezal.png\",\"width\":960,\"height\":640,\"caption\":\"EL INFORMATIVO DE TAMAULIPAS\"},\"image\":{\"@id\":\"https:\\\/\\\/elinformativotam.com\\\/#\\\/schema\\\/logo\\\/image\\\/\"}},{\"@type\":\"Person\",\"@id\":\"https:\\\/\\\/elinformativotam.com\\\/#\\\/schema\\\/person\\\/78e08040eed0f6110f0c5f83b6153590\",\"name\":\"El Informativo Tam\",\"image\":{\"@type\":\"ImageObject\",\"inLanguage\":\"es\",\"@id\":\"https:\\\/\\\/secure.gravatar.com\\\/avatar\\\/f3b7ad3af540688955925ac610647be00b0cf41feea9c4978b73a707ee86bc53?s=96&d=mm&r=g\",\"url\":\"https:\\\/\\\/secure.gravatar.com\\\/avatar\\\/f3b7ad3af540688955925ac610647be00b0cf41feea9c4978b73a707ee86bc53?s=96&d=mm&r=g\",\"contentUrl\":\"https:\\\/\\\/secure.gravatar.com\\\/avatar\\\/f3b7ad3af540688955925ac610647be00b0cf41feea9c4978b73a707ee86bc53?s=96&d=mm&r=g\",\"caption\":\"El Informativo Tam\"}}]}<\/script>\n<!-- \/ Yoast SEO plugin. -->","yoast_head_json":{"title":"IMPULSAR\u00c1 PEPE SCHEKAIB\u00c1N PROGRAMAS QUE FORTALEZCAN EL TEJIDO SOCIAL - EL INFORMATIVO DE TAMAULIPAS","description":"A fin de reducir los casos de violencia dom\u00e9stica relacionados con la salud mental de los involucrados, el Candidato del PAN a la Diputaci\u00f3n local por el","robots":{"index":"index","follow":"follow","max-snippet":"max-snippet:-1","max-image-preview":"max-image-preview:large","max-video-preview":"max-video-preview:-1"},"canonical":"https:\/\/elinformativotam.com\/index.php\/2024\/04\/16\/impulsara-pepe-schekaiban-programas-que-fortalezcan-el-tejido-social\/","og_locale":"es_MX","og_type":"article","og_title":"IMPULSAR\u00c1 PEPE SCHEKAIB\u00c1N PROGRAMAS QUE FORTALEZCAN EL TEJIDO SOCIAL - EL INFORMATIVO DE TAMAULIPAS","og_description":"A fin de reducir los casos de violencia dom\u00e9stica relacionados con la salud mental de los involucrados, el Candidato del PAN a la Diputaci\u00f3n local por el","og_url":"https:\/\/elinformativotam.com\/index.php\/2024\/04\/16\/impulsara-pepe-schekaiban-programas-que-fortalezcan-el-tejido-social\/","og_site_name":"EL INFORMATIVO DE TAMAULIPAS","article_published_time":"2024-04-17T04:38:03+00:00","og_image":[{"width":1600,"height":1067,"url":"https:\/\/elinformativotam.com\/wp-content\/uploads\/2024\/04\/Pepe.jpeg","type":"image\/jpeg"}],"author":"El Informativo Tam","twitter_card":"summary_large_image","twitter_misc":{"Escrito por":"El Informativo Tam","Tiempo de lectura":"2 minutos"},"schema":{"@context":"https:\/\/schema.org","@graph":[{"@type":"Article","@id":"https:\/\/elinformativotam.com\/index.php\/2024\/04\/16\/impulsara-pepe-schekaiban-programas-que-fortalezcan-el-tejido-social\/#article","isPartOf":{"@id":"https:\/\/elinformativotam.com\/index.php\/2024\/04\/16\/impulsara-pepe-schekaiban-programas-que-fortalezcan-el-tejido-social\/"},"author":{"name":"El Informativo Tam","@id":"https:\/\/elinformativotam.com\/#\/schema\/person\/78e08040eed0f6110f0c5f83b6153590"},"headline":"IMPULSAR\u00c1 PEPE SCHEKAIB\u00c1N PROGRAMAS QUE FORTALEZCAN EL TEJIDO SOCIAL","datePublished":"2024-04-17T04:38:03+00:00","mainEntityOfPage":{"@id":"https:\/\/elinformativotam.com\/index.php\/2024\/04\/16\/impulsara-pepe-schekaiban-programas-que-fortalezcan-el-tejido-social\/"},"wordCount":331,"commentCount":0,"publisher":{"@id":"https:\/\/elinformativotam.com\/#organization"},"image":{"@id":"https:\/\/elinformativotam.com\/index.php\/2024\/04\/16\/impulsara-pepe-schekaiban-programas-que-fortalezcan-el-tejido-social\/#primaryimage"},"thumbnailUrl":"https:\/\/elinformativotam.com\/wp-content\/uploads\/2024\/04\/Pepe.jpeg","articleSection":["Tampico"],"inLanguage":"es","potentialAction":[{"@type":"CommentAction","name":"Comment","target":["https:\/\/elinformativotam.com\/index.php\/2024\/04\/16\/impulsara-pepe-schekaiban-programas-que-fortalezcan-el-tejido-social\/#respond"]}]},{"@type":"WebPage","@id":"https:\/\/elinformativotam.com\/index.php\/2024\/04\/16\/impulsara-pepe-schekaiban-programas-que-fortalezcan-el-tejido-social\/","url":"https:\/\/elinformativotam.com\/index.php\/2024\/04\/16\/impulsara-pepe-schekaiban-programas-que-fortalezcan-el-tejido-social\/","name":"IMPULSAR\u00c1 PEPE SCHEKAIB\u00c1N PROGRAMAS QUE FORTALEZCAN EL TEJIDO SOCIAL - EL INFORMATIVO DE TAMAULIPAS","isPartOf":{"@id":"https:\/\/elinformativotam.com\/#website"},"primaryImageOfPage":{"@id":"https:\/\/elinformativotam.com\/index.php\/2024\/04\/16\/impulsara-pepe-schekaiban-programas-que-fortalezcan-el-tejido-social\/#primaryimage"},"image":{"@id":"https:\/\/elinformativotam.com\/index.php\/2024\/04\/16\/impulsara-pepe-schekaiban-programas-que-fortalezcan-el-tejido-social\/#primaryimage"},"thumbnailUrl":"https:\/\/elinformativotam.com\/wp-content\/uploads\/2024\/04\/Pepe.jpeg","datePublished":"2024-04-17T04:38:03+00:00","description":"A fin de reducir los casos de violencia dom\u00e9stica relacionados con la salud mental de los involucrados, el Candidato del PAN a la Diputaci\u00f3n local por el","inLanguage":"es","potentialAction":[{"@type":"ReadAction","target":["https:\/\/elinformativotam.com\/index.php\/2024\/04\/16\/impulsara-pepe-schekaiban-programas-que-fortalezcan-el-tejido-social\/"]}]},{"@type":"ImageObject","inLanguage":"es","@id":"https:\/\/elinformativotam.com\/index.php\/2024\/04\/16\/impulsara-pepe-schekaiban-programas-que-fortalezcan-el-tejido-social\/#primaryimage","url":"https:\/\/elinformativotam.com\/wp-content\/uploads\/2024\/04\/Pepe.jpeg","contentUrl":"https:\/\/elinformativotam.com\/wp-content\/uploads\/2024\/04\/Pepe.jpeg","width":1600,"height":1067},{"@type":"WebSite","@id":"https:\/\/elinformativotam.com\/#website","url":"https:\/\/elinformativotam.com\/","name":"EL INFORMATIVO DE TAMAULIPAS","description":"Desde la Zona Metropolitana Para Todo M\u00e9xico","publisher":{"@id":"https:\/\/elinformativotam.com\/#organization"},"potentialAction":[{"@type":"SearchAction","target":{"@type":"EntryPoint","urlTemplate":"https:\/\/elinformativotam.com\/?s={search_term_string}"},"query-input":{"@type":"PropertyValueSpecification","valueRequired":true,"valueName":"search_term_string"}}],"inLanguage":"es"},{"@type":"Organization","@id":"https:\/\/elinformativotam.com\/#organization","name":"EL INFORMATIVO DE TAMAULIPAS","url":"https:\/\/elinformativotam.com\/","logo":{"@type":"ImageObject","inLanguage":"es","@id":"https:\/\/elinformativotam.com\/#\/schema\/logo\/image\/","url":"https:\/\/elinformativotam.com\/wp-content\/uploads\/2026\/02\/Cabezal.png","contentUrl":"https:\/\/elinformativotam.com\/wp-content\/uploads\/2026\/02\/Cabezal.png","width":960,"height":640,"caption":"EL INFORMATIVO DE TAMAULIPAS"},"image":{"@id":"https:\/\/elinformativotam.com\/#\/schema\/logo\/image\/"}},{"@type":"Person","@id":"https:\/\/elinformativotam.com\/#\/schema\/person\/78e08040eed0f6110f0c5f83b6153590","name":"El Informativo Tam","image":{"@type":"ImageObject","inLanguage":"es","@id":"https:\/\/secure.gravatar.com\/avatar\/f3b7ad3af540688955925ac610647be00b0cf41feea9c4978b73a707ee86bc53?s=96&d=mm&r=g","url":"https:\/\/secure.gravatar.com\/avatar\/f3b7ad3af540688955925ac610647be00b0cf41feea9c4978b73a707ee86bc53?s=96&d=mm&r=g","contentUrl":"https:\/\/secure.gravatar.com\/avatar\/f3b7ad3af540688955925ac610647be00b0cf41feea9c4978b73a707ee86bc53?s=96&d=mm&r=g","caption":"El Informativo Tam"}}]}},"_links":{"self":[{"href":"https:\/\/elinformativotam.com\/index.php\/wp-json\/wp\/v2\/posts\/50324","targetHints":{"allow":["GET"]}}],"collection":[{"href":"https:\/\/elinformativotam.com\/index.php\/wp-json\/wp\/v2\/posts"}],"about":[{"href":"https:\/\/elinformativotam.com\/index.php\/wp-json\/wp\/v2\/types\/post"}],"author":[{"embeddable":true,"href":"https:\/\/elinformativotam.com\/index.php\/wp-json\/wp\/v2\/users\/1"}],"replies":[{"embeddable":true,"href":"https:\/\/elinformativotam.com\/index.php\/wp-json\/wp\/v2\/comments?post=50324"}],"version-history":[{"count":1,"href":"https:\/\/elinformativotam.com\/index.php\/wp-json\/wp\/v2\/posts\/50324\/revisions"}],"predecessor-version":[{"id":50326,"href":"https:\/\/elinformativotam.com\/index.php\/wp-json\/wp\/v2\/posts\/50324\/revisions\/50326"}],"wp:featuredmedia":[{"embeddable":true,"href":"https:\/\/elinformativotam.com\/index.php\/wp-json\/wp\/v2\/media\/50325"}],"wp:attachment":[{"href":"https:\/\/elinformativotam.com\/index.php\/wp-json\/wp\/v2\/media?parent=50324"}],"wp:term":[{"taxonomy":"category","embeddable":true,"href":"https:\/\/elinformativotam.com\/index.php\/wp-json\/wp\/v2\/categories?post=50324"},{"taxonomy":"post_tag","embeddable":true,"href":"https:\/\/elinformativotam.com\/index.php\/wp-json\/wp\/v2\/tags?post=50324"}],"curies":[{"name":"wp","href":"https:\/\/api.w.org\/{rel}","templated":true}]}}