{"id":50321,"date":"2024-04-16T22:18:15","date_gmt":"2024-04-17T04:18:15","guid":{"rendered":"https:\/\/elinformativotam.com\/?p=50321"},"modified":"2024-04-16T22:18:15","modified_gmt":"2024-04-17T04:18:15","slug":"llamadas-broma-un-dolor-de-cabeza-para-unidades-de-emergencia","status":"publish","type":"post","link":"https:\/\/elinformativotam.com\/index.php\/2024\/04\/16\/llamadas-broma-un-dolor-de-cabeza-para-unidades-de-emergencia\/","title":{"rendered":"LLAMADAS BROMA UN DOLOR DE CABEZA PARA UNIDADES DE EMERGENCIA"},"content":{"rendered":"<p>Llamadas de broma siguen siendo movilizaciones de unidades de emergencia, pero adem\u00e1s de trata de recursos mal implementando que al final se tiene que atender porque podr\u00edan poner en riesgo la integridad de una persona.<\/p>\n<p>&nbsp;<\/p>\n<p>Jose Torres G\u00f3mez, comandante de Bomberos en Altamira expuso que en el \u00faltimo d\u00eda que tuvieron gran movilizaci\u00f3n por incendios en diversas partes de la ciudad, de las 34 llamadas, siete fueron de broma.<\/p>\n<p>&nbsp;<\/p>\n<p>&#8220;Est\u00e1s llamadas eran llamadas que reportaban incendios en diversos lugares, se trata de mujeres (por la voz) se trata de se\u00f1orita y se\u00f1oras m\u00e1s grandes&#8221;, coment\u00f3.<\/p>\n<p>&nbsp;<\/p>\n<p>Record\u00f3 que d\u00edas pasados fue algo muy pesado ya que tuvieron diversos llamados para atender incendios y justo ese d\u00eda fue cuando se reportaron gran cantidad de llamadas que resultaron ser falsas, lo cual, lament\u00f3 porque dejaron de atender una emergencia, para asistir a esos lugares donde no hab\u00eda nada.<\/p>\n<p>&nbsp;<\/p>\n<p>Indic\u00f3 que los mandaron dos veces a Mor\u00f3n, dos veces a la Pedrera. Ah\u00ed mismo\u00a0 ya se hab\u00eda atendido un siniestro por la llamada, sin embargo, las llamadas continuaron todo el d\u00eda.<\/p>\n<p>&nbsp;<\/p>\n","protected":false},"excerpt":{"rendered":"<p>Llamadas de broma siguen siendo movilizaciones de unidades de emergencia, pero adem\u00e1s de trata de recursos mal implementando que al&hellip;<\/p>\n","protected":false},"author":1,"featured_media":50322,"comment_status":"open","ping_status":"open","sticky":false,"template":"","format":"standard","meta":{"footnotes":""},"categories":[5],"tags":[],"class_list":["post-50321","post","type-post","status-publish","format-standard","has-post-thumbnail","hentry","category-altamira"],"yoast_head":"<!-- This site is optimized with the Yoast SEO plugin v27.5 - https:\/\/yoast.com\/product\/yoast-seo-wordpress\/ -->\n<title>LLAMADAS BROMA UN DOLOR DE CABEZA PARA UNIDADES DE EMERGENCIA - EL INFORMATIVO DE TAMAULIPAS<\/title>\n<meta name=\"description\" content=\"Llamadas de broma siguen siendo movilizaciones de unidades de emergencia, pero adem\u00e1s de trata de recursos mal implementando que al final se tiene que\" \/>\n<meta name=\"robots\" content=\"index, follow, max-snippet:-1, max-image-preview:large, max-video-preview:-1\" \/>\n<link rel=\"canonical\" href=\"https:\/\/elinformativotam.com\/index.php\/2024\/04\/16\/llamadas-broma-un-dolor-de-cabeza-para-unidades-de-emergencia\/\" \/>\n<meta property=\"og:locale\" content=\"es_MX\" \/>\n<meta property=\"og:type\" content=\"article\" \/>\n<meta property=\"og:title\" content=\"LLAMADAS BROMA UN DOLOR DE CABEZA PARA UNIDADES DE EMERGENCIA - EL INFORMATIVO DE TAMAULIPAS\" \/>\n<meta property=\"og:description\" content=\"Llamadas de broma siguen siendo movilizaciones de unidades de emergencia, pero adem\u00e1s de trata de recursos mal implementando que al final se tiene que\" \/>\n<meta property=\"og:url\" content=\"https:\/\/elinformativotam.com\/index.php\/2024\/04\/16\/llamadas-broma-un-dolor-de-cabeza-para-unidades-de-emergencia\/\" \/>\n<meta property=\"og:site_name\" content=\"EL INFORMATIVO DE TAMAULIPAS\" \/>\n<meta property=\"article:published_time\" content=\"2024-04-17T04:18:15+00:00\" \/>\n<meta property=\"og:image\" content=\"https:\/\/elinformativotam.com\/wp-content\/uploads\/2024\/04\/Bomberos.jpg\" \/>\n\t<meta property=\"og:image:width\" content=\"960\" \/>\n\t<meta property=\"og:image:height\" content=\"540\" \/>\n\t<meta property=\"og:image:type\" content=\"image\/jpeg\" \/>\n<meta name=\"author\" content=\"El Informativo Tam\" \/>\n<meta name=\"twitter:card\" content=\"summary_large_image\" \/>\n<meta name=\"twitter:label1\" content=\"Escrito por\" \/>\n\t<meta name=\"twitter:data1\" content=\"El Informativo Tam\" \/>\n\t<meta name=\"twitter:label2\" content=\"Tiempo de lectura\" \/>\n\t<meta name=\"twitter:data2\" content=\"2 minutos\" \/>\n<script type=\"application\/ld+json\" class=\"yoast-schema-graph\">{\"@context\":\"https:\\\/\\\/schema.org\",\"@graph\":[{\"@type\":\"Article\",\"@id\":\"https:\\\/\\\/elinformativotam.com\\\/index.php\\\/2024\\\/04\\\/16\\\/llamadas-broma-un-dolor-de-cabeza-para-unidades-de-emergencia\\\/#article\",\"isPartOf\":{\"@id\":\"https:\\\/\\\/elinformativotam.com\\\/index.php\\\/2024\\\/04\\\/16\\\/llamadas-broma-un-dolor-de-cabeza-para-unidades-de-emergencia\\\/\"},\"author\":{\"name\":\"El Informativo Tam\",\"@id\":\"https:\\\/\\\/elinformativotam.com\\\/#\\\/schema\\\/person\\\/78e08040eed0f6110f0c5f83b6153590\"},\"headline\":\"LLAMADAS BROMA UN DOLOR DE CABEZA PARA UNIDADES DE EMERGENCIA\",\"datePublished\":\"2024-04-17T04:18:15+00:00\",\"mainEntityOfPage\":{\"@id\":\"https:\\\/\\\/elinformativotam.com\\\/index.php\\\/2024\\\/04\\\/16\\\/llamadas-broma-un-dolor-de-cabeza-para-unidades-de-emergencia\\\/\"},\"wordCount\":206,\"commentCount\":0,\"publisher\":{\"@id\":\"https:\\\/\\\/elinformativotam.com\\\/#organization\"},\"image\":{\"@id\":\"https:\\\/\\\/elinformativotam.com\\\/index.php\\\/2024\\\/04\\\/16\\\/llamadas-broma-un-dolor-de-cabeza-para-unidades-de-emergencia\\\/#primaryimage\"},\"thumbnailUrl\":\"https:\\\/\\\/elinformativotam.com\\\/wp-content\\\/uploads\\\/2024\\\/04\\\/Bomberos.jpg\",\"articleSection\":[\"Altamira\"],\"inLanguage\":\"es\",\"potentialAction\":[{\"@type\":\"CommentAction\",\"name\":\"Comment\",\"target\":[\"https:\\\/\\\/elinformativotam.com\\\/index.php\\\/2024\\\/04\\\/16\\\/llamadas-broma-un-dolor-de-cabeza-para-unidades-de-emergencia\\\/#respond\"]}]},{\"@type\":\"WebPage\",\"@id\":\"https:\\\/\\\/elinformativotam.com\\\/index.php\\\/2024\\\/04\\\/16\\\/llamadas-broma-un-dolor-de-cabeza-para-unidades-de-emergencia\\\/\",\"url\":\"https:\\\/\\\/elinformativotam.com\\\/index.php\\\/2024\\\/04\\\/16\\\/llamadas-broma-un-dolor-de-cabeza-para-unidades-de-emergencia\\\/\",\"name\":\"LLAMADAS BROMA UN DOLOR DE CABEZA PARA UNIDADES DE EMERGENCIA - EL INFORMATIVO DE TAMAULIPAS\",\"isPartOf\":{\"@id\":\"https:\\\/\\\/elinformativotam.com\\\/#website\"},\"primaryImageOfPage\":{\"@id\":\"https:\\\/\\\/elinformativotam.com\\\/index.php\\\/2024\\\/04\\\/16\\\/llamadas-broma-un-dolor-de-cabeza-para-unidades-de-emergencia\\\/#primaryimage\"},\"image\":{\"@id\":\"https:\\\/\\\/elinformativotam.com\\\/index.php\\\/2024\\\/04\\\/16\\\/llamadas-broma-un-dolor-de-cabeza-para-unidades-de-emergencia\\\/#primaryimage\"},\"thumbnailUrl\":\"https:\\\/\\\/elinformativotam.com\\\/wp-content\\\/uploads\\\/2024\\\/04\\\/Bomberos.jpg\",\"datePublished\":\"2024-04-17T04:18:15+00:00\",\"description\":\"Llamadas de broma siguen siendo movilizaciones de unidades de emergencia, pero adem\u00e1s de trata de recursos mal implementando que al final se tiene que\",\"inLanguage\":\"es\",\"potentialAction\":[{\"@type\":\"ReadAction\",\"target\":[\"https:\\\/\\\/elinformativotam.com\\\/index.php\\\/2024\\\/04\\\/16\\\/llamadas-broma-un-dolor-de-cabeza-para-unidades-de-emergencia\\\/\"]}]},{\"@type\":\"ImageObject\",\"inLanguage\":\"es\",\"@id\":\"https:\\\/\\\/elinformativotam.com\\\/index.php\\\/2024\\\/04\\\/16\\\/llamadas-broma-un-dolor-de-cabeza-para-unidades-de-emergencia\\\/#primaryimage\",\"url\":\"https:\\\/\\\/elinformativotam.com\\\/wp-content\\\/uploads\\\/2024\\\/04\\\/Bomberos.jpg\",\"contentUrl\":\"https:\\\/\\\/elinformativotam.com\\\/wp-content\\\/uploads\\\/2024\\\/04\\\/Bomberos.jpg\",\"width\":960,\"height\":540},{\"@type\":\"WebSite\",\"@id\":\"https:\\\/\\\/elinformativotam.com\\\/#website\",\"url\":\"https:\\\/\\\/elinformativotam.com\\\/\",\"name\":\"EL INFORMATIVO DE TAMAULIPAS\",\"description\":\"Desde la Zona Metropolitana Para Todo M\u00e9xico\",\"publisher\":{\"@id\":\"https:\\\/\\\/elinformativotam.com\\\/#organization\"},\"potentialAction\":[{\"@type\":\"SearchAction\",\"target\":{\"@type\":\"EntryPoint\",\"urlTemplate\":\"https:\\\/\\\/elinformativotam.com\\\/?s={search_term_string}\"},\"query-input\":{\"@type\":\"PropertyValueSpecification\",\"valueRequired\":true,\"valueName\":\"search_term_string\"}}],\"inLanguage\":\"es\"},{\"@type\":\"Organization\",\"@id\":\"https:\\\/\\\/elinformativotam.com\\\/#organization\",\"name\":\"EL INFORMATIVO DE TAMAULIPAS\",\"url\":\"https:\\\/\\\/elinformativotam.com\\\/\",\"logo\":{\"@type\":\"ImageObject\",\"inLanguage\":\"es\",\"@id\":\"https:\\\/\\\/elinformativotam.com\\\/#\\\/schema\\\/logo\\\/image\\\/\",\"url\":\"https:\\\/\\\/elinformativotam.com\\\/wp-content\\\/uploads\\\/2026\\\/02\\\/Cabezal.png\",\"contentUrl\":\"https:\\\/\\\/elinformativotam.com\\\/wp-content\\\/uploads\\\/2026\\\/02\\\/Cabezal.png\",\"width\":960,\"height\":640,\"caption\":\"EL INFORMATIVO DE TAMAULIPAS\"},\"image\":{\"@id\":\"https:\\\/\\\/elinformativotam.com\\\/#\\\/schema\\\/logo\\\/image\\\/\"}},{\"@type\":\"Person\",\"@id\":\"https:\\\/\\\/elinformativotam.com\\\/#\\\/schema\\\/person\\\/78e08040eed0f6110f0c5f83b6153590\",\"name\":\"El Informativo Tam\",\"image\":{\"@type\":\"ImageObject\",\"inLanguage\":\"es\",\"@id\":\"https:\\\/\\\/secure.gravatar.com\\\/avatar\\\/f3b7ad3af540688955925ac610647be00b0cf41feea9c4978b73a707ee86bc53?s=96&d=mm&r=g\",\"url\":\"https:\\\/\\\/secure.gravatar.com\\\/avatar\\\/f3b7ad3af540688955925ac610647be00b0cf41feea9c4978b73a707ee86bc53?s=96&d=mm&r=g\",\"contentUrl\":\"https:\\\/\\\/secure.gravatar.com\\\/avatar\\\/f3b7ad3af540688955925ac610647be00b0cf41feea9c4978b73a707ee86bc53?s=96&d=mm&r=g\",\"caption\":\"El Informativo Tam\"}}]}<\/script>\n<!-- \/ Yoast SEO plugin. -->","yoast_head_json":{"title":"LLAMADAS BROMA UN DOLOR DE CABEZA PARA UNIDADES DE EMERGENCIA - EL INFORMATIVO DE TAMAULIPAS","description":"Llamadas de broma siguen siendo movilizaciones de unidades de emergencia, pero adem\u00e1s de trata de recursos mal implementando que al final se tiene que","robots":{"index":"index","follow":"follow","max-snippet":"max-snippet:-1","max-image-preview":"max-image-preview:large","max-video-preview":"max-video-preview:-1"},"canonical":"https:\/\/elinformativotam.com\/index.php\/2024\/04\/16\/llamadas-broma-un-dolor-de-cabeza-para-unidades-de-emergencia\/","og_locale":"es_MX","og_type":"article","og_title":"LLAMADAS BROMA UN DOLOR DE CABEZA PARA UNIDADES DE EMERGENCIA - EL INFORMATIVO DE TAMAULIPAS","og_description":"Llamadas de broma siguen siendo movilizaciones de unidades de emergencia, pero adem\u00e1s de trata de recursos mal implementando que al final se tiene que","og_url":"https:\/\/elinformativotam.com\/index.php\/2024\/04\/16\/llamadas-broma-un-dolor-de-cabeza-para-unidades-de-emergencia\/","og_site_name":"EL INFORMATIVO DE TAMAULIPAS","article_published_time":"2024-04-17T04:18:15+00:00","og_image":[{"width":960,"height":540,"url":"https:\/\/elinformativotam.com\/wp-content\/uploads\/2024\/04\/Bomberos.jpg","type":"image\/jpeg"}],"author":"El Informativo Tam","twitter_card":"summary_large_image","twitter_misc":{"Escrito por":"El Informativo Tam","Tiempo de lectura":"2 minutos"},"schema":{"@context":"https:\/\/schema.org","@graph":[{"@type":"Article","@id":"https:\/\/elinformativotam.com\/index.php\/2024\/04\/16\/llamadas-broma-un-dolor-de-cabeza-para-unidades-de-emergencia\/#article","isPartOf":{"@id":"https:\/\/elinformativotam.com\/index.php\/2024\/04\/16\/llamadas-broma-un-dolor-de-cabeza-para-unidades-de-emergencia\/"},"author":{"name":"El Informativo Tam","@id":"https:\/\/elinformativotam.com\/#\/schema\/person\/78e08040eed0f6110f0c5f83b6153590"},"headline":"LLAMADAS BROMA UN DOLOR DE CABEZA PARA UNIDADES DE EMERGENCIA","datePublished":"2024-04-17T04:18:15+00:00","mainEntityOfPage":{"@id":"https:\/\/elinformativotam.com\/index.php\/2024\/04\/16\/llamadas-broma-un-dolor-de-cabeza-para-unidades-de-emergencia\/"},"wordCount":206,"commentCount":0,"publisher":{"@id":"https:\/\/elinformativotam.com\/#organization"},"image":{"@id":"https:\/\/elinformativotam.com\/index.php\/2024\/04\/16\/llamadas-broma-un-dolor-de-cabeza-para-unidades-de-emergencia\/#primaryimage"},"thumbnailUrl":"https:\/\/elinformativotam.com\/wp-content\/uploads\/2024\/04\/Bomberos.jpg","articleSection":["Altamira"],"inLanguage":"es","potentialAction":[{"@type":"CommentAction","name":"Comment","target":["https:\/\/elinformativotam.com\/index.php\/2024\/04\/16\/llamadas-broma-un-dolor-de-cabeza-para-unidades-de-emergencia\/#respond"]}]},{"@type":"WebPage","@id":"https:\/\/elinformativotam.com\/index.php\/2024\/04\/16\/llamadas-broma-un-dolor-de-cabeza-para-unidades-de-emergencia\/","url":"https:\/\/elinformativotam.com\/index.php\/2024\/04\/16\/llamadas-broma-un-dolor-de-cabeza-para-unidades-de-emergencia\/","name":"LLAMADAS BROMA UN DOLOR DE CABEZA PARA UNIDADES DE EMERGENCIA - EL INFORMATIVO DE TAMAULIPAS","isPartOf":{"@id":"https:\/\/elinformativotam.com\/#website"},"primaryImageOfPage":{"@id":"https:\/\/elinformativotam.com\/index.php\/2024\/04\/16\/llamadas-broma-un-dolor-de-cabeza-para-unidades-de-emergencia\/#primaryimage"},"image":{"@id":"https:\/\/elinformativotam.com\/index.php\/2024\/04\/16\/llamadas-broma-un-dolor-de-cabeza-para-unidades-de-emergencia\/#primaryimage"},"thumbnailUrl":"https:\/\/elinformativotam.com\/wp-content\/uploads\/2024\/04\/Bomberos.jpg","datePublished":"2024-04-17T04:18:15+00:00","description":"Llamadas de broma siguen siendo movilizaciones de unidades de emergencia, pero adem\u00e1s de trata de recursos mal implementando que al final se tiene que","inLanguage":"es","potentialAction":[{"@type":"ReadAction","target":["https:\/\/elinformativotam.com\/index.php\/2024\/04\/16\/llamadas-broma-un-dolor-de-cabeza-para-unidades-de-emergencia\/"]}]},{"@type":"ImageObject","inLanguage":"es","@id":"https:\/\/elinformativotam.com\/index.php\/2024\/04\/16\/llamadas-broma-un-dolor-de-cabeza-para-unidades-de-emergencia\/#primaryimage","url":"https:\/\/elinformativotam.com\/wp-content\/uploads\/2024\/04\/Bomberos.jpg","contentUrl":"https:\/\/elinformativotam.com\/wp-content\/uploads\/2024\/04\/Bomberos.jpg","width":960,"height":540},{"@type":"WebSite","@id":"https:\/\/elinformativotam.com\/#website","url":"https:\/\/elinformativotam.com\/","name":"EL INFORMATIVO DE TAMAULIPAS","description":"Desde la Zona Metropolitana Para Todo M\u00e9xico","publisher":{"@id":"https:\/\/elinformativotam.com\/#organization"},"potentialAction":[{"@type":"SearchAction","target":{"@type":"EntryPoint","urlTemplate":"https:\/\/elinformativotam.com\/?s={search_term_string}"},"query-input":{"@type":"PropertyValueSpecification","valueRequired":true,"valueName":"search_term_string"}}],"inLanguage":"es"},{"@type":"Organization","@id":"https:\/\/elinformativotam.com\/#organization","name":"EL INFORMATIVO DE TAMAULIPAS","url":"https:\/\/elinformativotam.com\/","logo":{"@type":"ImageObject","inLanguage":"es","@id":"https:\/\/elinformativotam.com\/#\/schema\/logo\/image\/","url":"https:\/\/elinformativotam.com\/wp-content\/uploads\/2026\/02\/Cabezal.png","contentUrl":"https:\/\/elinformativotam.com\/wp-content\/uploads\/2026\/02\/Cabezal.png","width":960,"height":640,"caption":"EL INFORMATIVO DE TAMAULIPAS"},"image":{"@id":"https:\/\/elinformativotam.com\/#\/schema\/logo\/image\/"}},{"@type":"Person","@id":"https:\/\/elinformativotam.com\/#\/schema\/person\/78e08040eed0f6110f0c5f83b6153590","name":"El Informativo Tam","image":{"@type":"ImageObject","inLanguage":"es","@id":"https:\/\/secure.gravatar.com\/avatar\/f3b7ad3af540688955925ac610647be00b0cf41feea9c4978b73a707ee86bc53?s=96&d=mm&r=g","url":"https:\/\/secure.gravatar.com\/avatar\/f3b7ad3af540688955925ac610647be00b0cf41feea9c4978b73a707ee86bc53?s=96&d=mm&r=g","contentUrl":"https:\/\/secure.gravatar.com\/avatar\/f3b7ad3af540688955925ac610647be00b0cf41feea9c4978b73a707ee86bc53?s=96&d=mm&r=g","caption":"El Informativo Tam"}}]}},"_links":{"self":[{"href":"https:\/\/elinformativotam.com\/index.php\/wp-json\/wp\/v2\/posts\/50321","targetHints":{"allow":["GET"]}}],"collection":[{"href":"https:\/\/elinformativotam.com\/index.php\/wp-json\/wp\/v2\/posts"}],"about":[{"href":"https:\/\/elinformativotam.com\/index.php\/wp-json\/wp\/v2\/types\/post"}],"author":[{"embeddable":true,"href":"https:\/\/elinformativotam.com\/index.php\/wp-json\/wp\/v2\/users\/1"}],"replies":[{"embeddable":true,"href":"https:\/\/elinformativotam.com\/index.php\/wp-json\/wp\/v2\/comments?post=50321"}],"version-history":[{"count":1,"href":"https:\/\/elinformativotam.com\/index.php\/wp-json\/wp\/v2\/posts\/50321\/revisions"}],"predecessor-version":[{"id":50323,"href":"https:\/\/elinformativotam.com\/index.php\/wp-json\/wp\/v2\/posts\/50321\/revisions\/50323"}],"wp:featuredmedia":[{"embeddable":true,"href":"https:\/\/elinformativotam.com\/index.php\/wp-json\/wp\/v2\/media\/50322"}],"wp:attachment":[{"href":"https:\/\/elinformativotam.com\/index.php\/wp-json\/wp\/v2\/media?parent=50321"}],"wp:term":[{"taxonomy":"category","embeddable":true,"href":"https:\/\/elinformativotam.com\/index.php\/wp-json\/wp\/v2\/categories?post=50321"},{"taxonomy":"post_tag","embeddable":true,"href":"https:\/\/elinformativotam.com\/index.php\/wp-json\/wp\/v2\/tags?post=50321"}],"curies":[{"name":"wp","href":"https:\/\/api.w.org\/{rel}","templated":true}]}}