{"id":50307,"date":"2024-04-16T09:39:45","date_gmt":"2024-04-16T15:39:45","guid":{"rendered":"https:\/\/elinformativotam.com\/?p=50307"},"modified":"2024-04-16T09:39:45","modified_gmt":"2024-04-16T15:39:45","slug":"miguel-gomez-aborda-la-crisis-hidrica-en-altamira","status":"publish","type":"post","link":"https:\/\/elinformativotam.com\/index.php\/2024\/04\/16\/miguel-gomez-aborda-la-crisis-hidrica-en-altamira\/","title":{"rendered":"MIGUEL G\u00d3MEZ ABORDA LA CRISIS H\u00cdDRICA EN ALTAMIRA"},"content":{"rendered":"<p>Altamira, Tamaulipas, 16 de abril del 2024.- El candidato Miguel G\u00f3mez Orta, representante de la coalici\u00f3n &#8220;Fuerza y Coraz\u00f3n x Tamaulipas&#8221; conformada por los partidos PAN-PRI a la alcald\u00eda de Altamira, ha fijado su postura en relaci\u00f3n con la crisis h\u00eddrica que afecta a nivel nacional, estatal y, en particular, en Altamira.<\/p>\n<p>&nbsp;<\/p>\n<p>Miguel G\u00f3mez ha destacado la importancia de abordar esta problem\u00e1tica con seriedad y profundidad.<\/p>\n<p>&nbsp;<\/p>\n<p>El candidato reconoce que no basta con soluciones superficiales como la simple movilizaci\u00f3n de dragas, sino que se requiere la intervenci\u00f3n de expertos y la realizaci\u00f3n de estudios detallados.<\/p>\n<p>&nbsp;<\/p>\n<p>Tambi\u00e9n Miguel G\u00f3mez ha compartido detalles sobre un proyecto existente propuesto por la C\u00e1mara de la Industria, que busca establecer un muro de contenci\u00f3n en el Moralillo para evitar la introducci\u00f3n de agua salada y convertir la laguna en una cisterna natural.<\/p>\n<p>&nbsp;<\/p>\n<p>Sin embargo, Miguel G\u00f3mez enfatiza que la implementaci\u00f3n de este proyecto requiere un an\u00e1lisis exhaustivo, identificando puntos cr\u00edticos de obstrucci\u00f3n del flujo h\u00eddrico y otras consideraciones t\u00e9cnicas.<\/p>\n<p>&nbsp;<\/p>\n<p>Mientras que, en cuanto a la financiaci\u00f3n del proyecto, Miguel G\u00f3mez ha se\u00f1alado la disposici\u00f3n del municipio para aportar recursos, pero tambi\u00e9n destaca la necesidad de la participaci\u00f3n de la C\u00e1mara de la Industria, que estar\u00eda dispuesta a colaborar siempre y cuando se garantice una inversi\u00f3n adecuada en el tema del agua.<\/p>\n<p>&nbsp;<\/p>\n<p>Por tanto, el candidato fija un enfoque integral y colaborativo reflejando su compromiso con la soluci\u00f3n de la crisis h\u00eddrica en Altamira, adem\u00e1s de que reconociendo la importancia de la participaci\u00f3n de diversos actores y la necesidad de medidas sustentadas en estudios t\u00e9cnicos y expertos en la materia.<\/p>\n<p>&nbsp;<\/p>\n<p>&nbsp;<\/p>\n<p>&nbsp;<\/p>\n","protected":false},"excerpt":{"rendered":"<p>Altamira, Tamaulipas, 16 de abril del 2024.- El candidato Miguel G\u00f3mez Orta, representante de la coalici\u00f3n &#8220;Fuerza y Coraz\u00f3n x&hellip;<\/p>\n","protected":false},"author":1,"featured_media":50308,"comment_status":"open","ping_status":"open","sticky":false,"template":"","format":"standard","meta":{"footnotes":""},"categories":[5],"tags":[],"class_list":["post-50307","post","type-post","status-publish","format-standard","has-post-thumbnail","hentry","category-altamira"],"yoast_head":"<!-- This site is optimized with the Yoast SEO plugin v27.5 - https:\/\/yoast.com\/product\/yoast-seo-wordpress\/ -->\n<title>MIGUEL G\u00d3MEZ ABORDA LA CRISIS H\u00cdDRICA EN ALTAMIRA - EL INFORMATIVO DE TAMAULIPAS<\/title>\n<meta name=\"description\" content=\"Altamira, Tamaulipas, 16 de abril del 2024.- El candidato Miguel G\u00f3mez Orta, representante de la coalici\u00f3n &quot;Fuerza y Coraz\u00f3n x Tamaulipas&quot; conformada por\" \/>\n<meta name=\"robots\" content=\"index, follow, max-snippet:-1, max-image-preview:large, max-video-preview:-1\" \/>\n<link rel=\"canonical\" href=\"https:\/\/elinformativotam.com\/index.php\/2024\/04\/16\/miguel-gomez-aborda-la-crisis-hidrica-en-altamira\/\" \/>\n<meta property=\"og:locale\" content=\"es_MX\" \/>\n<meta property=\"og:type\" content=\"article\" \/>\n<meta property=\"og:title\" content=\"MIGUEL G\u00d3MEZ ABORDA LA CRISIS H\u00cdDRICA EN ALTAMIRA - EL INFORMATIVO DE TAMAULIPAS\" \/>\n<meta property=\"og:description\" content=\"Altamira, Tamaulipas, 16 de abril del 2024.- El candidato Miguel G\u00f3mez Orta, representante de la coalici\u00f3n &quot;Fuerza y Coraz\u00f3n x Tamaulipas&quot; conformada por\" \/>\n<meta property=\"og:url\" content=\"https:\/\/elinformativotam.com\/index.php\/2024\/04\/16\/miguel-gomez-aborda-la-crisis-hidrica-en-altamira\/\" \/>\n<meta property=\"og:site_name\" content=\"EL INFORMATIVO DE TAMAULIPAS\" \/>\n<meta property=\"article:published_time\" content=\"2024-04-16T15:39:45+00:00\" \/>\n<meta property=\"og:image\" content=\"https:\/\/elinformativotam.com\/wp-content\/uploads\/2024\/04\/Altamira.jpeg\" \/>\n\t<meta property=\"og:image:width\" content=\"1600\" \/>\n\t<meta property=\"og:image:height\" content=\"1200\" \/>\n\t<meta property=\"og:image:type\" content=\"image\/jpeg\" \/>\n<meta name=\"author\" content=\"El Informativo Tam\" \/>\n<meta name=\"twitter:card\" content=\"summary_large_image\" \/>\n<meta name=\"twitter:label1\" content=\"Escrito por\" \/>\n\t<meta name=\"twitter:data1\" content=\"El Informativo Tam\" \/>\n\t<meta name=\"twitter:label2\" content=\"Tiempo de lectura\" \/>\n\t<meta name=\"twitter:data2\" content=\"2 minutos\" \/>\n<script type=\"application\/ld+json\" class=\"yoast-schema-graph\">{\"@context\":\"https:\\\/\\\/schema.org\",\"@graph\":[{\"@type\":\"Article\",\"@id\":\"https:\\\/\\\/elinformativotam.com\\\/index.php\\\/2024\\\/04\\\/16\\\/miguel-gomez-aborda-la-crisis-hidrica-en-altamira\\\/#article\",\"isPartOf\":{\"@id\":\"https:\\\/\\\/elinformativotam.com\\\/index.php\\\/2024\\\/04\\\/16\\\/miguel-gomez-aborda-la-crisis-hidrica-en-altamira\\\/\"},\"author\":{\"name\":\"El Informativo Tam\",\"@id\":\"https:\\\/\\\/elinformativotam.com\\\/#\\\/schema\\\/person\\\/78e08040eed0f6110f0c5f83b6153590\"},\"headline\":\"MIGUEL G\u00d3MEZ ABORDA LA CRISIS H\u00cdDRICA EN ALTAMIRA\",\"datePublished\":\"2024-04-16T15:39:45+00:00\",\"mainEntityOfPage\":{\"@id\":\"https:\\\/\\\/elinformativotam.com\\\/index.php\\\/2024\\\/04\\\/16\\\/miguel-gomez-aborda-la-crisis-hidrica-en-altamira\\\/\"},\"wordCount\":319,\"commentCount\":0,\"publisher\":{\"@id\":\"https:\\\/\\\/elinformativotam.com\\\/#organization\"},\"image\":{\"@id\":\"https:\\\/\\\/elinformativotam.com\\\/index.php\\\/2024\\\/04\\\/16\\\/miguel-gomez-aborda-la-crisis-hidrica-en-altamira\\\/#primaryimage\"},\"thumbnailUrl\":\"https:\\\/\\\/elinformativotam.com\\\/wp-content\\\/uploads\\\/2024\\\/04\\\/Altamira.jpeg\",\"articleSection\":[\"Altamira\"],\"inLanguage\":\"es\",\"potentialAction\":[{\"@type\":\"CommentAction\",\"name\":\"Comment\",\"target\":[\"https:\\\/\\\/elinformativotam.com\\\/index.php\\\/2024\\\/04\\\/16\\\/miguel-gomez-aborda-la-crisis-hidrica-en-altamira\\\/#respond\"]}]},{\"@type\":\"WebPage\",\"@id\":\"https:\\\/\\\/elinformativotam.com\\\/index.php\\\/2024\\\/04\\\/16\\\/miguel-gomez-aborda-la-crisis-hidrica-en-altamira\\\/\",\"url\":\"https:\\\/\\\/elinformativotam.com\\\/index.php\\\/2024\\\/04\\\/16\\\/miguel-gomez-aborda-la-crisis-hidrica-en-altamira\\\/\",\"name\":\"MIGUEL G\u00d3MEZ ABORDA LA CRISIS H\u00cdDRICA EN ALTAMIRA - EL INFORMATIVO DE TAMAULIPAS\",\"isPartOf\":{\"@id\":\"https:\\\/\\\/elinformativotam.com\\\/#website\"},\"primaryImageOfPage\":{\"@id\":\"https:\\\/\\\/elinformativotam.com\\\/index.php\\\/2024\\\/04\\\/16\\\/miguel-gomez-aborda-la-crisis-hidrica-en-altamira\\\/#primaryimage\"},\"image\":{\"@id\":\"https:\\\/\\\/elinformativotam.com\\\/index.php\\\/2024\\\/04\\\/16\\\/miguel-gomez-aborda-la-crisis-hidrica-en-altamira\\\/#primaryimage\"},\"thumbnailUrl\":\"https:\\\/\\\/elinformativotam.com\\\/wp-content\\\/uploads\\\/2024\\\/04\\\/Altamira.jpeg\",\"datePublished\":\"2024-04-16T15:39:45+00:00\",\"description\":\"Altamira, Tamaulipas, 16 de abril del 2024.- El candidato Miguel G\u00f3mez Orta, representante de la coalici\u00f3n \\\"Fuerza y Coraz\u00f3n x Tamaulipas\\\" conformada por\",\"inLanguage\":\"es\",\"potentialAction\":[{\"@type\":\"ReadAction\",\"target\":[\"https:\\\/\\\/elinformativotam.com\\\/index.php\\\/2024\\\/04\\\/16\\\/miguel-gomez-aborda-la-crisis-hidrica-en-altamira\\\/\"]}]},{\"@type\":\"ImageObject\",\"inLanguage\":\"es\",\"@id\":\"https:\\\/\\\/elinformativotam.com\\\/index.php\\\/2024\\\/04\\\/16\\\/miguel-gomez-aborda-la-crisis-hidrica-en-altamira\\\/#primaryimage\",\"url\":\"https:\\\/\\\/elinformativotam.com\\\/wp-content\\\/uploads\\\/2024\\\/04\\\/Altamira.jpeg\",\"contentUrl\":\"https:\\\/\\\/elinformativotam.com\\\/wp-content\\\/uploads\\\/2024\\\/04\\\/Altamira.jpeg\",\"width\":1600,\"height\":1200},{\"@type\":\"WebSite\",\"@id\":\"https:\\\/\\\/elinformativotam.com\\\/#website\",\"url\":\"https:\\\/\\\/elinformativotam.com\\\/\",\"name\":\"EL INFORMATIVO DE TAMAULIPAS\",\"description\":\"Desde la Zona Metropolitana Para Todo M\u00e9xico\",\"publisher\":{\"@id\":\"https:\\\/\\\/elinformativotam.com\\\/#organization\"},\"potentialAction\":[{\"@type\":\"SearchAction\",\"target\":{\"@type\":\"EntryPoint\",\"urlTemplate\":\"https:\\\/\\\/elinformativotam.com\\\/?s={search_term_string}\"},\"query-input\":{\"@type\":\"PropertyValueSpecification\",\"valueRequired\":true,\"valueName\":\"search_term_string\"}}],\"inLanguage\":\"es\"},{\"@type\":\"Organization\",\"@id\":\"https:\\\/\\\/elinformativotam.com\\\/#organization\",\"name\":\"EL INFORMATIVO DE TAMAULIPAS\",\"url\":\"https:\\\/\\\/elinformativotam.com\\\/\",\"logo\":{\"@type\":\"ImageObject\",\"inLanguage\":\"es\",\"@id\":\"https:\\\/\\\/elinformativotam.com\\\/#\\\/schema\\\/logo\\\/image\\\/\",\"url\":\"https:\\\/\\\/elinformativotam.com\\\/wp-content\\\/uploads\\\/2026\\\/02\\\/Cabezal.png\",\"contentUrl\":\"https:\\\/\\\/elinformativotam.com\\\/wp-content\\\/uploads\\\/2026\\\/02\\\/Cabezal.png\",\"width\":960,\"height\":640,\"caption\":\"EL INFORMATIVO DE TAMAULIPAS\"},\"image\":{\"@id\":\"https:\\\/\\\/elinformativotam.com\\\/#\\\/schema\\\/logo\\\/image\\\/\"}},{\"@type\":\"Person\",\"@id\":\"https:\\\/\\\/elinformativotam.com\\\/#\\\/schema\\\/person\\\/78e08040eed0f6110f0c5f83b6153590\",\"name\":\"El Informativo Tam\",\"image\":{\"@type\":\"ImageObject\",\"inLanguage\":\"es\",\"@id\":\"https:\\\/\\\/secure.gravatar.com\\\/avatar\\\/f3b7ad3af540688955925ac610647be00b0cf41feea9c4978b73a707ee86bc53?s=96&d=mm&r=g\",\"url\":\"https:\\\/\\\/secure.gravatar.com\\\/avatar\\\/f3b7ad3af540688955925ac610647be00b0cf41feea9c4978b73a707ee86bc53?s=96&d=mm&r=g\",\"contentUrl\":\"https:\\\/\\\/secure.gravatar.com\\\/avatar\\\/f3b7ad3af540688955925ac610647be00b0cf41feea9c4978b73a707ee86bc53?s=96&d=mm&r=g\",\"caption\":\"El Informativo Tam\"}}]}<\/script>\n<!-- \/ Yoast SEO plugin. -->","yoast_head_json":{"title":"MIGUEL G\u00d3MEZ ABORDA LA CRISIS H\u00cdDRICA EN ALTAMIRA - EL INFORMATIVO DE TAMAULIPAS","description":"Altamira, Tamaulipas, 16 de abril del 2024.- El candidato Miguel G\u00f3mez Orta, representante de la coalici\u00f3n \"Fuerza y Coraz\u00f3n x Tamaulipas\" conformada por","robots":{"index":"index","follow":"follow","max-snippet":"max-snippet:-1","max-image-preview":"max-image-preview:large","max-video-preview":"max-video-preview:-1"},"canonical":"https:\/\/elinformativotam.com\/index.php\/2024\/04\/16\/miguel-gomez-aborda-la-crisis-hidrica-en-altamira\/","og_locale":"es_MX","og_type":"article","og_title":"MIGUEL G\u00d3MEZ ABORDA LA CRISIS H\u00cdDRICA EN ALTAMIRA - EL INFORMATIVO DE TAMAULIPAS","og_description":"Altamira, Tamaulipas, 16 de abril del 2024.- El candidato Miguel G\u00f3mez Orta, representante de la coalici\u00f3n \"Fuerza y Coraz\u00f3n x Tamaulipas\" conformada por","og_url":"https:\/\/elinformativotam.com\/index.php\/2024\/04\/16\/miguel-gomez-aborda-la-crisis-hidrica-en-altamira\/","og_site_name":"EL INFORMATIVO DE TAMAULIPAS","article_published_time":"2024-04-16T15:39:45+00:00","og_image":[{"width":1600,"height":1200,"url":"https:\/\/elinformativotam.com\/wp-content\/uploads\/2024\/04\/Altamira.jpeg","type":"image\/jpeg"}],"author":"El Informativo Tam","twitter_card":"summary_large_image","twitter_misc":{"Escrito por":"El Informativo Tam","Tiempo de lectura":"2 minutos"},"schema":{"@context":"https:\/\/schema.org","@graph":[{"@type":"Article","@id":"https:\/\/elinformativotam.com\/index.php\/2024\/04\/16\/miguel-gomez-aborda-la-crisis-hidrica-en-altamira\/#article","isPartOf":{"@id":"https:\/\/elinformativotam.com\/index.php\/2024\/04\/16\/miguel-gomez-aborda-la-crisis-hidrica-en-altamira\/"},"author":{"name":"El Informativo Tam","@id":"https:\/\/elinformativotam.com\/#\/schema\/person\/78e08040eed0f6110f0c5f83b6153590"},"headline":"MIGUEL G\u00d3MEZ ABORDA LA CRISIS H\u00cdDRICA EN ALTAMIRA","datePublished":"2024-04-16T15:39:45+00:00","mainEntityOfPage":{"@id":"https:\/\/elinformativotam.com\/index.php\/2024\/04\/16\/miguel-gomez-aborda-la-crisis-hidrica-en-altamira\/"},"wordCount":319,"commentCount":0,"publisher":{"@id":"https:\/\/elinformativotam.com\/#organization"},"image":{"@id":"https:\/\/elinformativotam.com\/index.php\/2024\/04\/16\/miguel-gomez-aborda-la-crisis-hidrica-en-altamira\/#primaryimage"},"thumbnailUrl":"https:\/\/elinformativotam.com\/wp-content\/uploads\/2024\/04\/Altamira.jpeg","articleSection":["Altamira"],"inLanguage":"es","potentialAction":[{"@type":"CommentAction","name":"Comment","target":["https:\/\/elinformativotam.com\/index.php\/2024\/04\/16\/miguel-gomez-aborda-la-crisis-hidrica-en-altamira\/#respond"]}]},{"@type":"WebPage","@id":"https:\/\/elinformativotam.com\/index.php\/2024\/04\/16\/miguel-gomez-aborda-la-crisis-hidrica-en-altamira\/","url":"https:\/\/elinformativotam.com\/index.php\/2024\/04\/16\/miguel-gomez-aborda-la-crisis-hidrica-en-altamira\/","name":"MIGUEL G\u00d3MEZ ABORDA LA CRISIS H\u00cdDRICA EN ALTAMIRA - EL INFORMATIVO DE TAMAULIPAS","isPartOf":{"@id":"https:\/\/elinformativotam.com\/#website"},"primaryImageOfPage":{"@id":"https:\/\/elinformativotam.com\/index.php\/2024\/04\/16\/miguel-gomez-aborda-la-crisis-hidrica-en-altamira\/#primaryimage"},"image":{"@id":"https:\/\/elinformativotam.com\/index.php\/2024\/04\/16\/miguel-gomez-aborda-la-crisis-hidrica-en-altamira\/#primaryimage"},"thumbnailUrl":"https:\/\/elinformativotam.com\/wp-content\/uploads\/2024\/04\/Altamira.jpeg","datePublished":"2024-04-16T15:39:45+00:00","description":"Altamira, Tamaulipas, 16 de abril del 2024.- El candidato Miguel G\u00f3mez Orta, representante de la coalici\u00f3n \"Fuerza y Coraz\u00f3n x Tamaulipas\" conformada por","inLanguage":"es","potentialAction":[{"@type":"ReadAction","target":["https:\/\/elinformativotam.com\/index.php\/2024\/04\/16\/miguel-gomez-aborda-la-crisis-hidrica-en-altamira\/"]}]},{"@type":"ImageObject","inLanguage":"es","@id":"https:\/\/elinformativotam.com\/index.php\/2024\/04\/16\/miguel-gomez-aborda-la-crisis-hidrica-en-altamira\/#primaryimage","url":"https:\/\/elinformativotam.com\/wp-content\/uploads\/2024\/04\/Altamira.jpeg","contentUrl":"https:\/\/elinformativotam.com\/wp-content\/uploads\/2024\/04\/Altamira.jpeg","width":1600,"height":1200},{"@type":"WebSite","@id":"https:\/\/elinformativotam.com\/#website","url":"https:\/\/elinformativotam.com\/","name":"EL INFORMATIVO DE TAMAULIPAS","description":"Desde la Zona Metropolitana Para Todo M\u00e9xico","publisher":{"@id":"https:\/\/elinformativotam.com\/#organization"},"potentialAction":[{"@type":"SearchAction","target":{"@type":"EntryPoint","urlTemplate":"https:\/\/elinformativotam.com\/?s={search_term_string}"},"query-input":{"@type":"PropertyValueSpecification","valueRequired":true,"valueName":"search_term_string"}}],"inLanguage":"es"},{"@type":"Organization","@id":"https:\/\/elinformativotam.com\/#organization","name":"EL INFORMATIVO DE TAMAULIPAS","url":"https:\/\/elinformativotam.com\/","logo":{"@type":"ImageObject","inLanguage":"es","@id":"https:\/\/elinformativotam.com\/#\/schema\/logo\/image\/","url":"https:\/\/elinformativotam.com\/wp-content\/uploads\/2026\/02\/Cabezal.png","contentUrl":"https:\/\/elinformativotam.com\/wp-content\/uploads\/2026\/02\/Cabezal.png","width":960,"height":640,"caption":"EL INFORMATIVO DE TAMAULIPAS"},"image":{"@id":"https:\/\/elinformativotam.com\/#\/schema\/logo\/image\/"}},{"@type":"Person","@id":"https:\/\/elinformativotam.com\/#\/schema\/person\/78e08040eed0f6110f0c5f83b6153590","name":"El Informativo Tam","image":{"@type":"ImageObject","inLanguage":"es","@id":"https:\/\/secure.gravatar.com\/avatar\/f3b7ad3af540688955925ac610647be00b0cf41feea9c4978b73a707ee86bc53?s=96&d=mm&r=g","url":"https:\/\/secure.gravatar.com\/avatar\/f3b7ad3af540688955925ac610647be00b0cf41feea9c4978b73a707ee86bc53?s=96&d=mm&r=g","contentUrl":"https:\/\/secure.gravatar.com\/avatar\/f3b7ad3af540688955925ac610647be00b0cf41feea9c4978b73a707ee86bc53?s=96&d=mm&r=g","caption":"El Informativo Tam"}}]}},"_links":{"self":[{"href":"https:\/\/elinformativotam.com\/index.php\/wp-json\/wp\/v2\/posts\/50307","targetHints":{"allow":["GET"]}}],"collection":[{"href":"https:\/\/elinformativotam.com\/index.php\/wp-json\/wp\/v2\/posts"}],"about":[{"href":"https:\/\/elinformativotam.com\/index.php\/wp-json\/wp\/v2\/types\/post"}],"author":[{"embeddable":true,"href":"https:\/\/elinformativotam.com\/index.php\/wp-json\/wp\/v2\/users\/1"}],"replies":[{"embeddable":true,"href":"https:\/\/elinformativotam.com\/index.php\/wp-json\/wp\/v2\/comments?post=50307"}],"version-history":[{"count":1,"href":"https:\/\/elinformativotam.com\/index.php\/wp-json\/wp\/v2\/posts\/50307\/revisions"}],"predecessor-version":[{"id":50309,"href":"https:\/\/elinformativotam.com\/index.php\/wp-json\/wp\/v2\/posts\/50307\/revisions\/50309"}],"wp:featuredmedia":[{"embeddable":true,"href":"https:\/\/elinformativotam.com\/index.php\/wp-json\/wp\/v2\/media\/50308"}],"wp:attachment":[{"href":"https:\/\/elinformativotam.com\/index.php\/wp-json\/wp\/v2\/media?parent=50307"}],"wp:term":[{"taxonomy":"category","embeddable":true,"href":"https:\/\/elinformativotam.com\/index.php\/wp-json\/wp\/v2\/categories?post=50307"},{"taxonomy":"post_tag","embeddable":true,"href":"https:\/\/elinformativotam.com\/index.php\/wp-json\/wp\/v2\/tags?post=50307"}],"curies":[{"name":"wp","href":"https:\/\/api.w.org\/{rel}","templated":true}]}}