{"id":50298,"date":"2024-04-16T08:32:12","date_gmt":"2024-04-16T14:32:12","guid":{"rendered":"https:\/\/elinformativotam.com\/?p=50298"},"modified":"2024-04-16T08:32:12","modified_gmt":"2024-04-16T14:32:12","slug":"recorre-armando-martinez-el-sector-laguna-de-la-puerta","status":"publish","type":"post","link":"https:\/\/elinformativotam.com\/index.php\/2024\/04\/16\/recorre-armando-martinez-el-sector-laguna-de-la-puerta\/","title":{"rendered":"RECORRE ARMANDO MART\u00cdNEZ EL SECTOR LAGUNA DE LA PUERTA"},"content":{"rendered":"<p>Altamira, Tamaulipas.- \u00a0Hasta tres kil\u00f3metros recorri\u00f3 el candidato a la presidencia municipal de Altamira para el pr\u00f3ximo periodo 2024 &#8211; 2027, Dr. Armando Mart\u00ednez Manr\u00edquez en el sector Laguna de la Puerta, \u00e1rea en la que casa por casa comparti\u00f3 las propuestas que habr\u00e1n de convertirse en sus ejes de trabajo en caso de salir avante en la jornada electoral del 02 de Junio.<\/p>\n<p>&nbsp;<\/p>\n<p>Fue espec\u00edficamente en el Fracc. Colinas de Altamira donde Mart\u00ednez Manr\u00edquez dio comienzo con su recorrido acompa\u00f1ado de su planilla de s\u00edndicos y regidores, as\u00ed como de decenas de simpatizantes quienes ven en \u00e9l la esperanza de que en Altamira contin\u00fae la transformaci\u00f3n.<\/p>\n<p>&nbsp;<\/p>\n<p>\u201cVamos a seguir atendiendo temas prioritarios para nuestro municipio como lo es el recurso h\u00eddrico. El tema del manejo del agua es un rubro que conocemos, en el que hemos avanzado pero que se le debe de seguir abonando para que contin\u00fae un abastecimiento suficiente entre las familias\u201d, asegur\u00f3 el candidato de la coalici\u00f3n \u201cSigamos Haciendo Historia\u201d, integrada por los partidos MORENA, PVEM y PT.<\/p>\n<p>&nbsp;<\/p>\n<p>Recorri\u00f3 as\u00ed el candidato vialidades de dicho conjunto habitacional como la Municipio de Tampico, Aguascalientes, Colima, Guadalajara, Zacatecas, entre muchas otras, en todas ellas brindando un mensaje de unidad y continuidad de los logros alcanzados entre los vecinos.<\/p>\n<p>&nbsp;<\/p>\n<p>&nbsp;<\/p>\n","protected":false},"excerpt":{"rendered":"<p>Altamira, Tamaulipas.- \u00a0Hasta tres kil\u00f3metros recorri\u00f3 el candidato a la presidencia municipal de Altamira para el pr\u00f3ximo periodo 2024 &#8211;&hellip;<\/p>\n","protected":false},"author":1,"featured_media":50299,"comment_status":"open","ping_status":"open","sticky":false,"template":"","format":"standard","meta":{"footnotes":""},"categories":[5],"tags":[],"class_list":["post-50298","post","type-post","status-publish","format-standard","has-post-thumbnail","hentry","category-altamira"],"yoast_head":"<!-- This site is optimized with the Yoast SEO plugin v27.5 - https:\/\/yoast.com\/product\/yoast-seo-wordpress\/ -->\n<title>RECORRE ARMANDO MART\u00cdNEZ EL SECTOR LAGUNA DE LA PUERTA - EL INFORMATIVO DE TAMAULIPAS<\/title>\n<meta name=\"description\" content=\"Altamira, Tamaulipas.- \u00a0Hasta tres kil\u00f3metros recorri\u00f3 el candidato a la presidencia municipal de Altamira para el pr\u00f3ximo periodo 2024 - 2027, Dr.\" \/>\n<meta name=\"robots\" content=\"index, follow, max-snippet:-1, max-image-preview:large, max-video-preview:-1\" \/>\n<link rel=\"canonical\" href=\"https:\/\/elinformativotam.com\/index.php\/2024\/04\/16\/recorre-armando-martinez-el-sector-laguna-de-la-puerta\/\" \/>\n<meta property=\"og:locale\" content=\"es_MX\" \/>\n<meta property=\"og:type\" content=\"article\" \/>\n<meta property=\"og:title\" content=\"RECORRE ARMANDO MART\u00cdNEZ EL SECTOR LAGUNA DE LA PUERTA - EL INFORMATIVO DE TAMAULIPAS\" \/>\n<meta property=\"og:description\" content=\"Altamira, Tamaulipas.- \u00a0Hasta tres kil\u00f3metros recorri\u00f3 el candidato a la presidencia municipal de Altamira para el pr\u00f3ximo periodo 2024 - 2027, Dr.\" \/>\n<meta property=\"og:url\" content=\"https:\/\/elinformativotam.com\/index.php\/2024\/04\/16\/recorre-armando-martinez-el-sector-laguna-de-la-puerta\/\" \/>\n<meta property=\"og:site_name\" content=\"EL INFORMATIVO DE TAMAULIPAS\" \/>\n<meta property=\"article:published_time\" content=\"2024-04-16T14:32:12+00:00\" \/>\n<meta property=\"og:image\" content=\"https:\/\/elinformativotam.com\/wp-content\/uploads\/2024\/04\/Armando.jpeg\" \/>\n\t<meta property=\"og:image:width\" content=\"1280\" \/>\n\t<meta property=\"og:image:height\" content=\"855\" \/>\n\t<meta property=\"og:image:type\" content=\"image\/jpeg\" \/>\n<meta name=\"author\" content=\"El Informativo Tam\" \/>\n<meta name=\"twitter:card\" content=\"summary_large_image\" \/>\n<meta name=\"twitter:label1\" content=\"Escrito por\" \/>\n\t<meta name=\"twitter:data1\" content=\"El Informativo Tam\" \/>\n\t<meta name=\"twitter:label2\" content=\"Tiempo de lectura\" \/>\n\t<meta name=\"twitter:data2\" content=\"2 minutos\" \/>\n<script type=\"application\/ld+json\" class=\"yoast-schema-graph\">{\"@context\":\"https:\\\/\\\/schema.org\",\"@graph\":[{\"@type\":\"Article\",\"@id\":\"https:\\\/\\\/elinformativotam.com\\\/index.php\\\/2024\\\/04\\\/16\\\/recorre-armando-martinez-el-sector-laguna-de-la-puerta\\\/#article\",\"isPartOf\":{\"@id\":\"https:\\\/\\\/elinformativotam.com\\\/index.php\\\/2024\\\/04\\\/16\\\/recorre-armando-martinez-el-sector-laguna-de-la-puerta\\\/\"},\"author\":{\"name\":\"El Informativo Tam\",\"@id\":\"https:\\\/\\\/elinformativotam.com\\\/#\\\/schema\\\/person\\\/78e08040eed0f6110f0c5f83b6153590\"},\"headline\":\"RECORRE ARMANDO MART\u00cdNEZ EL SECTOR LAGUNA DE LA PUERTA\",\"datePublished\":\"2024-04-16T14:32:12+00:00\",\"mainEntityOfPage\":{\"@id\":\"https:\\\/\\\/elinformativotam.com\\\/index.php\\\/2024\\\/04\\\/16\\\/recorre-armando-martinez-el-sector-laguna-de-la-puerta\\\/\"},\"wordCount\":238,\"commentCount\":0,\"publisher\":{\"@id\":\"https:\\\/\\\/elinformativotam.com\\\/#organization\"},\"image\":{\"@id\":\"https:\\\/\\\/elinformativotam.com\\\/index.php\\\/2024\\\/04\\\/16\\\/recorre-armando-martinez-el-sector-laguna-de-la-puerta\\\/#primaryimage\"},\"thumbnailUrl\":\"https:\\\/\\\/elinformativotam.com\\\/wp-content\\\/uploads\\\/2024\\\/04\\\/Armando.jpeg\",\"articleSection\":[\"Altamira\"],\"inLanguage\":\"es\",\"potentialAction\":[{\"@type\":\"CommentAction\",\"name\":\"Comment\",\"target\":[\"https:\\\/\\\/elinformativotam.com\\\/index.php\\\/2024\\\/04\\\/16\\\/recorre-armando-martinez-el-sector-laguna-de-la-puerta\\\/#respond\"]}]},{\"@type\":\"WebPage\",\"@id\":\"https:\\\/\\\/elinformativotam.com\\\/index.php\\\/2024\\\/04\\\/16\\\/recorre-armando-martinez-el-sector-laguna-de-la-puerta\\\/\",\"url\":\"https:\\\/\\\/elinformativotam.com\\\/index.php\\\/2024\\\/04\\\/16\\\/recorre-armando-martinez-el-sector-laguna-de-la-puerta\\\/\",\"name\":\"RECORRE ARMANDO MART\u00cdNEZ EL SECTOR LAGUNA DE LA PUERTA - EL INFORMATIVO DE TAMAULIPAS\",\"isPartOf\":{\"@id\":\"https:\\\/\\\/elinformativotam.com\\\/#website\"},\"primaryImageOfPage\":{\"@id\":\"https:\\\/\\\/elinformativotam.com\\\/index.php\\\/2024\\\/04\\\/16\\\/recorre-armando-martinez-el-sector-laguna-de-la-puerta\\\/#primaryimage\"},\"image\":{\"@id\":\"https:\\\/\\\/elinformativotam.com\\\/index.php\\\/2024\\\/04\\\/16\\\/recorre-armando-martinez-el-sector-laguna-de-la-puerta\\\/#primaryimage\"},\"thumbnailUrl\":\"https:\\\/\\\/elinformativotam.com\\\/wp-content\\\/uploads\\\/2024\\\/04\\\/Armando.jpeg\",\"datePublished\":\"2024-04-16T14:32:12+00:00\",\"description\":\"Altamira, Tamaulipas.- \u00a0Hasta tres kil\u00f3metros recorri\u00f3 el candidato a la presidencia municipal de Altamira para el pr\u00f3ximo periodo 2024 - 2027, Dr.\",\"inLanguage\":\"es\",\"potentialAction\":[{\"@type\":\"ReadAction\",\"target\":[\"https:\\\/\\\/elinformativotam.com\\\/index.php\\\/2024\\\/04\\\/16\\\/recorre-armando-martinez-el-sector-laguna-de-la-puerta\\\/\"]}]},{\"@type\":\"ImageObject\",\"inLanguage\":\"es\",\"@id\":\"https:\\\/\\\/elinformativotam.com\\\/index.php\\\/2024\\\/04\\\/16\\\/recorre-armando-martinez-el-sector-laguna-de-la-puerta\\\/#primaryimage\",\"url\":\"https:\\\/\\\/elinformativotam.com\\\/wp-content\\\/uploads\\\/2024\\\/04\\\/Armando.jpeg\",\"contentUrl\":\"https:\\\/\\\/elinformativotam.com\\\/wp-content\\\/uploads\\\/2024\\\/04\\\/Armando.jpeg\",\"width\":1280,\"height\":855},{\"@type\":\"WebSite\",\"@id\":\"https:\\\/\\\/elinformativotam.com\\\/#website\",\"url\":\"https:\\\/\\\/elinformativotam.com\\\/\",\"name\":\"EL INFORMATIVO DE TAMAULIPAS\",\"description\":\"Desde la Zona Metropolitana Para Todo M\u00e9xico\",\"publisher\":{\"@id\":\"https:\\\/\\\/elinformativotam.com\\\/#organization\"},\"potentialAction\":[{\"@type\":\"SearchAction\",\"target\":{\"@type\":\"EntryPoint\",\"urlTemplate\":\"https:\\\/\\\/elinformativotam.com\\\/?s={search_term_string}\"},\"query-input\":{\"@type\":\"PropertyValueSpecification\",\"valueRequired\":true,\"valueName\":\"search_term_string\"}}],\"inLanguage\":\"es\"},{\"@type\":\"Organization\",\"@id\":\"https:\\\/\\\/elinformativotam.com\\\/#organization\",\"name\":\"EL INFORMATIVO DE TAMAULIPAS\",\"url\":\"https:\\\/\\\/elinformativotam.com\\\/\",\"logo\":{\"@type\":\"ImageObject\",\"inLanguage\":\"es\",\"@id\":\"https:\\\/\\\/elinformativotam.com\\\/#\\\/schema\\\/logo\\\/image\\\/\",\"url\":\"https:\\\/\\\/elinformativotam.com\\\/wp-content\\\/uploads\\\/2026\\\/02\\\/Cabezal.png\",\"contentUrl\":\"https:\\\/\\\/elinformativotam.com\\\/wp-content\\\/uploads\\\/2026\\\/02\\\/Cabezal.png\",\"width\":960,\"height\":640,\"caption\":\"EL INFORMATIVO DE TAMAULIPAS\"},\"image\":{\"@id\":\"https:\\\/\\\/elinformativotam.com\\\/#\\\/schema\\\/logo\\\/image\\\/\"}},{\"@type\":\"Person\",\"@id\":\"https:\\\/\\\/elinformativotam.com\\\/#\\\/schema\\\/person\\\/78e08040eed0f6110f0c5f83b6153590\",\"name\":\"El Informativo Tam\",\"image\":{\"@type\":\"ImageObject\",\"inLanguage\":\"es\",\"@id\":\"https:\\\/\\\/secure.gravatar.com\\\/avatar\\\/f3b7ad3af540688955925ac610647be00b0cf41feea9c4978b73a707ee86bc53?s=96&d=mm&r=g\",\"url\":\"https:\\\/\\\/secure.gravatar.com\\\/avatar\\\/f3b7ad3af540688955925ac610647be00b0cf41feea9c4978b73a707ee86bc53?s=96&d=mm&r=g\",\"contentUrl\":\"https:\\\/\\\/secure.gravatar.com\\\/avatar\\\/f3b7ad3af540688955925ac610647be00b0cf41feea9c4978b73a707ee86bc53?s=96&d=mm&r=g\",\"caption\":\"El Informativo Tam\"}}]}<\/script>\n<!-- \/ Yoast SEO plugin. -->","yoast_head_json":{"title":"RECORRE ARMANDO MART\u00cdNEZ EL SECTOR LAGUNA DE LA PUERTA - EL INFORMATIVO DE TAMAULIPAS","description":"Altamira, Tamaulipas.- \u00a0Hasta tres kil\u00f3metros recorri\u00f3 el candidato a la presidencia municipal de Altamira para el pr\u00f3ximo periodo 2024 - 2027, Dr.","robots":{"index":"index","follow":"follow","max-snippet":"max-snippet:-1","max-image-preview":"max-image-preview:large","max-video-preview":"max-video-preview:-1"},"canonical":"https:\/\/elinformativotam.com\/index.php\/2024\/04\/16\/recorre-armando-martinez-el-sector-laguna-de-la-puerta\/","og_locale":"es_MX","og_type":"article","og_title":"RECORRE ARMANDO MART\u00cdNEZ EL SECTOR LAGUNA DE LA PUERTA - EL INFORMATIVO DE TAMAULIPAS","og_description":"Altamira, Tamaulipas.- \u00a0Hasta tres kil\u00f3metros recorri\u00f3 el candidato a la presidencia municipal de Altamira para el pr\u00f3ximo periodo 2024 - 2027, Dr.","og_url":"https:\/\/elinformativotam.com\/index.php\/2024\/04\/16\/recorre-armando-martinez-el-sector-laguna-de-la-puerta\/","og_site_name":"EL INFORMATIVO DE TAMAULIPAS","article_published_time":"2024-04-16T14:32:12+00:00","og_image":[{"width":1280,"height":855,"url":"https:\/\/elinformativotam.com\/wp-content\/uploads\/2024\/04\/Armando.jpeg","type":"image\/jpeg"}],"author":"El Informativo Tam","twitter_card":"summary_large_image","twitter_misc":{"Escrito por":"El Informativo Tam","Tiempo de lectura":"2 minutos"},"schema":{"@context":"https:\/\/schema.org","@graph":[{"@type":"Article","@id":"https:\/\/elinformativotam.com\/index.php\/2024\/04\/16\/recorre-armando-martinez-el-sector-laguna-de-la-puerta\/#article","isPartOf":{"@id":"https:\/\/elinformativotam.com\/index.php\/2024\/04\/16\/recorre-armando-martinez-el-sector-laguna-de-la-puerta\/"},"author":{"name":"El Informativo Tam","@id":"https:\/\/elinformativotam.com\/#\/schema\/person\/78e08040eed0f6110f0c5f83b6153590"},"headline":"RECORRE ARMANDO MART\u00cdNEZ EL SECTOR LAGUNA DE LA PUERTA","datePublished":"2024-04-16T14:32:12+00:00","mainEntityOfPage":{"@id":"https:\/\/elinformativotam.com\/index.php\/2024\/04\/16\/recorre-armando-martinez-el-sector-laguna-de-la-puerta\/"},"wordCount":238,"commentCount":0,"publisher":{"@id":"https:\/\/elinformativotam.com\/#organization"},"image":{"@id":"https:\/\/elinformativotam.com\/index.php\/2024\/04\/16\/recorre-armando-martinez-el-sector-laguna-de-la-puerta\/#primaryimage"},"thumbnailUrl":"https:\/\/elinformativotam.com\/wp-content\/uploads\/2024\/04\/Armando.jpeg","articleSection":["Altamira"],"inLanguage":"es","potentialAction":[{"@type":"CommentAction","name":"Comment","target":["https:\/\/elinformativotam.com\/index.php\/2024\/04\/16\/recorre-armando-martinez-el-sector-laguna-de-la-puerta\/#respond"]}]},{"@type":"WebPage","@id":"https:\/\/elinformativotam.com\/index.php\/2024\/04\/16\/recorre-armando-martinez-el-sector-laguna-de-la-puerta\/","url":"https:\/\/elinformativotam.com\/index.php\/2024\/04\/16\/recorre-armando-martinez-el-sector-laguna-de-la-puerta\/","name":"RECORRE ARMANDO MART\u00cdNEZ EL SECTOR LAGUNA DE LA PUERTA - EL INFORMATIVO DE TAMAULIPAS","isPartOf":{"@id":"https:\/\/elinformativotam.com\/#website"},"primaryImageOfPage":{"@id":"https:\/\/elinformativotam.com\/index.php\/2024\/04\/16\/recorre-armando-martinez-el-sector-laguna-de-la-puerta\/#primaryimage"},"image":{"@id":"https:\/\/elinformativotam.com\/index.php\/2024\/04\/16\/recorre-armando-martinez-el-sector-laguna-de-la-puerta\/#primaryimage"},"thumbnailUrl":"https:\/\/elinformativotam.com\/wp-content\/uploads\/2024\/04\/Armando.jpeg","datePublished":"2024-04-16T14:32:12+00:00","description":"Altamira, Tamaulipas.- \u00a0Hasta tres kil\u00f3metros recorri\u00f3 el candidato a la presidencia municipal de Altamira para el pr\u00f3ximo periodo 2024 - 2027, Dr.","inLanguage":"es","potentialAction":[{"@type":"ReadAction","target":["https:\/\/elinformativotam.com\/index.php\/2024\/04\/16\/recorre-armando-martinez-el-sector-laguna-de-la-puerta\/"]}]},{"@type":"ImageObject","inLanguage":"es","@id":"https:\/\/elinformativotam.com\/index.php\/2024\/04\/16\/recorre-armando-martinez-el-sector-laguna-de-la-puerta\/#primaryimage","url":"https:\/\/elinformativotam.com\/wp-content\/uploads\/2024\/04\/Armando.jpeg","contentUrl":"https:\/\/elinformativotam.com\/wp-content\/uploads\/2024\/04\/Armando.jpeg","width":1280,"height":855},{"@type":"WebSite","@id":"https:\/\/elinformativotam.com\/#website","url":"https:\/\/elinformativotam.com\/","name":"EL INFORMATIVO DE TAMAULIPAS","description":"Desde la Zona Metropolitana Para Todo M\u00e9xico","publisher":{"@id":"https:\/\/elinformativotam.com\/#organization"},"potentialAction":[{"@type":"SearchAction","target":{"@type":"EntryPoint","urlTemplate":"https:\/\/elinformativotam.com\/?s={search_term_string}"},"query-input":{"@type":"PropertyValueSpecification","valueRequired":true,"valueName":"search_term_string"}}],"inLanguage":"es"},{"@type":"Organization","@id":"https:\/\/elinformativotam.com\/#organization","name":"EL INFORMATIVO DE TAMAULIPAS","url":"https:\/\/elinformativotam.com\/","logo":{"@type":"ImageObject","inLanguage":"es","@id":"https:\/\/elinformativotam.com\/#\/schema\/logo\/image\/","url":"https:\/\/elinformativotam.com\/wp-content\/uploads\/2026\/02\/Cabezal.png","contentUrl":"https:\/\/elinformativotam.com\/wp-content\/uploads\/2026\/02\/Cabezal.png","width":960,"height":640,"caption":"EL INFORMATIVO DE TAMAULIPAS"},"image":{"@id":"https:\/\/elinformativotam.com\/#\/schema\/logo\/image\/"}},{"@type":"Person","@id":"https:\/\/elinformativotam.com\/#\/schema\/person\/78e08040eed0f6110f0c5f83b6153590","name":"El Informativo Tam","image":{"@type":"ImageObject","inLanguage":"es","@id":"https:\/\/secure.gravatar.com\/avatar\/f3b7ad3af540688955925ac610647be00b0cf41feea9c4978b73a707ee86bc53?s=96&d=mm&r=g","url":"https:\/\/secure.gravatar.com\/avatar\/f3b7ad3af540688955925ac610647be00b0cf41feea9c4978b73a707ee86bc53?s=96&d=mm&r=g","contentUrl":"https:\/\/secure.gravatar.com\/avatar\/f3b7ad3af540688955925ac610647be00b0cf41feea9c4978b73a707ee86bc53?s=96&d=mm&r=g","caption":"El Informativo Tam"}}]}},"_links":{"self":[{"href":"https:\/\/elinformativotam.com\/index.php\/wp-json\/wp\/v2\/posts\/50298","targetHints":{"allow":["GET"]}}],"collection":[{"href":"https:\/\/elinformativotam.com\/index.php\/wp-json\/wp\/v2\/posts"}],"about":[{"href":"https:\/\/elinformativotam.com\/index.php\/wp-json\/wp\/v2\/types\/post"}],"author":[{"embeddable":true,"href":"https:\/\/elinformativotam.com\/index.php\/wp-json\/wp\/v2\/users\/1"}],"replies":[{"embeddable":true,"href":"https:\/\/elinformativotam.com\/index.php\/wp-json\/wp\/v2\/comments?post=50298"}],"version-history":[{"count":1,"href":"https:\/\/elinformativotam.com\/index.php\/wp-json\/wp\/v2\/posts\/50298\/revisions"}],"predecessor-version":[{"id":50300,"href":"https:\/\/elinformativotam.com\/index.php\/wp-json\/wp\/v2\/posts\/50298\/revisions\/50300"}],"wp:featuredmedia":[{"embeddable":true,"href":"https:\/\/elinformativotam.com\/index.php\/wp-json\/wp\/v2\/media\/50299"}],"wp:attachment":[{"href":"https:\/\/elinformativotam.com\/index.php\/wp-json\/wp\/v2\/media?parent=50298"}],"wp:term":[{"taxonomy":"category","embeddable":true,"href":"https:\/\/elinformativotam.com\/index.php\/wp-json\/wp\/v2\/categories?post=50298"},{"taxonomy":"post_tag","embeddable":true,"href":"https:\/\/elinformativotam.com\/index.php\/wp-json\/wp\/v2\/tags?post=50298"}],"curies":[{"name":"wp","href":"https:\/\/api.w.org\/{rel}","templated":true}]}}