{"id":50294,"date":"2024-04-15T22:17:24","date_gmt":"2024-04-16T04:17:24","guid":{"rendered":"https:\/\/elinformativotam.com\/?p=50294"},"modified":"2024-04-15T22:17:24","modified_gmt":"2024-04-16T04:17:24","slug":"para-que-tampico-siga-brillando-vamos-a-seguirle-rosa-gonzalez","status":"publish","type":"post","link":"https:\/\/elinformativotam.com\/index.php\/2024\/04\/15\/para-que-tampico-siga-brillando-vamos-a-seguirle-rosa-gonzalez\/","title":{"rendered":"PARA QUE TAMPICO SIGA BRILLANDO; VAMOS A SEGUIRLE: ROSA GONZ\u00c1LEZ"},"content":{"rendered":"<h2 style=\"text-align: center;\"><em><span style=\"font-family: 'times new roman', times;\">*Miles De Tampique\u00f1os Se Pronuncian En Favor De Los Candidatos De La Alianza<\/span><\/em><\/h2>\n<p>&nbsp;<\/p>\n<p>Rosa Gonz\u00e1lez Azc\u00e1rraga arranc\u00f3 este lunes su campa\u00f1a rumbo a la Alcald\u00eda de Tampico, arropada por el cari\u00f1o y apoyo de miles de entusiastas tampique\u00f1os congregados en las canchas gemelas del Sector Infonavit, donde se comprometi\u00f3 a seguir construyendo la prosperidad de la ciudad a trav\u00e9s de programas y acciones que atiendan los anhelos de la poblaci\u00f3n.<\/p>\n<p>&nbsp;<\/p>\n<p>Acompa\u00f1ada de su suplente, A\u00edda F\u00e9res de Nader y la planilla completa de S\u00edndicos y Regidores; as\u00ed como del Candidato a la Diputaci\u00f3n Federal Chucho Nader y los aspirantes al Congreso local por los distritos 21 y 22, Marcela Unda y Pepe Schekaib\u00e1n, respectivamente, Gonz\u00e1lez Azc\u00e1rraga sostuvo que en su proyecto de gobierno cada voz cuenta y cada sue\u00f1o importa, en el prop\u00f3sito de lograr la consolidaci\u00f3n de un Tampico m\u00e1s pr\u00f3spero y seguro.<\/p>\n<p>&nbsp;<\/p>\n<p>&#8220;En Tampico vamos a seguirle con m\u00e1s pavimentaci\u00f3n, vamos a seguirle con m\u00e1s limpieza, vamos a seguirle con m\u00e1s deporte, vamos a seguirle con m\u00e1s cultura, con m\u00e1s seguridad, con m\u00e1s iluminaci\u00f3n y vamos juntos a defender el progreso y la modernidad de Tampico&#8221;.<\/p>\n<p>&nbsp;<\/p>\n<p>Rosa Gonz\u00e1lez asegur\u00f3 que el progreso y desarrollo emprendido por Chucho Nader desde 2018 no se detendr\u00e1, sino que por el contrario, se redoblar\u00e1n los esfuerzos para que la ciudad contin\u00fae por la ruta de la modernidad.<\/p>\n<p>&nbsp;<\/p>\n<p>&#8220;Ya avanzamos como nunca y ahora lo vamos a seguir haciendo. Desde aqu\u00ed les digo: No permitiremos que el progreso se detenga; al contrario, \u00a1vamos a acelerarlo!&#8221;, subray\u00f3.<\/p>\n<p>&nbsp;<\/p>\n<p>En el multitudinario acto, la Candidata de la alianza Fuerza y Coraz\u00f3n por Tamaulipas a la Diputaci\u00f3n local por el distrito 21, Marcela Unda expuso que desde el Congreso del Estado impulsar\u00e1 las acciones que brinden mayor certeza social a los tampique\u00f1os, particularmente en las \u00e1reas de salud, desarrollo econ\u00f3mico, transporte p\u00fablico y bienestar social.<\/p>\n<p>&nbsp;<\/p>\n<p>Por su parte Pepe Schekaib\u00e1n, aspirante a la Diputaci\u00f3n local por el distrito de Tampico Sur, expuso que los tampique\u00f1os han logrado una extraordinaria transformaci\u00f3n de la ciudad en los \u00faltimos cinco a\u00f1os, por lo que garantiz\u00f3 que continuar\u00e1n impulsando acciones y resultados que brillen.<\/p>\n<p>&nbsp;<\/p>\n<p>Chucho Nader, por \u00faltimo hizo un llamado a los miles de tampique\u00f1os reunidos en el sitio, a seguir trabajando por la prosperidad y el desarrollo de la ciudad.<\/p>\n<p>&nbsp;<\/p>\n<p>&#8220;Ni un paso atr\u00e1s en la modernidad de Tampico; juntos logramos construir una ciudad segura, pr\u00f3spera y limpia, es momento de seguir unidos por el progreso y la grandeza de Tampico; sigamos brillando juntos, recordemos que si no hay continuidad, hay retroceso&#8221;, dijo.<\/p>\n","protected":false},"excerpt":{"rendered":"<p>*Miles De Tampique\u00f1os Se Pronuncian En Favor De Los Candidatos De La Alianza &nbsp; Rosa Gonz\u00e1lez Azc\u00e1rraga arranc\u00f3 este lunes&hellip;<\/p>\n","protected":false},"author":1,"featured_media":50295,"comment_status":"open","ping_status":"open","sticky":false,"template":"","format":"standard","meta":{"footnotes":""},"categories":[3],"tags":[],"class_list":["post-50294","post","type-post","status-publish","format-standard","has-post-thumbnail","hentry","category-tampico"],"yoast_head":"<!-- This site is optimized with the Yoast SEO plugin v27.5 - https:\/\/yoast.com\/product\/yoast-seo-wordpress\/ -->\n<title>PARA QUE TAMPICO SIGA BRILLANDO; VAMOS A SEGUIRLE: ROSA GONZ\u00c1LEZ - EL INFORMATIVO DE TAMAULIPAS<\/title>\n<meta name=\"description\" content=\"*Miles De Tampique\u00f1os Se Pronuncian En Favor De Los Candidatos De La Alianza &nbsp; Rosa Gonz\u00e1lez Azc\u00e1rraga arranc\u00f3 este lunes su campa\u00f1a rumbo a la\" \/>\n<meta name=\"robots\" content=\"index, follow, max-snippet:-1, max-image-preview:large, max-video-preview:-1\" \/>\n<link rel=\"canonical\" href=\"https:\/\/elinformativotam.com\/index.php\/2024\/04\/15\/para-que-tampico-siga-brillando-vamos-a-seguirle-rosa-gonzalez\/\" \/>\n<meta property=\"og:locale\" content=\"es_MX\" \/>\n<meta property=\"og:type\" content=\"article\" \/>\n<meta property=\"og:title\" content=\"PARA QUE TAMPICO SIGA BRILLANDO; VAMOS A SEGUIRLE: ROSA GONZ\u00c1LEZ - EL INFORMATIVO DE TAMAULIPAS\" \/>\n<meta property=\"og:description\" content=\"*Miles De Tampique\u00f1os Se Pronuncian En Favor De Los Candidatos De La Alianza &nbsp; Rosa Gonz\u00e1lez Azc\u00e1rraga arranc\u00f3 este lunes su campa\u00f1a rumbo a la\" \/>\n<meta property=\"og:url\" content=\"https:\/\/elinformativotam.com\/index.php\/2024\/04\/15\/para-que-tampico-siga-brillando-vamos-a-seguirle-rosa-gonzalez\/\" \/>\n<meta property=\"og:site_name\" content=\"EL INFORMATIVO DE TAMAULIPAS\" \/>\n<meta property=\"article:published_time\" content=\"2024-04-16T04:17:24+00:00\" \/>\n<meta property=\"og:image\" content=\"https:\/\/elinformativotam.com\/wp-content\/uploads\/2024\/04\/Rosa-2-scaled.jpeg\" \/>\n\t<meta property=\"og:image:width\" content=\"2560\" \/>\n\t<meta property=\"og:image:height\" content=\"1706\" \/>\n\t<meta property=\"og:image:type\" content=\"image\/jpeg\" \/>\n<meta name=\"author\" content=\"El Informativo Tam\" \/>\n<meta name=\"twitter:card\" content=\"summary_large_image\" \/>\n<meta name=\"twitter:label1\" content=\"Escrito por\" \/>\n\t<meta name=\"twitter:data1\" content=\"El Informativo Tam\" \/>\n\t<meta name=\"twitter:label2\" content=\"Tiempo de lectura\" \/>\n\t<meta name=\"twitter:data2\" content=\"3 minutos\" \/>\n<script type=\"application\/ld+json\" class=\"yoast-schema-graph\">{\"@context\":\"https:\\\/\\\/schema.org\",\"@graph\":[{\"@type\":\"Article\",\"@id\":\"https:\\\/\\\/elinformativotam.com\\\/index.php\\\/2024\\\/04\\\/15\\\/para-que-tampico-siga-brillando-vamos-a-seguirle-rosa-gonzalez\\\/#article\",\"isPartOf\":{\"@id\":\"https:\\\/\\\/elinformativotam.com\\\/index.php\\\/2024\\\/04\\\/15\\\/para-que-tampico-siga-brillando-vamos-a-seguirle-rosa-gonzalez\\\/\"},\"author\":{\"name\":\"El Informativo Tam\",\"@id\":\"https:\\\/\\\/elinformativotam.com\\\/#\\\/schema\\\/person\\\/78e08040eed0f6110f0c5f83b6153590\"},\"headline\":\"PARA QUE TAMPICO SIGA BRILLANDO; VAMOS A SEGUIRLE: ROSA GONZ\u00c1LEZ\",\"datePublished\":\"2024-04-16T04:17:24+00:00\",\"mainEntityOfPage\":{\"@id\":\"https:\\\/\\\/elinformativotam.com\\\/index.php\\\/2024\\\/04\\\/15\\\/para-que-tampico-siga-brillando-vamos-a-seguirle-rosa-gonzalez\\\/\"},\"wordCount\":487,\"commentCount\":0,\"publisher\":{\"@id\":\"https:\\\/\\\/elinformativotam.com\\\/#organization\"},\"image\":{\"@id\":\"https:\\\/\\\/elinformativotam.com\\\/index.php\\\/2024\\\/04\\\/15\\\/para-que-tampico-siga-brillando-vamos-a-seguirle-rosa-gonzalez\\\/#primaryimage\"},\"thumbnailUrl\":\"https:\\\/\\\/elinformativotam.com\\\/wp-content\\\/uploads\\\/2024\\\/04\\\/Rosa-2-scaled.jpeg\",\"articleSection\":[\"Tampico\"],\"inLanguage\":\"es\",\"potentialAction\":[{\"@type\":\"CommentAction\",\"name\":\"Comment\",\"target\":[\"https:\\\/\\\/elinformativotam.com\\\/index.php\\\/2024\\\/04\\\/15\\\/para-que-tampico-siga-brillando-vamos-a-seguirle-rosa-gonzalez\\\/#respond\"]}]},{\"@type\":\"WebPage\",\"@id\":\"https:\\\/\\\/elinformativotam.com\\\/index.php\\\/2024\\\/04\\\/15\\\/para-que-tampico-siga-brillando-vamos-a-seguirle-rosa-gonzalez\\\/\",\"url\":\"https:\\\/\\\/elinformativotam.com\\\/index.php\\\/2024\\\/04\\\/15\\\/para-que-tampico-siga-brillando-vamos-a-seguirle-rosa-gonzalez\\\/\",\"name\":\"PARA QUE TAMPICO SIGA BRILLANDO; VAMOS A SEGUIRLE: ROSA GONZ\u00c1LEZ - EL INFORMATIVO DE TAMAULIPAS\",\"isPartOf\":{\"@id\":\"https:\\\/\\\/elinformativotam.com\\\/#website\"},\"primaryImageOfPage\":{\"@id\":\"https:\\\/\\\/elinformativotam.com\\\/index.php\\\/2024\\\/04\\\/15\\\/para-que-tampico-siga-brillando-vamos-a-seguirle-rosa-gonzalez\\\/#primaryimage\"},\"image\":{\"@id\":\"https:\\\/\\\/elinformativotam.com\\\/index.php\\\/2024\\\/04\\\/15\\\/para-que-tampico-siga-brillando-vamos-a-seguirle-rosa-gonzalez\\\/#primaryimage\"},\"thumbnailUrl\":\"https:\\\/\\\/elinformativotam.com\\\/wp-content\\\/uploads\\\/2024\\\/04\\\/Rosa-2-scaled.jpeg\",\"datePublished\":\"2024-04-16T04:17:24+00:00\",\"description\":\"*Miles De Tampique\u00f1os Se Pronuncian En Favor De Los Candidatos De La Alianza &nbsp; Rosa Gonz\u00e1lez Azc\u00e1rraga arranc\u00f3 este lunes su campa\u00f1a rumbo a la\",\"inLanguage\":\"es\",\"potentialAction\":[{\"@type\":\"ReadAction\",\"target\":[\"https:\\\/\\\/elinformativotam.com\\\/index.php\\\/2024\\\/04\\\/15\\\/para-que-tampico-siga-brillando-vamos-a-seguirle-rosa-gonzalez\\\/\"]}]},{\"@type\":\"ImageObject\",\"inLanguage\":\"es\",\"@id\":\"https:\\\/\\\/elinformativotam.com\\\/index.php\\\/2024\\\/04\\\/15\\\/para-que-tampico-siga-brillando-vamos-a-seguirle-rosa-gonzalez\\\/#primaryimage\",\"url\":\"https:\\\/\\\/elinformativotam.com\\\/wp-content\\\/uploads\\\/2024\\\/04\\\/Rosa-2-scaled.jpeg\",\"contentUrl\":\"https:\\\/\\\/elinformativotam.com\\\/wp-content\\\/uploads\\\/2024\\\/04\\\/Rosa-2-scaled.jpeg\",\"width\":2560,\"height\":1706},{\"@type\":\"WebSite\",\"@id\":\"https:\\\/\\\/elinformativotam.com\\\/#website\",\"url\":\"https:\\\/\\\/elinformativotam.com\\\/\",\"name\":\"EL INFORMATIVO DE TAMAULIPAS\",\"description\":\"Desde la Zona Metropolitana Para Todo M\u00e9xico\",\"publisher\":{\"@id\":\"https:\\\/\\\/elinformativotam.com\\\/#organization\"},\"potentialAction\":[{\"@type\":\"SearchAction\",\"target\":{\"@type\":\"EntryPoint\",\"urlTemplate\":\"https:\\\/\\\/elinformativotam.com\\\/?s={search_term_string}\"},\"query-input\":{\"@type\":\"PropertyValueSpecification\",\"valueRequired\":true,\"valueName\":\"search_term_string\"}}],\"inLanguage\":\"es\"},{\"@type\":\"Organization\",\"@id\":\"https:\\\/\\\/elinformativotam.com\\\/#organization\",\"name\":\"EL INFORMATIVO DE TAMAULIPAS\",\"url\":\"https:\\\/\\\/elinformativotam.com\\\/\",\"logo\":{\"@type\":\"ImageObject\",\"inLanguage\":\"es\",\"@id\":\"https:\\\/\\\/elinformativotam.com\\\/#\\\/schema\\\/logo\\\/image\\\/\",\"url\":\"https:\\\/\\\/elinformativotam.com\\\/wp-content\\\/uploads\\\/2026\\\/02\\\/Cabezal.png\",\"contentUrl\":\"https:\\\/\\\/elinformativotam.com\\\/wp-content\\\/uploads\\\/2026\\\/02\\\/Cabezal.png\",\"width\":960,\"height\":640,\"caption\":\"EL INFORMATIVO DE TAMAULIPAS\"},\"image\":{\"@id\":\"https:\\\/\\\/elinformativotam.com\\\/#\\\/schema\\\/logo\\\/image\\\/\"}},{\"@type\":\"Person\",\"@id\":\"https:\\\/\\\/elinformativotam.com\\\/#\\\/schema\\\/person\\\/78e08040eed0f6110f0c5f83b6153590\",\"name\":\"El Informativo Tam\",\"image\":{\"@type\":\"ImageObject\",\"inLanguage\":\"es\",\"@id\":\"https:\\\/\\\/secure.gravatar.com\\\/avatar\\\/f3b7ad3af540688955925ac610647be00b0cf41feea9c4978b73a707ee86bc53?s=96&d=mm&r=g\",\"url\":\"https:\\\/\\\/secure.gravatar.com\\\/avatar\\\/f3b7ad3af540688955925ac610647be00b0cf41feea9c4978b73a707ee86bc53?s=96&d=mm&r=g\",\"contentUrl\":\"https:\\\/\\\/secure.gravatar.com\\\/avatar\\\/f3b7ad3af540688955925ac610647be00b0cf41feea9c4978b73a707ee86bc53?s=96&d=mm&r=g\",\"caption\":\"El Informativo Tam\"}}]}<\/script>\n<!-- \/ Yoast SEO plugin. -->","yoast_head_json":{"title":"PARA QUE TAMPICO SIGA BRILLANDO; VAMOS A SEGUIRLE: ROSA GONZ\u00c1LEZ - EL INFORMATIVO DE TAMAULIPAS","description":"*Miles De Tampique\u00f1os Se Pronuncian En Favor De Los Candidatos De La Alianza &nbsp; Rosa Gonz\u00e1lez Azc\u00e1rraga arranc\u00f3 este lunes su campa\u00f1a rumbo a la","robots":{"index":"index","follow":"follow","max-snippet":"max-snippet:-1","max-image-preview":"max-image-preview:large","max-video-preview":"max-video-preview:-1"},"canonical":"https:\/\/elinformativotam.com\/index.php\/2024\/04\/15\/para-que-tampico-siga-brillando-vamos-a-seguirle-rosa-gonzalez\/","og_locale":"es_MX","og_type":"article","og_title":"PARA QUE TAMPICO SIGA BRILLANDO; VAMOS A SEGUIRLE: ROSA GONZ\u00c1LEZ - EL INFORMATIVO DE TAMAULIPAS","og_description":"*Miles De Tampique\u00f1os Se Pronuncian En Favor De Los Candidatos De La Alianza &nbsp; Rosa Gonz\u00e1lez Azc\u00e1rraga arranc\u00f3 este lunes su campa\u00f1a rumbo a la","og_url":"https:\/\/elinformativotam.com\/index.php\/2024\/04\/15\/para-que-tampico-siga-brillando-vamos-a-seguirle-rosa-gonzalez\/","og_site_name":"EL INFORMATIVO DE TAMAULIPAS","article_published_time":"2024-04-16T04:17:24+00:00","og_image":[{"width":2560,"height":1706,"url":"https:\/\/elinformativotam.com\/wp-content\/uploads\/2024\/04\/Rosa-2-scaled.jpeg","type":"image\/jpeg"}],"author":"El Informativo Tam","twitter_card":"summary_large_image","twitter_misc":{"Escrito por":"El Informativo Tam","Tiempo de lectura":"3 minutos"},"schema":{"@context":"https:\/\/schema.org","@graph":[{"@type":"Article","@id":"https:\/\/elinformativotam.com\/index.php\/2024\/04\/15\/para-que-tampico-siga-brillando-vamos-a-seguirle-rosa-gonzalez\/#article","isPartOf":{"@id":"https:\/\/elinformativotam.com\/index.php\/2024\/04\/15\/para-que-tampico-siga-brillando-vamos-a-seguirle-rosa-gonzalez\/"},"author":{"name":"El Informativo Tam","@id":"https:\/\/elinformativotam.com\/#\/schema\/person\/78e08040eed0f6110f0c5f83b6153590"},"headline":"PARA QUE TAMPICO SIGA BRILLANDO; VAMOS A SEGUIRLE: ROSA GONZ\u00c1LEZ","datePublished":"2024-04-16T04:17:24+00:00","mainEntityOfPage":{"@id":"https:\/\/elinformativotam.com\/index.php\/2024\/04\/15\/para-que-tampico-siga-brillando-vamos-a-seguirle-rosa-gonzalez\/"},"wordCount":487,"commentCount":0,"publisher":{"@id":"https:\/\/elinformativotam.com\/#organization"},"image":{"@id":"https:\/\/elinformativotam.com\/index.php\/2024\/04\/15\/para-que-tampico-siga-brillando-vamos-a-seguirle-rosa-gonzalez\/#primaryimage"},"thumbnailUrl":"https:\/\/elinformativotam.com\/wp-content\/uploads\/2024\/04\/Rosa-2-scaled.jpeg","articleSection":["Tampico"],"inLanguage":"es","potentialAction":[{"@type":"CommentAction","name":"Comment","target":["https:\/\/elinformativotam.com\/index.php\/2024\/04\/15\/para-que-tampico-siga-brillando-vamos-a-seguirle-rosa-gonzalez\/#respond"]}]},{"@type":"WebPage","@id":"https:\/\/elinformativotam.com\/index.php\/2024\/04\/15\/para-que-tampico-siga-brillando-vamos-a-seguirle-rosa-gonzalez\/","url":"https:\/\/elinformativotam.com\/index.php\/2024\/04\/15\/para-que-tampico-siga-brillando-vamos-a-seguirle-rosa-gonzalez\/","name":"PARA QUE TAMPICO SIGA BRILLANDO; VAMOS A SEGUIRLE: ROSA GONZ\u00c1LEZ - EL INFORMATIVO DE TAMAULIPAS","isPartOf":{"@id":"https:\/\/elinformativotam.com\/#website"},"primaryImageOfPage":{"@id":"https:\/\/elinformativotam.com\/index.php\/2024\/04\/15\/para-que-tampico-siga-brillando-vamos-a-seguirle-rosa-gonzalez\/#primaryimage"},"image":{"@id":"https:\/\/elinformativotam.com\/index.php\/2024\/04\/15\/para-que-tampico-siga-brillando-vamos-a-seguirle-rosa-gonzalez\/#primaryimage"},"thumbnailUrl":"https:\/\/elinformativotam.com\/wp-content\/uploads\/2024\/04\/Rosa-2-scaled.jpeg","datePublished":"2024-04-16T04:17:24+00:00","description":"*Miles De Tampique\u00f1os Se Pronuncian En Favor De Los Candidatos De La Alianza &nbsp; Rosa Gonz\u00e1lez Azc\u00e1rraga arranc\u00f3 este lunes su campa\u00f1a rumbo a la","inLanguage":"es","potentialAction":[{"@type":"ReadAction","target":["https:\/\/elinformativotam.com\/index.php\/2024\/04\/15\/para-que-tampico-siga-brillando-vamos-a-seguirle-rosa-gonzalez\/"]}]},{"@type":"ImageObject","inLanguage":"es","@id":"https:\/\/elinformativotam.com\/index.php\/2024\/04\/15\/para-que-tampico-siga-brillando-vamos-a-seguirle-rosa-gonzalez\/#primaryimage","url":"https:\/\/elinformativotam.com\/wp-content\/uploads\/2024\/04\/Rosa-2-scaled.jpeg","contentUrl":"https:\/\/elinformativotam.com\/wp-content\/uploads\/2024\/04\/Rosa-2-scaled.jpeg","width":2560,"height":1706},{"@type":"WebSite","@id":"https:\/\/elinformativotam.com\/#website","url":"https:\/\/elinformativotam.com\/","name":"EL INFORMATIVO DE TAMAULIPAS","description":"Desde la Zona Metropolitana Para Todo M\u00e9xico","publisher":{"@id":"https:\/\/elinformativotam.com\/#organization"},"potentialAction":[{"@type":"SearchAction","target":{"@type":"EntryPoint","urlTemplate":"https:\/\/elinformativotam.com\/?s={search_term_string}"},"query-input":{"@type":"PropertyValueSpecification","valueRequired":true,"valueName":"search_term_string"}}],"inLanguage":"es"},{"@type":"Organization","@id":"https:\/\/elinformativotam.com\/#organization","name":"EL INFORMATIVO DE TAMAULIPAS","url":"https:\/\/elinformativotam.com\/","logo":{"@type":"ImageObject","inLanguage":"es","@id":"https:\/\/elinformativotam.com\/#\/schema\/logo\/image\/","url":"https:\/\/elinformativotam.com\/wp-content\/uploads\/2026\/02\/Cabezal.png","contentUrl":"https:\/\/elinformativotam.com\/wp-content\/uploads\/2026\/02\/Cabezal.png","width":960,"height":640,"caption":"EL INFORMATIVO DE TAMAULIPAS"},"image":{"@id":"https:\/\/elinformativotam.com\/#\/schema\/logo\/image\/"}},{"@type":"Person","@id":"https:\/\/elinformativotam.com\/#\/schema\/person\/78e08040eed0f6110f0c5f83b6153590","name":"El Informativo Tam","image":{"@type":"ImageObject","inLanguage":"es","@id":"https:\/\/secure.gravatar.com\/avatar\/f3b7ad3af540688955925ac610647be00b0cf41feea9c4978b73a707ee86bc53?s=96&d=mm&r=g","url":"https:\/\/secure.gravatar.com\/avatar\/f3b7ad3af540688955925ac610647be00b0cf41feea9c4978b73a707ee86bc53?s=96&d=mm&r=g","contentUrl":"https:\/\/secure.gravatar.com\/avatar\/f3b7ad3af540688955925ac610647be00b0cf41feea9c4978b73a707ee86bc53?s=96&d=mm&r=g","caption":"El Informativo Tam"}}]}},"_links":{"self":[{"href":"https:\/\/elinformativotam.com\/index.php\/wp-json\/wp\/v2\/posts\/50294","targetHints":{"allow":["GET"]}}],"collection":[{"href":"https:\/\/elinformativotam.com\/index.php\/wp-json\/wp\/v2\/posts"}],"about":[{"href":"https:\/\/elinformativotam.com\/index.php\/wp-json\/wp\/v2\/types\/post"}],"author":[{"embeddable":true,"href":"https:\/\/elinformativotam.com\/index.php\/wp-json\/wp\/v2\/users\/1"}],"replies":[{"embeddable":true,"href":"https:\/\/elinformativotam.com\/index.php\/wp-json\/wp\/v2\/comments?post=50294"}],"version-history":[{"count":1,"href":"https:\/\/elinformativotam.com\/index.php\/wp-json\/wp\/v2\/posts\/50294\/revisions"}],"predecessor-version":[{"id":50296,"href":"https:\/\/elinformativotam.com\/index.php\/wp-json\/wp\/v2\/posts\/50294\/revisions\/50296"}],"wp:featuredmedia":[{"embeddable":true,"href":"https:\/\/elinformativotam.com\/index.php\/wp-json\/wp\/v2\/media\/50295"}],"wp:attachment":[{"href":"https:\/\/elinformativotam.com\/index.php\/wp-json\/wp\/v2\/media?parent=50294"}],"wp:term":[{"taxonomy":"category","embeddable":true,"href":"https:\/\/elinformativotam.com\/index.php\/wp-json\/wp\/v2\/categories?post=50294"},{"taxonomy":"post_tag","embeddable":true,"href":"https:\/\/elinformativotam.com\/index.php\/wp-json\/wp\/v2\/tags?post=50294"}],"curies":[{"name":"wp","href":"https:\/\/api.w.org\/{rel}","templated":true}]}}