{"id":50290,"date":"2024-04-15T22:07:13","date_gmt":"2024-04-16T04:07:13","guid":{"rendered":"https:\/\/elinformativotam.com\/?p=50290"},"modified":"2024-04-15T22:07:13","modified_gmt":"2024-04-16T04:07:13","slug":"rodeado-de-adultos-mayores-carlos-fernandez-arranca-campana-con-fuerza","status":"publish","type":"post","link":"https:\/\/elinformativotam.com\/index.php\/2024\/04\/15\/rodeado-de-adultos-mayores-carlos-fernandez-arranca-campana-con-fuerza\/","title":{"rendered":"RODEADO DE ADULTOS MAYORES CARLOS FERN\u00c1NDEZ ARRANCA CAMPA\u00d1A CON FUERZA"},"content":{"rendered":"<p>Carlos Fern\u00e1ndez Arranc\u00f3 Campa\u00f1a Rodeado De Sectores Vulnerables Como El De Los Adultos Mayores Quienes Ven En El Joven Pol\u00edtico Un Proyecto Viable Para El Cambio Que Necesita Ciudad Madero.<\/p>\n<p>&nbsp;<\/p>\n<p>El Aspirante A La Alcald\u00eda Estuvo Acompa\u00f1ado Por Un Nutrido Grupo De Adultos De La Tercera Edad Que Manifestaron Estar De Acuerdo En Que Se Acabe Con El Importante Rezago Que Tiene El Desarrollo De La Ciudad.<\/p>\n<p>&nbsp;<\/p>\n<p>No Solo Los Adultos Mayores Apoyan El Proyecto De Carlos Fern\u00e1ndez, Sino Tambi\u00e9n Trabajadores, Empresarios, Emprendedores, Jubilados Y Jefas De Familia Se Pronunciaron A Favor De Llevarlo A Convertirse En El Presidente Municipal De Esta Ciudad.<\/p>\n<p><img loading=\"lazy\" decoding=\"async\" class=\"alignnone  wp-image-50291\" src=\"https:\/\/elinformativotam.com\/wp-content\/uploads\/2024\/04\/Carlos-Int-548x365.jpeg\" alt=\"\" width=\"704\" height=\"469\" srcset=\"https:\/\/elinformativotam.com\/wp-content\/uploads\/2024\/04\/Carlos-Int-548x365.jpeg 548w, https:\/\/elinformativotam.com\/wp-content\/uploads\/2024\/04\/Carlos-Int-840x560.jpeg 840w, https:\/\/elinformativotam.com\/wp-content\/uploads\/2024\/04\/Carlos-Int-768x512.jpeg 768w, https:\/\/elinformativotam.com\/wp-content\/uploads\/2024\/04\/Carlos-Int-1536x1023.jpeg 1536w, https:\/\/elinformativotam.com\/wp-content\/uploads\/2024\/04\/Carlos-Int.jpeg 1600w\" sizes=\"auto, (max-width: 704px) 100vw, 704px\" \/><\/p>\n<p>El Aspirante A La Alcald\u00eda Asegura Que Existe Una Deuda Con Sus Padres Y Sus Abuelos Pues Les Deben Una Ciudad Moderna, Renovada, Limpia, Es Decir Digna De Todos Los Maderenses.<\/p>\n<p>&nbsp;<\/p>\n<p>\u201cHoy Los Invito A Ser La Diferencia, Va Y Vamos Por Todos, Pues Todos Unidos Brillamos M\u00e1s Fuerte\u201d, Expresa El Candidato De La Coalici\u00f3n.<\/p>\n<p>&nbsp;<\/p>\n<p>Resalta Que Se Puede Lograr Que La Ciudad Brille Intensamente, Pero Se Requiere Que Todos Los Grupos De La Sociedad, Empresarios, Industriales Y Gente Que Realmente Quiera Un Cambio Se Unan Como Una Comunidad Que Tiene Un Prop\u00f3sito Com\u00fan Y Una Visi\u00f3n Compartida De Prosperidad Para La Ciudad En La Que Viven.<\/p>\n<p>&nbsp;<\/p>\n<p>Destaca Que El Objetivo Es Hacer De Un Ciudad Madero Que Sea Ese Faro De Luz Que De Paso A La Grandeza De Sus Habitantes Y Alcance El Desarrollo Que Merece.<\/p>\n","protected":false},"excerpt":{"rendered":"<p>Carlos Fern\u00e1ndez Arranc\u00f3 Campa\u00f1a Rodeado De Sectores Vulnerables Como El De Los Adultos Mayores Quienes Ven En El Joven Pol\u00edtico&hellip;<\/p>\n","protected":false},"author":1,"featured_media":50292,"comment_status":"open","ping_status":"open","sticky":false,"template":"","format":"standard","meta":{"footnotes":""},"categories":[4],"tags":[],"class_list":["post-50290","post","type-post","status-publish","format-standard","has-post-thumbnail","hentry","category-madero"],"yoast_head":"<!-- This site is optimized with the Yoast SEO plugin v27.5 - https:\/\/yoast.com\/product\/yoast-seo-wordpress\/ -->\n<title>RODEADO DE ADULTOS MAYORES CARLOS FERN\u00c1NDEZ ARRANCA CAMPA\u00d1A CON FUERZA - EL INFORMATIVO DE TAMAULIPAS<\/title>\n<meta name=\"description\" content=\"Carlos Fern\u00e1ndez Arranc\u00f3 Campa\u00f1a Rodeado De Sectores Vulnerables Como El De Los Adultos Mayores Quienes Ven En El Joven Pol\u00edtico Un Proyecto Viable Para\" \/>\n<meta name=\"robots\" content=\"index, follow, max-snippet:-1, max-image-preview:large, max-video-preview:-1\" \/>\n<link rel=\"canonical\" href=\"https:\/\/elinformativotam.com\/index.php\/2024\/04\/15\/rodeado-de-adultos-mayores-carlos-fernandez-arranca-campana-con-fuerza\/\" \/>\n<meta property=\"og:locale\" content=\"es_MX\" \/>\n<meta property=\"og:type\" content=\"article\" \/>\n<meta property=\"og:title\" content=\"RODEADO DE ADULTOS MAYORES CARLOS FERN\u00c1NDEZ ARRANCA CAMPA\u00d1A CON FUERZA - EL INFORMATIVO DE TAMAULIPAS\" \/>\n<meta property=\"og:description\" content=\"Carlos Fern\u00e1ndez Arranc\u00f3 Campa\u00f1a Rodeado De Sectores Vulnerables Como El De Los Adultos Mayores Quienes Ven En El Joven Pol\u00edtico Un Proyecto Viable Para\" \/>\n<meta property=\"og:url\" content=\"https:\/\/elinformativotam.com\/index.php\/2024\/04\/15\/rodeado-de-adultos-mayores-carlos-fernandez-arranca-campana-con-fuerza\/\" \/>\n<meta property=\"og:site_name\" content=\"EL INFORMATIVO DE TAMAULIPAS\" \/>\n<meta property=\"article:published_time\" content=\"2024-04-16T04:07:13+00:00\" \/>\n<meta property=\"og:image\" content=\"https:\/\/elinformativotam.com\/wp-content\/uploads\/2024\/04\/Carlos-2.jpeg\" \/>\n\t<meta property=\"og:image:width\" content=\"1600\" \/>\n\t<meta property=\"og:image:height\" content=\"1066\" \/>\n\t<meta property=\"og:image:type\" content=\"image\/jpeg\" \/>\n<meta name=\"author\" content=\"El Informativo Tam\" \/>\n<meta name=\"twitter:card\" content=\"summary_large_image\" \/>\n<meta name=\"twitter:label1\" content=\"Escrito por\" \/>\n\t<meta name=\"twitter:data1\" content=\"El Informativo Tam\" \/>\n\t<meta name=\"twitter:label2\" content=\"Tiempo de lectura\" \/>\n\t<meta name=\"twitter:data2\" content=\"2 minutos\" \/>\n<script type=\"application\/ld+json\" class=\"yoast-schema-graph\">{\"@context\":\"https:\\\/\\\/schema.org\",\"@graph\":[{\"@type\":\"Article\",\"@id\":\"https:\\\/\\\/elinformativotam.com\\\/index.php\\\/2024\\\/04\\\/15\\\/rodeado-de-adultos-mayores-carlos-fernandez-arranca-campana-con-fuerza\\\/#article\",\"isPartOf\":{\"@id\":\"https:\\\/\\\/elinformativotam.com\\\/index.php\\\/2024\\\/04\\\/15\\\/rodeado-de-adultos-mayores-carlos-fernandez-arranca-campana-con-fuerza\\\/\"},\"author\":{\"name\":\"El Informativo Tam\",\"@id\":\"https:\\\/\\\/elinformativotam.com\\\/#\\\/schema\\\/person\\\/78e08040eed0f6110f0c5f83b6153590\"},\"headline\":\"RODEADO DE ADULTOS MAYORES CARLOS FERN\u00c1NDEZ ARRANCA CAMPA\u00d1A CON FUERZA\",\"datePublished\":\"2024-04-16T04:07:13+00:00\",\"mainEntityOfPage\":{\"@id\":\"https:\\\/\\\/elinformativotam.com\\\/index.php\\\/2024\\\/04\\\/15\\\/rodeado-de-adultos-mayores-carlos-fernandez-arranca-campana-con-fuerza\\\/\"},\"wordCount\":271,\"commentCount\":0,\"publisher\":{\"@id\":\"https:\\\/\\\/elinformativotam.com\\\/#organization\"},\"image\":{\"@id\":\"https:\\\/\\\/elinformativotam.com\\\/index.php\\\/2024\\\/04\\\/15\\\/rodeado-de-adultos-mayores-carlos-fernandez-arranca-campana-con-fuerza\\\/#primaryimage\"},\"thumbnailUrl\":\"https:\\\/\\\/elinformativotam.com\\\/wp-content\\\/uploads\\\/2024\\\/04\\\/Carlos-2.jpeg\",\"articleSection\":[\"Cd Madero\"],\"inLanguage\":\"es\",\"potentialAction\":[{\"@type\":\"CommentAction\",\"name\":\"Comment\",\"target\":[\"https:\\\/\\\/elinformativotam.com\\\/index.php\\\/2024\\\/04\\\/15\\\/rodeado-de-adultos-mayores-carlos-fernandez-arranca-campana-con-fuerza\\\/#respond\"]}]},{\"@type\":\"WebPage\",\"@id\":\"https:\\\/\\\/elinformativotam.com\\\/index.php\\\/2024\\\/04\\\/15\\\/rodeado-de-adultos-mayores-carlos-fernandez-arranca-campana-con-fuerza\\\/\",\"url\":\"https:\\\/\\\/elinformativotam.com\\\/index.php\\\/2024\\\/04\\\/15\\\/rodeado-de-adultos-mayores-carlos-fernandez-arranca-campana-con-fuerza\\\/\",\"name\":\"RODEADO DE ADULTOS MAYORES CARLOS FERN\u00c1NDEZ ARRANCA CAMPA\u00d1A CON FUERZA - EL INFORMATIVO DE TAMAULIPAS\",\"isPartOf\":{\"@id\":\"https:\\\/\\\/elinformativotam.com\\\/#website\"},\"primaryImageOfPage\":{\"@id\":\"https:\\\/\\\/elinformativotam.com\\\/index.php\\\/2024\\\/04\\\/15\\\/rodeado-de-adultos-mayores-carlos-fernandez-arranca-campana-con-fuerza\\\/#primaryimage\"},\"image\":{\"@id\":\"https:\\\/\\\/elinformativotam.com\\\/index.php\\\/2024\\\/04\\\/15\\\/rodeado-de-adultos-mayores-carlos-fernandez-arranca-campana-con-fuerza\\\/#primaryimage\"},\"thumbnailUrl\":\"https:\\\/\\\/elinformativotam.com\\\/wp-content\\\/uploads\\\/2024\\\/04\\\/Carlos-2.jpeg\",\"datePublished\":\"2024-04-16T04:07:13+00:00\",\"description\":\"Carlos Fern\u00e1ndez Arranc\u00f3 Campa\u00f1a Rodeado De Sectores Vulnerables Como El De Los Adultos Mayores Quienes Ven En El Joven Pol\u00edtico Un Proyecto Viable Para\",\"inLanguage\":\"es\",\"potentialAction\":[{\"@type\":\"ReadAction\",\"target\":[\"https:\\\/\\\/elinformativotam.com\\\/index.php\\\/2024\\\/04\\\/15\\\/rodeado-de-adultos-mayores-carlos-fernandez-arranca-campana-con-fuerza\\\/\"]}]},{\"@type\":\"ImageObject\",\"inLanguage\":\"es\",\"@id\":\"https:\\\/\\\/elinformativotam.com\\\/index.php\\\/2024\\\/04\\\/15\\\/rodeado-de-adultos-mayores-carlos-fernandez-arranca-campana-con-fuerza\\\/#primaryimage\",\"url\":\"https:\\\/\\\/elinformativotam.com\\\/wp-content\\\/uploads\\\/2024\\\/04\\\/Carlos-2.jpeg\",\"contentUrl\":\"https:\\\/\\\/elinformativotam.com\\\/wp-content\\\/uploads\\\/2024\\\/04\\\/Carlos-2.jpeg\",\"width\":1600,\"height\":1066},{\"@type\":\"WebSite\",\"@id\":\"https:\\\/\\\/elinformativotam.com\\\/#website\",\"url\":\"https:\\\/\\\/elinformativotam.com\\\/\",\"name\":\"EL INFORMATIVO DE TAMAULIPAS\",\"description\":\"Desde la Zona Metropolitana Para Todo M\u00e9xico\",\"publisher\":{\"@id\":\"https:\\\/\\\/elinformativotam.com\\\/#organization\"},\"potentialAction\":[{\"@type\":\"SearchAction\",\"target\":{\"@type\":\"EntryPoint\",\"urlTemplate\":\"https:\\\/\\\/elinformativotam.com\\\/?s={search_term_string}\"},\"query-input\":{\"@type\":\"PropertyValueSpecification\",\"valueRequired\":true,\"valueName\":\"search_term_string\"}}],\"inLanguage\":\"es\"},{\"@type\":\"Organization\",\"@id\":\"https:\\\/\\\/elinformativotam.com\\\/#organization\",\"name\":\"EL INFORMATIVO DE TAMAULIPAS\",\"url\":\"https:\\\/\\\/elinformativotam.com\\\/\",\"logo\":{\"@type\":\"ImageObject\",\"inLanguage\":\"es\",\"@id\":\"https:\\\/\\\/elinformativotam.com\\\/#\\\/schema\\\/logo\\\/image\\\/\",\"url\":\"https:\\\/\\\/elinformativotam.com\\\/wp-content\\\/uploads\\\/2026\\\/02\\\/Cabezal.png\",\"contentUrl\":\"https:\\\/\\\/elinformativotam.com\\\/wp-content\\\/uploads\\\/2026\\\/02\\\/Cabezal.png\",\"width\":960,\"height\":640,\"caption\":\"EL INFORMATIVO DE TAMAULIPAS\"},\"image\":{\"@id\":\"https:\\\/\\\/elinformativotam.com\\\/#\\\/schema\\\/logo\\\/image\\\/\"}},{\"@type\":\"Person\",\"@id\":\"https:\\\/\\\/elinformativotam.com\\\/#\\\/schema\\\/person\\\/78e08040eed0f6110f0c5f83b6153590\",\"name\":\"El Informativo Tam\",\"image\":{\"@type\":\"ImageObject\",\"inLanguage\":\"es\",\"@id\":\"https:\\\/\\\/secure.gravatar.com\\\/avatar\\\/f3b7ad3af540688955925ac610647be00b0cf41feea9c4978b73a707ee86bc53?s=96&d=mm&r=g\",\"url\":\"https:\\\/\\\/secure.gravatar.com\\\/avatar\\\/f3b7ad3af540688955925ac610647be00b0cf41feea9c4978b73a707ee86bc53?s=96&d=mm&r=g\",\"contentUrl\":\"https:\\\/\\\/secure.gravatar.com\\\/avatar\\\/f3b7ad3af540688955925ac610647be00b0cf41feea9c4978b73a707ee86bc53?s=96&d=mm&r=g\",\"caption\":\"El Informativo Tam\"}}]}<\/script>\n<!-- \/ Yoast SEO plugin. -->","yoast_head_json":{"title":"RODEADO DE ADULTOS MAYORES CARLOS FERN\u00c1NDEZ ARRANCA CAMPA\u00d1A CON FUERZA - EL INFORMATIVO DE TAMAULIPAS","description":"Carlos Fern\u00e1ndez Arranc\u00f3 Campa\u00f1a Rodeado De Sectores Vulnerables Como El De Los Adultos Mayores Quienes Ven En El Joven Pol\u00edtico Un Proyecto Viable Para","robots":{"index":"index","follow":"follow","max-snippet":"max-snippet:-1","max-image-preview":"max-image-preview:large","max-video-preview":"max-video-preview:-1"},"canonical":"https:\/\/elinformativotam.com\/index.php\/2024\/04\/15\/rodeado-de-adultos-mayores-carlos-fernandez-arranca-campana-con-fuerza\/","og_locale":"es_MX","og_type":"article","og_title":"RODEADO DE ADULTOS MAYORES CARLOS FERN\u00c1NDEZ ARRANCA CAMPA\u00d1A CON FUERZA - EL INFORMATIVO DE TAMAULIPAS","og_description":"Carlos Fern\u00e1ndez Arranc\u00f3 Campa\u00f1a Rodeado De Sectores Vulnerables Como El De Los Adultos Mayores Quienes Ven En El Joven Pol\u00edtico Un Proyecto Viable Para","og_url":"https:\/\/elinformativotam.com\/index.php\/2024\/04\/15\/rodeado-de-adultos-mayores-carlos-fernandez-arranca-campana-con-fuerza\/","og_site_name":"EL INFORMATIVO DE TAMAULIPAS","article_published_time":"2024-04-16T04:07:13+00:00","og_image":[{"width":1600,"height":1066,"url":"https:\/\/elinformativotam.com\/wp-content\/uploads\/2024\/04\/Carlos-2.jpeg","type":"image\/jpeg"}],"author":"El Informativo Tam","twitter_card":"summary_large_image","twitter_misc":{"Escrito por":"El Informativo Tam","Tiempo de lectura":"2 minutos"},"schema":{"@context":"https:\/\/schema.org","@graph":[{"@type":"Article","@id":"https:\/\/elinformativotam.com\/index.php\/2024\/04\/15\/rodeado-de-adultos-mayores-carlos-fernandez-arranca-campana-con-fuerza\/#article","isPartOf":{"@id":"https:\/\/elinformativotam.com\/index.php\/2024\/04\/15\/rodeado-de-adultos-mayores-carlos-fernandez-arranca-campana-con-fuerza\/"},"author":{"name":"El Informativo Tam","@id":"https:\/\/elinformativotam.com\/#\/schema\/person\/78e08040eed0f6110f0c5f83b6153590"},"headline":"RODEADO DE ADULTOS MAYORES CARLOS FERN\u00c1NDEZ ARRANCA CAMPA\u00d1A CON FUERZA","datePublished":"2024-04-16T04:07:13+00:00","mainEntityOfPage":{"@id":"https:\/\/elinformativotam.com\/index.php\/2024\/04\/15\/rodeado-de-adultos-mayores-carlos-fernandez-arranca-campana-con-fuerza\/"},"wordCount":271,"commentCount":0,"publisher":{"@id":"https:\/\/elinformativotam.com\/#organization"},"image":{"@id":"https:\/\/elinformativotam.com\/index.php\/2024\/04\/15\/rodeado-de-adultos-mayores-carlos-fernandez-arranca-campana-con-fuerza\/#primaryimage"},"thumbnailUrl":"https:\/\/elinformativotam.com\/wp-content\/uploads\/2024\/04\/Carlos-2.jpeg","articleSection":["Cd Madero"],"inLanguage":"es","potentialAction":[{"@type":"CommentAction","name":"Comment","target":["https:\/\/elinformativotam.com\/index.php\/2024\/04\/15\/rodeado-de-adultos-mayores-carlos-fernandez-arranca-campana-con-fuerza\/#respond"]}]},{"@type":"WebPage","@id":"https:\/\/elinformativotam.com\/index.php\/2024\/04\/15\/rodeado-de-adultos-mayores-carlos-fernandez-arranca-campana-con-fuerza\/","url":"https:\/\/elinformativotam.com\/index.php\/2024\/04\/15\/rodeado-de-adultos-mayores-carlos-fernandez-arranca-campana-con-fuerza\/","name":"RODEADO DE ADULTOS MAYORES CARLOS FERN\u00c1NDEZ ARRANCA CAMPA\u00d1A CON FUERZA - EL INFORMATIVO DE TAMAULIPAS","isPartOf":{"@id":"https:\/\/elinformativotam.com\/#website"},"primaryImageOfPage":{"@id":"https:\/\/elinformativotam.com\/index.php\/2024\/04\/15\/rodeado-de-adultos-mayores-carlos-fernandez-arranca-campana-con-fuerza\/#primaryimage"},"image":{"@id":"https:\/\/elinformativotam.com\/index.php\/2024\/04\/15\/rodeado-de-adultos-mayores-carlos-fernandez-arranca-campana-con-fuerza\/#primaryimage"},"thumbnailUrl":"https:\/\/elinformativotam.com\/wp-content\/uploads\/2024\/04\/Carlos-2.jpeg","datePublished":"2024-04-16T04:07:13+00:00","description":"Carlos Fern\u00e1ndez Arranc\u00f3 Campa\u00f1a Rodeado De Sectores Vulnerables Como El De Los Adultos Mayores Quienes Ven En El Joven Pol\u00edtico Un Proyecto Viable Para","inLanguage":"es","potentialAction":[{"@type":"ReadAction","target":["https:\/\/elinformativotam.com\/index.php\/2024\/04\/15\/rodeado-de-adultos-mayores-carlos-fernandez-arranca-campana-con-fuerza\/"]}]},{"@type":"ImageObject","inLanguage":"es","@id":"https:\/\/elinformativotam.com\/index.php\/2024\/04\/15\/rodeado-de-adultos-mayores-carlos-fernandez-arranca-campana-con-fuerza\/#primaryimage","url":"https:\/\/elinformativotam.com\/wp-content\/uploads\/2024\/04\/Carlos-2.jpeg","contentUrl":"https:\/\/elinformativotam.com\/wp-content\/uploads\/2024\/04\/Carlos-2.jpeg","width":1600,"height":1066},{"@type":"WebSite","@id":"https:\/\/elinformativotam.com\/#website","url":"https:\/\/elinformativotam.com\/","name":"EL INFORMATIVO DE TAMAULIPAS","description":"Desde la Zona Metropolitana Para Todo M\u00e9xico","publisher":{"@id":"https:\/\/elinformativotam.com\/#organization"},"potentialAction":[{"@type":"SearchAction","target":{"@type":"EntryPoint","urlTemplate":"https:\/\/elinformativotam.com\/?s={search_term_string}"},"query-input":{"@type":"PropertyValueSpecification","valueRequired":true,"valueName":"search_term_string"}}],"inLanguage":"es"},{"@type":"Organization","@id":"https:\/\/elinformativotam.com\/#organization","name":"EL INFORMATIVO DE TAMAULIPAS","url":"https:\/\/elinformativotam.com\/","logo":{"@type":"ImageObject","inLanguage":"es","@id":"https:\/\/elinformativotam.com\/#\/schema\/logo\/image\/","url":"https:\/\/elinformativotam.com\/wp-content\/uploads\/2026\/02\/Cabezal.png","contentUrl":"https:\/\/elinformativotam.com\/wp-content\/uploads\/2026\/02\/Cabezal.png","width":960,"height":640,"caption":"EL INFORMATIVO DE TAMAULIPAS"},"image":{"@id":"https:\/\/elinformativotam.com\/#\/schema\/logo\/image\/"}},{"@type":"Person","@id":"https:\/\/elinformativotam.com\/#\/schema\/person\/78e08040eed0f6110f0c5f83b6153590","name":"El Informativo Tam","image":{"@type":"ImageObject","inLanguage":"es","@id":"https:\/\/secure.gravatar.com\/avatar\/f3b7ad3af540688955925ac610647be00b0cf41feea9c4978b73a707ee86bc53?s=96&d=mm&r=g","url":"https:\/\/secure.gravatar.com\/avatar\/f3b7ad3af540688955925ac610647be00b0cf41feea9c4978b73a707ee86bc53?s=96&d=mm&r=g","contentUrl":"https:\/\/secure.gravatar.com\/avatar\/f3b7ad3af540688955925ac610647be00b0cf41feea9c4978b73a707ee86bc53?s=96&d=mm&r=g","caption":"El Informativo Tam"}}]}},"_links":{"self":[{"href":"https:\/\/elinformativotam.com\/index.php\/wp-json\/wp\/v2\/posts\/50290","targetHints":{"allow":["GET"]}}],"collection":[{"href":"https:\/\/elinformativotam.com\/index.php\/wp-json\/wp\/v2\/posts"}],"about":[{"href":"https:\/\/elinformativotam.com\/index.php\/wp-json\/wp\/v2\/types\/post"}],"author":[{"embeddable":true,"href":"https:\/\/elinformativotam.com\/index.php\/wp-json\/wp\/v2\/users\/1"}],"replies":[{"embeddable":true,"href":"https:\/\/elinformativotam.com\/index.php\/wp-json\/wp\/v2\/comments?post=50290"}],"version-history":[{"count":1,"href":"https:\/\/elinformativotam.com\/index.php\/wp-json\/wp\/v2\/posts\/50290\/revisions"}],"predecessor-version":[{"id":50293,"href":"https:\/\/elinformativotam.com\/index.php\/wp-json\/wp\/v2\/posts\/50290\/revisions\/50293"}],"wp:featuredmedia":[{"embeddable":true,"href":"https:\/\/elinformativotam.com\/index.php\/wp-json\/wp\/v2\/media\/50292"}],"wp:attachment":[{"href":"https:\/\/elinformativotam.com\/index.php\/wp-json\/wp\/v2\/media?parent=50290"}],"wp:term":[{"taxonomy":"category","embeddable":true,"href":"https:\/\/elinformativotam.com\/index.php\/wp-json\/wp\/v2\/categories?post=50290"},{"taxonomy":"post_tag","embeddable":true,"href":"https:\/\/elinformativotam.com\/index.php\/wp-json\/wp\/v2\/tags?post=50290"}],"curies":[{"name":"wp","href":"https:\/\/api.w.org\/{rel}","templated":true}]}}