{"id":50287,"date":"2024-04-15T22:04:01","date_gmt":"2024-04-16T04:04:01","guid":{"rendered":"https:\/\/elinformativotam.com\/?p=50287"},"modified":"2024-04-15T22:04:01","modified_gmt":"2024-04-16T04:04:01","slug":"en-madero-el-cambio-viene-con-fuerza-carlos-fernandez","status":"publish","type":"post","link":"https:\/\/elinformativotam.com\/index.php\/2024\/04\/15\/en-madero-el-cambio-viene-con-fuerza-carlos-fernandez\/","title":{"rendered":"EN MADERO EL CAMBIO VIENE CON FUERZA: CARLOS FERN\u00c1NDEZ"},"content":{"rendered":"<p>Carlos Fern\u00e1ndez Altamirano, candidato de la alianza \u201cFuerza y Coraz\u00f3n por Tamaulipas\u201d, arranc\u00f3 su campa\u00f1a por la Presidencia Municipal de Ciudad Madero, acompa\u00f1ado de miles de maderenses en un punto emblem\u00e1tico de la urbe, la plaza Jalisco.<\/p>\n<p>\u201cHoy nos reunimos con el coraz\u00f3n lleno de esperanza, y la determinaci\u00f3n de crear un futuro mejor para todos nosotros, un Madero, donde todos puedan brillar, un madero imparable\u201d.<\/p>\n<p>&nbsp;<\/p>\n<p>El aspirante a la Alcald\u00eda de Ciudad Madero dijo estar listo para darle un nuevo rostro a la ciudad y destac\u00f3 el apoyo y consejo del candidato a Diputado Federal por el Distrito 08, Chucho Nader, que he hecho brillar a Tampico.<\/p>\n<p>&nbsp;<\/p>\n<p>\u201cVamos todos en un s\u00f3lo equipo, porque que el cambio que viene es por nuestras familias. Esto no es un esfuerzo individual, es un esfuerzo colectivo, cada uno de nosotros tiene un papel que desempe\u00f1ar en la construcci\u00f3n de un futuro mejor para Ciudad Madero\u201d, asegur\u00f3.<\/p>\n<p>&nbsp;<\/p>\n<p>Carlos Fern\u00e1ndez dijo que en todas las colonias de Ciudad Madero la gente demanda un cambio, porque aspiran a vivir en una mejor cuidad, en donde las condiciones sean dignas y las oportunidades est\u00e9n al alcance de todos, por lo que har\u00e1 equipo con las y los maderenses para aplicar el mejor proyecto que la cuidad haya tenido.<\/p>\n<p>&nbsp;<\/p>\n<p>\u201cA partir de ahora, cambio, pero bien hecho, con visi\u00f3n de futuro, con uni\u00f3n, lejos de ocurrencias, lejos de privilegios solo para algunos. A partir de ahora, cambio, pero con una pol\u00edtica buena, que sea pr\u00e1ctica, honesta, y que resuelva\u201d, afirm\u00f3.<\/p>\n<p>&nbsp;<\/p>\n<p>Revel\u00f3 que con el apoyo y la confianza de los ciudadanos trabajar\u00e1 en mejorar las instalaciones y accesos a escuelas, trabajar\u00e1 en la prevenci\u00f3n del delito y la salud de la poblaci\u00f3n con m\u00e1s y mejores espacios para el deporte, adem\u00e1s, asegur\u00f3 que en Ciudad Madero se circular\u00e1 con libertad.<\/p>\n<p>&nbsp;<\/p>\n<p>Una pol\u00edtica que sabr\u00e1 trabajar con la pr\u00f3xima presidenta de M\u00e9xico y con el gobernador del estado para que a Ciudad Madero y a sus familias les vaya mejor. A partir de ahora, cambio, seremos imparables y los haremos tanto que\u00a0 con el perd\u00f3n de aqu\u00ed mi amigo Chucho que le regres\u00f3 su brillo a Tampico\u2026 nuestros hermanos tampique\u00f1os, querr\u00e1n venirse a vivir a Madero\u201d, puntualiz\u00f3.<\/p>\n<p>&nbsp;<\/p>\n<p>&nbsp;<\/p>\n<p>&nbsp;<\/p>\n","protected":false},"excerpt":{"rendered":"<p>Carlos Fern\u00e1ndez Altamirano, candidato de la alianza \u201cFuerza y Coraz\u00f3n por Tamaulipas\u201d, arranc\u00f3 su campa\u00f1a por la Presidencia Municipal de&hellip;<\/p>\n","protected":false},"author":1,"featured_media":50288,"comment_status":"open","ping_status":"open","sticky":false,"template":"","format":"standard","meta":{"footnotes":""},"categories":[4],"tags":[],"class_list":["post-50287","post","type-post","status-publish","format-standard","has-post-thumbnail","hentry","category-madero"],"yoast_head":"<!-- This site is optimized with the Yoast SEO plugin v27.5 - https:\/\/yoast.com\/product\/yoast-seo-wordpress\/ -->\n<title>EN MADERO EL CAMBIO VIENE CON FUERZA: CARLOS FERN\u00c1NDEZ - EL INFORMATIVO DE TAMAULIPAS<\/title>\n<meta name=\"description\" content=\"Carlos Fern\u00e1ndez Altamirano, candidato de la alianza \u201cFuerza y Coraz\u00f3n por Tamaulipas\u201d, arranc\u00f3 su campa\u00f1a por la Presidencia Municipal de Ciudad Madero,\" \/>\n<meta name=\"robots\" content=\"index, follow, max-snippet:-1, max-image-preview:large, max-video-preview:-1\" \/>\n<link rel=\"canonical\" href=\"https:\/\/elinformativotam.com\/index.php\/2024\/04\/15\/en-madero-el-cambio-viene-con-fuerza-carlos-fernandez\/\" \/>\n<meta property=\"og:locale\" content=\"es_MX\" \/>\n<meta property=\"og:type\" content=\"article\" \/>\n<meta property=\"og:title\" content=\"EN MADERO EL CAMBIO VIENE CON FUERZA: CARLOS FERN\u00c1NDEZ - EL INFORMATIVO DE TAMAULIPAS\" \/>\n<meta property=\"og:description\" content=\"Carlos Fern\u00e1ndez Altamirano, candidato de la alianza \u201cFuerza y Coraz\u00f3n por Tamaulipas\u201d, arranc\u00f3 su campa\u00f1a por la Presidencia Municipal de Ciudad Madero,\" \/>\n<meta property=\"og:url\" content=\"https:\/\/elinformativotam.com\/index.php\/2024\/04\/15\/en-madero-el-cambio-viene-con-fuerza-carlos-fernandez\/\" \/>\n<meta property=\"og:site_name\" content=\"EL INFORMATIVO DE TAMAULIPAS\" \/>\n<meta property=\"article:published_time\" content=\"2024-04-16T04:04:01+00:00\" \/>\n<meta property=\"og:image\" content=\"https:\/\/elinformativotam.com\/wp-content\/uploads\/2024\/04\/Carlos-Fernandez.jpg\" \/>\n\t<meta property=\"og:image:width\" content=\"520\" \/>\n\t<meta property=\"og:image:height\" content=\"540\" \/>\n\t<meta property=\"og:image:type\" content=\"image\/jpeg\" \/>\n<meta name=\"author\" content=\"El Informativo Tam\" \/>\n<meta name=\"twitter:card\" content=\"summary_large_image\" \/>\n<meta name=\"twitter:label1\" content=\"Escrito por\" \/>\n\t<meta name=\"twitter:data1\" content=\"El Informativo Tam\" \/>\n\t<meta name=\"twitter:label2\" content=\"Tiempo de lectura\" \/>\n\t<meta name=\"twitter:data2\" content=\"2 minutos\" \/>\n<script type=\"application\/ld+json\" class=\"yoast-schema-graph\">{\"@context\":\"https:\\\/\\\/schema.org\",\"@graph\":[{\"@type\":\"Article\",\"@id\":\"https:\\\/\\\/elinformativotam.com\\\/index.php\\\/2024\\\/04\\\/15\\\/en-madero-el-cambio-viene-con-fuerza-carlos-fernandez\\\/#article\",\"isPartOf\":{\"@id\":\"https:\\\/\\\/elinformativotam.com\\\/index.php\\\/2024\\\/04\\\/15\\\/en-madero-el-cambio-viene-con-fuerza-carlos-fernandez\\\/\"},\"author\":{\"name\":\"El Informativo Tam\",\"@id\":\"https:\\\/\\\/elinformativotam.com\\\/#\\\/schema\\\/person\\\/78e08040eed0f6110f0c5f83b6153590\"},\"headline\":\"EN MADERO EL CAMBIO VIENE CON FUERZA: CARLOS FERN\u00c1NDEZ\",\"datePublished\":\"2024-04-16T04:04:01+00:00\",\"mainEntityOfPage\":{\"@id\":\"https:\\\/\\\/elinformativotam.com\\\/index.php\\\/2024\\\/04\\\/15\\\/en-madero-el-cambio-viene-con-fuerza-carlos-fernandez\\\/\"},\"wordCount\":414,\"commentCount\":0,\"publisher\":{\"@id\":\"https:\\\/\\\/elinformativotam.com\\\/#organization\"},\"image\":{\"@id\":\"https:\\\/\\\/elinformativotam.com\\\/index.php\\\/2024\\\/04\\\/15\\\/en-madero-el-cambio-viene-con-fuerza-carlos-fernandez\\\/#primaryimage\"},\"thumbnailUrl\":\"https:\\\/\\\/elinformativotam.com\\\/wp-content\\\/uploads\\\/2024\\\/04\\\/Carlos-Fernandez.jpg\",\"articleSection\":[\"Cd Madero\"],\"inLanguage\":\"es\",\"potentialAction\":[{\"@type\":\"CommentAction\",\"name\":\"Comment\",\"target\":[\"https:\\\/\\\/elinformativotam.com\\\/index.php\\\/2024\\\/04\\\/15\\\/en-madero-el-cambio-viene-con-fuerza-carlos-fernandez\\\/#respond\"]}]},{\"@type\":\"WebPage\",\"@id\":\"https:\\\/\\\/elinformativotam.com\\\/index.php\\\/2024\\\/04\\\/15\\\/en-madero-el-cambio-viene-con-fuerza-carlos-fernandez\\\/\",\"url\":\"https:\\\/\\\/elinformativotam.com\\\/index.php\\\/2024\\\/04\\\/15\\\/en-madero-el-cambio-viene-con-fuerza-carlos-fernandez\\\/\",\"name\":\"EN MADERO EL CAMBIO VIENE CON FUERZA: CARLOS FERN\u00c1NDEZ - EL INFORMATIVO DE TAMAULIPAS\",\"isPartOf\":{\"@id\":\"https:\\\/\\\/elinformativotam.com\\\/#website\"},\"primaryImageOfPage\":{\"@id\":\"https:\\\/\\\/elinformativotam.com\\\/index.php\\\/2024\\\/04\\\/15\\\/en-madero-el-cambio-viene-con-fuerza-carlos-fernandez\\\/#primaryimage\"},\"image\":{\"@id\":\"https:\\\/\\\/elinformativotam.com\\\/index.php\\\/2024\\\/04\\\/15\\\/en-madero-el-cambio-viene-con-fuerza-carlos-fernandez\\\/#primaryimage\"},\"thumbnailUrl\":\"https:\\\/\\\/elinformativotam.com\\\/wp-content\\\/uploads\\\/2024\\\/04\\\/Carlos-Fernandez.jpg\",\"datePublished\":\"2024-04-16T04:04:01+00:00\",\"description\":\"Carlos Fern\u00e1ndez Altamirano, candidato de la alianza \u201cFuerza y Coraz\u00f3n por Tamaulipas\u201d, arranc\u00f3 su campa\u00f1a por la Presidencia Municipal de Ciudad Madero,\",\"inLanguage\":\"es\",\"potentialAction\":[{\"@type\":\"ReadAction\",\"target\":[\"https:\\\/\\\/elinformativotam.com\\\/index.php\\\/2024\\\/04\\\/15\\\/en-madero-el-cambio-viene-con-fuerza-carlos-fernandez\\\/\"]}]},{\"@type\":\"ImageObject\",\"inLanguage\":\"es\",\"@id\":\"https:\\\/\\\/elinformativotam.com\\\/index.php\\\/2024\\\/04\\\/15\\\/en-madero-el-cambio-viene-con-fuerza-carlos-fernandez\\\/#primaryimage\",\"url\":\"https:\\\/\\\/elinformativotam.com\\\/wp-content\\\/uploads\\\/2024\\\/04\\\/Carlos-Fernandez.jpg\",\"contentUrl\":\"https:\\\/\\\/elinformativotam.com\\\/wp-content\\\/uploads\\\/2024\\\/04\\\/Carlos-Fernandez.jpg\",\"width\":520,\"height\":540},{\"@type\":\"WebSite\",\"@id\":\"https:\\\/\\\/elinformativotam.com\\\/#website\",\"url\":\"https:\\\/\\\/elinformativotam.com\\\/\",\"name\":\"EL INFORMATIVO DE TAMAULIPAS\",\"description\":\"Desde la Zona Metropolitana Para Todo M\u00e9xico\",\"publisher\":{\"@id\":\"https:\\\/\\\/elinformativotam.com\\\/#organization\"},\"potentialAction\":[{\"@type\":\"SearchAction\",\"target\":{\"@type\":\"EntryPoint\",\"urlTemplate\":\"https:\\\/\\\/elinformativotam.com\\\/?s={search_term_string}\"},\"query-input\":{\"@type\":\"PropertyValueSpecification\",\"valueRequired\":true,\"valueName\":\"search_term_string\"}}],\"inLanguage\":\"es\"},{\"@type\":\"Organization\",\"@id\":\"https:\\\/\\\/elinformativotam.com\\\/#organization\",\"name\":\"EL INFORMATIVO DE TAMAULIPAS\",\"url\":\"https:\\\/\\\/elinformativotam.com\\\/\",\"logo\":{\"@type\":\"ImageObject\",\"inLanguage\":\"es\",\"@id\":\"https:\\\/\\\/elinformativotam.com\\\/#\\\/schema\\\/logo\\\/image\\\/\",\"url\":\"https:\\\/\\\/elinformativotam.com\\\/wp-content\\\/uploads\\\/2026\\\/02\\\/Cabezal.png\",\"contentUrl\":\"https:\\\/\\\/elinformativotam.com\\\/wp-content\\\/uploads\\\/2026\\\/02\\\/Cabezal.png\",\"width\":960,\"height\":640,\"caption\":\"EL INFORMATIVO DE TAMAULIPAS\"},\"image\":{\"@id\":\"https:\\\/\\\/elinformativotam.com\\\/#\\\/schema\\\/logo\\\/image\\\/\"}},{\"@type\":\"Person\",\"@id\":\"https:\\\/\\\/elinformativotam.com\\\/#\\\/schema\\\/person\\\/78e08040eed0f6110f0c5f83b6153590\",\"name\":\"El Informativo Tam\",\"image\":{\"@type\":\"ImageObject\",\"inLanguage\":\"es\",\"@id\":\"https:\\\/\\\/secure.gravatar.com\\\/avatar\\\/f3b7ad3af540688955925ac610647be00b0cf41feea9c4978b73a707ee86bc53?s=96&d=mm&r=g\",\"url\":\"https:\\\/\\\/secure.gravatar.com\\\/avatar\\\/f3b7ad3af540688955925ac610647be00b0cf41feea9c4978b73a707ee86bc53?s=96&d=mm&r=g\",\"contentUrl\":\"https:\\\/\\\/secure.gravatar.com\\\/avatar\\\/f3b7ad3af540688955925ac610647be00b0cf41feea9c4978b73a707ee86bc53?s=96&d=mm&r=g\",\"caption\":\"El Informativo Tam\"}}]}<\/script>\n<!-- \/ Yoast SEO plugin. -->","yoast_head_json":{"title":"EN MADERO EL CAMBIO VIENE CON FUERZA: CARLOS FERN\u00c1NDEZ - EL INFORMATIVO DE TAMAULIPAS","description":"Carlos Fern\u00e1ndez Altamirano, candidato de la alianza \u201cFuerza y Coraz\u00f3n por Tamaulipas\u201d, arranc\u00f3 su campa\u00f1a por la Presidencia Municipal de Ciudad Madero,","robots":{"index":"index","follow":"follow","max-snippet":"max-snippet:-1","max-image-preview":"max-image-preview:large","max-video-preview":"max-video-preview:-1"},"canonical":"https:\/\/elinformativotam.com\/index.php\/2024\/04\/15\/en-madero-el-cambio-viene-con-fuerza-carlos-fernandez\/","og_locale":"es_MX","og_type":"article","og_title":"EN MADERO EL CAMBIO VIENE CON FUERZA: CARLOS FERN\u00c1NDEZ - EL INFORMATIVO DE TAMAULIPAS","og_description":"Carlos Fern\u00e1ndez Altamirano, candidato de la alianza \u201cFuerza y Coraz\u00f3n por Tamaulipas\u201d, arranc\u00f3 su campa\u00f1a por la Presidencia Municipal de Ciudad Madero,","og_url":"https:\/\/elinformativotam.com\/index.php\/2024\/04\/15\/en-madero-el-cambio-viene-con-fuerza-carlos-fernandez\/","og_site_name":"EL INFORMATIVO DE TAMAULIPAS","article_published_time":"2024-04-16T04:04:01+00:00","og_image":[{"width":520,"height":540,"url":"https:\/\/elinformativotam.com\/wp-content\/uploads\/2024\/04\/Carlos-Fernandez.jpg","type":"image\/jpeg"}],"author":"El Informativo Tam","twitter_card":"summary_large_image","twitter_misc":{"Escrito por":"El Informativo Tam","Tiempo de lectura":"2 minutos"},"schema":{"@context":"https:\/\/schema.org","@graph":[{"@type":"Article","@id":"https:\/\/elinformativotam.com\/index.php\/2024\/04\/15\/en-madero-el-cambio-viene-con-fuerza-carlos-fernandez\/#article","isPartOf":{"@id":"https:\/\/elinformativotam.com\/index.php\/2024\/04\/15\/en-madero-el-cambio-viene-con-fuerza-carlos-fernandez\/"},"author":{"name":"El Informativo Tam","@id":"https:\/\/elinformativotam.com\/#\/schema\/person\/78e08040eed0f6110f0c5f83b6153590"},"headline":"EN MADERO EL CAMBIO VIENE CON FUERZA: CARLOS FERN\u00c1NDEZ","datePublished":"2024-04-16T04:04:01+00:00","mainEntityOfPage":{"@id":"https:\/\/elinformativotam.com\/index.php\/2024\/04\/15\/en-madero-el-cambio-viene-con-fuerza-carlos-fernandez\/"},"wordCount":414,"commentCount":0,"publisher":{"@id":"https:\/\/elinformativotam.com\/#organization"},"image":{"@id":"https:\/\/elinformativotam.com\/index.php\/2024\/04\/15\/en-madero-el-cambio-viene-con-fuerza-carlos-fernandez\/#primaryimage"},"thumbnailUrl":"https:\/\/elinformativotam.com\/wp-content\/uploads\/2024\/04\/Carlos-Fernandez.jpg","articleSection":["Cd Madero"],"inLanguage":"es","potentialAction":[{"@type":"CommentAction","name":"Comment","target":["https:\/\/elinformativotam.com\/index.php\/2024\/04\/15\/en-madero-el-cambio-viene-con-fuerza-carlos-fernandez\/#respond"]}]},{"@type":"WebPage","@id":"https:\/\/elinformativotam.com\/index.php\/2024\/04\/15\/en-madero-el-cambio-viene-con-fuerza-carlos-fernandez\/","url":"https:\/\/elinformativotam.com\/index.php\/2024\/04\/15\/en-madero-el-cambio-viene-con-fuerza-carlos-fernandez\/","name":"EN MADERO EL CAMBIO VIENE CON FUERZA: CARLOS FERN\u00c1NDEZ - EL INFORMATIVO DE TAMAULIPAS","isPartOf":{"@id":"https:\/\/elinformativotam.com\/#website"},"primaryImageOfPage":{"@id":"https:\/\/elinformativotam.com\/index.php\/2024\/04\/15\/en-madero-el-cambio-viene-con-fuerza-carlos-fernandez\/#primaryimage"},"image":{"@id":"https:\/\/elinformativotam.com\/index.php\/2024\/04\/15\/en-madero-el-cambio-viene-con-fuerza-carlos-fernandez\/#primaryimage"},"thumbnailUrl":"https:\/\/elinformativotam.com\/wp-content\/uploads\/2024\/04\/Carlos-Fernandez.jpg","datePublished":"2024-04-16T04:04:01+00:00","description":"Carlos Fern\u00e1ndez Altamirano, candidato de la alianza \u201cFuerza y Coraz\u00f3n por Tamaulipas\u201d, arranc\u00f3 su campa\u00f1a por la Presidencia Municipal de Ciudad Madero,","inLanguage":"es","potentialAction":[{"@type":"ReadAction","target":["https:\/\/elinformativotam.com\/index.php\/2024\/04\/15\/en-madero-el-cambio-viene-con-fuerza-carlos-fernandez\/"]}]},{"@type":"ImageObject","inLanguage":"es","@id":"https:\/\/elinformativotam.com\/index.php\/2024\/04\/15\/en-madero-el-cambio-viene-con-fuerza-carlos-fernandez\/#primaryimage","url":"https:\/\/elinformativotam.com\/wp-content\/uploads\/2024\/04\/Carlos-Fernandez.jpg","contentUrl":"https:\/\/elinformativotam.com\/wp-content\/uploads\/2024\/04\/Carlos-Fernandez.jpg","width":520,"height":540},{"@type":"WebSite","@id":"https:\/\/elinformativotam.com\/#website","url":"https:\/\/elinformativotam.com\/","name":"EL INFORMATIVO DE TAMAULIPAS","description":"Desde la Zona Metropolitana Para Todo M\u00e9xico","publisher":{"@id":"https:\/\/elinformativotam.com\/#organization"},"potentialAction":[{"@type":"SearchAction","target":{"@type":"EntryPoint","urlTemplate":"https:\/\/elinformativotam.com\/?s={search_term_string}"},"query-input":{"@type":"PropertyValueSpecification","valueRequired":true,"valueName":"search_term_string"}}],"inLanguage":"es"},{"@type":"Organization","@id":"https:\/\/elinformativotam.com\/#organization","name":"EL INFORMATIVO DE TAMAULIPAS","url":"https:\/\/elinformativotam.com\/","logo":{"@type":"ImageObject","inLanguage":"es","@id":"https:\/\/elinformativotam.com\/#\/schema\/logo\/image\/","url":"https:\/\/elinformativotam.com\/wp-content\/uploads\/2026\/02\/Cabezal.png","contentUrl":"https:\/\/elinformativotam.com\/wp-content\/uploads\/2026\/02\/Cabezal.png","width":960,"height":640,"caption":"EL INFORMATIVO DE TAMAULIPAS"},"image":{"@id":"https:\/\/elinformativotam.com\/#\/schema\/logo\/image\/"}},{"@type":"Person","@id":"https:\/\/elinformativotam.com\/#\/schema\/person\/78e08040eed0f6110f0c5f83b6153590","name":"El Informativo Tam","image":{"@type":"ImageObject","inLanguage":"es","@id":"https:\/\/secure.gravatar.com\/avatar\/f3b7ad3af540688955925ac610647be00b0cf41feea9c4978b73a707ee86bc53?s=96&d=mm&r=g","url":"https:\/\/secure.gravatar.com\/avatar\/f3b7ad3af540688955925ac610647be00b0cf41feea9c4978b73a707ee86bc53?s=96&d=mm&r=g","contentUrl":"https:\/\/secure.gravatar.com\/avatar\/f3b7ad3af540688955925ac610647be00b0cf41feea9c4978b73a707ee86bc53?s=96&d=mm&r=g","caption":"El Informativo Tam"}}]}},"_links":{"self":[{"href":"https:\/\/elinformativotam.com\/index.php\/wp-json\/wp\/v2\/posts\/50287","targetHints":{"allow":["GET"]}}],"collection":[{"href":"https:\/\/elinformativotam.com\/index.php\/wp-json\/wp\/v2\/posts"}],"about":[{"href":"https:\/\/elinformativotam.com\/index.php\/wp-json\/wp\/v2\/types\/post"}],"author":[{"embeddable":true,"href":"https:\/\/elinformativotam.com\/index.php\/wp-json\/wp\/v2\/users\/1"}],"replies":[{"embeddable":true,"href":"https:\/\/elinformativotam.com\/index.php\/wp-json\/wp\/v2\/comments?post=50287"}],"version-history":[{"count":1,"href":"https:\/\/elinformativotam.com\/index.php\/wp-json\/wp\/v2\/posts\/50287\/revisions"}],"predecessor-version":[{"id":50289,"href":"https:\/\/elinformativotam.com\/index.php\/wp-json\/wp\/v2\/posts\/50287\/revisions\/50289"}],"wp:featuredmedia":[{"embeddable":true,"href":"https:\/\/elinformativotam.com\/index.php\/wp-json\/wp\/v2\/media\/50288"}],"wp:attachment":[{"href":"https:\/\/elinformativotam.com\/index.php\/wp-json\/wp\/v2\/media?parent=50287"}],"wp:term":[{"taxonomy":"category","embeddable":true,"href":"https:\/\/elinformativotam.com\/index.php\/wp-json\/wp\/v2\/categories?post=50287"},{"taxonomy":"post_tag","embeddable":true,"href":"https:\/\/elinformativotam.com\/index.php\/wp-json\/wp\/v2\/tags?post=50287"}],"curies":[{"name":"wp","href":"https:\/\/api.w.org\/{rel}","templated":true}]}}