{"id":50281,"date":"2024-04-15T19:21:47","date_gmt":"2024-04-16T01:21:47","guid":{"rendered":"https:\/\/elinformativotam.com\/?p=50281"},"modified":"2024-04-15T19:21:47","modified_gmt":"2024-04-16T01:21:47","slug":"pepe-schekaiban-busca-fortalecer-el-cuidado-y-uso-responsable-del-agua","status":"publish","type":"post","link":"https:\/\/elinformativotam.com\/index.php\/2024\/04\/15\/pepe-schekaiban-busca-fortalecer-el-cuidado-y-uso-responsable-del-agua\/","title":{"rendered":"Pepe Schekaib\u00e1n Busca Fortalecer el Cuidado y Uso Responsable del Agua"},"content":{"rendered":"<p>Ante el posible desabasto del agua en Tampico y la zona conurbada por la escasez de lluvias y la falta de una infraestructura adecuada, Pepe Schekaib\u00e1n, Candidato del PAN a la Diputaci\u00f3n local por el Distrito 22 que comprende la zona centro y sur de Tampico, asegur\u00f3 que centrar\u00e1 parte de su propuesta legislativa en la implementaci\u00f3n de programas para fortalecer la cultura del agua y en el desarrollo de obras estrat\u00e9gicas que garanticen el abasto suficiente de este recurso.<\/p>\n<p>&nbsp;<\/p>\n<p>Detall\u00f3 que propondr\u00e1 tambi\u00e9n fomentar el cuidado del vital liquido con programas desde los niveles escolares basicos y que la sociedad en su conjunto participe en el uso responsable y ahorro de este recurso natura.<\/p>\n<p>&nbsp;<\/p>\n<p>Pepe Schekaib\u00e1n mencion\u00f3, por otra parte que desde el Congreso del Estado legislar\u00e1 para que se incrementen los programas de salud p\u00fablica, principalmente en la atenci\u00f3n a la salud mental de la poblaci\u00f3n que lo requiera, ya que dijo, existe un vac\u00edo en esta \u00e1rea de la salud.<\/p>\n<p>&nbsp;<\/p>\n<p>&#8220;Es importante que el Estado garantice el acceso a las personas que requieran tratamiento y medicamentos para atender las enfermedades relacionadas con la salud mental&#8221;, expuso.<\/p>\n<p>&nbsp;<\/p>\n<p>El abanderado de los partidos Acci\u00f3n Nacional y Revolucionario Institucional indic\u00f3 que adem\u00e1s gestionar\u00e1 mayores apoyos al deporte y a los deportistas en las diferentes disciplinas, as\u00ed como mayor participaci\u00f3n estatal en la ampliaci\u00f3n y modernizaci\u00f3n de la infraestructura deportiva, como parte de las acciones destinadas al fortalecimiento del tejido social y al desarrollo de nuevos talentos.<\/p>\n","protected":false},"excerpt":{"rendered":"<p>Ante el posible desabasto del agua en Tampico y la zona conurbada por la escasez de lluvias y la falta&hellip;<\/p>\n","protected":false},"author":1,"featured_media":50282,"comment_status":"open","ping_status":"open","sticky":false,"template":"","format":"standard","meta":{"footnotes":""},"categories":[3],"tags":[],"class_list":["post-50281","post","type-post","status-publish","format-standard","has-post-thumbnail","hentry","category-tampico"],"yoast_head":"<!-- This site is optimized with the Yoast SEO plugin v27.5 - https:\/\/yoast.com\/product\/yoast-seo-wordpress\/ -->\n<title>Pepe Schekaib\u00e1n Busca Fortalecer el Cuidado y Uso Responsable del Agua - EL INFORMATIVO DE TAMAULIPAS<\/title>\n<meta name=\"description\" content=\"Ante el posible desabasto del agua en Tampico y la zona conurbada por la escasez de lluvias y la falta de una infraestructura adecuada, Pepe Schekaib\u00e1n,\" \/>\n<meta name=\"robots\" content=\"index, follow, max-snippet:-1, max-image-preview:large, max-video-preview:-1\" \/>\n<link rel=\"canonical\" href=\"https:\/\/elinformativotam.com\/index.php\/2024\/04\/15\/pepe-schekaiban-busca-fortalecer-el-cuidado-y-uso-responsable-del-agua\/\" \/>\n<meta property=\"og:locale\" content=\"es_MX\" \/>\n<meta property=\"og:type\" content=\"article\" \/>\n<meta property=\"og:title\" content=\"Pepe Schekaib\u00e1n Busca Fortalecer el Cuidado y Uso Responsable del Agua - EL INFORMATIVO DE TAMAULIPAS\" \/>\n<meta property=\"og:description\" content=\"Ante el posible desabasto del agua en Tampico y la zona conurbada por la escasez de lluvias y la falta de una infraestructura adecuada, Pepe Schekaib\u00e1n,\" \/>\n<meta property=\"og:url\" content=\"https:\/\/elinformativotam.com\/index.php\/2024\/04\/15\/pepe-schekaiban-busca-fortalecer-el-cuidado-y-uso-responsable-del-agua\/\" \/>\n<meta property=\"og:site_name\" content=\"EL INFORMATIVO DE TAMAULIPAS\" \/>\n<meta property=\"article:published_time\" content=\"2024-04-16T01:21:47+00:00\" \/>\n<meta property=\"og:image\" content=\"https:\/\/elinformativotam.com\/wp-content\/uploads\/2024\/04\/IMG-20240415-WA0127.jpg\" \/>\n\t<meta property=\"og:image:width\" content=\"1600\" \/>\n\t<meta property=\"og:image:height\" content=\"1066\" \/>\n\t<meta property=\"og:image:type\" content=\"image\/jpeg\" \/>\n<meta name=\"author\" content=\"El Informativo Tam\" \/>\n<meta name=\"twitter:card\" content=\"summary_large_image\" \/>\n<meta name=\"twitter:label1\" content=\"Escrito por\" \/>\n\t<meta name=\"twitter:data1\" content=\"El Informativo Tam\" \/>\n\t<meta name=\"twitter:label2\" content=\"Tiempo de lectura\" \/>\n\t<meta name=\"twitter:data2\" content=\"2 minutos\" \/>\n<script type=\"application\/ld+json\" class=\"yoast-schema-graph\">{\"@context\":\"https:\\\/\\\/schema.org\",\"@graph\":[{\"@type\":\"Article\",\"@id\":\"https:\\\/\\\/elinformativotam.com\\\/index.php\\\/2024\\\/04\\\/15\\\/pepe-schekaiban-busca-fortalecer-el-cuidado-y-uso-responsable-del-agua\\\/#article\",\"isPartOf\":{\"@id\":\"https:\\\/\\\/elinformativotam.com\\\/index.php\\\/2024\\\/04\\\/15\\\/pepe-schekaiban-busca-fortalecer-el-cuidado-y-uso-responsable-del-agua\\\/\"},\"author\":{\"name\":\"El Informativo Tam\",\"@id\":\"https:\\\/\\\/elinformativotam.com\\\/#\\\/schema\\\/person\\\/78e08040eed0f6110f0c5f83b6153590\"},\"headline\":\"Pepe Schekaib\u00e1n Busca Fortalecer el Cuidado y Uso Responsable del Agua\",\"datePublished\":\"2024-04-16T01:21:47+00:00\",\"mainEntityOfPage\":{\"@id\":\"https:\\\/\\\/elinformativotam.com\\\/index.php\\\/2024\\\/04\\\/15\\\/pepe-schekaiban-busca-fortalecer-el-cuidado-y-uso-responsable-del-agua\\\/\"},\"wordCount\":276,\"commentCount\":0,\"publisher\":{\"@id\":\"https:\\\/\\\/elinformativotam.com\\\/#organization\"},\"image\":{\"@id\":\"https:\\\/\\\/elinformativotam.com\\\/index.php\\\/2024\\\/04\\\/15\\\/pepe-schekaiban-busca-fortalecer-el-cuidado-y-uso-responsable-del-agua\\\/#primaryimage\"},\"thumbnailUrl\":\"https:\\\/\\\/elinformativotam.com\\\/wp-content\\\/uploads\\\/2024\\\/04\\\/IMG-20240415-WA0127.jpg\",\"articleSection\":[\"Tampico\"],\"inLanguage\":\"es\",\"potentialAction\":[{\"@type\":\"CommentAction\",\"name\":\"Comment\",\"target\":[\"https:\\\/\\\/elinformativotam.com\\\/index.php\\\/2024\\\/04\\\/15\\\/pepe-schekaiban-busca-fortalecer-el-cuidado-y-uso-responsable-del-agua\\\/#respond\"]}]},{\"@type\":\"WebPage\",\"@id\":\"https:\\\/\\\/elinformativotam.com\\\/index.php\\\/2024\\\/04\\\/15\\\/pepe-schekaiban-busca-fortalecer-el-cuidado-y-uso-responsable-del-agua\\\/\",\"url\":\"https:\\\/\\\/elinformativotam.com\\\/index.php\\\/2024\\\/04\\\/15\\\/pepe-schekaiban-busca-fortalecer-el-cuidado-y-uso-responsable-del-agua\\\/\",\"name\":\"Pepe Schekaib\u00e1n Busca Fortalecer el Cuidado y Uso Responsable del Agua - EL INFORMATIVO DE TAMAULIPAS\",\"isPartOf\":{\"@id\":\"https:\\\/\\\/elinformativotam.com\\\/#website\"},\"primaryImageOfPage\":{\"@id\":\"https:\\\/\\\/elinformativotam.com\\\/index.php\\\/2024\\\/04\\\/15\\\/pepe-schekaiban-busca-fortalecer-el-cuidado-y-uso-responsable-del-agua\\\/#primaryimage\"},\"image\":{\"@id\":\"https:\\\/\\\/elinformativotam.com\\\/index.php\\\/2024\\\/04\\\/15\\\/pepe-schekaiban-busca-fortalecer-el-cuidado-y-uso-responsable-del-agua\\\/#primaryimage\"},\"thumbnailUrl\":\"https:\\\/\\\/elinformativotam.com\\\/wp-content\\\/uploads\\\/2024\\\/04\\\/IMG-20240415-WA0127.jpg\",\"datePublished\":\"2024-04-16T01:21:47+00:00\",\"description\":\"Ante el posible desabasto del agua en Tampico y la zona conurbada por la escasez de lluvias y la falta de una infraestructura adecuada, Pepe Schekaib\u00e1n,\",\"inLanguage\":\"es\",\"potentialAction\":[{\"@type\":\"ReadAction\",\"target\":[\"https:\\\/\\\/elinformativotam.com\\\/index.php\\\/2024\\\/04\\\/15\\\/pepe-schekaiban-busca-fortalecer-el-cuidado-y-uso-responsable-del-agua\\\/\"]}]},{\"@type\":\"ImageObject\",\"inLanguage\":\"es\",\"@id\":\"https:\\\/\\\/elinformativotam.com\\\/index.php\\\/2024\\\/04\\\/15\\\/pepe-schekaiban-busca-fortalecer-el-cuidado-y-uso-responsable-del-agua\\\/#primaryimage\",\"url\":\"https:\\\/\\\/elinformativotam.com\\\/wp-content\\\/uploads\\\/2024\\\/04\\\/IMG-20240415-WA0127.jpg\",\"contentUrl\":\"https:\\\/\\\/elinformativotam.com\\\/wp-content\\\/uploads\\\/2024\\\/04\\\/IMG-20240415-WA0127.jpg\",\"width\":1600,\"height\":1066},{\"@type\":\"WebSite\",\"@id\":\"https:\\\/\\\/elinformativotam.com\\\/#website\",\"url\":\"https:\\\/\\\/elinformativotam.com\\\/\",\"name\":\"EL INFORMATIVO DE TAMAULIPAS\",\"description\":\"Desde la Zona Metropolitana Para Todo M\u00e9xico\",\"publisher\":{\"@id\":\"https:\\\/\\\/elinformativotam.com\\\/#organization\"},\"potentialAction\":[{\"@type\":\"SearchAction\",\"target\":{\"@type\":\"EntryPoint\",\"urlTemplate\":\"https:\\\/\\\/elinformativotam.com\\\/?s={search_term_string}\"},\"query-input\":{\"@type\":\"PropertyValueSpecification\",\"valueRequired\":true,\"valueName\":\"search_term_string\"}}],\"inLanguage\":\"es\"},{\"@type\":\"Organization\",\"@id\":\"https:\\\/\\\/elinformativotam.com\\\/#organization\",\"name\":\"EL INFORMATIVO DE TAMAULIPAS\",\"url\":\"https:\\\/\\\/elinformativotam.com\\\/\",\"logo\":{\"@type\":\"ImageObject\",\"inLanguage\":\"es\",\"@id\":\"https:\\\/\\\/elinformativotam.com\\\/#\\\/schema\\\/logo\\\/image\\\/\",\"url\":\"https:\\\/\\\/elinformativotam.com\\\/wp-content\\\/uploads\\\/2026\\\/02\\\/Cabezal.png\",\"contentUrl\":\"https:\\\/\\\/elinformativotam.com\\\/wp-content\\\/uploads\\\/2026\\\/02\\\/Cabezal.png\",\"width\":960,\"height\":640,\"caption\":\"EL INFORMATIVO DE TAMAULIPAS\"},\"image\":{\"@id\":\"https:\\\/\\\/elinformativotam.com\\\/#\\\/schema\\\/logo\\\/image\\\/\"}},{\"@type\":\"Person\",\"@id\":\"https:\\\/\\\/elinformativotam.com\\\/#\\\/schema\\\/person\\\/78e08040eed0f6110f0c5f83b6153590\",\"name\":\"El Informativo Tam\",\"image\":{\"@type\":\"ImageObject\",\"inLanguage\":\"es\",\"@id\":\"https:\\\/\\\/secure.gravatar.com\\\/avatar\\\/f3b7ad3af540688955925ac610647be00b0cf41feea9c4978b73a707ee86bc53?s=96&d=mm&r=g\",\"url\":\"https:\\\/\\\/secure.gravatar.com\\\/avatar\\\/f3b7ad3af540688955925ac610647be00b0cf41feea9c4978b73a707ee86bc53?s=96&d=mm&r=g\",\"contentUrl\":\"https:\\\/\\\/secure.gravatar.com\\\/avatar\\\/f3b7ad3af540688955925ac610647be00b0cf41feea9c4978b73a707ee86bc53?s=96&d=mm&r=g\",\"caption\":\"El Informativo Tam\"}}]}<\/script>\n<!-- \/ Yoast SEO plugin. -->","yoast_head_json":{"title":"Pepe Schekaib\u00e1n Busca Fortalecer el Cuidado y Uso Responsable del Agua - EL INFORMATIVO DE TAMAULIPAS","description":"Ante el posible desabasto del agua en Tampico y la zona conurbada por la escasez de lluvias y la falta de una infraestructura adecuada, Pepe Schekaib\u00e1n,","robots":{"index":"index","follow":"follow","max-snippet":"max-snippet:-1","max-image-preview":"max-image-preview:large","max-video-preview":"max-video-preview:-1"},"canonical":"https:\/\/elinformativotam.com\/index.php\/2024\/04\/15\/pepe-schekaiban-busca-fortalecer-el-cuidado-y-uso-responsable-del-agua\/","og_locale":"es_MX","og_type":"article","og_title":"Pepe Schekaib\u00e1n Busca Fortalecer el Cuidado y Uso Responsable del Agua - EL INFORMATIVO DE TAMAULIPAS","og_description":"Ante el posible desabasto del agua en Tampico y la zona conurbada por la escasez de lluvias y la falta de una infraestructura adecuada, Pepe Schekaib\u00e1n,","og_url":"https:\/\/elinformativotam.com\/index.php\/2024\/04\/15\/pepe-schekaiban-busca-fortalecer-el-cuidado-y-uso-responsable-del-agua\/","og_site_name":"EL INFORMATIVO DE TAMAULIPAS","article_published_time":"2024-04-16T01:21:47+00:00","og_image":[{"width":1600,"height":1066,"url":"https:\/\/elinformativotam.com\/wp-content\/uploads\/2024\/04\/IMG-20240415-WA0127.jpg","type":"image\/jpeg"}],"author":"El Informativo Tam","twitter_card":"summary_large_image","twitter_misc":{"Escrito por":"El Informativo Tam","Tiempo de lectura":"2 minutos"},"schema":{"@context":"https:\/\/schema.org","@graph":[{"@type":"Article","@id":"https:\/\/elinformativotam.com\/index.php\/2024\/04\/15\/pepe-schekaiban-busca-fortalecer-el-cuidado-y-uso-responsable-del-agua\/#article","isPartOf":{"@id":"https:\/\/elinformativotam.com\/index.php\/2024\/04\/15\/pepe-schekaiban-busca-fortalecer-el-cuidado-y-uso-responsable-del-agua\/"},"author":{"name":"El Informativo Tam","@id":"https:\/\/elinformativotam.com\/#\/schema\/person\/78e08040eed0f6110f0c5f83b6153590"},"headline":"Pepe Schekaib\u00e1n Busca Fortalecer el Cuidado y Uso Responsable del Agua","datePublished":"2024-04-16T01:21:47+00:00","mainEntityOfPage":{"@id":"https:\/\/elinformativotam.com\/index.php\/2024\/04\/15\/pepe-schekaiban-busca-fortalecer-el-cuidado-y-uso-responsable-del-agua\/"},"wordCount":276,"commentCount":0,"publisher":{"@id":"https:\/\/elinformativotam.com\/#organization"},"image":{"@id":"https:\/\/elinformativotam.com\/index.php\/2024\/04\/15\/pepe-schekaiban-busca-fortalecer-el-cuidado-y-uso-responsable-del-agua\/#primaryimage"},"thumbnailUrl":"https:\/\/elinformativotam.com\/wp-content\/uploads\/2024\/04\/IMG-20240415-WA0127.jpg","articleSection":["Tampico"],"inLanguage":"es","potentialAction":[{"@type":"CommentAction","name":"Comment","target":["https:\/\/elinformativotam.com\/index.php\/2024\/04\/15\/pepe-schekaiban-busca-fortalecer-el-cuidado-y-uso-responsable-del-agua\/#respond"]}]},{"@type":"WebPage","@id":"https:\/\/elinformativotam.com\/index.php\/2024\/04\/15\/pepe-schekaiban-busca-fortalecer-el-cuidado-y-uso-responsable-del-agua\/","url":"https:\/\/elinformativotam.com\/index.php\/2024\/04\/15\/pepe-schekaiban-busca-fortalecer-el-cuidado-y-uso-responsable-del-agua\/","name":"Pepe Schekaib\u00e1n Busca Fortalecer el Cuidado y Uso Responsable del Agua - EL INFORMATIVO DE TAMAULIPAS","isPartOf":{"@id":"https:\/\/elinformativotam.com\/#website"},"primaryImageOfPage":{"@id":"https:\/\/elinformativotam.com\/index.php\/2024\/04\/15\/pepe-schekaiban-busca-fortalecer-el-cuidado-y-uso-responsable-del-agua\/#primaryimage"},"image":{"@id":"https:\/\/elinformativotam.com\/index.php\/2024\/04\/15\/pepe-schekaiban-busca-fortalecer-el-cuidado-y-uso-responsable-del-agua\/#primaryimage"},"thumbnailUrl":"https:\/\/elinformativotam.com\/wp-content\/uploads\/2024\/04\/IMG-20240415-WA0127.jpg","datePublished":"2024-04-16T01:21:47+00:00","description":"Ante el posible desabasto del agua en Tampico y la zona conurbada por la escasez de lluvias y la falta de una infraestructura adecuada, Pepe Schekaib\u00e1n,","inLanguage":"es","potentialAction":[{"@type":"ReadAction","target":["https:\/\/elinformativotam.com\/index.php\/2024\/04\/15\/pepe-schekaiban-busca-fortalecer-el-cuidado-y-uso-responsable-del-agua\/"]}]},{"@type":"ImageObject","inLanguage":"es","@id":"https:\/\/elinformativotam.com\/index.php\/2024\/04\/15\/pepe-schekaiban-busca-fortalecer-el-cuidado-y-uso-responsable-del-agua\/#primaryimage","url":"https:\/\/elinformativotam.com\/wp-content\/uploads\/2024\/04\/IMG-20240415-WA0127.jpg","contentUrl":"https:\/\/elinformativotam.com\/wp-content\/uploads\/2024\/04\/IMG-20240415-WA0127.jpg","width":1600,"height":1066},{"@type":"WebSite","@id":"https:\/\/elinformativotam.com\/#website","url":"https:\/\/elinformativotam.com\/","name":"EL INFORMATIVO DE TAMAULIPAS","description":"Desde la Zona Metropolitana Para Todo M\u00e9xico","publisher":{"@id":"https:\/\/elinformativotam.com\/#organization"},"potentialAction":[{"@type":"SearchAction","target":{"@type":"EntryPoint","urlTemplate":"https:\/\/elinformativotam.com\/?s={search_term_string}"},"query-input":{"@type":"PropertyValueSpecification","valueRequired":true,"valueName":"search_term_string"}}],"inLanguage":"es"},{"@type":"Organization","@id":"https:\/\/elinformativotam.com\/#organization","name":"EL INFORMATIVO DE TAMAULIPAS","url":"https:\/\/elinformativotam.com\/","logo":{"@type":"ImageObject","inLanguage":"es","@id":"https:\/\/elinformativotam.com\/#\/schema\/logo\/image\/","url":"https:\/\/elinformativotam.com\/wp-content\/uploads\/2026\/02\/Cabezal.png","contentUrl":"https:\/\/elinformativotam.com\/wp-content\/uploads\/2026\/02\/Cabezal.png","width":960,"height":640,"caption":"EL INFORMATIVO DE TAMAULIPAS"},"image":{"@id":"https:\/\/elinformativotam.com\/#\/schema\/logo\/image\/"}},{"@type":"Person","@id":"https:\/\/elinformativotam.com\/#\/schema\/person\/78e08040eed0f6110f0c5f83b6153590","name":"El Informativo Tam","image":{"@type":"ImageObject","inLanguage":"es","@id":"https:\/\/secure.gravatar.com\/avatar\/f3b7ad3af540688955925ac610647be00b0cf41feea9c4978b73a707ee86bc53?s=96&d=mm&r=g","url":"https:\/\/secure.gravatar.com\/avatar\/f3b7ad3af540688955925ac610647be00b0cf41feea9c4978b73a707ee86bc53?s=96&d=mm&r=g","contentUrl":"https:\/\/secure.gravatar.com\/avatar\/f3b7ad3af540688955925ac610647be00b0cf41feea9c4978b73a707ee86bc53?s=96&d=mm&r=g","caption":"El Informativo Tam"}}]}},"_links":{"self":[{"href":"https:\/\/elinformativotam.com\/index.php\/wp-json\/wp\/v2\/posts\/50281","targetHints":{"allow":["GET"]}}],"collection":[{"href":"https:\/\/elinformativotam.com\/index.php\/wp-json\/wp\/v2\/posts"}],"about":[{"href":"https:\/\/elinformativotam.com\/index.php\/wp-json\/wp\/v2\/types\/post"}],"author":[{"embeddable":true,"href":"https:\/\/elinformativotam.com\/index.php\/wp-json\/wp\/v2\/users\/1"}],"replies":[{"embeddable":true,"href":"https:\/\/elinformativotam.com\/index.php\/wp-json\/wp\/v2\/comments?post=50281"}],"version-history":[{"count":1,"href":"https:\/\/elinformativotam.com\/index.php\/wp-json\/wp\/v2\/posts\/50281\/revisions"}],"predecessor-version":[{"id":50283,"href":"https:\/\/elinformativotam.com\/index.php\/wp-json\/wp\/v2\/posts\/50281\/revisions\/50283"}],"wp:featuredmedia":[{"embeddable":true,"href":"https:\/\/elinformativotam.com\/index.php\/wp-json\/wp\/v2\/media\/50282"}],"wp:attachment":[{"href":"https:\/\/elinformativotam.com\/index.php\/wp-json\/wp\/v2\/media?parent=50281"}],"wp:term":[{"taxonomy":"category","embeddable":true,"href":"https:\/\/elinformativotam.com\/index.php\/wp-json\/wp\/v2\/categories?post=50281"},{"taxonomy":"post_tag","embeddable":true,"href":"https:\/\/elinformativotam.com\/index.php\/wp-json\/wp\/v2\/tags?post=50281"}],"curies":[{"name":"wp","href":"https:\/\/api.w.org\/{rel}","templated":true}]}}