{"id":50262,"date":"2024-04-15T15:22:40","date_gmt":"2024-04-15T21:22:40","guid":{"rendered":"https:\/\/elinformativotam.com\/?p=50262"},"modified":"2024-04-15T15:22:40","modified_gmt":"2024-04-15T21:22:40","slug":"cynthia-jaime-la-comaye-propone-leyes-mas-severas-contra-violentados","status":"publish","type":"post","link":"https:\/\/elinformativotam.com\/index.php\/2024\/04\/15\/cynthia-jaime-la-comaye-propone-leyes-mas-severas-contra-violentados\/","title":{"rendered":"Cynthia Jaime \u201cLa Comaye\u201d Propone Leyes M\u00e1s Severas Contra Violentados"},"content":{"rendered":"<p>Ciudad Madero.- La candidata de Morena, PT y PVEM a la Diputaci\u00f3n Local por el Distrito 19, Cynthia Jaime \u201cLa Comaye\u201d, asegur\u00f3 que al llegar al Congreso de Tamaulipas propondr\u00e1 reformas que generen penas m\u00e1s severas contra violentadores.<\/p>\n<p>&nbsp;<\/p>\n<p>Detall\u00f3 que lamentablemente en la zona sur de Tamaulipas existen muchos casos de violencia intrafamiliar y sexual, donde no solo las amas de casa son v\u00edctimas, sino tambi\u00e9n sus hijas e hijos.<\/p>\n<p>&nbsp;<\/p>\n<p>\u201cEs sorprendente el n\u00famero de mujeres que en alg\u00fan momento hemos vivido de maltrato, violencia, discriminaci\u00f3n, del machismo, de la misoginia que adem\u00e1s no solo proviene de los hombres, tambi\u00e9n viene de las mujeres\u201d, apunt\u00f3.<\/p>\n<p>&nbsp;<\/p>\n<p>La Comaye, puntualiz\u00f3 que de ser Diputada Local legislar\u00e1 para proponer diversas leyes y reformas que agilicen los procesos.<\/p>\n<p>&nbsp;<\/p>\n<p>\u201cUno de los puntos importantes es la manera en la que se va a demandar, hay muchos requisitos y muchos procesos para poder llegar a elaborar una carpeta de investigaci\u00f3n y que se pueda proceder ante situaciones lamentables\u201d, declar\u00f3.<\/p>\n","protected":false},"excerpt":{"rendered":"<p>Ciudad Madero.- La candidata de Morena, PT y PVEM a la Diputaci\u00f3n Local por el Distrito 19, Cynthia Jaime \u201cLa&hellip;<\/p>\n","protected":false},"author":1,"featured_media":50263,"comment_status":"open","ping_status":"open","sticky":false,"template":"","format":"standard","meta":{"footnotes":""},"categories":[4],"tags":[],"class_list":["post-50262","post","type-post","status-publish","format-standard","has-post-thumbnail","hentry","category-madero"],"yoast_head":"<!-- This site is optimized with the Yoast SEO plugin v27.5 - https:\/\/yoast.com\/product\/yoast-seo-wordpress\/ -->\n<title>Cynthia Jaime \u201cLa Comaye\u201d Propone Leyes M\u00e1s Severas Contra Violentados - EL INFORMATIVO DE TAMAULIPAS<\/title>\n<meta name=\"description\" content=\"Ciudad Madero.- La candidata de Morena, PT y PVEM a la Diputaci\u00f3n Local por el Distrito 19, Cynthia Jaime \u201cLa Comaye\u201d, asegur\u00f3 que al llegar al Congreso\" \/>\n<meta name=\"robots\" content=\"index, follow, max-snippet:-1, max-image-preview:large, max-video-preview:-1\" \/>\n<link rel=\"canonical\" href=\"https:\/\/elinformativotam.com\/index.php\/2024\/04\/15\/cynthia-jaime-la-comaye-propone-leyes-mas-severas-contra-violentados\/\" \/>\n<meta property=\"og:locale\" content=\"es_MX\" \/>\n<meta property=\"og:type\" content=\"article\" \/>\n<meta property=\"og:title\" content=\"Cynthia Jaime \u201cLa Comaye\u201d Propone Leyes M\u00e1s Severas Contra Violentados - EL INFORMATIVO DE TAMAULIPAS\" \/>\n<meta property=\"og:description\" content=\"Ciudad Madero.- La candidata de Morena, PT y PVEM a la Diputaci\u00f3n Local por el Distrito 19, Cynthia Jaime \u201cLa Comaye\u201d, asegur\u00f3 que al llegar al Congreso\" \/>\n<meta property=\"og:url\" content=\"https:\/\/elinformativotam.com\/index.php\/2024\/04\/15\/cynthia-jaime-la-comaye-propone-leyes-mas-severas-contra-violentados\/\" \/>\n<meta property=\"og:site_name\" content=\"EL INFORMATIVO DE TAMAULIPAS\" \/>\n<meta property=\"article:published_time\" content=\"2024-04-15T21:22:40+00:00\" \/>\n<meta property=\"og:image\" content=\"https:\/\/elinformativotam.com\/wp-content\/uploads\/2024\/04\/IMG-20240415-WA0100.jpg\" \/>\n\t<meta property=\"og:image:width\" content=\"789\" \/>\n\t<meta property=\"og:image:height\" content=\"655\" \/>\n\t<meta property=\"og:image:type\" content=\"image\/jpeg\" \/>\n<meta name=\"author\" content=\"El Informativo Tam\" \/>\n<meta name=\"twitter:card\" content=\"summary_large_image\" \/>\n<meta name=\"twitter:label1\" content=\"Escrito por\" \/>\n\t<meta name=\"twitter:data1\" content=\"El Informativo Tam\" \/>\n\t<meta name=\"twitter:label2\" content=\"Tiempo de lectura\" \/>\n\t<meta name=\"twitter:data2\" content=\"1 minuto\" \/>\n<script type=\"application\/ld+json\" class=\"yoast-schema-graph\">{\"@context\":\"https:\\\/\\\/schema.org\",\"@graph\":[{\"@type\":\"Article\",\"@id\":\"https:\\\/\\\/elinformativotam.com\\\/index.php\\\/2024\\\/04\\\/15\\\/cynthia-jaime-la-comaye-propone-leyes-mas-severas-contra-violentados\\\/#article\",\"isPartOf\":{\"@id\":\"https:\\\/\\\/elinformativotam.com\\\/index.php\\\/2024\\\/04\\\/15\\\/cynthia-jaime-la-comaye-propone-leyes-mas-severas-contra-violentados\\\/\"},\"author\":{\"name\":\"El Informativo Tam\",\"@id\":\"https:\\\/\\\/elinformativotam.com\\\/#\\\/schema\\\/person\\\/78e08040eed0f6110f0c5f83b6153590\"},\"headline\":\"Cynthia Jaime \u201cLa Comaye\u201d Propone Leyes M\u00e1s Severas Contra Violentados\",\"datePublished\":\"2024-04-15T21:22:40+00:00\",\"mainEntityOfPage\":{\"@id\":\"https:\\\/\\\/elinformativotam.com\\\/index.php\\\/2024\\\/04\\\/15\\\/cynthia-jaime-la-comaye-propone-leyes-mas-severas-contra-violentados\\\/\"},\"wordCount\":188,\"commentCount\":0,\"publisher\":{\"@id\":\"https:\\\/\\\/elinformativotam.com\\\/#organization\"},\"image\":{\"@id\":\"https:\\\/\\\/elinformativotam.com\\\/index.php\\\/2024\\\/04\\\/15\\\/cynthia-jaime-la-comaye-propone-leyes-mas-severas-contra-violentados\\\/#primaryimage\"},\"thumbnailUrl\":\"https:\\\/\\\/elinformativotam.com\\\/wp-content\\\/uploads\\\/2024\\\/04\\\/IMG-20240415-WA0100.jpg\",\"articleSection\":[\"Cd Madero\"],\"inLanguage\":\"es\",\"potentialAction\":[{\"@type\":\"CommentAction\",\"name\":\"Comment\",\"target\":[\"https:\\\/\\\/elinformativotam.com\\\/index.php\\\/2024\\\/04\\\/15\\\/cynthia-jaime-la-comaye-propone-leyes-mas-severas-contra-violentados\\\/#respond\"]}]},{\"@type\":\"WebPage\",\"@id\":\"https:\\\/\\\/elinformativotam.com\\\/index.php\\\/2024\\\/04\\\/15\\\/cynthia-jaime-la-comaye-propone-leyes-mas-severas-contra-violentados\\\/\",\"url\":\"https:\\\/\\\/elinformativotam.com\\\/index.php\\\/2024\\\/04\\\/15\\\/cynthia-jaime-la-comaye-propone-leyes-mas-severas-contra-violentados\\\/\",\"name\":\"Cynthia Jaime \u201cLa Comaye\u201d Propone Leyes M\u00e1s Severas Contra Violentados - EL INFORMATIVO DE TAMAULIPAS\",\"isPartOf\":{\"@id\":\"https:\\\/\\\/elinformativotam.com\\\/#website\"},\"primaryImageOfPage\":{\"@id\":\"https:\\\/\\\/elinformativotam.com\\\/index.php\\\/2024\\\/04\\\/15\\\/cynthia-jaime-la-comaye-propone-leyes-mas-severas-contra-violentados\\\/#primaryimage\"},\"image\":{\"@id\":\"https:\\\/\\\/elinformativotam.com\\\/index.php\\\/2024\\\/04\\\/15\\\/cynthia-jaime-la-comaye-propone-leyes-mas-severas-contra-violentados\\\/#primaryimage\"},\"thumbnailUrl\":\"https:\\\/\\\/elinformativotam.com\\\/wp-content\\\/uploads\\\/2024\\\/04\\\/IMG-20240415-WA0100.jpg\",\"datePublished\":\"2024-04-15T21:22:40+00:00\",\"description\":\"Ciudad Madero.- La candidata de Morena, PT y PVEM a la Diputaci\u00f3n Local por el Distrito 19, Cynthia Jaime \u201cLa Comaye\u201d, asegur\u00f3 que al llegar al Congreso\",\"inLanguage\":\"es\",\"potentialAction\":[{\"@type\":\"ReadAction\",\"target\":[\"https:\\\/\\\/elinformativotam.com\\\/index.php\\\/2024\\\/04\\\/15\\\/cynthia-jaime-la-comaye-propone-leyes-mas-severas-contra-violentados\\\/\"]}]},{\"@type\":\"ImageObject\",\"inLanguage\":\"es\",\"@id\":\"https:\\\/\\\/elinformativotam.com\\\/index.php\\\/2024\\\/04\\\/15\\\/cynthia-jaime-la-comaye-propone-leyes-mas-severas-contra-violentados\\\/#primaryimage\",\"url\":\"https:\\\/\\\/elinformativotam.com\\\/wp-content\\\/uploads\\\/2024\\\/04\\\/IMG-20240415-WA0100.jpg\",\"contentUrl\":\"https:\\\/\\\/elinformativotam.com\\\/wp-content\\\/uploads\\\/2024\\\/04\\\/IMG-20240415-WA0100.jpg\",\"width\":789,\"height\":655},{\"@type\":\"WebSite\",\"@id\":\"https:\\\/\\\/elinformativotam.com\\\/#website\",\"url\":\"https:\\\/\\\/elinformativotam.com\\\/\",\"name\":\"EL INFORMATIVO DE TAMAULIPAS\",\"description\":\"Desde la Zona Metropolitana Para Todo M\u00e9xico\",\"publisher\":{\"@id\":\"https:\\\/\\\/elinformativotam.com\\\/#organization\"},\"potentialAction\":[{\"@type\":\"SearchAction\",\"target\":{\"@type\":\"EntryPoint\",\"urlTemplate\":\"https:\\\/\\\/elinformativotam.com\\\/?s={search_term_string}\"},\"query-input\":{\"@type\":\"PropertyValueSpecification\",\"valueRequired\":true,\"valueName\":\"search_term_string\"}}],\"inLanguage\":\"es\"},{\"@type\":\"Organization\",\"@id\":\"https:\\\/\\\/elinformativotam.com\\\/#organization\",\"name\":\"EL INFORMATIVO DE TAMAULIPAS\",\"url\":\"https:\\\/\\\/elinformativotam.com\\\/\",\"logo\":{\"@type\":\"ImageObject\",\"inLanguage\":\"es\",\"@id\":\"https:\\\/\\\/elinformativotam.com\\\/#\\\/schema\\\/logo\\\/image\\\/\",\"url\":\"https:\\\/\\\/elinformativotam.com\\\/wp-content\\\/uploads\\\/2026\\\/02\\\/Cabezal.png\",\"contentUrl\":\"https:\\\/\\\/elinformativotam.com\\\/wp-content\\\/uploads\\\/2026\\\/02\\\/Cabezal.png\",\"width\":960,\"height\":640,\"caption\":\"EL INFORMATIVO DE TAMAULIPAS\"},\"image\":{\"@id\":\"https:\\\/\\\/elinformativotam.com\\\/#\\\/schema\\\/logo\\\/image\\\/\"}},{\"@type\":\"Person\",\"@id\":\"https:\\\/\\\/elinformativotam.com\\\/#\\\/schema\\\/person\\\/78e08040eed0f6110f0c5f83b6153590\",\"name\":\"El Informativo Tam\",\"image\":{\"@type\":\"ImageObject\",\"inLanguage\":\"es\",\"@id\":\"https:\\\/\\\/secure.gravatar.com\\\/avatar\\\/f3b7ad3af540688955925ac610647be00b0cf41feea9c4978b73a707ee86bc53?s=96&d=mm&r=g\",\"url\":\"https:\\\/\\\/secure.gravatar.com\\\/avatar\\\/f3b7ad3af540688955925ac610647be00b0cf41feea9c4978b73a707ee86bc53?s=96&d=mm&r=g\",\"contentUrl\":\"https:\\\/\\\/secure.gravatar.com\\\/avatar\\\/f3b7ad3af540688955925ac610647be00b0cf41feea9c4978b73a707ee86bc53?s=96&d=mm&r=g\",\"caption\":\"El Informativo Tam\"}}]}<\/script>\n<!-- \/ Yoast SEO plugin. -->","yoast_head_json":{"title":"Cynthia Jaime \u201cLa Comaye\u201d Propone Leyes M\u00e1s Severas Contra Violentados - EL INFORMATIVO DE TAMAULIPAS","description":"Ciudad Madero.- La candidata de Morena, PT y PVEM a la Diputaci\u00f3n Local por el Distrito 19, Cynthia Jaime \u201cLa Comaye\u201d, asegur\u00f3 que al llegar al Congreso","robots":{"index":"index","follow":"follow","max-snippet":"max-snippet:-1","max-image-preview":"max-image-preview:large","max-video-preview":"max-video-preview:-1"},"canonical":"https:\/\/elinformativotam.com\/index.php\/2024\/04\/15\/cynthia-jaime-la-comaye-propone-leyes-mas-severas-contra-violentados\/","og_locale":"es_MX","og_type":"article","og_title":"Cynthia Jaime \u201cLa Comaye\u201d Propone Leyes M\u00e1s Severas Contra Violentados - EL INFORMATIVO DE TAMAULIPAS","og_description":"Ciudad Madero.- La candidata de Morena, PT y PVEM a la Diputaci\u00f3n Local por el Distrito 19, Cynthia Jaime \u201cLa Comaye\u201d, asegur\u00f3 que al llegar al Congreso","og_url":"https:\/\/elinformativotam.com\/index.php\/2024\/04\/15\/cynthia-jaime-la-comaye-propone-leyes-mas-severas-contra-violentados\/","og_site_name":"EL INFORMATIVO DE TAMAULIPAS","article_published_time":"2024-04-15T21:22:40+00:00","og_image":[{"width":789,"height":655,"url":"https:\/\/elinformativotam.com\/wp-content\/uploads\/2024\/04\/IMG-20240415-WA0100.jpg","type":"image\/jpeg"}],"author":"El Informativo Tam","twitter_card":"summary_large_image","twitter_misc":{"Escrito por":"El Informativo Tam","Tiempo de lectura":"1 minuto"},"schema":{"@context":"https:\/\/schema.org","@graph":[{"@type":"Article","@id":"https:\/\/elinformativotam.com\/index.php\/2024\/04\/15\/cynthia-jaime-la-comaye-propone-leyes-mas-severas-contra-violentados\/#article","isPartOf":{"@id":"https:\/\/elinformativotam.com\/index.php\/2024\/04\/15\/cynthia-jaime-la-comaye-propone-leyes-mas-severas-contra-violentados\/"},"author":{"name":"El Informativo Tam","@id":"https:\/\/elinformativotam.com\/#\/schema\/person\/78e08040eed0f6110f0c5f83b6153590"},"headline":"Cynthia Jaime \u201cLa Comaye\u201d Propone Leyes M\u00e1s Severas Contra Violentados","datePublished":"2024-04-15T21:22:40+00:00","mainEntityOfPage":{"@id":"https:\/\/elinformativotam.com\/index.php\/2024\/04\/15\/cynthia-jaime-la-comaye-propone-leyes-mas-severas-contra-violentados\/"},"wordCount":188,"commentCount":0,"publisher":{"@id":"https:\/\/elinformativotam.com\/#organization"},"image":{"@id":"https:\/\/elinformativotam.com\/index.php\/2024\/04\/15\/cynthia-jaime-la-comaye-propone-leyes-mas-severas-contra-violentados\/#primaryimage"},"thumbnailUrl":"https:\/\/elinformativotam.com\/wp-content\/uploads\/2024\/04\/IMG-20240415-WA0100.jpg","articleSection":["Cd Madero"],"inLanguage":"es","potentialAction":[{"@type":"CommentAction","name":"Comment","target":["https:\/\/elinformativotam.com\/index.php\/2024\/04\/15\/cynthia-jaime-la-comaye-propone-leyes-mas-severas-contra-violentados\/#respond"]}]},{"@type":"WebPage","@id":"https:\/\/elinformativotam.com\/index.php\/2024\/04\/15\/cynthia-jaime-la-comaye-propone-leyes-mas-severas-contra-violentados\/","url":"https:\/\/elinformativotam.com\/index.php\/2024\/04\/15\/cynthia-jaime-la-comaye-propone-leyes-mas-severas-contra-violentados\/","name":"Cynthia Jaime \u201cLa Comaye\u201d Propone Leyes M\u00e1s Severas Contra Violentados - EL INFORMATIVO DE TAMAULIPAS","isPartOf":{"@id":"https:\/\/elinformativotam.com\/#website"},"primaryImageOfPage":{"@id":"https:\/\/elinformativotam.com\/index.php\/2024\/04\/15\/cynthia-jaime-la-comaye-propone-leyes-mas-severas-contra-violentados\/#primaryimage"},"image":{"@id":"https:\/\/elinformativotam.com\/index.php\/2024\/04\/15\/cynthia-jaime-la-comaye-propone-leyes-mas-severas-contra-violentados\/#primaryimage"},"thumbnailUrl":"https:\/\/elinformativotam.com\/wp-content\/uploads\/2024\/04\/IMG-20240415-WA0100.jpg","datePublished":"2024-04-15T21:22:40+00:00","description":"Ciudad Madero.- La candidata de Morena, PT y PVEM a la Diputaci\u00f3n Local por el Distrito 19, Cynthia Jaime \u201cLa Comaye\u201d, asegur\u00f3 que al llegar al Congreso","inLanguage":"es","potentialAction":[{"@type":"ReadAction","target":["https:\/\/elinformativotam.com\/index.php\/2024\/04\/15\/cynthia-jaime-la-comaye-propone-leyes-mas-severas-contra-violentados\/"]}]},{"@type":"ImageObject","inLanguage":"es","@id":"https:\/\/elinformativotam.com\/index.php\/2024\/04\/15\/cynthia-jaime-la-comaye-propone-leyes-mas-severas-contra-violentados\/#primaryimage","url":"https:\/\/elinformativotam.com\/wp-content\/uploads\/2024\/04\/IMG-20240415-WA0100.jpg","contentUrl":"https:\/\/elinformativotam.com\/wp-content\/uploads\/2024\/04\/IMG-20240415-WA0100.jpg","width":789,"height":655},{"@type":"WebSite","@id":"https:\/\/elinformativotam.com\/#website","url":"https:\/\/elinformativotam.com\/","name":"EL INFORMATIVO DE TAMAULIPAS","description":"Desde la Zona Metropolitana Para Todo M\u00e9xico","publisher":{"@id":"https:\/\/elinformativotam.com\/#organization"},"potentialAction":[{"@type":"SearchAction","target":{"@type":"EntryPoint","urlTemplate":"https:\/\/elinformativotam.com\/?s={search_term_string}"},"query-input":{"@type":"PropertyValueSpecification","valueRequired":true,"valueName":"search_term_string"}}],"inLanguage":"es"},{"@type":"Organization","@id":"https:\/\/elinformativotam.com\/#organization","name":"EL INFORMATIVO DE TAMAULIPAS","url":"https:\/\/elinformativotam.com\/","logo":{"@type":"ImageObject","inLanguage":"es","@id":"https:\/\/elinformativotam.com\/#\/schema\/logo\/image\/","url":"https:\/\/elinformativotam.com\/wp-content\/uploads\/2026\/02\/Cabezal.png","contentUrl":"https:\/\/elinformativotam.com\/wp-content\/uploads\/2026\/02\/Cabezal.png","width":960,"height":640,"caption":"EL INFORMATIVO DE TAMAULIPAS"},"image":{"@id":"https:\/\/elinformativotam.com\/#\/schema\/logo\/image\/"}},{"@type":"Person","@id":"https:\/\/elinformativotam.com\/#\/schema\/person\/78e08040eed0f6110f0c5f83b6153590","name":"El Informativo Tam","image":{"@type":"ImageObject","inLanguage":"es","@id":"https:\/\/secure.gravatar.com\/avatar\/f3b7ad3af540688955925ac610647be00b0cf41feea9c4978b73a707ee86bc53?s=96&d=mm&r=g","url":"https:\/\/secure.gravatar.com\/avatar\/f3b7ad3af540688955925ac610647be00b0cf41feea9c4978b73a707ee86bc53?s=96&d=mm&r=g","contentUrl":"https:\/\/secure.gravatar.com\/avatar\/f3b7ad3af540688955925ac610647be00b0cf41feea9c4978b73a707ee86bc53?s=96&d=mm&r=g","caption":"El Informativo Tam"}}]}},"_links":{"self":[{"href":"https:\/\/elinformativotam.com\/index.php\/wp-json\/wp\/v2\/posts\/50262","targetHints":{"allow":["GET"]}}],"collection":[{"href":"https:\/\/elinformativotam.com\/index.php\/wp-json\/wp\/v2\/posts"}],"about":[{"href":"https:\/\/elinformativotam.com\/index.php\/wp-json\/wp\/v2\/types\/post"}],"author":[{"embeddable":true,"href":"https:\/\/elinformativotam.com\/index.php\/wp-json\/wp\/v2\/users\/1"}],"replies":[{"embeddable":true,"href":"https:\/\/elinformativotam.com\/index.php\/wp-json\/wp\/v2\/comments?post=50262"}],"version-history":[{"count":1,"href":"https:\/\/elinformativotam.com\/index.php\/wp-json\/wp\/v2\/posts\/50262\/revisions"}],"predecessor-version":[{"id":50264,"href":"https:\/\/elinformativotam.com\/index.php\/wp-json\/wp\/v2\/posts\/50262\/revisions\/50264"}],"wp:featuredmedia":[{"embeddable":true,"href":"https:\/\/elinformativotam.com\/index.php\/wp-json\/wp\/v2\/media\/50263"}],"wp:attachment":[{"href":"https:\/\/elinformativotam.com\/index.php\/wp-json\/wp\/v2\/media?parent=50262"}],"wp:term":[{"taxonomy":"category","embeddable":true,"href":"https:\/\/elinformativotam.com\/index.php\/wp-json\/wp\/v2\/categories?post=50262"},{"taxonomy":"post_tag","embeddable":true,"href":"https:\/\/elinformativotam.com\/index.php\/wp-json\/wp\/v2\/tags?post=50262"}],"curies":[{"name":"wp","href":"https:\/\/api.w.org\/{rel}","templated":true}]}}