{"id":50259,"date":"2024-04-15T14:25:35","date_gmt":"2024-04-15T20:25:35","guid":{"rendered":"https:\/\/elinformativotam.com\/?p=50259"},"modified":"2024-04-15T14:25:35","modified_gmt":"2024-04-15T20:25:35","slug":"miguel-gomez-arranca-campana-electoral-en-altamira-con-propuestas-reales-y-compromiso-ciudadano","status":"publish","type":"post","link":"https:\/\/elinformativotam.com\/index.php\/2024\/04\/15\/miguel-gomez-arranca-campana-electoral-en-altamira-con-propuestas-reales-y-compromiso-ciudadano\/","title":{"rendered":"Miguel G\u00f3mez, arranca campa\u00f1a electoral en Altamira con propuestas reales y compromiso ciudadano"},"content":{"rendered":"<p style=\"text-align: left;\">Altamira, Tamaulipas &#8211; Hoy, 15 de abril de 2024 &#8211; Miguel G\u00f3mez Orta, candidato a la alcald\u00eda de Altamira por la coalici\u00f3n &#8220;Fuerza y Coraz\u00f3n x Tamaulipas&#8221;, representado por el PAN-PRI, anunci\u00f3 el inicio de la campa\u00f1a electoral local con un respaldo contundente por parte de la ciudadan\u00eda.<\/p>\n<p>En un emotivo arranque durante los primeros minutos de la contienda rumbo a la presidencia municipal, Miguel G\u00f3mez destac\u00f3 la importancia de una campa\u00f1a basada en propuestas reales y transparentes.<\/p>\n<p>Ante los medios de comunicaci\u00f3n en rueda de prensa, expres\u00f3: &#8220;Esta campa\u00f1a, estos 45 d\u00edas, va a ser una campa\u00f1a de propuestas. Propuestas de verdad y como lo comento y lo vuelvo a reiterar, ya la gente est\u00e1 cansada que le echemos mentiras.&#8221;<\/p>\n<p>El candidato Miguel G\u00f3mez enfatiz\u00f3 que su campa\u00f1a ser\u00e1 alegre y ganadora, con un enfoque claro en brindar oportunidades de crecimiento a todos los sectores de la sociedad.<\/p>\n<p>Al cuestion\u00e1rsele sobre la integraci\u00f3n de su planilla, destac\u00f3 que m\u00e1s del 60% de los integrantes son j\u00f3venes, demostrando su compromiso con la inclusi\u00f3n y el empoderamiento juvenil.<\/p>\n<p>En cuanto a las propuestas, Miguel G\u00f3mez asegur\u00f3 que se centrar\u00e1n en soluciones tangibles y realizables, enfocadas en atender las necesidades reales de la poblaci\u00f3n.<\/p>\n<p>&#8220;Vamos a hacer propuestas de verdad, que realmente se puedan cumplir. Y muchas veces no son propuestas totalmente nuevas, son propuestas que se dejaron de dar&#8221;, afirm\u00f3 el candidato.<\/p>\n<p>Entre las propuestas destacadas se encuentran el fortalecimiento del sistema de atenci\u00f3n m\u00e9dica, llevando m\u00e9dicos y medicamentos a las zonas m\u00e1s necesitadas, as\u00ed como el apoyo mensual a la canasta b\u00e1sica para familias vulnerables.<\/p>\n<p>Adem\u00e1s, se comprometi\u00f3 a respaldar a mujeres, madres solteras y j\u00f3venes, reintegrando programas de becas y apoyo a la vivienda.<\/p>\n<p>En un llamado a la acci\u00f3n democr\u00e1tica y rec\u00edproca de la sociedad, Miguel G\u00f3mez invit\u00f3 a la poblaci\u00f3n a participar activamente en el proceso electoral y a verificar la viabilidad de las propuestas. &#8220;El gesto activo y claro que se pueden realizar&#8221;, concluy\u00f3 el candidato, reiterando su compromiso con el cambio positivo en Altamira.<\/p>\n","protected":false},"excerpt":{"rendered":"<p>Altamira, Tamaulipas &#8211; Hoy, 15 de abril de 2024 &#8211; Miguel G\u00f3mez Orta, candidato a la alcald\u00eda de Altamira por&hellip;<\/p>\n","protected":false},"author":1,"featured_media":50260,"comment_status":"open","ping_status":"open","sticky":false,"template":"","format":"standard","meta":{"footnotes":""},"categories":[5],"tags":[],"class_list":["post-50259","post","type-post","status-publish","format-standard","has-post-thumbnail","hentry","category-altamira"],"yoast_head":"<!-- This site is optimized with the Yoast SEO plugin v27.5 - https:\/\/yoast.com\/product\/yoast-seo-wordpress\/ -->\n<title>Miguel G\u00f3mez, arranca campa\u00f1a electoral en Altamira con propuestas reales y compromiso ciudadano - EL INFORMATIVO DE TAMAULIPAS<\/title>\n<meta name=\"description\" content=\"Altamira, Tamaulipas - Hoy, 15 de abril de 2024 - Miguel G\u00f3mez Orta, candidato a la alcald\u00eda de Altamira por la coalici\u00f3n &quot;Fuerza y Coraz\u00f3n x Tamaulipas&quot;,\" \/>\n<meta name=\"robots\" content=\"index, follow, max-snippet:-1, max-image-preview:large, max-video-preview:-1\" \/>\n<link rel=\"canonical\" href=\"https:\/\/elinformativotam.com\/index.php\/2024\/04\/15\/miguel-gomez-arranca-campana-electoral-en-altamira-con-propuestas-reales-y-compromiso-ciudadano\/\" \/>\n<meta property=\"og:locale\" content=\"es_MX\" \/>\n<meta property=\"og:type\" content=\"article\" \/>\n<meta property=\"og:title\" content=\"Miguel G\u00f3mez, arranca campa\u00f1a electoral en Altamira con propuestas reales y compromiso ciudadano - EL INFORMATIVO DE TAMAULIPAS\" \/>\n<meta property=\"og:description\" content=\"Altamira, Tamaulipas - Hoy, 15 de abril de 2024 - Miguel G\u00f3mez Orta, candidato a la alcald\u00eda de Altamira por la coalici\u00f3n &quot;Fuerza y Coraz\u00f3n x Tamaulipas&quot;,\" \/>\n<meta property=\"og:url\" content=\"https:\/\/elinformativotam.com\/index.php\/2024\/04\/15\/miguel-gomez-arranca-campana-electoral-en-altamira-con-propuestas-reales-y-compromiso-ciudadano\/\" \/>\n<meta property=\"og:site_name\" content=\"EL INFORMATIVO DE TAMAULIPAS\" \/>\n<meta property=\"article:published_time\" content=\"2024-04-15T20:25:35+00:00\" \/>\n<meta property=\"og:image\" content=\"https:\/\/elinformativotam.com\/wp-content\/uploads\/2024\/04\/IMG-20240415-WA0074.jpg\" \/>\n\t<meta property=\"og:image:width\" content=\"1600\" \/>\n\t<meta property=\"og:image:height\" content=\"1200\" \/>\n\t<meta property=\"og:image:type\" content=\"image\/jpeg\" \/>\n<meta name=\"author\" content=\"El Informativo Tam\" \/>\n<meta name=\"twitter:card\" content=\"summary_large_image\" \/>\n<meta name=\"twitter:label1\" content=\"Escrito por\" \/>\n\t<meta name=\"twitter:data1\" content=\"El Informativo Tam\" \/>\n\t<meta name=\"twitter:label2\" content=\"Tiempo de lectura\" \/>\n\t<meta name=\"twitter:data2\" content=\"2 minutos\" \/>\n<script type=\"application\/ld+json\" class=\"yoast-schema-graph\">{\"@context\":\"https:\\\/\\\/schema.org\",\"@graph\":[{\"@type\":\"Article\",\"@id\":\"https:\\\/\\\/elinformativotam.com\\\/index.php\\\/2024\\\/04\\\/15\\\/miguel-gomez-arranca-campana-electoral-en-altamira-con-propuestas-reales-y-compromiso-ciudadano\\\/#article\",\"isPartOf\":{\"@id\":\"https:\\\/\\\/elinformativotam.com\\\/index.php\\\/2024\\\/04\\\/15\\\/miguel-gomez-arranca-campana-electoral-en-altamira-con-propuestas-reales-y-compromiso-ciudadano\\\/\"},\"author\":{\"name\":\"El Informativo Tam\",\"@id\":\"https:\\\/\\\/elinformativotam.com\\\/#\\\/schema\\\/person\\\/78e08040eed0f6110f0c5f83b6153590\"},\"headline\":\"Miguel G\u00f3mez, arranca campa\u00f1a electoral en Altamira con propuestas reales y compromiso ciudadano\",\"datePublished\":\"2024-04-15T20:25:35+00:00\",\"mainEntityOfPage\":{\"@id\":\"https:\\\/\\\/elinformativotam.com\\\/index.php\\\/2024\\\/04\\\/15\\\/miguel-gomez-arranca-campana-electoral-en-altamira-con-propuestas-reales-y-compromiso-ciudadano\\\/\"},\"wordCount\":384,\"commentCount\":0,\"publisher\":{\"@id\":\"https:\\\/\\\/elinformativotam.com\\\/#organization\"},\"image\":{\"@id\":\"https:\\\/\\\/elinformativotam.com\\\/index.php\\\/2024\\\/04\\\/15\\\/miguel-gomez-arranca-campana-electoral-en-altamira-con-propuestas-reales-y-compromiso-ciudadano\\\/#primaryimage\"},\"thumbnailUrl\":\"https:\\\/\\\/elinformativotam.com\\\/wp-content\\\/uploads\\\/2024\\\/04\\\/IMG-20240415-WA0074.jpg\",\"articleSection\":[\"Altamira\"],\"inLanguage\":\"es\",\"potentialAction\":[{\"@type\":\"CommentAction\",\"name\":\"Comment\",\"target\":[\"https:\\\/\\\/elinformativotam.com\\\/index.php\\\/2024\\\/04\\\/15\\\/miguel-gomez-arranca-campana-electoral-en-altamira-con-propuestas-reales-y-compromiso-ciudadano\\\/#respond\"]}]},{\"@type\":\"WebPage\",\"@id\":\"https:\\\/\\\/elinformativotam.com\\\/index.php\\\/2024\\\/04\\\/15\\\/miguel-gomez-arranca-campana-electoral-en-altamira-con-propuestas-reales-y-compromiso-ciudadano\\\/\",\"url\":\"https:\\\/\\\/elinformativotam.com\\\/index.php\\\/2024\\\/04\\\/15\\\/miguel-gomez-arranca-campana-electoral-en-altamira-con-propuestas-reales-y-compromiso-ciudadano\\\/\",\"name\":\"Miguel G\u00f3mez, arranca campa\u00f1a electoral en Altamira con propuestas reales y compromiso ciudadano - EL INFORMATIVO DE TAMAULIPAS\",\"isPartOf\":{\"@id\":\"https:\\\/\\\/elinformativotam.com\\\/#website\"},\"primaryImageOfPage\":{\"@id\":\"https:\\\/\\\/elinformativotam.com\\\/index.php\\\/2024\\\/04\\\/15\\\/miguel-gomez-arranca-campana-electoral-en-altamira-con-propuestas-reales-y-compromiso-ciudadano\\\/#primaryimage\"},\"image\":{\"@id\":\"https:\\\/\\\/elinformativotam.com\\\/index.php\\\/2024\\\/04\\\/15\\\/miguel-gomez-arranca-campana-electoral-en-altamira-con-propuestas-reales-y-compromiso-ciudadano\\\/#primaryimage\"},\"thumbnailUrl\":\"https:\\\/\\\/elinformativotam.com\\\/wp-content\\\/uploads\\\/2024\\\/04\\\/IMG-20240415-WA0074.jpg\",\"datePublished\":\"2024-04-15T20:25:35+00:00\",\"description\":\"Altamira, Tamaulipas - Hoy, 15 de abril de 2024 - Miguel G\u00f3mez Orta, candidato a la alcald\u00eda de Altamira por la coalici\u00f3n \\\"Fuerza y Coraz\u00f3n x Tamaulipas\\\",\",\"inLanguage\":\"es\",\"potentialAction\":[{\"@type\":\"ReadAction\",\"target\":[\"https:\\\/\\\/elinformativotam.com\\\/index.php\\\/2024\\\/04\\\/15\\\/miguel-gomez-arranca-campana-electoral-en-altamira-con-propuestas-reales-y-compromiso-ciudadano\\\/\"]}]},{\"@type\":\"ImageObject\",\"inLanguage\":\"es\",\"@id\":\"https:\\\/\\\/elinformativotam.com\\\/index.php\\\/2024\\\/04\\\/15\\\/miguel-gomez-arranca-campana-electoral-en-altamira-con-propuestas-reales-y-compromiso-ciudadano\\\/#primaryimage\",\"url\":\"https:\\\/\\\/elinformativotam.com\\\/wp-content\\\/uploads\\\/2024\\\/04\\\/IMG-20240415-WA0074.jpg\",\"contentUrl\":\"https:\\\/\\\/elinformativotam.com\\\/wp-content\\\/uploads\\\/2024\\\/04\\\/IMG-20240415-WA0074.jpg\",\"width\":1600,\"height\":1200},{\"@type\":\"WebSite\",\"@id\":\"https:\\\/\\\/elinformativotam.com\\\/#website\",\"url\":\"https:\\\/\\\/elinformativotam.com\\\/\",\"name\":\"EL INFORMATIVO DE TAMAULIPAS\",\"description\":\"Desde la Zona Metropolitana Para Todo M\u00e9xico\",\"publisher\":{\"@id\":\"https:\\\/\\\/elinformativotam.com\\\/#organization\"},\"potentialAction\":[{\"@type\":\"SearchAction\",\"target\":{\"@type\":\"EntryPoint\",\"urlTemplate\":\"https:\\\/\\\/elinformativotam.com\\\/?s={search_term_string}\"},\"query-input\":{\"@type\":\"PropertyValueSpecification\",\"valueRequired\":true,\"valueName\":\"search_term_string\"}}],\"inLanguage\":\"es\"},{\"@type\":\"Organization\",\"@id\":\"https:\\\/\\\/elinformativotam.com\\\/#organization\",\"name\":\"EL INFORMATIVO DE TAMAULIPAS\",\"url\":\"https:\\\/\\\/elinformativotam.com\\\/\",\"logo\":{\"@type\":\"ImageObject\",\"inLanguage\":\"es\",\"@id\":\"https:\\\/\\\/elinformativotam.com\\\/#\\\/schema\\\/logo\\\/image\\\/\",\"url\":\"https:\\\/\\\/elinformativotam.com\\\/wp-content\\\/uploads\\\/2026\\\/02\\\/Cabezal.png\",\"contentUrl\":\"https:\\\/\\\/elinformativotam.com\\\/wp-content\\\/uploads\\\/2026\\\/02\\\/Cabezal.png\",\"width\":960,\"height\":640,\"caption\":\"EL INFORMATIVO DE TAMAULIPAS\"},\"image\":{\"@id\":\"https:\\\/\\\/elinformativotam.com\\\/#\\\/schema\\\/logo\\\/image\\\/\"}},{\"@type\":\"Person\",\"@id\":\"https:\\\/\\\/elinformativotam.com\\\/#\\\/schema\\\/person\\\/78e08040eed0f6110f0c5f83b6153590\",\"name\":\"El Informativo Tam\",\"image\":{\"@type\":\"ImageObject\",\"inLanguage\":\"es\",\"@id\":\"https:\\\/\\\/secure.gravatar.com\\\/avatar\\\/f3b7ad3af540688955925ac610647be00b0cf41feea9c4978b73a707ee86bc53?s=96&d=mm&r=g\",\"url\":\"https:\\\/\\\/secure.gravatar.com\\\/avatar\\\/f3b7ad3af540688955925ac610647be00b0cf41feea9c4978b73a707ee86bc53?s=96&d=mm&r=g\",\"contentUrl\":\"https:\\\/\\\/secure.gravatar.com\\\/avatar\\\/f3b7ad3af540688955925ac610647be00b0cf41feea9c4978b73a707ee86bc53?s=96&d=mm&r=g\",\"caption\":\"El Informativo Tam\"}}]}<\/script>\n<!-- \/ Yoast SEO plugin. -->","yoast_head_json":{"title":"Miguel G\u00f3mez, arranca campa\u00f1a electoral en Altamira con propuestas reales y compromiso ciudadano - EL INFORMATIVO DE TAMAULIPAS","description":"Altamira, Tamaulipas - Hoy, 15 de abril de 2024 - Miguel G\u00f3mez Orta, candidato a la alcald\u00eda de Altamira por la coalici\u00f3n \"Fuerza y Coraz\u00f3n x Tamaulipas\",","robots":{"index":"index","follow":"follow","max-snippet":"max-snippet:-1","max-image-preview":"max-image-preview:large","max-video-preview":"max-video-preview:-1"},"canonical":"https:\/\/elinformativotam.com\/index.php\/2024\/04\/15\/miguel-gomez-arranca-campana-electoral-en-altamira-con-propuestas-reales-y-compromiso-ciudadano\/","og_locale":"es_MX","og_type":"article","og_title":"Miguel G\u00f3mez, arranca campa\u00f1a electoral en Altamira con propuestas reales y compromiso ciudadano - EL INFORMATIVO DE TAMAULIPAS","og_description":"Altamira, Tamaulipas - Hoy, 15 de abril de 2024 - Miguel G\u00f3mez Orta, candidato a la alcald\u00eda de Altamira por la coalici\u00f3n \"Fuerza y Coraz\u00f3n x Tamaulipas\",","og_url":"https:\/\/elinformativotam.com\/index.php\/2024\/04\/15\/miguel-gomez-arranca-campana-electoral-en-altamira-con-propuestas-reales-y-compromiso-ciudadano\/","og_site_name":"EL INFORMATIVO DE TAMAULIPAS","article_published_time":"2024-04-15T20:25:35+00:00","og_image":[{"width":1600,"height":1200,"url":"https:\/\/elinformativotam.com\/wp-content\/uploads\/2024\/04\/IMG-20240415-WA0074.jpg","type":"image\/jpeg"}],"author":"El Informativo Tam","twitter_card":"summary_large_image","twitter_misc":{"Escrito por":"El Informativo Tam","Tiempo de lectura":"2 minutos"},"schema":{"@context":"https:\/\/schema.org","@graph":[{"@type":"Article","@id":"https:\/\/elinformativotam.com\/index.php\/2024\/04\/15\/miguel-gomez-arranca-campana-electoral-en-altamira-con-propuestas-reales-y-compromiso-ciudadano\/#article","isPartOf":{"@id":"https:\/\/elinformativotam.com\/index.php\/2024\/04\/15\/miguel-gomez-arranca-campana-electoral-en-altamira-con-propuestas-reales-y-compromiso-ciudadano\/"},"author":{"name":"El Informativo Tam","@id":"https:\/\/elinformativotam.com\/#\/schema\/person\/78e08040eed0f6110f0c5f83b6153590"},"headline":"Miguel G\u00f3mez, arranca campa\u00f1a electoral en Altamira con propuestas reales y compromiso ciudadano","datePublished":"2024-04-15T20:25:35+00:00","mainEntityOfPage":{"@id":"https:\/\/elinformativotam.com\/index.php\/2024\/04\/15\/miguel-gomez-arranca-campana-electoral-en-altamira-con-propuestas-reales-y-compromiso-ciudadano\/"},"wordCount":384,"commentCount":0,"publisher":{"@id":"https:\/\/elinformativotam.com\/#organization"},"image":{"@id":"https:\/\/elinformativotam.com\/index.php\/2024\/04\/15\/miguel-gomez-arranca-campana-electoral-en-altamira-con-propuestas-reales-y-compromiso-ciudadano\/#primaryimage"},"thumbnailUrl":"https:\/\/elinformativotam.com\/wp-content\/uploads\/2024\/04\/IMG-20240415-WA0074.jpg","articleSection":["Altamira"],"inLanguage":"es","potentialAction":[{"@type":"CommentAction","name":"Comment","target":["https:\/\/elinformativotam.com\/index.php\/2024\/04\/15\/miguel-gomez-arranca-campana-electoral-en-altamira-con-propuestas-reales-y-compromiso-ciudadano\/#respond"]}]},{"@type":"WebPage","@id":"https:\/\/elinformativotam.com\/index.php\/2024\/04\/15\/miguel-gomez-arranca-campana-electoral-en-altamira-con-propuestas-reales-y-compromiso-ciudadano\/","url":"https:\/\/elinformativotam.com\/index.php\/2024\/04\/15\/miguel-gomez-arranca-campana-electoral-en-altamira-con-propuestas-reales-y-compromiso-ciudadano\/","name":"Miguel G\u00f3mez, arranca campa\u00f1a electoral en Altamira con propuestas reales y compromiso ciudadano - EL INFORMATIVO DE TAMAULIPAS","isPartOf":{"@id":"https:\/\/elinformativotam.com\/#website"},"primaryImageOfPage":{"@id":"https:\/\/elinformativotam.com\/index.php\/2024\/04\/15\/miguel-gomez-arranca-campana-electoral-en-altamira-con-propuestas-reales-y-compromiso-ciudadano\/#primaryimage"},"image":{"@id":"https:\/\/elinformativotam.com\/index.php\/2024\/04\/15\/miguel-gomez-arranca-campana-electoral-en-altamira-con-propuestas-reales-y-compromiso-ciudadano\/#primaryimage"},"thumbnailUrl":"https:\/\/elinformativotam.com\/wp-content\/uploads\/2024\/04\/IMG-20240415-WA0074.jpg","datePublished":"2024-04-15T20:25:35+00:00","description":"Altamira, Tamaulipas - Hoy, 15 de abril de 2024 - Miguel G\u00f3mez Orta, candidato a la alcald\u00eda de Altamira por la coalici\u00f3n \"Fuerza y Coraz\u00f3n x Tamaulipas\",","inLanguage":"es","potentialAction":[{"@type":"ReadAction","target":["https:\/\/elinformativotam.com\/index.php\/2024\/04\/15\/miguel-gomez-arranca-campana-electoral-en-altamira-con-propuestas-reales-y-compromiso-ciudadano\/"]}]},{"@type":"ImageObject","inLanguage":"es","@id":"https:\/\/elinformativotam.com\/index.php\/2024\/04\/15\/miguel-gomez-arranca-campana-electoral-en-altamira-con-propuestas-reales-y-compromiso-ciudadano\/#primaryimage","url":"https:\/\/elinformativotam.com\/wp-content\/uploads\/2024\/04\/IMG-20240415-WA0074.jpg","contentUrl":"https:\/\/elinformativotam.com\/wp-content\/uploads\/2024\/04\/IMG-20240415-WA0074.jpg","width":1600,"height":1200},{"@type":"WebSite","@id":"https:\/\/elinformativotam.com\/#website","url":"https:\/\/elinformativotam.com\/","name":"EL INFORMATIVO DE TAMAULIPAS","description":"Desde la Zona Metropolitana Para Todo M\u00e9xico","publisher":{"@id":"https:\/\/elinformativotam.com\/#organization"},"potentialAction":[{"@type":"SearchAction","target":{"@type":"EntryPoint","urlTemplate":"https:\/\/elinformativotam.com\/?s={search_term_string}"},"query-input":{"@type":"PropertyValueSpecification","valueRequired":true,"valueName":"search_term_string"}}],"inLanguage":"es"},{"@type":"Organization","@id":"https:\/\/elinformativotam.com\/#organization","name":"EL INFORMATIVO DE TAMAULIPAS","url":"https:\/\/elinformativotam.com\/","logo":{"@type":"ImageObject","inLanguage":"es","@id":"https:\/\/elinformativotam.com\/#\/schema\/logo\/image\/","url":"https:\/\/elinformativotam.com\/wp-content\/uploads\/2026\/02\/Cabezal.png","contentUrl":"https:\/\/elinformativotam.com\/wp-content\/uploads\/2026\/02\/Cabezal.png","width":960,"height":640,"caption":"EL INFORMATIVO DE TAMAULIPAS"},"image":{"@id":"https:\/\/elinformativotam.com\/#\/schema\/logo\/image\/"}},{"@type":"Person","@id":"https:\/\/elinformativotam.com\/#\/schema\/person\/78e08040eed0f6110f0c5f83b6153590","name":"El Informativo Tam","image":{"@type":"ImageObject","inLanguage":"es","@id":"https:\/\/secure.gravatar.com\/avatar\/f3b7ad3af540688955925ac610647be00b0cf41feea9c4978b73a707ee86bc53?s=96&d=mm&r=g","url":"https:\/\/secure.gravatar.com\/avatar\/f3b7ad3af540688955925ac610647be00b0cf41feea9c4978b73a707ee86bc53?s=96&d=mm&r=g","contentUrl":"https:\/\/secure.gravatar.com\/avatar\/f3b7ad3af540688955925ac610647be00b0cf41feea9c4978b73a707ee86bc53?s=96&d=mm&r=g","caption":"El Informativo Tam"}}]}},"_links":{"self":[{"href":"https:\/\/elinformativotam.com\/index.php\/wp-json\/wp\/v2\/posts\/50259","targetHints":{"allow":["GET"]}}],"collection":[{"href":"https:\/\/elinformativotam.com\/index.php\/wp-json\/wp\/v2\/posts"}],"about":[{"href":"https:\/\/elinformativotam.com\/index.php\/wp-json\/wp\/v2\/types\/post"}],"author":[{"embeddable":true,"href":"https:\/\/elinformativotam.com\/index.php\/wp-json\/wp\/v2\/users\/1"}],"replies":[{"embeddable":true,"href":"https:\/\/elinformativotam.com\/index.php\/wp-json\/wp\/v2\/comments?post=50259"}],"version-history":[{"count":1,"href":"https:\/\/elinformativotam.com\/index.php\/wp-json\/wp\/v2\/posts\/50259\/revisions"}],"predecessor-version":[{"id":50261,"href":"https:\/\/elinformativotam.com\/index.php\/wp-json\/wp\/v2\/posts\/50259\/revisions\/50261"}],"wp:featuredmedia":[{"embeddable":true,"href":"https:\/\/elinformativotam.com\/index.php\/wp-json\/wp\/v2\/media\/50260"}],"wp:attachment":[{"href":"https:\/\/elinformativotam.com\/index.php\/wp-json\/wp\/v2\/media?parent=50259"}],"wp:term":[{"taxonomy":"category","embeddable":true,"href":"https:\/\/elinformativotam.com\/index.php\/wp-json\/wp\/v2\/categories?post=50259"},{"taxonomy":"post_tag","embeddable":true,"href":"https:\/\/elinformativotam.com\/index.php\/wp-json\/wp\/v2\/tags?post=50259"}],"curies":[{"name":"wp","href":"https:\/\/api.w.org\/{rel}","templated":true}]}}