{"id":50257,"date":"2024-04-15T07:59:01","date_gmt":"2024-04-15T13:59:01","guid":{"rendered":"https:\/\/elinformativotam.com\/?p=50257"},"modified":"2024-04-15T07:59:01","modified_gmt":"2024-04-15T13:59:01","slug":"rosa-gonzalez-iniciara-su-camino-a-la-alcaldia-de-tampico-acompanada-de-toda-la-formula","status":"publish","type":"post","link":"https:\/\/elinformativotam.com\/index.php\/2024\/04\/15\/rosa-gonzalez-iniciara-su-camino-a-la-alcaldia-de-tampico-acompanada-de-toda-la-formula\/","title":{"rendered":"Rosa Gonz\u00e1lez Iniciar\u00e1 su Camino a la Alcaldia de Tampico Acompa\u00f1ada de Toda la F\u00f3rmula"},"content":{"rendered":"<p>Rosa Gonz\u00e1lez Azc\u00e1rraga, Candidata a la Presidencia municipal de Tampico por la alianza Fuerza y Coraz\u00f3n por Tamaulipas, iniciar\u00e1 su campa\u00f1a formal este lunes 15 de abril mediante una serie de actos programados en distintos puntos de la ciudad.<\/p>\n<p>&nbsp;<\/p>\n<p>La abanderada panista efectuar\u00e1, en punto de las nueve de la ma\u00f1ana, un recorrido por la zona centro de Tampico, partiendo de la Plaza de Armas hasta la plaza Hijas de Tampico; posteriormente estar\u00e1 dialogando con\u00a0 locatarios y concesionarios\u00a0del Mercado Municipal a quienes presentar\u00e1 su plan de gobierno para seguir fortaleciendo el desarrollo\u00a0tur\u00edstico y econ\u00f3mico de la ciudad.<\/p>\n<p>&nbsp;<\/p>\n<p>La aspirante a la alcald\u00eda porte\u00f1a, junto con los dem\u00e1s candidatos de la f\u00f3rmula, tiene programado adem\u00e1s un extenso recorrido en la colonia Infonavit para visitar casa por casa a los vecinos y comerciantes del sector; y ah\u00ed, en la zona deportiva de las &#8220;Canchas Gemelas&#8221; llevar\u00e1 a cabo el mitin de arranque de su campa\u00f1a.<\/p>\n<p>&nbsp;<\/p>\n<p>Gonz\u00e1lez Azc\u00e1rrga estar\u00e1 acompa\u00f1ada por su suplente, A\u00edda F\u00e9res de Nader y la planilla completa de S\u00edndicos y Regidores; adem\u00e1s de Chucho Nader, Candidato a la Diputaci\u00f3n Federal; Pepe Schekaib\u00e1n, Candidato a la Diputaci\u00f3n\u00a0local por el Distrito 22; y Marcela Unda, Candidata al Congreso Tamaulipeco por el Distrito 21.<\/p>\n<p>&nbsp;<\/p>\n<p>Se prev\u00e9 que al acto asistan miles de tampique\u00f1os, as\u00ed como militantes y simpatizantes de los organismos pol\u00edticos que respaldan a Rosa Gonz\u00e1lez Azc\u00e1rraga rumbo a la Alcald\u00eda de Tampico.<\/p>\n","protected":false},"excerpt":{"rendered":"<p>Rosa Gonz\u00e1lez Azc\u00e1rraga, Candidata a la Presidencia municipal de Tampico por la alianza Fuerza y Coraz\u00f3n por Tamaulipas, iniciar\u00e1 su&hellip;<\/p>\n","protected":false},"author":1,"featured_media":50117,"comment_status":"open","ping_status":"open","sticky":false,"template":"","format":"standard","meta":{"footnotes":""},"categories":[3],"tags":[],"class_list":["post-50257","post","type-post","status-publish","format-standard","has-post-thumbnail","hentry","category-tampico"],"yoast_head":"<!-- This site is optimized with the Yoast SEO plugin v27.5 - https:\/\/yoast.com\/product\/yoast-seo-wordpress\/ -->\n<title>Rosa Gonz\u00e1lez Iniciar\u00e1 su Camino a la Alcaldia de Tampico Acompa\u00f1ada de Toda la F\u00f3rmula - EL INFORMATIVO DE TAMAULIPAS<\/title>\n<meta name=\"description\" content=\"Rosa Gonz\u00e1lez Azc\u00e1rraga, Candidata a la Presidencia municipal de Tampico por la alianza Fuerza y Coraz\u00f3n por Tamaulipas, iniciar\u00e1 su campa\u00f1a formal este\" \/>\n<meta name=\"robots\" content=\"index, follow, max-snippet:-1, max-image-preview:large, max-video-preview:-1\" \/>\n<link rel=\"canonical\" href=\"https:\/\/elinformativotam.com\/index.php\/2024\/04\/15\/rosa-gonzalez-iniciara-su-camino-a-la-alcaldia-de-tampico-acompanada-de-toda-la-formula\/\" \/>\n<meta property=\"og:locale\" content=\"es_MX\" \/>\n<meta property=\"og:type\" content=\"article\" \/>\n<meta property=\"og:title\" content=\"Rosa Gonz\u00e1lez Iniciar\u00e1 su Camino a la Alcaldia de Tampico Acompa\u00f1ada de Toda la F\u00f3rmula - EL INFORMATIVO DE TAMAULIPAS\" \/>\n<meta property=\"og:description\" content=\"Rosa Gonz\u00e1lez Azc\u00e1rraga, Candidata a la Presidencia municipal de Tampico por la alianza Fuerza y Coraz\u00f3n por Tamaulipas, iniciar\u00e1 su campa\u00f1a formal este\" \/>\n<meta property=\"og:url\" content=\"https:\/\/elinformativotam.com\/index.php\/2024\/04\/15\/rosa-gonzalez-iniciara-su-camino-a-la-alcaldia-de-tampico-acompanada-de-toda-la-formula\/\" \/>\n<meta property=\"og:site_name\" content=\"EL INFORMATIVO DE TAMAULIPAS\" \/>\n<meta property=\"article:published_time\" content=\"2024-04-15T13:59:01+00:00\" \/>\n<meta property=\"og:image\" content=\"https:\/\/elinformativotam.com\/wp-content\/uploads\/2024\/04\/Rosa-1.jpeg\" \/>\n\t<meta property=\"og:image:width\" content=\"1115\" \/>\n\t<meta property=\"og:image:height\" content=\"1600\" \/>\n\t<meta property=\"og:image:type\" content=\"image\/jpeg\" \/>\n<meta name=\"author\" content=\"El Informativo Tam\" \/>\n<meta name=\"twitter:card\" content=\"summary_large_image\" \/>\n<meta name=\"twitter:label1\" content=\"Escrito por\" \/>\n\t<meta name=\"twitter:data1\" content=\"El Informativo Tam\" \/>\n\t<meta name=\"twitter:label2\" content=\"Tiempo de lectura\" \/>\n\t<meta name=\"twitter:data2\" content=\"2 minutos\" \/>\n<script type=\"application\/ld+json\" class=\"yoast-schema-graph\">{\"@context\":\"https:\\\/\\\/schema.org\",\"@graph\":[{\"@type\":\"Article\",\"@id\":\"https:\\\/\\\/elinformativotam.com\\\/index.php\\\/2024\\\/04\\\/15\\\/rosa-gonzalez-iniciara-su-camino-a-la-alcaldia-de-tampico-acompanada-de-toda-la-formula\\\/#article\",\"isPartOf\":{\"@id\":\"https:\\\/\\\/elinformativotam.com\\\/index.php\\\/2024\\\/04\\\/15\\\/rosa-gonzalez-iniciara-su-camino-a-la-alcaldia-de-tampico-acompanada-de-toda-la-formula\\\/\"},\"author\":{\"name\":\"El Informativo Tam\",\"@id\":\"https:\\\/\\\/elinformativotam.com\\\/#\\\/schema\\\/person\\\/78e08040eed0f6110f0c5f83b6153590\"},\"headline\":\"Rosa Gonz\u00e1lez Iniciar\u00e1 su Camino a la Alcaldia de Tampico Acompa\u00f1ada de Toda la F\u00f3rmula\",\"datePublished\":\"2024-04-15T13:59:01+00:00\",\"mainEntityOfPage\":{\"@id\":\"https:\\\/\\\/elinformativotam.com\\\/index.php\\\/2024\\\/04\\\/15\\\/rosa-gonzalez-iniciara-su-camino-a-la-alcaldia-de-tampico-acompanada-de-toda-la-formula\\\/\"},\"wordCount\":282,\"commentCount\":0,\"publisher\":{\"@id\":\"https:\\\/\\\/elinformativotam.com\\\/#organization\"},\"image\":{\"@id\":\"https:\\\/\\\/elinformativotam.com\\\/index.php\\\/2024\\\/04\\\/15\\\/rosa-gonzalez-iniciara-su-camino-a-la-alcaldia-de-tampico-acompanada-de-toda-la-formula\\\/#primaryimage\"},\"thumbnailUrl\":\"https:\\\/\\\/elinformativotam.com\\\/wp-content\\\/uploads\\\/2024\\\/04\\\/Rosa-1.jpeg\",\"articleSection\":[\"Tampico\"],\"inLanguage\":\"es\",\"potentialAction\":[{\"@type\":\"CommentAction\",\"name\":\"Comment\",\"target\":[\"https:\\\/\\\/elinformativotam.com\\\/index.php\\\/2024\\\/04\\\/15\\\/rosa-gonzalez-iniciara-su-camino-a-la-alcaldia-de-tampico-acompanada-de-toda-la-formula\\\/#respond\"]}]},{\"@type\":\"WebPage\",\"@id\":\"https:\\\/\\\/elinformativotam.com\\\/index.php\\\/2024\\\/04\\\/15\\\/rosa-gonzalez-iniciara-su-camino-a-la-alcaldia-de-tampico-acompanada-de-toda-la-formula\\\/\",\"url\":\"https:\\\/\\\/elinformativotam.com\\\/index.php\\\/2024\\\/04\\\/15\\\/rosa-gonzalez-iniciara-su-camino-a-la-alcaldia-de-tampico-acompanada-de-toda-la-formula\\\/\",\"name\":\"Rosa Gonz\u00e1lez Iniciar\u00e1 su Camino a la Alcaldia de Tampico Acompa\u00f1ada de Toda la F\u00f3rmula - EL INFORMATIVO DE TAMAULIPAS\",\"isPartOf\":{\"@id\":\"https:\\\/\\\/elinformativotam.com\\\/#website\"},\"primaryImageOfPage\":{\"@id\":\"https:\\\/\\\/elinformativotam.com\\\/index.php\\\/2024\\\/04\\\/15\\\/rosa-gonzalez-iniciara-su-camino-a-la-alcaldia-de-tampico-acompanada-de-toda-la-formula\\\/#primaryimage\"},\"image\":{\"@id\":\"https:\\\/\\\/elinformativotam.com\\\/index.php\\\/2024\\\/04\\\/15\\\/rosa-gonzalez-iniciara-su-camino-a-la-alcaldia-de-tampico-acompanada-de-toda-la-formula\\\/#primaryimage\"},\"thumbnailUrl\":\"https:\\\/\\\/elinformativotam.com\\\/wp-content\\\/uploads\\\/2024\\\/04\\\/Rosa-1.jpeg\",\"datePublished\":\"2024-04-15T13:59:01+00:00\",\"description\":\"Rosa Gonz\u00e1lez Azc\u00e1rraga, Candidata a la Presidencia municipal de Tampico por la alianza Fuerza y Coraz\u00f3n por Tamaulipas, iniciar\u00e1 su campa\u00f1a formal este\",\"inLanguage\":\"es\",\"potentialAction\":[{\"@type\":\"ReadAction\",\"target\":[\"https:\\\/\\\/elinformativotam.com\\\/index.php\\\/2024\\\/04\\\/15\\\/rosa-gonzalez-iniciara-su-camino-a-la-alcaldia-de-tampico-acompanada-de-toda-la-formula\\\/\"]}]},{\"@type\":\"ImageObject\",\"inLanguage\":\"es\",\"@id\":\"https:\\\/\\\/elinformativotam.com\\\/index.php\\\/2024\\\/04\\\/15\\\/rosa-gonzalez-iniciara-su-camino-a-la-alcaldia-de-tampico-acompanada-de-toda-la-formula\\\/#primaryimage\",\"url\":\"https:\\\/\\\/elinformativotam.com\\\/wp-content\\\/uploads\\\/2024\\\/04\\\/Rosa-1.jpeg\",\"contentUrl\":\"https:\\\/\\\/elinformativotam.com\\\/wp-content\\\/uploads\\\/2024\\\/04\\\/Rosa-1.jpeg\",\"width\":1115,\"height\":1600},{\"@type\":\"WebSite\",\"@id\":\"https:\\\/\\\/elinformativotam.com\\\/#website\",\"url\":\"https:\\\/\\\/elinformativotam.com\\\/\",\"name\":\"EL INFORMATIVO DE TAMAULIPAS\",\"description\":\"Desde la Zona Metropolitana Para Todo M\u00e9xico\",\"publisher\":{\"@id\":\"https:\\\/\\\/elinformativotam.com\\\/#organization\"},\"potentialAction\":[{\"@type\":\"SearchAction\",\"target\":{\"@type\":\"EntryPoint\",\"urlTemplate\":\"https:\\\/\\\/elinformativotam.com\\\/?s={search_term_string}\"},\"query-input\":{\"@type\":\"PropertyValueSpecification\",\"valueRequired\":true,\"valueName\":\"search_term_string\"}}],\"inLanguage\":\"es\"},{\"@type\":\"Organization\",\"@id\":\"https:\\\/\\\/elinformativotam.com\\\/#organization\",\"name\":\"EL INFORMATIVO DE TAMAULIPAS\",\"url\":\"https:\\\/\\\/elinformativotam.com\\\/\",\"logo\":{\"@type\":\"ImageObject\",\"inLanguage\":\"es\",\"@id\":\"https:\\\/\\\/elinformativotam.com\\\/#\\\/schema\\\/logo\\\/image\\\/\",\"url\":\"https:\\\/\\\/elinformativotam.com\\\/wp-content\\\/uploads\\\/2026\\\/02\\\/Cabezal.png\",\"contentUrl\":\"https:\\\/\\\/elinformativotam.com\\\/wp-content\\\/uploads\\\/2026\\\/02\\\/Cabezal.png\",\"width\":960,\"height\":640,\"caption\":\"EL INFORMATIVO DE TAMAULIPAS\"},\"image\":{\"@id\":\"https:\\\/\\\/elinformativotam.com\\\/#\\\/schema\\\/logo\\\/image\\\/\"}},{\"@type\":\"Person\",\"@id\":\"https:\\\/\\\/elinformativotam.com\\\/#\\\/schema\\\/person\\\/78e08040eed0f6110f0c5f83b6153590\",\"name\":\"El Informativo Tam\",\"image\":{\"@type\":\"ImageObject\",\"inLanguage\":\"es\",\"@id\":\"https:\\\/\\\/secure.gravatar.com\\\/avatar\\\/f3b7ad3af540688955925ac610647be00b0cf41feea9c4978b73a707ee86bc53?s=96&d=mm&r=g\",\"url\":\"https:\\\/\\\/secure.gravatar.com\\\/avatar\\\/f3b7ad3af540688955925ac610647be00b0cf41feea9c4978b73a707ee86bc53?s=96&d=mm&r=g\",\"contentUrl\":\"https:\\\/\\\/secure.gravatar.com\\\/avatar\\\/f3b7ad3af540688955925ac610647be00b0cf41feea9c4978b73a707ee86bc53?s=96&d=mm&r=g\",\"caption\":\"El Informativo Tam\"}}]}<\/script>\n<!-- \/ Yoast SEO plugin. -->","yoast_head_json":{"title":"Rosa Gonz\u00e1lez Iniciar\u00e1 su Camino a la Alcaldia de Tampico Acompa\u00f1ada de Toda la F\u00f3rmula - EL INFORMATIVO DE TAMAULIPAS","description":"Rosa Gonz\u00e1lez Azc\u00e1rraga, Candidata a la Presidencia municipal de Tampico por la alianza Fuerza y Coraz\u00f3n por Tamaulipas, iniciar\u00e1 su campa\u00f1a formal este","robots":{"index":"index","follow":"follow","max-snippet":"max-snippet:-1","max-image-preview":"max-image-preview:large","max-video-preview":"max-video-preview:-1"},"canonical":"https:\/\/elinformativotam.com\/index.php\/2024\/04\/15\/rosa-gonzalez-iniciara-su-camino-a-la-alcaldia-de-tampico-acompanada-de-toda-la-formula\/","og_locale":"es_MX","og_type":"article","og_title":"Rosa Gonz\u00e1lez Iniciar\u00e1 su Camino a la Alcaldia de Tampico Acompa\u00f1ada de Toda la F\u00f3rmula - EL INFORMATIVO DE TAMAULIPAS","og_description":"Rosa Gonz\u00e1lez Azc\u00e1rraga, Candidata a la Presidencia municipal de Tampico por la alianza Fuerza y Coraz\u00f3n por Tamaulipas, iniciar\u00e1 su campa\u00f1a formal este","og_url":"https:\/\/elinformativotam.com\/index.php\/2024\/04\/15\/rosa-gonzalez-iniciara-su-camino-a-la-alcaldia-de-tampico-acompanada-de-toda-la-formula\/","og_site_name":"EL INFORMATIVO DE TAMAULIPAS","article_published_time":"2024-04-15T13:59:01+00:00","og_image":[{"width":1115,"height":1600,"url":"https:\/\/elinformativotam.com\/wp-content\/uploads\/2024\/04\/Rosa-1.jpeg","type":"image\/jpeg"}],"author":"El Informativo Tam","twitter_card":"summary_large_image","twitter_misc":{"Escrito por":"El Informativo Tam","Tiempo de lectura":"2 minutos"},"schema":{"@context":"https:\/\/schema.org","@graph":[{"@type":"Article","@id":"https:\/\/elinformativotam.com\/index.php\/2024\/04\/15\/rosa-gonzalez-iniciara-su-camino-a-la-alcaldia-de-tampico-acompanada-de-toda-la-formula\/#article","isPartOf":{"@id":"https:\/\/elinformativotam.com\/index.php\/2024\/04\/15\/rosa-gonzalez-iniciara-su-camino-a-la-alcaldia-de-tampico-acompanada-de-toda-la-formula\/"},"author":{"name":"El Informativo Tam","@id":"https:\/\/elinformativotam.com\/#\/schema\/person\/78e08040eed0f6110f0c5f83b6153590"},"headline":"Rosa Gonz\u00e1lez Iniciar\u00e1 su Camino a la Alcaldia de Tampico Acompa\u00f1ada de Toda la F\u00f3rmula","datePublished":"2024-04-15T13:59:01+00:00","mainEntityOfPage":{"@id":"https:\/\/elinformativotam.com\/index.php\/2024\/04\/15\/rosa-gonzalez-iniciara-su-camino-a-la-alcaldia-de-tampico-acompanada-de-toda-la-formula\/"},"wordCount":282,"commentCount":0,"publisher":{"@id":"https:\/\/elinformativotam.com\/#organization"},"image":{"@id":"https:\/\/elinformativotam.com\/index.php\/2024\/04\/15\/rosa-gonzalez-iniciara-su-camino-a-la-alcaldia-de-tampico-acompanada-de-toda-la-formula\/#primaryimage"},"thumbnailUrl":"https:\/\/elinformativotam.com\/wp-content\/uploads\/2024\/04\/Rosa-1.jpeg","articleSection":["Tampico"],"inLanguage":"es","potentialAction":[{"@type":"CommentAction","name":"Comment","target":["https:\/\/elinformativotam.com\/index.php\/2024\/04\/15\/rosa-gonzalez-iniciara-su-camino-a-la-alcaldia-de-tampico-acompanada-de-toda-la-formula\/#respond"]}]},{"@type":"WebPage","@id":"https:\/\/elinformativotam.com\/index.php\/2024\/04\/15\/rosa-gonzalez-iniciara-su-camino-a-la-alcaldia-de-tampico-acompanada-de-toda-la-formula\/","url":"https:\/\/elinformativotam.com\/index.php\/2024\/04\/15\/rosa-gonzalez-iniciara-su-camino-a-la-alcaldia-de-tampico-acompanada-de-toda-la-formula\/","name":"Rosa Gonz\u00e1lez Iniciar\u00e1 su Camino a la Alcaldia de Tampico Acompa\u00f1ada de Toda la F\u00f3rmula - EL INFORMATIVO DE TAMAULIPAS","isPartOf":{"@id":"https:\/\/elinformativotam.com\/#website"},"primaryImageOfPage":{"@id":"https:\/\/elinformativotam.com\/index.php\/2024\/04\/15\/rosa-gonzalez-iniciara-su-camino-a-la-alcaldia-de-tampico-acompanada-de-toda-la-formula\/#primaryimage"},"image":{"@id":"https:\/\/elinformativotam.com\/index.php\/2024\/04\/15\/rosa-gonzalez-iniciara-su-camino-a-la-alcaldia-de-tampico-acompanada-de-toda-la-formula\/#primaryimage"},"thumbnailUrl":"https:\/\/elinformativotam.com\/wp-content\/uploads\/2024\/04\/Rosa-1.jpeg","datePublished":"2024-04-15T13:59:01+00:00","description":"Rosa Gonz\u00e1lez Azc\u00e1rraga, Candidata a la Presidencia municipal de Tampico por la alianza Fuerza y Coraz\u00f3n por Tamaulipas, iniciar\u00e1 su campa\u00f1a formal este","inLanguage":"es","potentialAction":[{"@type":"ReadAction","target":["https:\/\/elinformativotam.com\/index.php\/2024\/04\/15\/rosa-gonzalez-iniciara-su-camino-a-la-alcaldia-de-tampico-acompanada-de-toda-la-formula\/"]}]},{"@type":"ImageObject","inLanguage":"es","@id":"https:\/\/elinformativotam.com\/index.php\/2024\/04\/15\/rosa-gonzalez-iniciara-su-camino-a-la-alcaldia-de-tampico-acompanada-de-toda-la-formula\/#primaryimage","url":"https:\/\/elinformativotam.com\/wp-content\/uploads\/2024\/04\/Rosa-1.jpeg","contentUrl":"https:\/\/elinformativotam.com\/wp-content\/uploads\/2024\/04\/Rosa-1.jpeg","width":1115,"height":1600},{"@type":"WebSite","@id":"https:\/\/elinformativotam.com\/#website","url":"https:\/\/elinformativotam.com\/","name":"EL INFORMATIVO DE TAMAULIPAS","description":"Desde la Zona Metropolitana Para Todo M\u00e9xico","publisher":{"@id":"https:\/\/elinformativotam.com\/#organization"},"potentialAction":[{"@type":"SearchAction","target":{"@type":"EntryPoint","urlTemplate":"https:\/\/elinformativotam.com\/?s={search_term_string}"},"query-input":{"@type":"PropertyValueSpecification","valueRequired":true,"valueName":"search_term_string"}}],"inLanguage":"es"},{"@type":"Organization","@id":"https:\/\/elinformativotam.com\/#organization","name":"EL INFORMATIVO DE TAMAULIPAS","url":"https:\/\/elinformativotam.com\/","logo":{"@type":"ImageObject","inLanguage":"es","@id":"https:\/\/elinformativotam.com\/#\/schema\/logo\/image\/","url":"https:\/\/elinformativotam.com\/wp-content\/uploads\/2026\/02\/Cabezal.png","contentUrl":"https:\/\/elinformativotam.com\/wp-content\/uploads\/2026\/02\/Cabezal.png","width":960,"height":640,"caption":"EL INFORMATIVO DE TAMAULIPAS"},"image":{"@id":"https:\/\/elinformativotam.com\/#\/schema\/logo\/image\/"}},{"@type":"Person","@id":"https:\/\/elinformativotam.com\/#\/schema\/person\/78e08040eed0f6110f0c5f83b6153590","name":"El Informativo Tam","image":{"@type":"ImageObject","inLanguage":"es","@id":"https:\/\/secure.gravatar.com\/avatar\/f3b7ad3af540688955925ac610647be00b0cf41feea9c4978b73a707ee86bc53?s=96&d=mm&r=g","url":"https:\/\/secure.gravatar.com\/avatar\/f3b7ad3af540688955925ac610647be00b0cf41feea9c4978b73a707ee86bc53?s=96&d=mm&r=g","contentUrl":"https:\/\/secure.gravatar.com\/avatar\/f3b7ad3af540688955925ac610647be00b0cf41feea9c4978b73a707ee86bc53?s=96&d=mm&r=g","caption":"El Informativo Tam"}}]}},"_links":{"self":[{"href":"https:\/\/elinformativotam.com\/index.php\/wp-json\/wp\/v2\/posts\/50257","targetHints":{"allow":["GET"]}}],"collection":[{"href":"https:\/\/elinformativotam.com\/index.php\/wp-json\/wp\/v2\/posts"}],"about":[{"href":"https:\/\/elinformativotam.com\/index.php\/wp-json\/wp\/v2\/types\/post"}],"author":[{"embeddable":true,"href":"https:\/\/elinformativotam.com\/index.php\/wp-json\/wp\/v2\/users\/1"}],"replies":[{"embeddable":true,"href":"https:\/\/elinformativotam.com\/index.php\/wp-json\/wp\/v2\/comments?post=50257"}],"version-history":[{"count":1,"href":"https:\/\/elinformativotam.com\/index.php\/wp-json\/wp\/v2\/posts\/50257\/revisions"}],"predecessor-version":[{"id":50258,"href":"https:\/\/elinformativotam.com\/index.php\/wp-json\/wp\/v2\/posts\/50257\/revisions\/50258"}],"wp:featuredmedia":[{"embeddable":true,"href":"https:\/\/elinformativotam.com\/index.php\/wp-json\/wp\/v2\/media\/50117"}],"wp:attachment":[{"href":"https:\/\/elinformativotam.com\/index.php\/wp-json\/wp\/v2\/media?parent=50257"}],"wp:term":[{"taxonomy":"category","embeddable":true,"href":"https:\/\/elinformativotam.com\/index.php\/wp-json\/wp\/v2\/categories?post=50257"},{"taxonomy":"post_tag","embeddable":true,"href":"https:\/\/elinformativotam.com\/index.php\/wp-json\/wp\/v2\/tags?post=50257"}],"curies":[{"name":"wp","href":"https:\/\/api.w.org\/{rel}","templated":true}]}}