{"id":50226,"date":"2024-04-11T20:44:43","date_gmt":"2024-04-12T02:44:43","guid":{"rendered":"https:\/\/elinformativotam.com\/?p=50226"},"modified":"2024-04-11T20:44:43","modified_gmt":"2024-04-12T02:44:43","slug":"candidata-del-pt-al-senado-analiza-interponer-denuncia-por-difusion-de-fotos-falsas","status":"publish","type":"post","link":"https:\/\/elinformativotam.com\/index.php\/2024\/04\/11\/candidata-del-pt-al-senado-analiza-interponer-denuncia-por-difusion-de-fotos-falsas\/","title":{"rendered":"CANDIDATA DEL PT AL SENADO, ANALIZA INTERPONER DENUNCIA POR DIFUSI\u00d3N DE FOTOS FALSAS."},"content":{"rendered":"<p>Cd. Madero, Tamaulipas.- Tras sostener una reuni\u00f3n con los integrantes del Consejo Empresarial de Madero, la candidata al Senado de la Rep\u00fablica por el Partido del Trabajo, Cendy Robles, dijo que analiza interponer algunas denuncia por la difusi\u00f3n v\u00eda WhatsApp de fotos donde aparece desnuda, las cuales fueron elaboradas a trav\u00e9s de inteligencia artificial.<\/p>\n<p>&nbsp;<\/p>\n<p>Indico que las fotos fueron difundidas hace algunos d\u00edas, con la intenci\u00f3n de afectar su imagen, por ello es que se pueden interponer las acciones legales.<\/p>\n<p>&nbsp;<\/p>\n<p>Expuso que ella siempre ha trabajado como modelo, pero siempre ha sido una labor donde se cumple con el respeto hacia las personas, por lo que no tiene ese tipo de fotograf\u00edas.<\/p>\n<p>&nbsp;<\/p>\n<p>Mencion\u00f3 que ni siquiera tiene este tipo de fotos en sus dispositivos m\u00f3viles, por lo que asegur\u00f3 que las fotos son falsas, por lo que se considera una v\u00edctima de la inteligencia artificial.<\/p>\n<p>&nbsp;<\/p>\n<p>Dej\u00f3 en claro que esto se trata de violencia pol\u00edtica y de g\u00e9nero, raz\u00f3n por la cual es que se analiza interponer las denuncias contra quien resulte responsable.<\/p>\n<p>&nbsp;<\/p>\n<p>Finalmente, dijo que actualmente tiene dos elementos de la Guardia Nacional brind\u00e1ndole\u00a0 seguridad, tras la petici\u00f3n realizada ante el INE, destacando que en una semana a m\u00e1s se le asignar\u00e1n 4 elementos m\u00e1s.<\/p>\n<p>&nbsp;<\/p>\n<p>Cendy Robles, dej\u00f3 en claro que no tiene miedo a un grupo delictivo, le teme al fuego amigo que existe en los partidos, pues asegur\u00f3 que sus declaraciones no les han gustado a varios candidatos y candidatas, as\u00ed como a servidores p\u00fablicos.<\/p>\n<p>&nbsp;<\/p>\n<p>&nbsp;<\/p>\n","protected":false},"excerpt":{"rendered":"<p>Cd. Madero, Tamaulipas.- Tras sostener una reuni\u00f3n con los integrantes del Consejo Empresarial de Madero, la candidata al Senado de&hellip;<\/p>\n","protected":false},"author":1,"featured_media":50221,"comment_status":"open","ping_status":"open","sticky":false,"template":"","format":"standard","meta":{"footnotes":""},"categories":[4],"tags":[],"class_list":["post-50226","post","type-post","status-publish","format-standard","has-post-thumbnail","hentry","category-madero"],"yoast_head":"<!-- This site is optimized with the Yoast SEO plugin v27.5 - https:\/\/yoast.com\/product\/yoast-seo-wordpress\/ -->\n<title>CANDIDATA DEL PT AL SENADO, ANALIZA INTERPONER DENUNCIA POR DIFUSI\u00d3N DE FOTOS FALSAS. - EL INFORMATIVO DE TAMAULIPAS<\/title>\n<meta name=\"description\" content=\"Cd. Madero, Tamaulipas.- Tras sostener una reuni\u00f3n con los integrantes del Consejo Empresarial de Madero, la candidata al Senado de la Rep\u00fablica por el\" \/>\n<meta name=\"robots\" content=\"index, follow, max-snippet:-1, max-image-preview:large, max-video-preview:-1\" \/>\n<link rel=\"canonical\" href=\"https:\/\/elinformativotam.com\/index.php\/2024\/04\/11\/candidata-del-pt-al-senado-analiza-interponer-denuncia-por-difusion-de-fotos-falsas\/\" \/>\n<meta property=\"og:locale\" content=\"es_MX\" \/>\n<meta property=\"og:type\" content=\"article\" \/>\n<meta property=\"og:title\" content=\"CANDIDATA DEL PT AL SENADO, ANALIZA INTERPONER DENUNCIA POR DIFUSI\u00d3N DE FOTOS FALSAS. - EL INFORMATIVO DE TAMAULIPAS\" \/>\n<meta property=\"og:description\" content=\"Cd. Madero, Tamaulipas.- Tras sostener una reuni\u00f3n con los integrantes del Consejo Empresarial de Madero, la candidata al Senado de la Rep\u00fablica por el\" \/>\n<meta property=\"og:url\" content=\"https:\/\/elinformativotam.com\/index.php\/2024\/04\/11\/candidata-del-pt-al-senado-analiza-interponer-denuncia-por-difusion-de-fotos-falsas\/\" \/>\n<meta property=\"og:site_name\" content=\"EL INFORMATIVO DE TAMAULIPAS\" \/>\n<meta property=\"article:published_time\" content=\"2024-04-12T02:44:43+00:00\" \/>\n<meta property=\"og:image\" content=\"https:\/\/elinformativotam.com\/wp-content\/uploads\/2024\/04\/Cendy.jpeg\" \/>\n\t<meta property=\"og:image:width\" content=\"1600\" \/>\n\t<meta property=\"og:image:height\" content=\"1200\" \/>\n\t<meta property=\"og:image:type\" content=\"image\/jpeg\" \/>\n<meta name=\"author\" content=\"El Informativo Tam\" \/>\n<meta name=\"twitter:card\" content=\"summary_large_image\" \/>\n<meta name=\"twitter:label1\" content=\"Escrito por\" \/>\n\t<meta name=\"twitter:data1\" content=\"El Informativo Tam\" \/>\n\t<meta name=\"twitter:label2\" content=\"Tiempo de lectura\" \/>\n\t<meta name=\"twitter:data2\" content=\"2 minutos\" \/>\n<script type=\"application\/ld+json\" class=\"yoast-schema-graph\">{\"@context\":\"https:\\\/\\\/schema.org\",\"@graph\":[{\"@type\":\"Article\",\"@id\":\"https:\\\/\\\/elinformativotam.com\\\/index.php\\\/2024\\\/04\\\/11\\\/candidata-del-pt-al-senado-analiza-interponer-denuncia-por-difusion-de-fotos-falsas\\\/#article\",\"isPartOf\":{\"@id\":\"https:\\\/\\\/elinformativotam.com\\\/index.php\\\/2024\\\/04\\\/11\\\/candidata-del-pt-al-senado-analiza-interponer-denuncia-por-difusion-de-fotos-falsas\\\/\"},\"author\":{\"name\":\"El Informativo Tam\",\"@id\":\"https:\\\/\\\/elinformativotam.com\\\/#\\\/schema\\\/person\\\/78e08040eed0f6110f0c5f83b6153590\"},\"headline\":\"CANDIDATA DEL PT AL SENADO, ANALIZA INTERPONER DENUNCIA POR DIFUSI\u00d3N DE FOTOS FALSAS.\",\"datePublished\":\"2024-04-12T02:44:43+00:00\",\"mainEntityOfPage\":{\"@id\":\"https:\\\/\\\/elinformativotam.com\\\/index.php\\\/2024\\\/04\\\/11\\\/candidata-del-pt-al-senado-analiza-interponer-denuncia-por-difusion-de-fotos-falsas\\\/\"},\"wordCount\":289,\"commentCount\":0,\"publisher\":{\"@id\":\"https:\\\/\\\/elinformativotam.com\\\/#organization\"},\"image\":{\"@id\":\"https:\\\/\\\/elinformativotam.com\\\/index.php\\\/2024\\\/04\\\/11\\\/candidata-del-pt-al-senado-analiza-interponer-denuncia-por-difusion-de-fotos-falsas\\\/#primaryimage\"},\"thumbnailUrl\":\"https:\\\/\\\/elinformativotam.com\\\/wp-content\\\/uploads\\\/2024\\\/04\\\/Cendy.jpeg\",\"articleSection\":[\"Cd Madero\"],\"inLanguage\":\"es\",\"potentialAction\":[{\"@type\":\"CommentAction\",\"name\":\"Comment\",\"target\":[\"https:\\\/\\\/elinformativotam.com\\\/index.php\\\/2024\\\/04\\\/11\\\/candidata-del-pt-al-senado-analiza-interponer-denuncia-por-difusion-de-fotos-falsas\\\/#respond\"]}]},{\"@type\":\"WebPage\",\"@id\":\"https:\\\/\\\/elinformativotam.com\\\/index.php\\\/2024\\\/04\\\/11\\\/candidata-del-pt-al-senado-analiza-interponer-denuncia-por-difusion-de-fotos-falsas\\\/\",\"url\":\"https:\\\/\\\/elinformativotam.com\\\/index.php\\\/2024\\\/04\\\/11\\\/candidata-del-pt-al-senado-analiza-interponer-denuncia-por-difusion-de-fotos-falsas\\\/\",\"name\":\"CANDIDATA DEL PT AL SENADO, ANALIZA INTERPONER DENUNCIA POR DIFUSI\u00d3N DE FOTOS FALSAS. - EL INFORMATIVO DE TAMAULIPAS\",\"isPartOf\":{\"@id\":\"https:\\\/\\\/elinformativotam.com\\\/#website\"},\"primaryImageOfPage\":{\"@id\":\"https:\\\/\\\/elinformativotam.com\\\/index.php\\\/2024\\\/04\\\/11\\\/candidata-del-pt-al-senado-analiza-interponer-denuncia-por-difusion-de-fotos-falsas\\\/#primaryimage\"},\"image\":{\"@id\":\"https:\\\/\\\/elinformativotam.com\\\/index.php\\\/2024\\\/04\\\/11\\\/candidata-del-pt-al-senado-analiza-interponer-denuncia-por-difusion-de-fotos-falsas\\\/#primaryimage\"},\"thumbnailUrl\":\"https:\\\/\\\/elinformativotam.com\\\/wp-content\\\/uploads\\\/2024\\\/04\\\/Cendy.jpeg\",\"datePublished\":\"2024-04-12T02:44:43+00:00\",\"description\":\"Cd. Madero, Tamaulipas.- Tras sostener una reuni\u00f3n con los integrantes del Consejo Empresarial de Madero, la candidata al Senado de la Rep\u00fablica por el\",\"inLanguage\":\"es\",\"potentialAction\":[{\"@type\":\"ReadAction\",\"target\":[\"https:\\\/\\\/elinformativotam.com\\\/index.php\\\/2024\\\/04\\\/11\\\/candidata-del-pt-al-senado-analiza-interponer-denuncia-por-difusion-de-fotos-falsas\\\/\"]}]},{\"@type\":\"ImageObject\",\"inLanguage\":\"es\",\"@id\":\"https:\\\/\\\/elinformativotam.com\\\/index.php\\\/2024\\\/04\\\/11\\\/candidata-del-pt-al-senado-analiza-interponer-denuncia-por-difusion-de-fotos-falsas\\\/#primaryimage\",\"url\":\"https:\\\/\\\/elinformativotam.com\\\/wp-content\\\/uploads\\\/2024\\\/04\\\/Cendy.jpeg\",\"contentUrl\":\"https:\\\/\\\/elinformativotam.com\\\/wp-content\\\/uploads\\\/2024\\\/04\\\/Cendy.jpeg\",\"width\":1600,\"height\":1200},{\"@type\":\"WebSite\",\"@id\":\"https:\\\/\\\/elinformativotam.com\\\/#website\",\"url\":\"https:\\\/\\\/elinformativotam.com\\\/\",\"name\":\"EL INFORMATIVO DE TAMAULIPAS\",\"description\":\"Desde la Zona Metropolitana Para Todo M\u00e9xico\",\"publisher\":{\"@id\":\"https:\\\/\\\/elinformativotam.com\\\/#organization\"},\"potentialAction\":[{\"@type\":\"SearchAction\",\"target\":{\"@type\":\"EntryPoint\",\"urlTemplate\":\"https:\\\/\\\/elinformativotam.com\\\/?s={search_term_string}\"},\"query-input\":{\"@type\":\"PropertyValueSpecification\",\"valueRequired\":true,\"valueName\":\"search_term_string\"}}],\"inLanguage\":\"es\"},{\"@type\":\"Organization\",\"@id\":\"https:\\\/\\\/elinformativotam.com\\\/#organization\",\"name\":\"EL INFORMATIVO DE TAMAULIPAS\",\"url\":\"https:\\\/\\\/elinformativotam.com\\\/\",\"logo\":{\"@type\":\"ImageObject\",\"inLanguage\":\"es\",\"@id\":\"https:\\\/\\\/elinformativotam.com\\\/#\\\/schema\\\/logo\\\/image\\\/\",\"url\":\"https:\\\/\\\/elinformativotam.com\\\/wp-content\\\/uploads\\\/2026\\\/02\\\/Cabezal.png\",\"contentUrl\":\"https:\\\/\\\/elinformativotam.com\\\/wp-content\\\/uploads\\\/2026\\\/02\\\/Cabezal.png\",\"width\":960,\"height\":640,\"caption\":\"EL INFORMATIVO DE TAMAULIPAS\"},\"image\":{\"@id\":\"https:\\\/\\\/elinformativotam.com\\\/#\\\/schema\\\/logo\\\/image\\\/\"}},{\"@type\":\"Person\",\"@id\":\"https:\\\/\\\/elinformativotam.com\\\/#\\\/schema\\\/person\\\/78e08040eed0f6110f0c5f83b6153590\",\"name\":\"El Informativo Tam\",\"image\":{\"@type\":\"ImageObject\",\"inLanguage\":\"es\",\"@id\":\"https:\\\/\\\/secure.gravatar.com\\\/avatar\\\/f3b7ad3af540688955925ac610647be00b0cf41feea9c4978b73a707ee86bc53?s=96&d=mm&r=g\",\"url\":\"https:\\\/\\\/secure.gravatar.com\\\/avatar\\\/f3b7ad3af540688955925ac610647be00b0cf41feea9c4978b73a707ee86bc53?s=96&d=mm&r=g\",\"contentUrl\":\"https:\\\/\\\/secure.gravatar.com\\\/avatar\\\/f3b7ad3af540688955925ac610647be00b0cf41feea9c4978b73a707ee86bc53?s=96&d=mm&r=g\",\"caption\":\"El Informativo Tam\"}}]}<\/script>\n<!-- \/ Yoast SEO plugin. -->","yoast_head_json":{"title":"CANDIDATA DEL PT AL SENADO, ANALIZA INTERPONER DENUNCIA POR DIFUSI\u00d3N DE FOTOS FALSAS. - EL INFORMATIVO DE TAMAULIPAS","description":"Cd. Madero, Tamaulipas.- Tras sostener una reuni\u00f3n con los integrantes del Consejo Empresarial de Madero, la candidata al Senado de la Rep\u00fablica por el","robots":{"index":"index","follow":"follow","max-snippet":"max-snippet:-1","max-image-preview":"max-image-preview:large","max-video-preview":"max-video-preview:-1"},"canonical":"https:\/\/elinformativotam.com\/index.php\/2024\/04\/11\/candidata-del-pt-al-senado-analiza-interponer-denuncia-por-difusion-de-fotos-falsas\/","og_locale":"es_MX","og_type":"article","og_title":"CANDIDATA DEL PT AL SENADO, ANALIZA INTERPONER DENUNCIA POR DIFUSI\u00d3N DE FOTOS FALSAS. - EL INFORMATIVO DE TAMAULIPAS","og_description":"Cd. Madero, Tamaulipas.- Tras sostener una reuni\u00f3n con los integrantes del Consejo Empresarial de Madero, la candidata al Senado de la Rep\u00fablica por el","og_url":"https:\/\/elinformativotam.com\/index.php\/2024\/04\/11\/candidata-del-pt-al-senado-analiza-interponer-denuncia-por-difusion-de-fotos-falsas\/","og_site_name":"EL INFORMATIVO DE TAMAULIPAS","article_published_time":"2024-04-12T02:44:43+00:00","og_image":[{"width":1600,"height":1200,"url":"https:\/\/elinformativotam.com\/wp-content\/uploads\/2024\/04\/Cendy.jpeg","type":"image\/jpeg"}],"author":"El Informativo Tam","twitter_card":"summary_large_image","twitter_misc":{"Escrito por":"El Informativo Tam","Tiempo de lectura":"2 minutos"},"schema":{"@context":"https:\/\/schema.org","@graph":[{"@type":"Article","@id":"https:\/\/elinformativotam.com\/index.php\/2024\/04\/11\/candidata-del-pt-al-senado-analiza-interponer-denuncia-por-difusion-de-fotos-falsas\/#article","isPartOf":{"@id":"https:\/\/elinformativotam.com\/index.php\/2024\/04\/11\/candidata-del-pt-al-senado-analiza-interponer-denuncia-por-difusion-de-fotos-falsas\/"},"author":{"name":"El Informativo Tam","@id":"https:\/\/elinformativotam.com\/#\/schema\/person\/78e08040eed0f6110f0c5f83b6153590"},"headline":"CANDIDATA DEL PT AL SENADO, ANALIZA INTERPONER DENUNCIA POR DIFUSI\u00d3N DE FOTOS FALSAS.","datePublished":"2024-04-12T02:44:43+00:00","mainEntityOfPage":{"@id":"https:\/\/elinformativotam.com\/index.php\/2024\/04\/11\/candidata-del-pt-al-senado-analiza-interponer-denuncia-por-difusion-de-fotos-falsas\/"},"wordCount":289,"commentCount":0,"publisher":{"@id":"https:\/\/elinformativotam.com\/#organization"},"image":{"@id":"https:\/\/elinformativotam.com\/index.php\/2024\/04\/11\/candidata-del-pt-al-senado-analiza-interponer-denuncia-por-difusion-de-fotos-falsas\/#primaryimage"},"thumbnailUrl":"https:\/\/elinformativotam.com\/wp-content\/uploads\/2024\/04\/Cendy.jpeg","articleSection":["Cd Madero"],"inLanguage":"es","potentialAction":[{"@type":"CommentAction","name":"Comment","target":["https:\/\/elinformativotam.com\/index.php\/2024\/04\/11\/candidata-del-pt-al-senado-analiza-interponer-denuncia-por-difusion-de-fotos-falsas\/#respond"]}]},{"@type":"WebPage","@id":"https:\/\/elinformativotam.com\/index.php\/2024\/04\/11\/candidata-del-pt-al-senado-analiza-interponer-denuncia-por-difusion-de-fotos-falsas\/","url":"https:\/\/elinformativotam.com\/index.php\/2024\/04\/11\/candidata-del-pt-al-senado-analiza-interponer-denuncia-por-difusion-de-fotos-falsas\/","name":"CANDIDATA DEL PT AL SENADO, ANALIZA INTERPONER DENUNCIA POR DIFUSI\u00d3N DE FOTOS FALSAS. - EL INFORMATIVO DE TAMAULIPAS","isPartOf":{"@id":"https:\/\/elinformativotam.com\/#website"},"primaryImageOfPage":{"@id":"https:\/\/elinformativotam.com\/index.php\/2024\/04\/11\/candidata-del-pt-al-senado-analiza-interponer-denuncia-por-difusion-de-fotos-falsas\/#primaryimage"},"image":{"@id":"https:\/\/elinformativotam.com\/index.php\/2024\/04\/11\/candidata-del-pt-al-senado-analiza-interponer-denuncia-por-difusion-de-fotos-falsas\/#primaryimage"},"thumbnailUrl":"https:\/\/elinformativotam.com\/wp-content\/uploads\/2024\/04\/Cendy.jpeg","datePublished":"2024-04-12T02:44:43+00:00","description":"Cd. Madero, Tamaulipas.- Tras sostener una reuni\u00f3n con los integrantes del Consejo Empresarial de Madero, la candidata al Senado de la Rep\u00fablica por el","inLanguage":"es","potentialAction":[{"@type":"ReadAction","target":["https:\/\/elinformativotam.com\/index.php\/2024\/04\/11\/candidata-del-pt-al-senado-analiza-interponer-denuncia-por-difusion-de-fotos-falsas\/"]}]},{"@type":"ImageObject","inLanguage":"es","@id":"https:\/\/elinformativotam.com\/index.php\/2024\/04\/11\/candidata-del-pt-al-senado-analiza-interponer-denuncia-por-difusion-de-fotos-falsas\/#primaryimage","url":"https:\/\/elinformativotam.com\/wp-content\/uploads\/2024\/04\/Cendy.jpeg","contentUrl":"https:\/\/elinformativotam.com\/wp-content\/uploads\/2024\/04\/Cendy.jpeg","width":1600,"height":1200},{"@type":"WebSite","@id":"https:\/\/elinformativotam.com\/#website","url":"https:\/\/elinformativotam.com\/","name":"EL INFORMATIVO DE TAMAULIPAS","description":"Desde la Zona Metropolitana Para Todo M\u00e9xico","publisher":{"@id":"https:\/\/elinformativotam.com\/#organization"},"potentialAction":[{"@type":"SearchAction","target":{"@type":"EntryPoint","urlTemplate":"https:\/\/elinformativotam.com\/?s={search_term_string}"},"query-input":{"@type":"PropertyValueSpecification","valueRequired":true,"valueName":"search_term_string"}}],"inLanguage":"es"},{"@type":"Organization","@id":"https:\/\/elinformativotam.com\/#organization","name":"EL INFORMATIVO DE TAMAULIPAS","url":"https:\/\/elinformativotam.com\/","logo":{"@type":"ImageObject","inLanguage":"es","@id":"https:\/\/elinformativotam.com\/#\/schema\/logo\/image\/","url":"https:\/\/elinformativotam.com\/wp-content\/uploads\/2026\/02\/Cabezal.png","contentUrl":"https:\/\/elinformativotam.com\/wp-content\/uploads\/2026\/02\/Cabezal.png","width":960,"height":640,"caption":"EL INFORMATIVO DE TAMAULIPAS"},"image":{"@id":"https:\/\/elinformativotam.com\/#\/schema\/logo\/image\/"}},{"@type":"Person","@id":"https:\/\/elinformativotam.com\/#\/schema\/person\/78e08040eed0f6110f0c5f83b6153590","name":"El Informativo Tam","image":{"@type":"ImageObject","inLanguage":"es","@id":"https:\/\/secure.gravatar.com\/avatar\/f3b7ad3af540688955925ac610647be00b0cf41feea9c4978b73a707ee86bc53?s=96&d=mm&r=g","url":"https:\/\/secure.gravatar.com\/avatar\/f3b7ad3af540688955925ac610647be00b0cf41feea9c4978b73a707ee86bc53?s=96&d=mm&r=g","contentUrl":"https:\/\/secure.gravatar.com\/avatar\/f3b7ad3af540688955925ac610647be00b0cf41feea9c4978b73a707ee86bc53?s=96&d=mm&r=g","caption":"El Informativo Tam"}}]}},"_links":{"self":[{"href":"https:\/\/elinformativotam.com\/index.php\/wp-json\/wp\/v2\/posts\/50226","targetHints":{"allow":["GET"]}}],"collection":[{"href":"https:\/\/elinformativotam.com\/index.php\/wp-json\/wp\/v2\/posts"}],"about":[{"href":"https:\/\/elinformativotam.com\/index.php\/wp-json\/wp\/v2\/types\/post"}],"author":[{"embeddable":true,"href":"https:\/\/elinformativotam.com\/index.php\/wp-json\/wp\/v2\/users\/1"}],"replies":[{"embeddable":true,"href":"https:\/\/elinformativotam.com\/index.php\/wp-json\/wp\/v2\/comments?post=50226"}],"version-history":[{"count":1,"href":"https:\/\/elinformativotam.com\/index.php\/wp-json\/wp\/v2\/posts\/50226\/revisions"}],"predecessor-version":[{"id":50227,"href":"https:\/\/elinformativotam.com\/index.php\/wp-json\/wp\/v2\/posts\/50226\/revisions\/50227"}],"wp:featuredmedia":[{"embeddable":true,"href":"https:\/\/elinformativotam.com\/index.php\/wp-json\/wp\/v2\/media\/50221"}],"wp:attachment":[{"href":"https:\/\/elinformativotam.com\/index.php\/wp-json\/wp\/v2\/media?parent=50226"}],"wp:term":[{"taxonomy":"category","embeddable":true,"href":"https:\/\/elinformativotam.com\/index.php\/wp-json\/wp\/v2\/categories?post=50226"},{"taxonomy":"post_tag","embeddable":true,"href":"https:\/\/elinformativotam.com\/index.php\/wp-json\/wp\/v2\/tags?post=50226"}],"curies":[{"name":"wp","href":"https:\/\/api.w.org\/{rel}","templated":true}]}}