{"id":50210,"date":"2024-04-11T20:24:42","date_gmt":"2024-04-12T02:24:42","guid":{"rendered":"https:\/\/elinformativotam.com\/?p=50210"},"modified":"2024-04-11T20:24:42","modified_gmt":"2024-04-12T02:24:42","slug":"se-quedara-el-kit-al-frente-de-transito-hasta-el-ultimo-dia-del-gobierno-porteno","status":"publish","type":"post","link":"https:\/\/elinformativotam.com\/index.php\/2024\/04\/11\/se-quedara-el-kit-al-frente-de-transito-hasta-el-ultimo-dia-del-gobierno-porteno\/","title":{"rendered":"SE QUEDAR\u00c1 &#8220;EL KIT&#8221; AL FRENTE DE TR\u00c1NSITO HASTA EL \u00daLTIMO D\u00cdA DEL GOBIERNO PORTE\u00d1O"},"content":{"rendered":"<h2 style=\"text-align: center;\"><em><span style=\"font-family: 'times new roman', times;\">*Advierte Que S\u00ed El Alcalde No Decide Otra Cosa, El Encargado De Despacho Seguir\u00e1 Hasta El \u00daltimo D\u00eda De Septiembre<\/span><\/em><\/h2>\n<p>&nbsp;<\/p>\n<p>&nbsp;<\/p>\n<p>El municipio de Tampico confirm\u00f3 que H\u00e9ctor Rodr\u00edguez Silva, qui\u00e9n desde Noviembre pasado se encuentra al frente de la Secretar\u00eda de Tr\u00e1nsito y Vialidad, terminar\u00e1 con su encomienda hasta el \u00faltimo d\u00eda de la administraci\u00f3n panista.<\/p>\n<p>&nbsp;<\/p>\n<p>Juli\u00e1n Aurelio Zorrilla Estrada, asesor jur\u00eddico del ayuntamiento, destac\u00f3 que &#8220;El Kit&#8221;,como se le conoce en el ambiente laboral en qu\u00e9 se desempe\u00f1a, ha hecho un positivo trabajo en la corporaci\u00f3n, ya que es un elemento que labora para esa \u00e1rea municipal desde hace mucho tiempo, y por ende conoce la operatividad de la dependencia vial.<\/p>\n<p>&nbsp;<\/p>\n<p>Explic\u00f3 que a cinco meses de que culmine el Trienio la operatividad de esa importante \u00e1rea del gobierno porte\u00f1o se ha manejado positivamente en t\u00e9rminos generales, por lo que no se contempla hacer m\u00e1s movimientos o cambios de titular.<\/p>\n<p>&nbsp;<\/p>\n<p>Manifest\u00f3 que ser\u00e1 en todo momento el alcalde quien decida s\u00ed Rodr\u00edguez es relevado del cargo y se nombra a un nuevo Secretario de Tr\u00e1nsito y Vialidad.<\/p>\n<p>&nbsp;<\/p>\n<p>&#8220;No habr\u00e1 mas contrataciones en esa \u00e1rea y particularmente en la titularidad, salvo que decida otra cosa la primera autoridad de la ciudad&#8221;, destac\u00f3<\/p>\n<p>&nbsp;<\/p>\n<p>Zorrilla, explic\u00f3 que en la pasada temporada vacacional de semana santa no hubo quejas hac\u00eda los elementos de tr\u00e1nsito, qui\u00e9nes se comportaron a la altura hacia el turismo.<\/p>\n<p>&nbsp;<\/p>\n<p>El abogado del municipio destac\u00f3 que pese a que ya culmin\u00f3 la temporada oficial de vacaciones, a\u00fan se puede observar a personas que pasean en los principales sitios tur\u00edsticos de la ciudad, lo que advierte que el vacacionista ya disfruta todo el a\u00f1o de los atractivos que ofrece el puerto.<\/p>\n<p>&nbsp;<\/p>\n<p>&nbsp;<\/p>\n","protected":false},"excerpt":{"rendered":"<p>*Advierte Que S\u00ed El Alcalde No Decide Otra Cosa, El Encargado De Despacho Seguir\u00e1 Hasta El \u00daltimo D\u00eda De Septiembre&hellip;<\/p>\n","protected":false},"author":1,"featured_media":47913,"comment_status":"open","ping_status":"open","sticky":false,"template":"","format":"standard","meta":{"footnotes":""},"categories":[3],"tags":[],"class_list":["post-50210","post","type-post","status-publish","format-standard","has-post-thumbnail","hentry","category-tampico"],"yoast_head":"<!-- This site is optimized with the Yoast SEO plugin v27.5 - https:\/\/yoast.com\/product\/yoast-seo-wordpress\/ -->\n<title>SE QUEDAR\u00c1 &quot;EL KIT&quot; AL FRENTE DE TR\u00c1NSITO HASTA EL \u00daLTIMO D\u00cdA DEL GOBIERNO PORTE\u00d1O - EL INFORMATIVO DE TAMAULIPAS<\/title>\n<meta name=\"description\" content=\"*Advierte Que S\u00ed El Alcalde No Decide Otra Cosa, El Encargado De Despacho Seguir\u00e1 Hasta El \u00daltimo D\u00eda De Septiembre &nbsp; &nbsp; El municipio de Tampico\" \/>\n<meta name=\"robots\" content=\"index, follow, max-snippet:-1, max-image-preview:large, max-video-preview:-1\" \/>\n<link rel=\"canonical\" href=\"https:\/\/elinformativotam.com\/index.php\/2024\/04\/11\/se-quedara-el-kit-al-frente-de-transito-hasta-el-ultimo-dia-del-gobierno-porteno\/\" \/>\n<meta property=\"og:locale\" content=\"es_MX\" \/>\n<meta property=\"og:type\" content=\"article\" \/>\n<meta property=\"og:title\" content=\"SE QUEDAR\u00c1 &quot;EL KIT&quot; AL FRENTE DE TR\u00c1NSITO HASTA EL \u00daLTIMO D\u00cdA DEL GOBIERNO PORTE\u00d1O - EL INFORMATIVO DE TAMAULIPAS\" \/>\n<meta property=\"og:description\" content=\"*Advierte Que S\u00ed El Alcalde No Decide Otra Cosa, El Encargado De Despacho Seguir\u00e1 Hasta El \u00daltimo D\u00eda De Septiembre &nbsp; &nbsp; El municipio de Tampico\" \/>\n<meta property=\"og:url\" content=\"https:\/\/elinformativotam.com\/index.php\/2024\/04\/11\/se-quedara-el-kit-al-frente-de-transito-hasta-el-ultimo-dia-del-gobierno-porteno\/\" \/>\n<meta property=\"og:site_name\" content=\"EL INFORMATIVO DE TAMAULIPAS\" \/>\n<meta property=\"article:published_time\" content=\"2024-04-12T02:24:42+00:00\" \/>\n<meta property=\"og:image\" content=\"https:\/\/elinformativotam.com\/wp-content\/uploads\/2024\/01\/Hector-rodriguez.jpeg\" \/>\n\t<meta property=\"og:image:width\" content=\"1600\" \/>\n\t<meta property=\"og:image:height\" content=\"1204\" \/>\n\t<meta property=\"og:image:type\" content=\"image\/jpeg\" \/>\n<meta name=\"author\" content=\"El Informativo Tam\" \/>\n<meta name=\"twitter:card\" content=\"summary_large_image\" \/>\n<meta name=\"twitter:label1\" content=\"Escrito por\" \/>\n\t<meta name=\"twitter:data1\" content=\"El Informativo Tam\" \/>\n\t<meta name=\"twitter:label2\" content=\"Tiempo de lectura\" \/>\n\t<meta name=\"twitter:data2\" content=\"2 minutos\" \/>\n<script type=\"application\/ld+json\" class=\"yoast-schema-graph\">{\"@context\":\"https:\\\/\\\/schema.org\",\"@graph\":[{\"@type\":\"Article\",\"@id\":\"https:\\\/\\\/elinformativotam.com\\\/index.php\\\/2024\\\/04\\\/11\\\/se-quedara-el-kit-al-frente-de-transito-hasta-el-ultimo-dia-del-gobierno-porteno\\\/#article\",\"isPartOf\":{\"@id\":\"https:\\\/\\\/elinformativotam.com\\\/index.php\\\/2024\\\/04\\\/11\\\/se-quedara-el-kit-al-frente-de-transito-hasta-el-ultimo-dia-del-gobierno-porteno\\\/\"},\"author\":{\"name\":\"El Informativo Tam\",\"@id\":\"https:\\\/\\\/elinformativotam.com\\\/#\\\/schema\\\/person\\\/78e08040eed0f6110f0c5f83b6153590\"},\"headline\":\"SE QUEDAR\u00c1 &#8220;EL KIT&#8221; AL FRENTE DE TR\u00c1NSITO HASTA EL \u00daLTIMO D\u00cdA DEL GOBIERNO PORTE\u00d1O\",\"datePublished\":\"2024-04-12T02:24:42+00:00\",\"mainEntityOfPage\":{\"@id\":\"https:\\\/\\\/elinformativotam.com\\\/index.php\\\/2024\\\/04\\\/11\\\/se-quedara-el-kit-al-frente-de-transito-hasta-el-ultimo-dia-del-gobierno-porteno\\\/\"},\"wordCount\":332,\"commentCount\":0,\"publisher\":{\"@id\":\"https:\\\/\\\/elinformativotam.com\\\/#organization\"},\"image\":{\"@id\":\"https:\\\/\\\/elinformativotam.com\\\/index.php\\\/2024\\\/04\\\/11\\\/se-quedara-el-kit-al-frente-de-transito-hasta-el-ultimo-dia-del-gobierno-porteno\\\/#primaryimage\"},\"thumbnailUrl\":\"https:\\\/\\\/elinformativotam.com\\\/wp-content\\\/uploads\\\/2024\\\/01\\\/Hector-rodriguez.jpeg\",\"articleSection\":[\"Tampico\"],\"inLanguage\":\"es\",\"potentialAction\":[{\"@type\":\"CommentAction\",\"name\":\"Comment\",\"target\":[\"https:\\\/\\\/elinformativotam.com\\\/index.php\\\/2024\\\/04\\\/11\\\/se-quedara-el-kit-al-frente-de-transito-hasta-el-ultimo-dia-del-gobierno-porteno\\\/#respond\"]}]},{\"@type\":\"WebPage\",\"@id\":\"https:\\\/\\\/elinformativotam.com\\\/index.php\\\/2024\\\/04\\\/11\\\/se-quedara-el-kit-al-frente-de-transito-hasta-el-ultimo-dia-del-gobierno-porteno\\\/\",\"url\":\"https:\\\/\\\/elinformativotam.com\\\/index.php\\\/2024\\\/04\\\/11\\\/se-quedara-el-kit-al-frente-de-transito-hasta-el-ultimo-dia-del-gobierno-porteno\\\/\",\"name\":\"SE QUEDAR\u00c1 \\\"EL KIT\\\" AL FRENTE DE TR\u00c1NSITO HASTA EL \u00daLTIMO D\u00cdA DEL GOBIERNO PORTE\u00d1O - EL INFORMATIVO DE TAMAULIPAS\",\"isPartOf\":{\"@id\":\"https:\\\/\\\/elinformativotam.com\\\/#website\"},\"primaryImageOfPage\":{\"@id\":\"https:\\\/\\\/elinformativotam.com\\\/index.php\\\/2024\\\/04\\\/11\\\/se-quedara-el-kit-al-frente-de-transito-hasta-el-ultimo-dia-del-gobierno-porteno\\\/#primaryimage\"},\"image\":{\"@id\":\"https:\\\/\\\/elinformativotam.com\\\/index.php\\\/2024\\\/04\\\/11\\\/se-quedara-el-kit-al-frente-de-transito-hasta-el-ultimo-dia-del-gobierno-porteno\\\/#primaryimage\"},\"thumbnailUrl\":\"https:\\\/\\\/elinformativotam.com\\\/wp-content\\\/uploads\\\/2024\\\/01\\\/Hector-rodriguez.jpeg\",\"datePublished\":\"2024-04-12T02:24:42+00:00\",\"description\":\"*Advierte Que S\u00ed El Alcalde No Decide Otra Cosa, El Encargado De Despacho Seguir\u00e1 Hasta El \u00daltimo D\u00eda De Septiembre &nbsp; &nbsp; El municipio de Tampico\",\"inLanguage\":\"es\",\"potentialAction\":[{\"@type\":\"ReadAction\",\"target\":[\"https:\\\/\\\/elinformativotam.com\\\/index.php\\\/2024\\\/04\\\/11\\\/se-quedara-el-kit-al-frente-de-transito-hasta-el-ultimo-dia-del-gobierno-porteno\\\/\"]}]},{\"@type\":\"ImageObject\",\"inLanguage\":\"es\",\"@id\":\"https:\\\/\\\/elinformativotam.com\\\/index.php\\\/2024\\\/04\\\/11\\\/se-quedara-el-kit-al-frente-de-transito-hasta-el-ultimo-dia-del-gobierno-porteno\\\/#primaryimage\",\"url\":\"https:\\\/\\\/elinformativotam.com\\\/wp-content\\\/uploads\\\/2024\\\/01\\\/Hector-rodriguez.jpeg\",\"contentUrl\":\"https:\\\/\\\/elinformativotam.com\\\/wp-content\\\/uploads\\\/2024\\\/01\\\/Hector-rodriguez.jpeg\",\"width\":1600,\"height\":1204},{\"@type\":\"WebSite\",\"@id\":\"https:\\\/\\\/elinformativotam.com\\\/#website\",\"url\":\"https:\\\/\\\/elinformativotam.com\\\/\",\"name\":\"EL INFORMATIVO DE TAMAULIPAS\",\"description\":\"Desde la Zona Metropolitana Para Todo M\u00e9xico\",\"publisher\":{\"@id\":\"https:\\\/\\\/elinformativotam.com\\\/#organization\"},\"potentialAction\":[{\"@type\":\"SearchAction\",\"target\":{\"@type\":\"EntryPoint\",\"urlTemplate\":\"https:\\\/\\\/elinformativotam.com\\\/?s={search_term_string}\"},\"query-input\":{\"@type\":\"PropertyValueSpecification\",\"valueRequired\":true,\"valueName\":\"search_term_string\"}}],\"inLanguage\":\"es\"},{\"@type\":\"Organization\",\"@id\":\"https:\\\/\\\/elinformativotam.com\\\/#organization\",\"name\":\"EL INFORMATIVO DE TAMAULIPAS\",\"url\":\"https:\\\/\\\/elinformativotam.com\\\/\",\"logo\":{\"@type\":\"ImageObject\",\"inLanguage\":\"es\",\"@id\":\"https:\\\/\\\/elinformativotam.com\\\/#\\\/schema\\\/logo\\\/image\\\/\",\"url\":\"https:\\\/\\\/elinformativotam.com\\\/wp-content\\\/uploads\\\/2026\\\/02\\\/Cabezal.png\",\"contentUrl\":\"https:\\\/\\\/elinformativotam.com\\\/wp-content\\\/uploads\\\/2026\\\/02\\\/Cabezal.png\",\"width\":960,\"height\":640,\"caption\":\"EL INFORMATIVO DE TAMAULIPAS\"},\"image\":{\"@id\":\"https:\\\/\\\/elinformativotam.com\\\/#\\\/schema\\\/logo\\\/image\\\/\"}},{\"@type\":\"Person\",\"@id\":\"https:\\\/\\\/elinformativotam.com\\\/#\\\/schema\\\/person\\\/78e08040eed0f6110f0c5f83b6153590\",\"name\":\"El Informativo Tam\",\"image\":{\"@type\":\"ImageObject\",\"inLanguage\":\"es\",\"@id\":\"https:\\\/\\\/secure.gravatar.com\\\/avatar\\\/f3b7ad3af540688955925ac610647be00b0cf41feea9c4978b73a707ee86bc53?s=96&d=mm&r=g\",\"url\":\"https:\\\/\\\/secure.gravatar.com\\\/avatar\\\/f3b7ad3af540688955925ac610647be00b0cf41feea9c4978b73a707ee86bc53?s=96&d=mm&r=g\",\"contentUrl\":\"https:\\\/\\\/secure.gravatar.com\\\/avatar\\\/f3b7ad3af540688955925ac610647be00b0cf41feea9c4978b73a707ee86bc53?s=96&d=mm&r=g\",\"caption\":\"El Informativo Tam\"}}]}<\/script>\n<!-- \/ Yoast SEO plugin. -->","yoast_head_json":{"title":"SE QUEDAR\u00c1 \"EL KIT\" AL FRENTE DE TR\u00c1NSITO HASTA EL \u00daLTIMO D\u00cdA DEL GOBIERNO PORTE\u00d1O - EL INFORMATIVO DE TAMAULIPAS","description":"*Advierte Que S\u00ed El Alcalde No Decide Otra Cosa, El Encargado De Despacho Seguir\u00e1 Hasta El \u00daltimo D\u00eda De Septiembre &nbsp; &nbsp; El municipio de Tampico","robots":{"index":"index","follow":"follow","max-snippet":"max-snippet:-1","max-image-preview":"max-image-preview:large","max-video-preview":"max-video-preview:-1"},"canonical":"https:\/\/elinformativotam.com\/index.php\/2024\/04\/11\/se-quedara-el-kit-al-frente-de-transito-hasta-el-ultimo-dia-del-gobierno-porteno\/","og_locale":"es_MX","og_type":"article","og_title":"SE QUEDAR\u00c1 \"EL KIT\" AL FRENTE DE TR\u00c1NSITO HASTA EL \u00daLTIMO D\u00cdA DEL GOBIERNO PORTE\u00d1O - EL INFORMATIVO DE TAMAULIPAS","og_description":"*Advierte Que S\u00ed El Alcalde No Decide Otra Cosa, El Encargado De Despacho Seguir\u00e1 Hasta El \u00daltimo D\u00eda De Septiembre &nbsp; &nbsp; El municipio de Tampico","og_url":"https:\/\/elinformativotam.com\/index.php\/2024\/04\/11\/se-quedara-el-kit-al-frente-de-transito-hasta-el-ultimo-dia-del-gobierno-porteno\/","og_site_name":"EL INFORMATIVO DE TAMAULIPAS","article_published_time":"2024-04-12T02:24:42+00:00","og_image":[{"width":1600,"height":1204,"url":"https:\/\/elinformativotam.com\/wp-content\/uploads\/2024\/01\/Hector-rodriguez.jpeg","type":"image\/jpeg"}],"author":"El Informativo Tam","twitter_card":"summary_large_image","twitter_misc":{"Escrito por":"El Informativo Tam","Tiempo de lectura":"2 minutos"},"schema":{"@context":"https:\/\/schema.org","@graph":[{"@type":"Article","@id":"https:\/\/elinformativotam.com\/index.php\/2024\/04\/11\/se-quedara-el-kit-al-frente-de-transito-hasta-el-ultimo-dia-del-gobierno-porteno\/#article","isPartOf":{"@id":"https:\/\/elinformativotam.com\/index.php\/2024\/04\/11\/se-quedara-el-kit-al-frente-de-transito-hasta-el-ultimo-dia-del-gobierno-porteno\/"},"author":{"name":"El Informativo Tam","@id":"https:\/\/elinformativotam.com\/#\/schema\/person\/78e08040eed0f6110f0c5f83b6153590"},"headline":"SE QUEDAR\u00c1 &#8220;EL KIT&#8221; AL FRENTE DE TR\u00c1NSITO HASTA EL \u00daLTIMO D\u00cdA DEL GOBIERNO PORTE\u00d1O","datePublished":"2024-04-12T02:24:42+00:00","mainEntityOfPage":{"@id":"https:\/\/elinformativotam.com\/index.php\/2024\/04\/11\/se-quedara-el-kit-al-frente-de-transito-hasta-el-ultimo-dia-del-gobierno-porteno\/"},"wordCount":332,"commentCount":0,"publisher":{"@id":"https:\/\/elinformativotam.com\/#organization"},"image":{"@id":"https:\/\/elinformativotam.com\/index.php\/2024\/04\/11\/se-quedara-el-kit-al-frente-de-transito-hasta-el-ultimo-dia-del-gobierno-porteno\/#primaryimage"},"thumbnailUrl":"https:\/\/elinformativotam.com\/wp-content\/uploads\/2024\/01\/Hector-rodriguez.jpeg","articleSection":["Tampico"],"inLanguage":"es","potentialAction":[{"@type":"CommentAction","name":"Comment","target":["https:\/\/elinformativotam.com\/index.php\/2024\/04\/11\/se-quedara-el-kit-al-frente-de-transito-hasta-el-ultimo-dia-del-gobierno-porteno\/#respond"]}]},{"@type":"WebPage","@id":"https:\/\/elinformativotam.com\/index.php\/2024\/04\/11\/se-quedara-el-kit-al-frente-de-transito-hasta-el-ultimo-dia-del-gobierno-porteno\/","url":"https:\/\/elinformativotam.com\/index.php\/2024\/04\/11\/se-quedara-el-kit-al-frente-de-transito-hasta-el-ultimo-dia-del-gobierno-porteno\/","name":"SE QUEDAR\u00c1 \"EL KIT\" AL FRENTE DE TR\u00c1NSITO HASTA EL \u00daLTIMO D\u00cdA DEL GOBIERNO PORTE\u00d1O - EL INFORMATIVO DE TAMAULIPAS","isPartOf":{"@id":"https:\/\/elinformativotam.com\/#website"},"primaryImageOfPage":{"@id":"https:\/\/elinformativotam.com\/index.php\/2024\/04\/11\/se-quedara-el-kit-al-frente-de-transito-hasta-el-ultimo-dia-del-gobierno-porteno\/#primaryimage"},"image":{"@id":"https:\/\/elinformativotam.com\/index.php\/2024\/04\/11\/se-quedara-el-kit-al-frente-de-transito-hasta-el-ultimo-dia-del-gobierno-porteno\/#primaryimage"},"thumbnailUrl":"https:\/\/elinformativotam.com\/wp-content\/uploads\/2024\/01\/Hector-rodriguez.jpeg","datePublished":"2024-04-12T02:24:42+00:00","description":"*Advierte Que S\u00ed El Alcalde No Decide Otra Cosa, El Encargado De Despacho Seguir\u00e1 Hasta El \u00daltimo D\u00eda De Septiembre &nbsp; &nbsp; El municipio de Tampico","inLanguage":"es","potentialAction":[{"@type":"ReadAction","target":["https:\/\/elinformativotam.com\/index.php\/2024\/04\/11\/se-quedara-el-kit-al-frente-de-transito-hasta-el-ultimo-dia-del-gobierno-porteno\/"]}]},{"@type":"ImageObject","inLanguage":"es","@id":"https:\/\/elinformativotam.com\/index.php\/2024\/04\/11\/se-quedara-el-kit-al-frente-de-transito-hasta-el-ultimo-dia-del-gobierno-porteno\/#primaryimage","url":"https:\/\/elinformativotam.com\/wp-content\/uploads\/2024\/01\/Hector-rodriguez.jpeg","contentUrl":"https:\/\/elinformativotam.com\/wp-content\/uploads\/2024\/01\/Hector-rodriguez.jpeg","width":1600,"height":1204},{"@type":"WebSite","@id":"https:\/\/elinformativotam.com\/#website","url":"https:\/\/elinformativotam.com\/","name":"EL INFORMATIVO DE TAMAULIPAS","description":"Desde la Zona Metropolitana Para Todo M\u00e9xico","publisher":{"@id":"https:\/\/elinformativotam.com\/#organization"},"potentialAction":[{"@type":"SearchAction","target":{"@type":"EntryPoint","urlTemplate":"https:\/\/elinformativotam.com\/?s={search_term_string}"},"query-input":{"@type":"PropertyValueSpecification","valueRequired":true,"valueName":"search_term_string"}}],"inLanguage":"es"},{"@type":"Organization","@id":"https:\/\/elinformativotam.com\/#organization","name":"EL INFORMATIVO DE TAMAULIPAS","url":"https:\/\/elinformativotam.com\/","logo":{"@type":"ImageObject","inLanguage":"es","@id":"https:\/\/elinformativotam.com\/#\/schema\/logo\/image\/","url":"https:\/\/elinformativotam.com\/wp-content\/uploads\/2026\/02\/Cabezal.png","contentUrl":"https:\/\/elinformativotam.com\/wp-content\/uploads\/2026\/02\/Cabezal.png","width":960,"height":640,"caption":"EL INFORMATIVO DE TAMAULIPAS"},"image":{"@id":"https:\/\/elinformativotam.com\/#\/schema\/logo\/image\/"}},{"@type":"Person","@id":"https:\/\/elinformativotam.com\/#\/schema\/person\/78e08040eed0f6110f0c5f83b6153590","name":"El Informativo Tam","image":{"@type":"ImageObject","inLanguage":"es","@id":"https:\/\/secure.gravatar.com\/avatar\/f3b7ad3af540688955925ac610647be00b0cf41feea9c4978b73a707ee86bc53?s=96&d=mm&r=g","url":"https:\/\/secure.gravatar.com\/avatar\/f3b7ad3af540688955925ac610647be00b0cf41feea9c4978b73a707ee86bc53?s=96&d=mm&r=g","contentUrl":"https:\/\/secure.gravatar.com\/avatar\/f3b7ad3af540688955925ac610647be00b0cf41feea9c4978b73a707ee86bc53?s=96&d=mm&r=g","caption":"El Informativo Tam"}}]}},"_links":{"self":[{"href":"https:\/\/elinformativotam.com\/index.php\/wp-json\/wp\/v2\/posts\/50210","targetHints":{"allow":["GET"]}}],"collection":[{"href":"https:\/\/elinformativotam.com\/index.php\/wp-json\/wp\/v2\/posts"}],"about":[{"href":"https:\/\/elinformativotam.com\/index.php\/wp-json\/wp\/v2\/types\/post"}],"author":[{"embeddable":true,"href":"https:\/\/elinformativotam.com\/index.php\/wp-json\/wp\/v2\/users\/1"}],"replies":[{"embeddable":true,"href":"https:\/\/elinformativotam.com\/index.php\/wp-json\/wp\/v2\/comments?post=50210"}],"version-history":[{"count":1,"href":"https:\/\/elinformativotam.com\/index.php\/wp-json\/wp\/v2\/posts\/50210\/revisions"}],"predecessor-version":[{"id":50211,"href":"https:\/\/elinformativotam.com\/index.php\/wp-json\/wp\/v2\/posts\/50210\/revisions\/50211"}],"wp:featuredmedia":[{"embeddable":true,"href":"https:\/\/elinformativotam.com\/index.php\/wp-json\/wp\/v2\/media\/47913"}],"wp:attachment":[{"href":"https:\/\/elinformativotam.com\/index.php\/wp-json\/wp\/v2\/media?parent=50210"}],"wp:term":[{"taxonomy":"category","embeddable":true,"href":"https:\/\/elinformativotam.com\/index.php\/wp-json\/wp\/v2\/categories?post=50210"},{"taxonomy":"post_tag","embeddable":true,"href":"https:\/\/elinformativotam.com\/index.php\/wp-json\/wp\/v2\/tags?post=50210"}],"curies":[{"name":"wp","href":"https:\/\/api.w.org\/{rel}","templated":true}]}}