{"id":50205,"date":"2024-04-11T09:39:09","date_gmt":"2024-04-11T15:39:09","guid":{"rendered":"https:\/\/elinformativotam.com\/?p=50205"},"modified":"2024-04-11T09:39:09","modified_gmt":"2024-04-11T15:39:09","slug":"lleva-olga-sosa-mensaje-de-esperanza-a-familias-de-ciudad-victoria","status":"publish","type":"post","link":"https:\/\/elinformativotam.com\/index.php\/2024\/04\/11\/lleva-olga-sosa-mensaje-de-esperanza-a-familias-de-ciudad-victoria\/","title":{"rendered":"LLEVA OLGA SOSA MENSAJE DE ESPERANZA A FAMILIAS DE CIUDAD VICTORIA"},"content":{"rendered":"<p>*Morena Encabeza Las Preferencias Electorales Al Senado De La Rep\u00fablica.<\/p>\n<p>&nbsp;<\/p>\n<p>Ciudad Victoria.- Con la confianza de encabezar la f\u00f3rmula morenista que tiene la m\u00e1s amplia preferencia ciudadana para ganar las elecciones el pr\u00f3ximo 2 de junio, la candidata Olga Sosa Ru\u00edz recorri\u00f3 con un amplio contingente, las calles de la Colonia Azteca en la capital del estado, contando con el respaldo ciudadano y la convicci\u00f3n de fortalecer a la Cuarta Transformaci\u00f3n.<\/p>\n<p>&nbsp;<\/p>\n<p>Tras encabezar una jornada de actividades proselitistas en Ciudad Victoria, Olga Sosa Ru\u00edz, se dirigi\u00f3 a este populoso sector para caminar de la mano de cientos de personas que hicieron de esta actividad proselitista, una fiesta ciudadana invadiendo las calles con algarab\u00eda, gritando con porras y vivas el inminente triunfo de Morena el pr\u00f3ximo 2 de junio.<\/p>\n<p>&nbsp;<\/p>\n<p>&#8220;Gracias a todas y todos los que hoy nos est\u00e1n acompa\u00f1ando y recorriendo estas calles llevando el mensaje de esperanza y las propuestas de la doctora Claudia Sheinbaum, porque con esto fortalecemos el prop\u00f3sito de obtener la mayor\u00eda calificada y hacer una realidad el proyecto de naci\u00f3n que encabeza la doctora&#8221;.<\/p>\n<p>&nbsp;<\/p>\n<p>Casa por casa, Olga Sosa platic\u00f3 de frente con madres de familia, estudiantes y adultos mayores, con los que comparti\u00f3 las propuestas de bienestar que son la esencia del humanismo mexicano, para el bienestar de las familias y que desde el senado tendr\u00e1n el total respaldo de Olga Sosa y de JR G\u00f3mez Leal, porque con esta f\u00f3rmula morenista las y los tamaulipecos tendr\u00e1n voz en el Senado.<\/p>\n","protected":false},"excerpt":{"rendered":"<p>*Morena Encabeza Las Preferencias Electorales Al Senado De La Rep\u00fablica. &nbsp; Ciudad Victoria.- Con la confianza de encabezar la f\u00f3rmula&hellip;<\/p>\n","protected":false},"author":1,"featured_media":50206,"comment_status":"open","ping_status":"open","sticky":false,"template":"","format":"standard","meta":{"footnotes":""},"categories":[6],"tags":[],"class_list":["post-50205","post","type-post","status-publish","format-standard","has-post-thumbnail","hentry","category-tamaulipas"],"yoast_head":"<!-- This site is optimized with the Yoast SEO plugin v27.5 - https:\/\/yoast.com\/product\/yoast-seo-wordpress\/ -->\n<title>LLEVA OLGA SOSA MENSAJE DE ESPERANZA A FAMILIAS DE CIUDAD VICTORIA - EL INFORMATIVO DE TAMAULIPAS<\/title>\n<meta name=\"description\" content=\"*Morena Encabeza Las Preferencias Electorales Al Senado De La Rep\u00fablica. &nbsp; Ciudad Victoria.- Con la confianza de encabezar la f\u00f3rmula morenista que\" \/>\n<meta name=\"robots\" content=\"index, follow, max-snippet:-1, max-image-preview:large, max-video-preview:-1\" \/>\n<link rel=\"canonical\" href=\"https:\/\/elinformativotam.com\/index.php\/2024\/04\/11\/lleva-olga-sosa-mensaje-de-esperanza-a-familias-de-ciudad-victoria\/\" \/>\n<meta property=\"og:locale\" content=\"es_MX\" \/>\n<meta property=\"og:type\" content=\"article\" \/>\n<meta property=\"og:title\" content=\"LLEVA OLGA SOSA MENSAJE DE ESPERANZA A FAMILIAS DE CIUDAD VICTORIA - EL INFORMATIVO DE TAMAULIPAS\" \/>\n<meta property=\"og:description\" content=\"*Morena Encabeza Las Preferencias Electorales Al Senado De La Rep\u00fablica. &nbsp; Ciudad Victoria.- Con la confianza de encabezar la f\u00f3rmula morenista que\" \/>\n<meta property=\"og:url\" content=\"https:\/\/elinformativotam.com\/index.php\/2024\/04\/11\/lleva-olga-sosa-mensaje-de-esperanza-a-familias-de-ciudad-victoria\/\" \/>\n<meta property=\"og:site_name\" content=\"EL INFORMATIVO DE TAMAULIPAS\" \/>\n<meta property=\"article:published_time\" content=\"2024-04-11T15:39:09+00:00\" \/>\n<meta property=\"og:image\" content=\"https:\/\/elinformativotam.com\/wp-content\/uploads\/2024\/04\/Mensaje.jpeg\" \/>\n\t<meta property=\"og:image:width\" content=\"1280\" \/>\n\t<meta property=\"og:image:height\" content=\"853\" \/>\n\t<meta property=\"og:image:type\" content=\"image\/jpeg\" \/>\n<meta name=\"author\" content=\"El Informativo Tam\" \/>\n<meta name=\"twitter:card\" content=\"summary_large_image\" \/>\n<meta name=\"twitter:label1\" content=\"Escrito por\" \/>\n\t<meta name=\"twitter:data1\" content=\"El Informativo Tam\" \/>\n\t<meta name=\"twitter:label2\" content=\"Tiempo de lectura\" \/>\n\t<meta name=\"twitter:data2\" content=\"1 minuto\" \/>\n<script type=\"application\/ld+json\" class=\"yoast-schema-graph\">{\"@context\":\"https:\\\/\\\/schema.org\",\"@graph\":[{\"@type\":\"Article\",\"@id\":\"https:\\\/\\\/elinformativotam.com\\\/index.php\\\/2024\\\/04\\\/11\\\/lleva-olga-sosa-mensaje-de-esperanza-a-familias-de-ciudad-victoria\\\/#article\",\"isPartOf\":{\"@id\":\"https:\\\/\\\/elinformativotam.com\\\/index.php\\\/2024\\\/04\\\/11\\\/lleva-olga-sosa-mensaje-de-esperanza-a-familias-de-ciudad-victoria\\\/\"},\"author\":{\"name\":\"El Informativo Tam\",\"@id\":\"https:\\\/\\\/elinformativotam.com\\\/#\\\/schema\\\/person\\\/78e08040eed0f6110f0c5f83b6153590\"},\"headline\":\"LLEVA OLGA SOSA MENSAJE DE ESPERANZA A FAMILIAS DE CIUDAD VICTORIA\",\"datePublished\":\"2024-04-11T15:39:09+00:00\",\"mainEntityOfPage\":{\"@id\":\"https:\\\/\\\/elinformativotam.com\\\/index.php\\\/2024\\\/04\\\/11\\\/lleva-olga-sosa-mensaje-de-esperanza-a-familias-de-ciudad-victoria\\\/\"},\"wordCount\":280,\"commentCount\":0,\"publisher\":{\"@id\":\"https:\\\/\\\/elinformativotam.com\\\/#organization\"},\"image\":{\"@id\":\"https:\\\/\\\/elinformativotam.com\\\/index.php\\\/2024\\\/04\\\/11\\\/lleva-olga-sosa-mensaje-de-esperanza-a-familias-de-ciudad-victoria\\\/#primaryimage\"},\"thumbnailUrl\":\"https:\\\/\\\/elinformativotam.com\\\/wp-content\\\/uploads\\\/2024\\\/04\\\/Mensaje.jpeg\",\"articleSection\":[\"Tamaulipas\"],\"inLanguage\":\"es\",\"potentialAction\":[{\"@type\":\"CommentAction\",\"name\":\"Comment\",\"target\":[\"https:\\\/\\\/elinformativotam.com\\\/index.php\\\/2024\\\/04\\\/11\\\/lleva-olga-sosa-mensaje-de-esperanza-a-familias-de-ciudad-victoria\\\/#respond\"]}]},{\"@type\":\"WebPage\",\"@id\":\"https:\\\/\\\/elinformativotam.com\\\/index.php\\\/2024\\\/04\\\/11\\\/lleva-olga-sosa-mensaje-de-esperanza-a-familias-de-ciudad-victoria\\\/\",\"url\":\"https:\\\/\\\/elinformativotam.com\\\/index.php\\\/2024\\\/04\\\/11\\\/lleva-olga-sosa-mensaje-de-esperanza-a-familias-de-ciudad-victoria\\\/\",\"name\":\"LLEVA OLGA SOSA MENSAJE DE ESPERANZA A FAMILIAS DE CIUDAD VICTORIA - EL INFORMATIVO DE TAMAULIPAS\",\"isPartOf\":{\"@id\":\"https:\\\/\\\/elinformativotam.com\\\/#website\"},\"primaryImageOfPage\":{\"@id\":\"https:\\\/\\\/elinformativotam.com\\\/index.php\\\/2024\\\/04\\\/11\\\/lleva-olga-sosa-mensaje-de-esperanza-a-familias-de-ciudad-victoria\\\/#primaryimage\"},\"image\":{\"@id\":\"https:\\\/\\\/elinformativotam.com\\\/index.php\\\/2024\\\/04\\\/11\\\/lleva-olga-sosa-mensaje-de-esperanza-a-familias-de-ciudad-victoria\\\/#primaryimage\"},\"thumbnailUrl\":\"https:\\\/\\\/elinformativotam.com\\\/wp-content\\\/uploads\\\/2024\\\/04\\\/Mensaje.jpeg\",\"datePublished\":\"2024-04-11T15:39:09+00:00\",\"description\":\"*Morena Encabeza Las Preferencias Electorales Al Senado De La Rep\u00fablica. &nbsp; Ciudad Victoria.- Con la confianza de encabezar la f\u00f3rmula morenista que\",\"inLanguage\":\"es\",\"potentialAction\":[{\"@type\":\"ReadAction\",\"target\":[\"https:\\\/\\\/elinformativotam.com\\\/index.php\\\/2024\\\/04\\\/11\\\/lleva-olga-sosa-mensaje-de-esperanza-a-familias-de-ciudad-victoria\\\/\"]}]},{\"@type\":\"ImageObject\",\"inLanguage\":\"es\",\"@id\":\"https:\\\/\\\/elinformativotam.com\\\/index.php\\\/2024\\\/04\\\/11\\\/lleva-olga-sosa-mensaje-de-esperanza-a-familias-de-ciudad-victoria\\\/#primaryimage\",\"url\":\"https:\\\/\\\/elinformativotam.com\\\/wp-content\\\/uploads\\\/2024\\\/04\\\/Mensaje.jpeg\",\"contentUrl\":\"https:\\\/\\\/elinformativotam.com\\\/wp-content\\\/uploads\\\/2024\\\/04\\\/Mensaje.jpeg\",\"width\":1280,\"height\":853},{\"@type\":\"WebSite\",\"@id\":\"https:\\\/\\\/elinformativotam.com\\\/#website\",\"url\":\"https:\\\/\\\/elinformativotam.com\\\/\",\"name\":\"EL INFORMATIVO DE TAMAULIPAS\",\"description\":\"Desde la Zona Metropolitana Para Todo M\u00e9xico\",\"publisher\":{\"@id\":\"https:\\\/\\\/elinformativotam.com\\\/#organization\"},\"potentialAction\":[{\"@type\":\"SearchAction\",\"target\":{\"@type\":\"EntryPoint\",\"urlTemplate\":\"https:\\\/\\\/elinformativotam.com\\\/?s={search_term_string}\"},\"query-input\":{\"@type\":\"PropertyValueSpecification\",\"valueRequired\":true,\"valueName\":\"search_term_string\"}}],\"inLanguage\":\"es\"},{\"@type\":\"Organization\",\"@id\":\"https:\\\/\\\/elinformativotam.com\\\/#organization\",\"name\":\"EL INFORMATIVO DE TAMAULIPAS\",\"url\":\"https:\\\/\\\/elinformativotam.com\\\/\",\"logo\":{\"@type\":\"ImageObject\",\"inLanguage\":\"es\",\"@id\":\"https:\\\/\\\/elinformativotam.com\\\/#\\\/schema\\\/logo\\\/image\\\/\",\"url\":\"https:\\\/\\\/elinformativotam.com\\\/wp-content\\\/uploads\\\/2026\\\/02\\\/Cabezal.png\",\"contentUrl\":\"https:\\\/\\\/elinformativotam.com\\\/wp-content\\\/uploads\\\/2026\\\/02\\\/Cabezal.png\",\"width\":960,\"height\":640,\"caption\":\"EL INFORMATIVO DE TAMAULIPAS\"},\"image\":{\"@id\":\"https:\\\/\\\/elinformativotam.com\\\/#\\\/schema\\\/logo\\\/image\\\/\"}},{\"@type\":\"Person\",\"@id\":\"https:\\\/\\\/elinformativotam.com\\\/#\\\/schema\\\/person\\\/78e08040eed0f6110f0c5f83b6153590\",\"name\":\"El Informativo Tam\",\"image\":{\"@type\":\"ImageObject\",\"inLanguage\":\"es\",\"@id\":\"https:\\\/\\\/secure.gravatar.com\\\/avatar\\\/f3b7ad3af540688955925ac610647be00b0cf41feea9c4978b73a707ee86bc53?s=96&d=mm&r=g\",\"url\":\"https:\\\/\\\/secure.gravatar.com\\\/avatar\\\/f3b7ad3af540688955925ac610647be00b0cf41feea9c4978b73a707ee86bc53?s=96&d=mm&r=g\",\"contentUrl\":\"https:\\\/\\\/secure.gravatar.com\\\/avatar\\\/f3b7ad3af540688955925ac610647be00b0cf41feea9c4978b73a707ee86bc53?s=96&d=mm&r=g\",\"caption\":\"El Informativo Tam\"}}]}<\/script>\n<!-- \/ Yoast SEO plugin. -->","yoast_head_json":{"title":"LLEVA OLGA SOSA MENSAJE DE ESPERANZA A FAMILIAS DE CIUDAD VICTORIA - EL INFORMATIVO DE TAMAULIPAS","description":"*Morena Encabeza Las Preferencias Electorales Al Senado De La Rep\u00fablica. &nbsp; Ciudad Victoria.- Con la confianza de encabezar la f\u00f3rmula morenista que","robots":{"index":"index","follow":"follow","max-snippet":"max-snippet:-1","max-image-preview":"max-image-preview:large","max-video-preview":"max-video-preview:-1"},"canonical":"https:\/\/elinformativotam.com\/index.php\/2024\/04\/11\/lleva-olga-sosa-mensaje-de-esperanza-a-familias-de-ciudad-victoria\/","og_locale":"es_MX","og_type":"article","og_title":"LLEVA OLGA SOSA MENSAJE DE ESPERANZA A FAMILIAS DE CIUDAD VICTORIA - EL INFORMATIVO DE TAMAULIPAS","og_description":"*Morena Encabeza Las Preferencias Electorales Al Senado De La Rep\u00fablica. &nbsp; Ciudad Victoria.- Con la confianza de encabezar la f\u00f3rmula morenista que","og_url":"https:\/\/elinformativotam.com\/index.php\/2024\/04\/11\/lleva-olga-sosa-mensaje-de-esperanza-a-familias-de-ciudad-victoria\/","og_site_name":"EL INFORMATIVO DE TAMAULIPAS","article_published_time":"2024-04-11T15:39:09+00:00","og_image":[{"width":1280,"height":853,"url":"https:\/\/elinformativotam.com\/wp-content\/uploads\/2024\/04\/Mensaje.jpeg","type":"image\/jpeg"}],"author":"El Informativo Tam","twitter_card":"summary_large_image","twitter_misc":{"Escrito por":"El Informativo Tam","Tiempo de lectura":"1 minuto"},"schema":{"@context":"https:\/\/schema.org","@graph":[{"@type":"Article","@id":"https:\/\/elinformativotam.com\/index.php\/2024\/04\/11\/lleva-olga-sosa-mensaje-de-esperanza-a-familias-de-ciudad-victoria\/#article","isPartOf":{"@id":"https:\/\/elinformativotam.com\/index.php\/2024\/04\/11\/lleva-olga-sosa-mensaje-de-esperanza-a-familias-de-ciudad-victoria\/"},"author":{"name":"El Informativo Tam","@id":"https:\/\/elinformativotam.com\/#\/schema\/person\/78e08040eed0f6110f0c5f83b6153590"},"headline":"LLEVA OLGA SOSA MENSAJE DE ESPERANZA A FAMILIAS DE CIUDAD VICTORIA","datePublished":"2024-04-11T15:39:09+00:00","mainEntityOfPage":{"@id":"https:\/\/elinformativotam.com\/index.php\/2024\/04\/11\/lleva-olga-sosa-mensaje-de-esperanza-a-familias-de-ciudad-victoria\/"},"wordCount":280,"commentCount":0,"publisher":{"@id":"https:\/\/elinformativotam.com\/#organization"},"image":{"@id":"https:\/\/elinformativotam.com\/index.php\/2024\/04\/11\/lleva-olga-sosa-mensaje-de-esperanza-a-familias-de-ciudad-victoria\/#primaryimage"},"thumbnailUrl":"https:\/\/elinformativotam.com\/wp-content\/uploads\/2024\/04\/Mensaje.jpeg","articleSection":["Tamaulipas"],"inLanguage":"es","potentialAction":[{"@type":"CommentAction","name":"Comment","target":["https:\/\/elinformativotam.com\/index.php\/2024\/04\/11\/lleva-olga-sosa-mensaje-de-esperanza-a-familias-de-ciudad-victoria\/#respond"]}]},{"@type":"WebPage","@id":"https:\/\/elinformativotam.com\/index.php\/2024\/04\/11\/lleva-olga-sosa-mensaje-de-esperanza-a-familias-de-ciudad-victoria\/","url":"https:\/\/elinformativotam.com\/index.php\/2024\/04\/11\/lleva-olga-sosa-mensaje-de-esperanza-a-familias-de-ciudad-victoria\/","name":"LLEVA OLGA SOSA MENSAJE DE ESPERANZA A FAMILIAS DE CIUDAD VICTORIA - EL INFORMATIVO DE TAMAULIPAS","isPartOf":{"@id":"https:\/\/elinformativotam.com\/#website"},"primaryImageOfPage":{"@id":"https:\/\/elinformativotam.com\/index.php\/2024\/04\/11\/lleva-olga-sosa-mensaje-de-esperanza-a-familias-de-ciudad-victoria\/#primaryimage"},"image":{"@id":"https:\/\/elinformativotam.com\/index.php\/2024\/04\/11\/lleva-olga-sosa-mensaje-de-esperanza-a-familias-de-ciudad-victoria\/#primaryimage"},"thumbnailUrl":"https:\/\/elinformativotam.com\/wp-content\/uploads\/2024\/04\/Mensaje.jpeg","datePublished":"2024-04-11T15:39:09+00:00","description":"*Morena Encabeza Las Preferencias Electorales Al Senado De La Rep\u00fablica. &nbsp; Ciudad Victoria.- Con la confianza de encabezar la f\u00f3rmula morenista que","inLanguage":"es","potentialAction":[{"@type":"ReadAction","target":["https:\/\/elinformativotam.com\/index.php\/2024\/04\/11\/lleva-olga-sosa-mensaje-de-esperanza-a-familias-de-ciudad-victoria\/"]}]},{"@type":"ImageObject","inLanguage":"es","@id":"https:\/\/elinformativotam.com\/index.php\/2024\/04\/11\/lleva-olga-sosa-mensaje-de-esperanza-a-familias-de-ciudad-victoria\/#primaryimage","url":"https:\/\/elinformativotam.com\/wp-content\/uploads\/2024\/04\/Mensaje.jpeg","contentUrl":"https:\/\/elinformativotam.com\/wp-content\/uploads\/2024\/04\/Mensaje.jpeg","width":1280,"height":853},{"@type":"WebSite","@id":"https:\/\/elinformativotam.com\/#website","url":"https:\/\/elinformativotam.com\/","name":"EL INFORMATIVO DE TAMAULIPAS","description":"Desde la Zona Metropolitana Para Todo M\u00e9xico","publisher":{"@id":"https:\/\/elinformativotam.com\/#organization"},"potentialAction":[{"@type":"SearchAction","target":{"@type":"EntryPoint","urlTemplate":"https:\/\/elinformativotam.com\/?s={search_term_string}"},"query-input":{"@type":"PropertyValueSpecification","valueRequired":true,"valueName":"search_term_string"}}],"inLanguage":"es"},{"@type":"Organization","@id":"https:\/\/elinformativotam.com\/#organization","name":"EL INFORMATIVO DE TAMAULIPAS","url":"https:\/\/elinformativotam.com\/","logo":{"@type":"ImageObject","inLanguage":"es","@id":"https:\/\/elinformativotam.com\/#\/schema\/logo\/image\/","url":"https:\/\/elinformativotam.com\/wp-content\/uploads\/2026\/02\/Cabezal.png","contentUrl":"https:\/\/elinformativotam.com\/wp-content\/uploads\/2026\/02\/Cabezal.png","width":960,"height":640,"caption":"EL INFORMATIVO DE TAMAULIPAS"},"image":{"@id":"https:\/\/elinformativotam.com\/#\/schema\/logo\/image\/"}},{"@type":"Person","@id":"https:\/\/elinformativotam.com\/#\/schema\/person\/78e08040eed0f6110f0c5f83b6153590","name":"El Informativo Tam","image":{"@type":"ImageObject","inLanguage":"es","@id":"https:\/\/secure.gravatar.com\/avatar\/f3b7ad3af540688955925ac610647be00b0cf41feea9c4978b73a707ee86bc53?s=96&d=mm&r=g","url":"https:\/\/secure.gravatar.com\/avatar\/f3b7ad3af540688955925ac610647be00b0cf41feea9c4978b73a707ee86bc53?s=96&d=mm&r=g","contentUrl":"https:\/\/secure.gravatar.com\/avatar\/f3b7ad3af540688955925ac610647be00b0cf41feea9c4978b73a707ee86bc53?s=96&d=mm&r=g","caption":"El Informativo Tam"}}]}},"_links":{"self":[{"href":"https:\/\/elinformativotam.com\/index.php\/wp-json\/wp\/v2\/posts\/50205","targetHints":{"allow":["GET"]}}],"collection":[{"href":"https:\/\/elinformativotam.com\/index.php\/wp-json\/wp\/v2\/posts"}],"about":[{"href":"https:\/\/elinformativotam.com\/index.php\/wp-json\/wp\/v2\/types\/post"}],"author":[{"embeddable":true,"href":"https:\/\/elinformativotam.com\/index.php\/wp-json\/wp\/v2\/users\/1"}],"replies":[{"embeddable":true,"href":"https:\/\/elinformativotam.com\/index.php\/wp-json\/wp\/v2\/comments?post=50205"}],"version-history":[{"count":1,"href":"https:\/\/elinformativotam.com\/index.php\/wp-json\/wp\/v2\/posts\/50205\/revisions"}],"predecessor-version":[{"id":50207,"href":"https:\/\/elinformativotam.com\/index.php\/wp-json\/wp\/v2\/posts\/50205\/revisions\/50207"}],"wp:featuredmedia":[{"embeddable":true,"href":"https:\/\/elinformativotam.com\/index.php\/wp-json\/wp\/v2\/media\/50206"}],"wp:attachment":[{"href":"https:\/\/elinformativotam.com\/index.php\/wp-json\/wp\/v2\/media?parent=50205"}],"wp:term":[{"taxonomy":"category","embeddable":true,"href":"https:\/\/elinformativotam.com\/index.php\/wp-json\/wp\/v2\/categories?post=50205"},{"taxonomy":"post_tag","embeddable":true,"href":"https:\/\/elinformativotam.com\/index.php\/wp-json\/wp\/v2\/tags?post=50205"}],"curies":[{"name":"wp","href":"https:\/\/api.w.org\/{rel}","templated":true}]}}