{"id":50199,"date":"2024-04-11T09:32:05","date_gmt":"2024-04-11T15:32:05","guid":{"rendered":"https:\/\/elinformativotam.com\/?p=50199"},"modified":"2024-04-11T09:32:05","modified_gmt":"2024-04-11T15:32:05","slug":"temen-quedarse-sin-energia-electrica-a-causa-de-un-arbol","status":"publish","type":"post","link":"https:\/\/elinformativotam.com\/index.php\/2024\/04\/11\/temen-quedarse-sin-energia-electrica-a-causa-de-un-arbol\/","title":{"rendered":"TEMEN QUEDARSE SIN ENERG\u00cdA EL\u00c9CTRICA A CAUSA DE UN ARBOL"},"content":{"rendered":"<p>Vecinos de la zona centro de Altamira que viven en la calle Hidalgo entre Quintero y Ju\u00e1rez, aseguran que viven con el Jes\u00fas en la boca debido a que cada vez que entra un frente firo o \u00a0\u201cnorte\u201d como hoy, los cables de energ\u00eda el\u00e9ctrica ubicados en este lugar chocan con las ramas de un \u00e1rbol y comienzan a echar chispas.<\/p>\n<p>&nbsp;<\/p>\n<p>Est\u00e1 situaci\u00f3n ya ha cobrado consecuencias, ya que sobre este lugar hay domicilios y tienditas, mismas que tuvieron que desconectar refrigeradores por temor a que se echen a perder.<\/p>\n<p>&nbsp;<\/p>\n<p>La se\u00f1ora, Julieta Pinete, es due\u00f1a de un negocio sobre esta calle y refiere que desde muy temprano se encuentran en esa situaci\u00f3n.<\/p>\n<p>&nbsp;<\/p>\n<p>&#8220;Yo tuve que desconectar mis aparatos, incluso vino el t\u00e9cnico, porque la semana pasada estuvimos igual y se descompuso un refrigerador ya lo repararon pero hoy por eso mejor opt\u00e9 por desconectarlos&#8221;, coment\u00f3.<\/p>\n<p>&nbsp;<\/p>\n<p>Esta calle es altamente transitada por veh\u00edculos y peatones, por ello la preocupaci\u00f3n que existe. Por la ma\u00f1ana\u00a0 Protecci\u00f3n Civil asisti\u00f3 acordonar el lugar; sin embargo, es necesario hacer algo<\/p>\n","protected":false},"excerpt":{"rendered":"<p>Vecinos de la zona centro de Altamira que viven en la calle Hidalgo entre Quintero y Ju\u00e1rez, aseguran que viven&hellip;<\/p>\n","protected":false},"author":1,"featured_media":50201,"comment_status":"open","ping_status":"open","sticky":false,"template":"","format":"standard","meta":{"footnotes":""},"categories":[5],"tags":[],"class_list":["post-50199","post","type-post","status-publish","format-standard","has-post-thumbnail","hentry","category-altamira"],"yoast_head":"<!-- This site is optimized with the Yoast SEO plugin v27.5 - https:\/\/yoast.com\/product\/yoast-seo-wordpress\/ -->\n<title>TEMEN QUEDARSE SIN ENERG\u00cdA EL\u00c9CTRICA A CAUSA DE UN ARBOL - EL INFORMATIVO DE TAMAULIPAS<\/title>\n<meta name=\"description\" content=\"Vecinos de la zona centro de Altamira que viven en la calle Hidalgo entre Quintero y Ju\u00e1rez, aseguran que viven con el Jes\u00fas en la boca debido a que cada\" \/>\n<meta name=\"robots\" content=\"index, follow, max-snippet:-1, max-image-preview:large, max-video-preview:-1\" \/>\n<link rel=\"canonical\" href=\"https:\/\/elinformativotam.com\/index.php\/2024\/04\/11\/temen-quedarse-sin-energia-electrica-a-causa-de-un-arbol\/\" \/>\n<meta property=\"og:locale\" content=\"es_MX\" \/>\n<meta property=\"og:type\" content=\"article\" \/>\n<meta property=\"og:title\" content=\"TEMEN QUEDARSE SIN ENERG\u00cdA EL\u00c9CTRICA A CAUSA DE UN ARBOL - EL INFORMATIVO DE TAMAULIPAS\" \/>\n<meta property=\"og:description\" content=\"Vecinos de la zona centro de Altamira que viven en la calle Hidalgo entre Quintero y Ju\u00e1rez, aseguran que viven con el Jes\u00fas en la boca debido a que cada\" \/>\n<meta property=\"og:url\" content=\"https:\/\/elinformativotam.com\/index.php\/2024\/04\/11\/temen-quedarse-sin-energia-electrica-a-causa-de-un-arbol\/\" \/>\n<meta property=\"og:site_name\" content=\"EL INFORMATIVO DE TAMAULIPAS\" \/>\n<meta property=\"article:published_time\" content=\"2024-04-11T15:32:05+00:00\" \/>\n<meta property=\"og:image\" content=\"https:\/\/elinformativotam.com\/wp-content\/uploads\/2024\/04\/Arboles.jpeg\" \/>\n\t<meta property=\"og:image:width\" content=\"1600\" \/>\n\t<meta property=\"og:image:height\" content=\"1200\" \/>\n\t<meta property=\"og:image:type\" content=\"image\/jpeg\" \/>\n<meta name=\"author\" content=\"El Informativo Tam\" \/>\n<meta name=\"twitter:card\" content=\"summary_large_image\" \/>\n<meta name=\"twitter:label1\" content=\"Escrito por\" \/>\n\t<meta name=\"twitter:data1\" content=\"El Informativo Tam\" \/>\n\t<meta name=\"twitter:label2\" content=\"Tiempo de lectura\" \/>\n\t<meta name=\"twitter:data2\" content=\"2 minutos\" \/>\n<script type=\"application\/ld+json\" class=\"yoast-schema-graph\">{\"@context\":\"https:\\\/\\\/schema.org\",\"@graph\":[{\"@type\":\"Article\",\"@id\":\"https:\\\/\\\/elinformativotam.com\\\/index.php\\\/2024\\\/04\\\/11\\\/temen-quedarse-sin-energia-electrica-a-causa-de-un-arbol\\\/#article\",\"isPartOf\":{\"@id\":\"https:\\\/\\\/elinformativotam.com\\\/index.php\\\/2024\\\/04\\\/11\\\/temen-quedarse-sin-energia-electrica-a-causa-de-un-arbol\\\/\"},\"author\":{\"name\":\"El Informativo Tam\",\"@id\":\"https:\\\/\\\/elinformativotam.com\\\/#\\\/schema\\\/person\\\/78e08040eed0f6110f0c5f83b6153590\"},\"headline\":\"TEMEN QUEDARSE SIN ENERG\u00cdA EL\u00c9CTRICA A CAUSA DE UN ARBOL\",\"datePublished\":\"2024-04-11T15:32:05+00:00\",\"mainEntityOfPage\":{\"@id\":\"https:\\\/\\\/elinformativotam.com\\\/index.php\\\/2024\\\/04\\\/11\\\/temen-quedarse-sin-energia-electrica-a-causa-de-un-arbol\\\/\"},\"wordCount\":205,\"commentCount\":0,\"publisher\":{\"@id\":\"https:\\\/\\\/elinformativotam.com\\\/#organization\"},\"image\":{\"@id\":\"https:\\\/\\\/elinformativotam.com\\\/index.php\\\/2024\\\/04\\\/11\\\/temen-quedarse-sin-energia-electrica-a-causa-de-un-arbol\\\/#primaryimage\"},\"thumbnailUrl\":\"https:\\\/\\\/elinformativotam.com\\\/wp-content\\\/uploads\\\/2024\\\/04\\\/Arboles.jpeg\",\"articleSection\":[\"Altamira\"],\"inLanguage\":\"es\",\"potentialAction\":[{\"@type\":\"CommentAction\",\"name\":\"Comment\",\"target\":[\"https:\\\/\\\/elinformativotam.com\\\/index.php\\\/2024\\\/04\\\/11\\\/temen-quedarse-sin-energia-electrica-a-causa-de-un-arbol\\\/#respond\"]}]},{\"@type\":\"WebPage\",\"@id\":\"https:\\\/\\\/elinformativotam.com\\\/index.php\\\/2024\\\/04\\\/11\\\/temen-quedarse-sin-energia-electrica-a-causa-de-un-arbol\\\/\",\"url\":\"https:\\\/\\\/elinformativotam.com\\\/index.php\\\/2024\\\/04\\\/11\\\/temen-quedarse-sin-energia-electrica-a-causa-de-un-arbol\\\/\",\"name\":\"TEMEN QUEDARSE SIN ENERG\u00cdA EL\u00c9CTRICA A CAUSA DE UN ARBOL - EL INFORMATIVO DE TAMAULIPAS\",\"isPartOf\":{\"@id\":\"https:\\\/\\\/elinformativotam.com\\\/#website\"},\"primaryImageOfPage\":{\"@id\":\"https:\\\/\\\/elinformativotam.com\\\/index.php\\\/2024\\\/04\\\/11\\\/temen-quedarse-sin-energia-electrica-a-causa-de-un-arbol\\\/#primaryimage\"},\"image\":{\"@id\":\"https:\\\/\\\/elinformativotam.com\\\/index.php\\\/2024\\\/04\\\/11\\\/temen-quedarse-sin-energia-electrica-a-causa-de-un-arbol\\\/#primaryimage\"},\"thumbnailUrl\":\"https:\\\/\\\/elinformativotam.com\\\/wp-content\\\/uploads\\\/2024\\\/04\\\/Arboles.jpeg\",\"datePublished\":\"2024-04-11T15:32:05+00:00\",\"description\":\"Vecinos de la zona centro de Altamira que viven en la calle Hidalgo entre Quintero y Ju\u00e1rez, aseguran que viven con el Jes\u00fas en la boca debido a que cada\",\"inLanguage\":\"es\",\"potentialAction\":[{\"@type\":\"ReadAction\",\"target\":[\"https:\\\/\\\/elinformativotam.com\\\/index.php\\\/2024\\\/04\\\/11\\\/temen-quedarse-sin-energia-electrica-a-causa-de-un-arbol\\\/\"]}]},{\"@type\":\"ImageObject\",\"inLanguage\":\"es\",\"@id\":\"https:\\\/\\\/elinformativotam.com\\\/index.php\\\/2024\\\/04\\\/11\\\/temen-quedarse-sin-energia-electrica-a-causa-de-un-arbol\\\/#primaryimage\",\"url\":\"https:\\\/\\\/elinformativotam.com\\\/wp-content\\\/uploads\\\/2024\\\/04\\\/Arboles.jpeg\",\"contentUrl\":\"https:\\\/\\\/elinformativotam.com\\\/wp-content\\\/uploads\\\/2024\\\/04\\\/Arboles.jpeg\",\"width\":1600,\"height\":1200},{\"@type\":\"WebSite\",\"@id\":\"https:\\\/\\\/elinformativotam.com\\\/#website\",\"url\":\"https:\\\/\\\/elinformativotam.com\\\/\",\"name\":\"EL INFORMATIVO DE TAMAULIPAS\",\"description\":\"Desde la Zona Metropolitana Para Todo M\u00e9xico\",\"publisher\":{\"@id\":\"https:\\\/\\\/elinformativotam.com\\\/#organization\"},\"potentialAction\":[{\"@type\":\"SearchAction\",\"target\":{\"@type\":\"EntryPoint\",\"urlTemplate\":\"https:\\\/\\\/elinformativotam.com\\\/?s={search_term_string}\"},\"query-input\":{\"@type\":\"PropertyValueSpecification\",\"valueRequired\":true,\"valueName\":\"search_term_string\"}}],\"inLanguage\":\"es\"},{\"@type\":\"Organization\",\"@id\":\"https:\\\/\\\/elinformativotam.com\\\/#organization\",\"name\":\"EL INFORMATIVO DE TAMAULIPAS\",\"url\":\"https:\\\/\\\/elinformativotam.com\\\/\",\"logo\":{\"@type\":\"ImageObject\",\"inLanguage\":\"es\",\"@id\":\"https:\\\/\\\/elinformativotam.com\\\/#\\\/schema\\\/logo\\\/image\\\/\",\"url\":\"https:\\\/\\\/elinformativotam.com\\\/wp-content\\\/uploads\\\/2026\\\/02\\\/Cabezal.png\",\"contentUrl\":\"https:\\\/\\\/elinformativotam.com\\\/wp-content\\\/uploads\\\/2026\\\/02\\\/Cabezal.png\",\"width\":960,\"height\":640,\"caption\":\"EL INFORMATIVO DE TAMAULIPAS\"},\"image\":{\"@id\":\"https:\\\/\\\/elinformativotam.com\\\/#\\\/schema\\\/logo\\\/image\\\/\"}},{\"@type\":\"Person\",\"@id\":\"https:\\\/\\\/elinformativotam.com\\\/#\\\/schema\\\/person\\\/78e08040eed0f6110f0c5f83b6153590\",\"name\":\"El Informativo Tam\",\"image\":{\"@type\":\"ImageObject\",\"inLanguage\":\"es\",\"@id\":\"https:\\\/\\\/secure.gravatar.com\\\/avatar\\\/f3b7ad3af540688955925ac610647be00b0cf41feea9c4978b73a707ee86bc53?s=96&d=mm&r=g\",\"url\":\"https:\\\/\\\/secure.gravatar.com\\\/avatar\\\/f3b7ad3af540688955925ac610647be00b0cf41feea9c4978b73a707ee86bc53?s=96&d=mm&r=g\",\"contentUrl\":\"https:\\\/\\\/secure.gravatar.com\\\/avatar\\\/f3b7ad3af540688955925ac610647be00b0cf41feea9c4978b73a707ee86bc53?s=96&d=mm&r=g\",\"caption\":\"El Informativo Tam\"}}]}<\/script>\n<!-- \/ Yoast SEO plugin. -->","yoast_head_json":{"title":"TEMEN QUEDARSE SIN ENERG\u00cdA EL\u00c9CTRICA A CAUSA DE UN ARBOL - EL INFORMATIVO DE TAMAULIPAS","description":"Vecinos de la zona centro de Altamira que viven en la calle Hidalgo entre Quintero y Ju\u00e1rez, aseguran que viven con el Jes\u00fas en la boca debido a que cada","robots":{"index":"index","follow":"follow","max-snippet":"max-snippet:-1","max-image-preview":"max-image-preview:large","max-video-preview":"max-video-preview:-1"},"canonical":"https:\/\/elinformativotam.com\/index.php\/2024\/04\/11\/temen-quedarse-sin-energia-electrica-a-causa-de-un-arbol\/","og_locale":"es_MX","og_type":"article","og_title":"TEMEN QUEDARSE SIN ENERG\u00cdA EL\u00c9CTRICA A CAUSA DE UN ARBOL - EL INFORMATIVO DE TAMAULIPAS","og_description":"Vecinos de la zona centro de Altamira que viven en la calle Hidalgo entre Quintero y Ju\u00e1rez, aseguran que viven con el Jes\u00fas en la boca debido a que cada","og_url":"https:\/\/elinformativotam.com\/index.php\/2024\/04\/11\/temen-quedarse-sin-energia-electrica-a-causa-de-un-arbol\/","og_site_name":"EL INFORMATIVO DE TAMAULIPAS","article_published_time":"2024-04-11T15:32:05+00:00","og_image":[{"width":1600,"height":1200,"url":"https:\/\/elinformativotam.com\/wp-content\/uploads\/2024\/04\/Arboles.jpeg","type":"image\/jpeg"}],"author":"El Informativo Tam","twitter_card":"summary_large_image","twitter_misc":{"Escrito por":"El Informativo Tam","Tiempo de lectura":"2 minutos"},"schema":{"@context":"https:\/\/schema.org","@graph":[{"@type":"Article","@id":"https:\/\/elinformativotam.com\/index.php\/2024\/04\/11\/temen-quedarse-sin-energia-electrica-a-causa-de-un-arbol\/#article","isPartOf":{"@id":"https:\/\/elinformativotam.com\/index.php\/2024\/04\/11\/temen-quedarse-sin-energia-electrica-a-causa-de-un-arbol\/"},"author":{"name":"El Informativo Tam","@id":"https:\/\/elinformativotam.com\/#\/schema\/person\/78e08040eed0f6110f0c5f83b6153590"},"headline":"TEMEN QUEDARSE SIN ENERG\u00cdA EL\u00c9CTRICA A CAUSA DE UN ARBOL","datePublished":"2024-04-11T15:32:05+00:00","mainEntityOfPage":{"@id":"https:\/\/elinformativotam.com\/index.php\/2024\/04\/11\/temen-quedarse-sin-energia-electrica-a-causa-de-un-arbol\/"},"wordCount":205,"commentCount":0,"publisher":{"@id":"https:\/\/elinformativotam.com\/#organization"},"image":{"@id":"https:\/\/elinformativotam.com\/index.php\/2024\/04\/11\/temen-quedarse-sin-energia-electrica-a-causa-de-un-arbol\/#primaryimage"},"thumbnailUrl":"https:\/\/elinformativotam.com\/wp-content\/uploads\/2024\/04\/Arboles.jpeg","articleSection":["Altamira"],"inLanguage":"es","potentialAction":[{"@type":"CommentAction","name":"Comment","target":["https:\/\/elinformativotam.com\/index.php\/2024\/04\/11\/temen-quedarse-sin-energia-electrica-a-causa-de-un-arbol\/#respond"]}]},{"@type":"WebPage","@id":"https:\/\/elinformativotam.com\/index.php\/2024\/04\/11\/temen-quedarse-sin-energia-electrica-a-causa-de-un-arbol\/","url":"https:\/\/elinformativotam.com\/index.php\/2024\/04\/11\/temen-quedarse-sin-energia-electrica-a-causa-de-un-arbol\/","name":"TEMEN QUEDARSE SIN ENERG\u00cdA EL\u00c9CTRICA A CAUSA DE UN ARBOL - EL INFORMATIVO DE TAMAULIPAS","isPartOf":{"@id":"https:\/\/elinformativotam.com\/#website"},"primaryImageOfPage":{"@id":"https:\/\/elinformativotam.com\/index.php\/2024\/04\/11\/temen-quedarse-sin-energia-electrica-a-causa-de-un-arbol\/#primaryimage"},"image":{"@id":"https:\/\/elinformativotam.com\/index.php\/2024\/04\/11\/temen-quedarse-sin-energia-electrica-a-causa-de-un-arbol\/#primaryimage"},"thumbnailUrl":"https:\/\/elinformativotam.com\/wp-content\/uploads\/2024\/04\/Arboles.jpeg","datePublished":"2024-04-11T15:32:05+00:00","description":"Vecinos de la zona centro de Altamira que viven en la calle Hidalgo entre Quintero y Ju\u00e1rez, aseguran que viven con el Jes\u00fas en la boca debido a que cada","inLanguage":"es","potentialAction":[{"@type":"ReadAction","target":["https:\/\/elinformativotam.com\/index.php\/2024\/04\/11\/temen-quedarse-sin-energia-electrica-a-causa-de-un-arbol\/"]}]},{"@type":"ImageObject","inLanguage":"es","@id":"https:\/\/elinformativotam.com\/index.php\/2024\/04\/11\/temen-quedarse-sin-energia-electrica-a-causa-de-un-arbol\/#primaryimage","url":"https:\/\/elinformativotam.com\/wp-content\/uploads\/2024\/04\/Arboles.jpeg","contentUrl":"https:\/\/elinformativotam.com\/wp-content\/uploads\/2024\/04\/Arboles.jpeg","width":1600,"height":1200},{"@type":"WebSite","@id":"https:\/\/elinformativotam.com\/#website","url":"https:\/\/elinformativotam.com\/","name":"EL INFORMATIVO DE TAMAULIPAS","description":"Desde la Zona Metropolitana Para Todo M\u00e9xico","publisher":{"@id":"https:\/\/elinformativotam.com\/#organization"},"potentialAction":[{"@type":"SearchAction","target":{"@type":"EntryPoint","urlTemplate":"https:\/\/elinformativotam.com\/?s={search_term_string}"},"query-input":{"@type":"PropertyValueSpecification","valueRequired":true,"valueName":"search_term_string"}}],"inLanguage":"es"},{"@type":"Organization","@id":"https:\/\/elinformativotam.com\/#organization","name":"EL INFORMATIVO DE TAMAULIPAS","url":"https:\/\/elinformativotam.com\/","logo":{"@type":"ImageObject","inLanguage":"es","@id":"https:\/\/elinformativotam.com\/#\/schema\/logo\/image\/","url":"https:\/\/elinformativotam.com\/wp-content\/uploads\/2026\/02\/Cabezal.png","contentUrl":"https:\/\/elinformativotam.com\/wp-content\/uploads\/2026\/02\/Cabezal.png","width":960,"height":640,"caption":"EL INFORMATIVO DE TAMAULIPAS"},"image":{"@id":"https:\/\/elinformativotam.com\/#\/schema\/logo\/image\/"}},{"@type":"Person","@id":"https:\/\/elinformativotam.com\/#\/schema\/person\/78e08040eed0f6110f0c5f83b6153590","name":"El Informativo Tam","image":{"@type":"ImageObject","inLanguage":"es","@id":"https:\/\/secure.gravatar.com\/avatar\/f3b7ad3af540688955925ac610647be00b0cf41feea9c4978b73a707ee86bc53?s=96&d=mm&r=g","url":"https:\/\/secure.gravatar.com\/avatar\/f3b7ad3af540688955925ac610647be00b0cf41feea9c4978b73a707ee86bc53?s=96&d=mm&r=g","contentUrl":"https:\/\/secure.gravatar.com\/avatar\/f3b7ad3af540688955925ac610647be00b0cf41feea9c4978b73a707ee86bc53?s=96&d=mm&r=g","caption":"El Informativo Tam"}}]}},"_links":{"self":[{"href":"https:\/\/elinformativotam.com\/index.php\/wp-json\/wp\/v2\/posts\/50199","targetHints":{"allow":["GET"]}}],"collection":[{"href":"https:\/\/elinformativotam.com\/index.php\/wp-json\/wp\/v2\/posts"}],"about":[{"href":"https:\/\/elinformativotam.com\/index.php\/wp-json\/wp\/v2\/types\/post"}],"author":[{"embeddable":true,"href":"https:\/\/elinformativotam.com\/index.php\/wp-json\/wp\/v2\/users\/1"}],"replies":[{"embeddable":true,"href":"https:\/\/elinformativotam.com\/index.php\/wp-json\/wp\/v2\/comments?post=50199"}],"version-history":[{"count":1,"href":"https:\/\/elinformativotam.com\/index.php\/wp-json\/wp\/v2\/posts\/50199\/revisions"}],"predecessor-version":[{"id":50202,"href":"https:\/\/elinformativotam.com\/index.php\/wp-json\/wp\/v2\/posts\/50199\/revisions\/50202"}],"wp:featuredmedia":[{"embeddable":true,"href":"https:\/\/elinformativotam.com\/index.php\/wp-json\/wp\/v2\/media\/50201"}],"wp:attachment":[{"href":"https:\/\/elinformativotam.com\/index.php\/wp-json\/wp\/v2\/media?parent=50199"}],"wp:term":[{"taxonomy":"category","embeddable":true,"href":"https:\/\/elinformativotam.com\/index.php\/wp-json\/wp\/v2\/categories?post=50199"},{"taxonomy":"post_tag","embeddable":true,"href":"https:\/\/elinformativotam.com\/index.php\/wp-json\/wp\/v2\/tags?post=50199"}],"curies":[{"name":"wp","href":"https:\/\/api.w.org\/{rel}","templated":true}]}}