{"id":50191,"date":"2024-04-11T09:13:03","date_gmt":"2024-04-11T15:13:03","guid":{"rendered":"https:\/\/elinformativotam.com\/?p=50191"},"modified":"2024-04-11T09:13:03","modified_gmt":"2024-04-11T15:13:03","slug":"falta-conciencia-para-el-cuidado-del-agua","status":"publish","type":"post","link":"https:\/\/elinformativotam.com\/index.php\/2024\/04\/11\/falta-conciencia-para-el-cuidado-del-agua\/","title":{"rendered":"FALTA CONCIENCIA PARA EL CUIDADO DEL AGUA."},"content":{"rendered":"<p>Cd Madero, Tamaulipas.- Es dif\u00edcil lograr concientizar a la ciudadan\u00eda sobre la importancia de cuidar el agua, principalmente en este tiempo que se tiene problemas con el vital l\u00edquido.<\/p>\n<p>&nbsp;<\/p>\n<p>El regidor Armando Mar Sobrevilla, dijo que uno de los principales problemas que se debe solucionar es la gran cantidad de fugas que hay, por lo que comapa debe aplicarse a resolver este tipo de situaciones para evitar desperdicio.<\/p>\n<p>&nbsp;<\/p>\n<p>Expuso que se tiene mucha labor que hacer, pero consider\u00f3 que el propio organismo operador del agua debe contar con mecanismo para aplicar sanciones en caso de ser necesario a quienes desperdicien el agua.<\/p>\n<p>&nbsp;<\/p>\n<p>Resalt\u00f3 que se han realizado exhortos por parte de las autoridades para cuidar el agua, debido a que la situaci\u00f3n es cr\u00edtica, ya que las lagunas de la zona como la de Champay\u00e1n se est\u00e1 secando.<\/p>\n<p>&nbsp;<\/p>\n<p>A\u00f1adi\u00f3 que debido a ello Madero ya tom\u00f3 sus medidas, como es el caso de no activar las fuentes de los espacios p\u00fablicos para evitar desperdicio, ya que esto puede provocar problemas m\u00e1s fuertes en el futuro.<\/p>\n","protected":false},"excerpt":{"rendered":"<p>Cd Madero, Tamaulipas.- Es dif\u00edcil lograr concientizar a la ciudadan\u00eda sobre la importancia de cuidar el agua, principalmente en este&hellip;<\/p>\n","protected":false},"author":1,"featured_media":50185,"comment_status":"open","ping_status":"open","sticky":false,"template":"","format":"standard","meta":{"footnotes":""},"categories":[4],"tags":[],"class_list":["post-50191","post","type-post","status-publish","format-standard","has-post-thumbnail","hentry","category-madero"],"yoast_head":"<!-- This site is optimized with the Yoast SEO plugin v27.5 - https:\/\/yoast.com\/product\/yoast-seo-wordpress\/ -->\n<title>FALTA CONCIENCIA PARA EL CUIDADO DEL AGUA. - EL INFORMATIVO DE TAMAULIPAS<\/title>\n<meta name=\"description\" content=\"Cd Madero, Tamaulipas.- Es dif\u00edcil lograr concientizar a la ciudadan\u00eda sobre la importancia de cuidar el agua, principalmente en este tiempo que se tiene\" \/>\n<meta name=\"robots\" content=\"index, follow, max-snippet:-1, max-image-preview:large, max-video-preview:-1\" \/>\n<link rel=\"canonical\" href=\"https:\/\/elinformativotam.com\/index.php\/2024\/04\/11\/falta-conciencia-para-el-cuidado-del-agua\/\" \/>\n<meta property=\"og:locale\" content=\"es_MX\" \/>\n<meta property=\"og:type\" content=\"article\" \/>\n<meta property=\"og:title\" content=\"FALTA CONCIENCIA PARA EL CUIDADO DEL AGUA. - EL INFORMATIVO DE TAMAULIPAS\" \/>\n<meta property=\"og:description\" content=\"Cd Madero, Tamaulipas.- Es dif\u00edcil lograr concientizar a la ciudadan\u00eda sobre la importancia de cuidar el agua, principalmente en este tiempo que se tiene\" \/>\n<meta property=\"og:url\" content=\"https:\/\/elinformativotam.com\/index.php\/2024\/04\/11\/falta-conciencia-para-el-cuidado-del-agua\/\" \/>\n<meta property=\"og:site_name\" content=\"EL INFORMATIVO DE TAMAULIPAS\" \/>\n<meta property=\"article:published_time\" content=\"2024-04-11T15:13:03+00:00\" \/>\n<meta property=\"og:image\" content=\"https:\/\/elinformativotam.com\/wp-content\/uploads\/2024\/04\/Fuga.jpeg\" \/>\n\t<meta property=\"og:image:width\" content=\"1280\" \/>\n\t<meta property=\"og:image:height\" content=\"1280\" \/>\n\t<meta property=\"og:image:type\" content=\"image\/jpeg\" \/>\n<meta name=\"author\" content=\"El Informativo Tam\" \/>\n<meta name=\"twitter:card\" content=\"summary_large_image\" \/>\n<meta name=\"twitter:label1\" content=\"Escrito por\" \/>\n\t<meta name=\"twitter:data1\" content=\"El Informativo Tam\" \/>\n\t<meta name=\"twitter:label2\" content=\"Tiempo de lectura\" \/>\n\t<meta name=\"twitter:data2\" content=\"2 minutos\" \/>\n<script type=\"application\/ld+json\" class=\"yoast-schema-graph\">{\"@context\":\"https:\\\/\\\/schema.org\",\"@graph\":[{\"@type\":\"Article\",\"@id\":\"https:\\\/\\\/elinformativotam.com\\\/index.php\\\/2024\\\/04\\\/11\\\/falta-conciencia-para-el-cuidado-del-agua\\\/#article\",\"isPartOf\":{\"@id\":\"https:\\\/\\\/elinformativotam.com\\\/index.php\\\/2024\\\/04\\\/11\\\/falta-conciencia-para-el-cuidado-del-agua\\\/\"},\"author\":{\"name\":\"El Informativo Tam\",\"@id\":\"https:\\\/\\\/elinformativotam.com\\\/#\\\/schema\\\/person\\\/78e08040eed0f6110f0c5f83b6153590\"},\"headline\":\"FALTA CONCIENCIA PARA EL CUIDADO DEL AGUA.\",\"datePublished\":\"2024-04-11T15:13:03+00:00\",\"mainEntityOfPage\":{\"@id\":\"https:\\\/\\\/elinformativotam.com\\\/index.php\\\/2024\\\/04\\\/11\\\/falta-conciencia-para-el-cuidado-del-agua\\\/\"},\"wordCount\":196,\"commentCount\":0,\"publisher\":{\"@id\":\"https:\\\/\\\/elinformativotam.com\\\/#organization\"},\"image\":{\"@id\":\"https:\\\/\\\/elinformativotam.com\\\/index.php\\\/2024\\\/04\\\/11\\\/falta-conciencia-para-el-cuidado-del-agua\\\/#primaryimage\"},\"thumbnailUrl\":\"https:\\\/\\\/elinformativotam.com\\\/wp-content\\\/uploads\\\/2024\\\/04\\\/Fuga.jpeg\",\"articleSection\":[\"Cd Madero\"],\"inLanguage\":\"es\",\"potentialAction\":[{\"@type\":\"CommentAction\",\"name\":\"Comment\",\"target\":[\"https:\\\/\\\/elinformativotam.com\\\/index.php\\\/2024\\\/04\\\/11\\\/falta-conciencia-para-el-cuidado-del-agua\\\/#respond\"]}]},{\"@type\":\"WebPage\",\"@id\":\"https:\\\/\\\/elinformativotam.com\\\/index.php\\\/2024\\\/04\\\/11\\\/falta-conciencia-para-el-cuidado-del-agua\\\/\",\"url\":\"https:\\\/\\\/elinformativotam.com\\\/index.php\\\/2024\\\/04\\\/11\\\/falta-conciencia-para-el-cuidado-del-agua\\\/\",\"name\":\"FALTA CONCIENCIA PARA EL CUIDADO DEL AGUA. - EL INFORMATIVO DE TAMAULIPAS\",\"isPartOf\":{\"@id\":\"https:\\\/\\\/elinformativotam.com\\\/#website\"},\"primaryImageOfPage\":{\"@id\":\"https:\\\/\\\/elinformativotam.com\\\/index.php\\\/2024\\\/04\\\/11\\\/falta-conciencia-para-el-cuidado-del-agua\\\/#primaryimage\"},\"image\":{\"@id\":\"https:\\\/\\\/elinformativotam.com\\\/index.php\\\/2024\\\/04\\\/11\\\/falta-conciencia-para-el-cuidado-del-agua\\\/#primaryimage\"},\"thumbnailUrl\":\"https:\\\/\\\/elinformativotam.com\\\/wp-content\\\/uploads\\\/2024\\\/04\\\/Fuga.jpeg\",\"datePublished\":\"2024-04-11T15:13:03+00:00\",\"description\":\"Cd Madero, Tamaulipas.- Es dif\u00edcil lograr concientizar a la ciudadan\u00eda sobre la importancia de cuidar el agua, principalmente en este tiempo que se tiene\",\"inLanguage\":\"es\",\"potentialAction\":[{\"@type\":\"ReadAction\",\"target\":[\"https:\\\/\\\/elinformativotam.com\\\/index.php\\\/2024\\\/04\\\/11\\\/falta-conciencia-para-el-cuidado-del-agua\\\/\"]}]},{\"@type\":\"ImageObject\",\"inLanguage\":\"es\",\"@id\":\"https:\\\/\\\/elinformativotam.com\\\/index.php\\\/2024\\\/04\\\/11\\\/falta-conciencia-para-el-cuidado-del-agua\\\/#primaryimage\",\"url\":\"https:\\\/\\\/elinformativotam.com\\\/wp-content\\\/uploads\\\/2024\\\/04\\\/Fuga.jpeg\",\"contentUrl\":\"https:\\\/\\\/elinformativotam.com\\\/wp-content\\\/uploads\\\/2024\\\/04\\\/Fuga.jpeg\",\"width\":1280,\"height\":1280},{\"@type\":\"WebSite\",\"@id\":\"https:\\\/\\\/elinformativotam.com\\\/#website\",\"url\":\"https:\\\/\\\/elinformativotam.com\\\/\",\"name\":\"EL INFORMATIVO DE TAMAULIPAS\",\"description\":\"Desde la Zona Metropolitana Para Todo M\u00e9xico\",\"publisher\":{\"@id\":\"https:\\\/\\\/elinformativotam.com\\\/#organization\"},\"potentialAction\":[{\"@type\":\"SearchAction\",\"target\":{\"@type\":\"EntryPoint\",\"urlTemplate\":\"https:\\\/\\\/elinformativotam.com\\\/?s={search_term_string}\"},\"query-input\":{\"@type\":\"PropertyValueSpecification\",\"valueRequired\":true,\"valueName\":\"search_term_string\"}}],\"inLanguage\":\"es\"},{\"@type\":\"Organization\",\"@id\":\"https:\\\/\\\/elinformativotam.com\\\/#organization\",\"name\":\"EL INFORMATIVO DE TAMAULIPAS\",\"url\":\"https:\\\/\\\/elinformativotam.com\\\/\",\"logo\":{\"@type\":\"ImageObject\",\"inLanguage\":\"es\",\"@id\":\"https:\\\/\\\/elinformativotam.com\\\/#\\\/schema\\\/logo\\\/image\\\/\",\"url\":\"https:\\\/\\\/elinformativotam.com\\\/wp-content\\\/uploads\\\/2026\\\/02\\\/Cabezal.png\",\"contentUrl\":\"https:\\\/\\\/elinformativotam.com\\\/wp-content\\\/uploads\\\/2026\\\/02\\\/Cabezal.png\",\"width\":960,\"height\":640,\"caption\":\"EL INFORMATIVO DE TAMAULIPAS\"},\"image\":{\"@id\":\"https:\\\/\\\/elinformativotam.com\\\/#\\\/schema\\\/logo\\\/image\\\/\"}},{\"@type\":\"Person\",\"@id\":\"https:\\\/\\\/elinformativotam.com\\\/#\\\/schema\\\/person\\\/78e08040eed0f6110f0c5f83b6153590\",\"name\":\"El Informativo Tam\",\"image\":{\"@type\":\"ImageObject\",\"inLanguage\":\"es\",\"@id\":\"https:\\\/\\\/secure.gravatar.com\\\/avatar\\\/f3b7ad3af540688955925ac610647be00b0cf41feea9c4978b73a707ee86bc53?s=96&d=mm&r=g\",\"url\":\"https:\\\/\\\/secure.gravatar.com\\\/avatar\\\/f3b7ad3af540688955925ac610647be00b0cf41feea9c4978b73a707ee86bc53?s=96&d=mm&r=g\",\"contentUrl\":\"https:\\\/\\\/secure.gravatar.com\\\/avatar\\\/f3b7ad3af540688955925ac610647be00b0cf41feea9c4978b73a707ee86bc53?s=96&d=mm&r=g\",\"caption\":\"El Informativo Tam\"}}]}<\/script>\n<!-- \/ Yoast SEO plugin. -->","yoast_head_json":{"title":"FALTA CONCIENCIA PARA EL CUIDADO DEL AGUA. - EL INFORMATIVO DE TAMAULIPAS","description":"Cd Madero, Tamaulipas.- Es dif\u00edcil lograr concientizar a la ciudadan\u00eda sobre la importancia de cuidar el agua, principalmente en este tiempo que se tiene","robots":{"index":"index","follow":"follow","max-snippet":"max-snippet:-1","max-image-preview":"max-image-preview:large","max-video-preview":"max-video-preview:-1"},"canonical":"https:\/\/elinformativotam.com\/index.php\/2024\/04\/11\/falta-conciencia-para-el-cuidado-del-agua\/","og_locale":"es_MX","og_type":"article","og_title":"FALTA CONCIENCIA PARA EL CUIDADO DEL AGUA. - EL INFORMATIVO DE TAMAULIPAS","og_description":"Cd Madero, Tamaulipas.- Es dif\u00edcil lograr concientizar a la ciudadan\u00eda sobre la importancia de cuidar el agua, principalmente en este tiempo que se tiene","og_url":"https:\/\/elinformativotam.com\/index.php\/2024\/04\/11\/falta-conciencia-para-el-cuidado-del-agua\/","og_site_name":"EL INFORMATIVO DE TAMAULIPAS","article_published_time":"2024-04-11T15:13:03+00:00","og_image":[{"width":1280,"height":1280,"url":"https:\/\/elinformativotam.com\/wp-content\/uploads\/2024\/04\/Fuga.jpeg","type":"image\/jpeg"}],"author":"El Informativo Tam","twitter_card":"summary_large_image","twitter_misc":{"Escrito por":"El Informativo Tam","Tiempo de lectura":"2 minutos"},"schema":{"@context":"https:\/\/schema.org","@graph":[{"@type":"Article","@id":"https:\/\/elinformativotam.com\/index.php\/2024\/04\/11\/falta-conciencia-para-el-cuidado-del-agua\/#article","isPartOf":{"@id":"https:\/\/elinformativotam.com\/index.php\/2024\/04\/11\/falta-conciencia-para-el-cuidado-del-agua\/"},"author":{"name":"El Informativo Tam","@id":"https:\/\/elinformativotam.com\/#\/schema\/person\/78e08040eed0f6110f0c5f83b6153590"},"headline":"FALTA CONCIENCIA PARA EL CUIDADO DEL AGUA.","datePublished":"2024-04-11T15:13:03+00:00","mainEntityOfPage":{"@id":"https:\/\/elinformativotam.com\/index.php\/2024\/04\/11\/falta-conciencia-para-el-cuidado-del-agua\/"},"wordCount":196,"commentCount":0,"publisher":{"@id":"https:\/\/elinformativotam.com\/#organization"},"image":{"@id":"https:\/\/elinformativotam.com\/index.php\/2024\/04\/11\/falta-conciencia-para-el-cuidado-del-agua\/#primaryimage"},"thumbnailUrl":"https:\/\/elinformativotam.com\/wp-content\/uploads\/2024\/04\/Fuga.jpeg","articleSection":["Cd Madero"],"inLanguage":"es","potentialAction":[{"@type":"CommentAction","name":"Comment","target":["https:\/\/elinformativotam.com\/index.php\/2024\/04\/11\/falta-conciencia-para-el-cuidado-del-agua\/#respond"]}]},{"@type":"WebPage","@id":"https:\/\/elinformativotam.com\/index.php\/2024\/04\/11\/falta-conciencia-para-el-cuidado-del-agua\/","url":"https:\/\/elinformativotam.com\/index.php\/2024\/04\/11\/falta-conciencia-para-el-cuidado-del-agua\/","name":"FALTA CONCIENCIA PARA EL CUIDADO DEL AGUA. - EL INFORMATIVO DE TAMAULIPAS","isPartOf":{"@id":"https:\/\/elinformativotam.com\/#website"},"primaryImageOfPage":{"@id":"https:\/\/elinformativotam.com\/index.php\/2024\/04\/11\/falta-conciencia-para-el-cuidado-del-agua\/#primaryimage"},"image":{"@id":"https:\/\/elinformativotam.com\/index.php\/2024\/04\/11\/falta-conciencia-para-el-cuidado-del-agua\/#primaryimage"},"thumbnailUrl":"https:\/\/elinformativotam.com\/wp-content\/uploads\/2024\/04\/Fuga.jpeg","datePublished":"2024-04-11T15:13:03+00:00","description":"Cd Madero, Tamaulipas.- Es dif\u00edcil lograr concientizar a la ciudadan\u00eda sobre la importancia de cuidar el agua, principalmente en este tiempo que se tiene","inLanguage":"es","potentialAction":[{"@type":"ReadAction","target":["https:\/\/elinformativotam.com\/index.php\/2024\/04\/11\/falta-conciencia-para-el-cuidado-del-agua\/"]}]},{"@type":"ImageObject","inLanguage":"es","@id":"https:\/\/elinformativotam.com\/index.php\/2024\/04\/11\/falta-conciencia-para-el-cuidado-del-agua\/#primaryimage","url":"https:\/\/elinformativotam.com\/wp-content\/uploads\/2024\/04\/Fuga.jpeg","contentUrl":"https:\/\/elinformativotam.com\/wp-content\/uploads\/2024\/04\/Fuga.jpeg","width":1280,"height":1280},{"@type":"WebSite","@id":"https:\/\/elinformativotam.com\/#website","url":"https:\/\/elinformativotam.com\/","name":"EL INFORMATIVO DE TAMAULIPAS","description":"Desde la Zona Metropolitana Para Todo M\u00e9xico","publisher":{"@id":"https:\/\/elinformativotam.com\/#organization"},"potentialAction":[{"@type":"SearchAction","target":{"@type":"EntryPoint","urlTemplate":"https:\/\/elinformativotam.com\/?s={search_term_string}"},"query-input":{"@type":"PropertyValueSpecification","valueRequired":true,"valueName":"search_term_string"}}],"inLanguage":"es"},{"@type":"Organization","@id":"https:\/\/elinformativotam.com\/#organization","name":"EL INFORMATIVO DE TAMAULIPAS","url":"https:\/\/elinformativotam.com\/","logo":{"@type":"ImageObject","inLanguage":"es","@id":"https:\/\/elinformativotam.com\/#\/schema\/logo\/image\/","url":"https:\/\/elinformativotam.com\/wp-content\/uploads\/2026\/02\/Cabezal.png","contentUrl":"https:\/\/elinformativotam.com\/wp-content\/uploads\/2026\/02\/Cabezal.png","width":960,"height":640,"caption":"EL INFORMATIVO DE TAMAULIPAS"},"image":{"@id":"https:\/\/elinformativotam.com\/#\/schema\/logo\/image\/"}},{"@type":"Person","@id":"https:\/\/elinformativotam.com\/#\/schema\/person\/78e08040eed0f6110f0c5f83b6153590","name":"El Informativo Tam","image":{"@type":"ImageObject","inLanguage":"es","@id":"https:\/\/secure.gravatar.com\/avatar\/f3b7ad3af540688955925ac610647be00b0cf41feea9c4978b73a707ee86bc53?s=96&d=mm&r=g","url":"https:\/\/secure.gravatar.com\/avatar\/f3b7ad3af540688955925ac610647be00b0cf41feea9c4978b73a707ee86bc53?s=96&d=mm&r=g","contentUrl":"https:\/\/secure.gravatar.com\/avatar\/f3b7ad3af540688955925ac610647be00b0cf41feea9c4978b73a707ee86bc53?s=96&d=mm&r=g","caption":"El Informativo Tam"}}]}},"_links":{"self":[{"href":"https:\/\/elinformativotam.com\/index.php\/wp-json\/wp\/v2\/posts\/50191","targetHints":{"allow":["GET"]}}],"collection":[{"href":"https:\/\/elinformativotam.com\/index.php\/wp-json\/wp\/v2\/posts"}],"about":[{"href":"https:\/\/elinformativotam.com\/index.php\/wp-json\/wp\/v2\/types\/post"}],"author":[{"embeddable":true,"href":"https:\/\/elinformativotam.com\/index.php\/wp-json\/wp\/v2\/users\/1"}],"replies":[{"embeddable":true,"href":"https:\/\/elinformativotam.com\/index.php\/wp-json\/wp\/v2\/comments?post=50191"}],"version-history":[{"count":1,"href":"https:\/\/elinformativotam.com\/index.php\/wp-json\/wp\/v2\/posts\/50191\/revisions"}],"predecessor-version":[{"id":50192,"href":"https:\/\/elinformativotam.com\/index.php\/wp-json\/wp\/v2\/posts\/50191\/revisions\/50192"}],"wp:featuredmedia":[{"embeddable":true,"href":"https:\/\/elinformativotam.com\/index.php\/wp-json\/wp\/v2\/media\/50185"}],"wp:attachment":[{"href":"https:\/\/elinformativotam.com\/index.php\/wp-json\/wp\/v2\/media?parent=50191"}],"wp:term":[{"taxonomy":"category","embeddable":true,"href":"https:\/\/elinformativotam.com\/index.php\/wp-json\/wp\/v2\/categories?post=50191"},{"taxonomy":"post_tag","embeddable":true,"href":"https:\/\/elinformativotam.com\/index.php\/wp-json\/wp\/v2\/tags?post=50191"}],"curies":[{"name":"wp","href":"https:\/\/api.w.org\/{rel}","templated":true}]}}