{"id":50178,"date":"2024-04-11T08:56:00","date_gmt":"2024-04-11T14:56:00","guid":{"rendered":"https:\/\/elinformativotam.com\/?p=50178"},"modified":"2024-04-11T08:56:00","modified_gmt":"2024-04-11T14:56:00","slug":"colapsado-el-sistema-de-salud-del-gobierno-federal-sigue-impactando-a-la-zona-sur","status":"publish","type":"post","link":"https:\/\/elinformativotam.com\/index.php\/2024\/04\/11\/colapsado-el-sistema-de-salud-del-gobierno-federal-sigue-impactando-a-la-zona-sur\/","title":{"rendered":"COLAPSADO EL SISTEMA DE SALUD DEL GOBIERNO FEDERAL; SIGUE IMPACTANDO A LA ZONA SUR"},"content":{"rendered":"<h2 style=\"text-align: center;\"><em><span style=\"font-family: 'times new roman', times;\">*La Falta De Medicamentos, Estudios Y Material M\u00e9dico Sigue Siendo Un Hecho En Todas Las Instituciones M\u00e9dicas De La Zona<\/span><\/em><\/h2>\n<p>&nbsp;<\/p>\n<p>La falta de medicinas para enfermedades cr\u00f3nico degenerativas sigue siendo una asignatura pendiente en el gobierno federal, pues as\u00ed lo demuestran todos los hospitales de la zona sur que arrastran \u00e9ste problema arraigado, advirti\u00f3 la edil porte\u00f1a, Juana Laura Rivera Salas<\/p>\n<p>&nbsp;<\/p>\n<p>Explic\u00f3 que adem\u00e1s del tema de seguridad que impacta a varias entidades, el rubro de la salud es algo que el actual sexenio federal nunca pudo superar, por m\u00e1s cambios que se hayan hecho en la eliminaci\u00f3n de pol\u00edticas p\u00fablicas y la llegada de otras m\u00e1s.<\/p>\n<p>&nbsp;<\/p>\n<p>&#8220;Que no han dado resultados. Ah\u00ed est\u00e1 la megafarmacia, pero antes el Insabi que fue eliminado y ahora el IMSS-Bienestar, que tampoco ha mejorado en nada el abasto de medicamentos en hospitales&#8221;, recalc\u00f3<\/p>\n<p>&nbsp;<\/p>\n<p>La edil porte\u00f1a de la comisi\u00f3n de salud en el cabildo, enfatiz\u00f3 que las quejas de la poblaci\u00f3n y derechohabiencia es constante, pues ante la negativa de los nosocomios en dotar de esa necesidad, han tenido que acudir a la sala de regidores para solicitar una ayuda econ\u00f3mica para la compra del medicamento o en su defecto obtener una donaci\u00f3n del f\u00e1rmaco<\/p>\n<p>&nbsp;<\/p>\n<p>Rivera, dej\u00f3 en claro que no solo en la zona\u00a0 metropolitana o Tamaulipas persiste la problem\u00e1tica, sino m\u00e1s bien en la mayor parte del pa\u00eds se est\u00e1 dando la situaci\u00f3n.<\/p>\n<p>&nbsp;<\/p>\n<p>&#8220;No hay un abasto en forma, est\u00e1 carente por donde lo veamos, el sistema de salud del pa\u00eds est\u00e1 colapsado&#8221;, detall\u00f3<\/p>\n<p>&nbsp;<\/p>\n<p>Remarc\u00f3, que a la semana recibe hasta 15 peticiones de ciudadanos que necesitan resolver alg\u00fan estudio m\u00e9dico, surtir la receta o equipo quir\u00fargico,debido a que las instituciones m\u00e9dicas no cuentan con el servicio, principalmente el IMSS y el Hospital Civil De Tampico.<\/p>\n<p>&nbsp;<\/p>\n<p>&#8220;Es necesario que los tres \u00f3rdenes de gobierno y las mismas Instituciones encargadas en el tema hagan algo por darle soluci\u00f3n a un problema tan arraigado en los \u00faltimos a\u00f1os&#8221;, acot\u00f3.<\/p>\n<p>&nbsp;<\/p>\n","protected":false},"excerpt":{"rendered":"<p>*La Falta De Medicamentos, Estudios Y Material M\u00e9dico Sigue Siendo Un Hecho En Todas Las Instituciones M\u00e9dicas De La Zona&hellip;<\/p>\n","protected":false},"author":1,"featured_media":50180,"comment_status":"open","ping_status":"open","sticky":false,"template":"","format":"standard","meta":{"footnotes":""},"categories":[3],"tags":[],"class_list":["post-50178","post","type-post","status-publish","format-standard","has-post-thumbnail","hentry","category-tampico"],"yoast_head":"<!-- This site is optimized with the Yoast SEO plugin v27.5 - https:\/\/yoast.com\/product\/yoast-seo-wordpress\/ -->\n<title>COLAPSADO EL SISTEMA DE SALUD DEL GOBIERNO FEDERAL; SIGUE IMPACTANDO A LA ZONA SUR - EL INFORMATIVO DE TAMAULIPAS<\/title>\n<meta name=\"description\" content=\"*La Falta De Medicamentos, Estudios Y Material M\u00e9dico Sigue Siendo Un Hecho En Todas Las Instituciones M\u00e9dicas De La Zona &nbsp; La falta de medicinas\" \/>\n<meta name=\"robots\" content=\"index, follow, max-snippet:-1, max-image-preview:large, max-video-preview:-1\" \/>\n<link rel=\"canonical\" href=\"https:\/\/elinformativotam.com\/index.php\/2024\/04\/11\/colapsado-el-sistema-de-salud-del-gobierno-federal-sigue-impactando-a-la-zona-sur\/\" \/>\n<meta property=\"og:locale\" content=\"es_MX\" \/>\n<meta property=\"og:type\" content=\"article\" \/>\n<meta property=\"og:title\" content=\"COLAPSADO EL SISTEMA DE SALUD DEL GOBIERNO FEDERAL; SIGUE IMPACTANDO A LA ZONA SUR - EL INFORMATIVO DE TAMAULIPAS\" \/>\n<meta property=\"og:description\" content=\"*La Falta De Medicamentos, Estudios Y Material M\u00e9dico Sigue Siendo Un Hecho En Todas Las Instituciones M\u00e9dicas De La Zona &nbsp; La falta de medicinas\" \/>\n<meta property=\"og:url\" content=\"https:\/\/elinformativotam.com\/index.php\/2024\/04\/11\/colapsado-el-sistema-de-salud-del-gobierno-federal-sigue-impactando-a-la-zona-sur\/\" \/>\n<meta property=\"og:site_name\" content=\"EL INFORMATIVO DE TAMAULIPAS\" \/>\n<meta property=\"article:published_time\" content=\"2024-04-11T14:56:00+00:00\" \/>\n<meta property=\"og:image\" content=\"https:\/\/elinformativotam.com\/wp-content\/uploads\/2024\/04\/Juana-Laura.jpeg\" \/>\n\t<meta property=\"og:image:width\" content=\"1600\" \/>\n\t<meta property=\"og:image:height\" content=\"1204\" \/>\n\t<meta property=\"og:image:type\" content=\"image\/jpeg\" \/>\n<meta name=\"author\" content=\"El Informativo Tam\" \/>\n<meta name=\"twitter:card\" content=\"summary_large_image\" \/>\n<meta name=\"twitter:label1\" content=\"Escrito por\" \/>\n\t<meta name=\"twitter:data1\" content=\"El Informativo Tam\" \/>\n\t<meta name=\"twitter:label2\" content=\"Tiempo de lectura\" \/>\n\t<meta name=\"twitter:data2\" content=\"2 minutos\" \/>\n<script type=\"application\/ld+json\" class=\"yoast-schema-graph\">{\"@context\":\"https:\\\/\\\/schema.org\",\"@graph\":[{\"@type\":\"Article\",\"@id\":\"https:\\\/\\\/elinformativotam.com\\\/index.php\\\/2024\\\/04\\\/11\\\/colapsado-el-sistema-de-salud-del-gobierno-federal-sigue-impactando-a-la-zona-sur\\\/#article\",\"isPartOf\":{\"@id\":\"https:\\\/\\\/elinformativotam.com\\\/index.php\\\/2024\\\/04\\\/11\\\/colapsado-el-sistema-de-salud-del-gobierno-federal-sigue-impactando-a-la-zona-sur\\\/\"},\"author\":{\"name\":\"El Informativo Tam\",\"@id\":\"https:\\\/\\\/elinformativotam.com\\\/#\\\/schema\\\/person\\\/78e08040eed0f6110f0c5f83b6153590\"},\"headline\":\"COLAPSADO EL SISTEMA DE SALUD DEL GOBIERNO FEDERAL; SIGUE IMPACTANDO A LA ZONA SUR\",\"datePublished\":\"2024-04-11T14:56:00+00:00\",\"mainEntityOfPage\":{\"@id\":\"https:\\\/\\\/elinformativotam.com\\\/index.php\\\/2024\\\/04\\\/11\\\/colapsado-el-sistema-de-salud-del-gobierno-federal-sigue-impactando-a-la-zona-sur\\\/\"},\"wordCount\":376,\"commentCount\":0,\"publisher\":{\"@id\":\"https:\\\/\\\/elinformativotam.com\\\/#organization\"},\"image\":{\"@id\":\"https:\\\/\\\/elinformativotam.com\\\/index.php\\\/2024\\\/04\\\/11\\\/colapsado-el-sistema-de-salud-del-gobierno-federal-sigue-impactando-a-la-zona-sur\\\/#primaryimage\"},\"thumbnailUrl\":\"https:\\\/\\\/elinformativotam.com\\\/wp-content\\\/uploads\\\/2024\\\/04\\\/Juana-Laura.jpeg\",\"articleSection\":[\"Tampico\"],\"inLanguage\":\"es\",\"potentialAction\":[{\"@type\":\"CommentAction\",\"name\":\"Comment\",\"target\":[\"https:\\\/\\\/elinformativotam.com\\\/index.php\\\/2024\\\/04\\\/11\\\/colapsado-el-sistema-de-salud-del-gobierno-federal-sigue-impactando-a-la-zona-sur\\\/#respond\"]}]},{\"@type\":\"WebPage\",\"@id\":\"https:\\\/\\\/elinformativotam.com\\\/index.php\\\/2024\\\/04\\\/11\\\/colapsado-el-sistema-de-salud-del-gobierno-federal-sigue-impactando-a-la-zona-sur\\\/\",\"url\":\"https:\\\/\\\/elinformativotam.com\\\/index.php\\\/2024\\\/04\\\/11\\\/colapsado-el-sistema-de-salud-del-gobierno-federal-sigue-impactando-a-la-zona-sur\\\/\",\"name\":\"COLAPSADO EL SISTEMA DE SALUD DEL GOBIERNO FEDERAL; SIGUE IMPACTANDO A LA ZONA SUR - EL INFORMATIVO DE TAMAULIPAS\",\"isPartOf\":{\"@id\":\"https:\\\/\\\/elinformativotam.com\\\/#website\"},\"primaryImageOfPage\":{\"@id\":\"https:\\\/\\\/elinformativotam.com\\\/index.php\\\/2024\\\/04\\\/11\\\/colapsado-el-sistema-de-salud-del-gobierno-federal-sigue-impactando-a-la-zona-sur\\\/#primaryimage\"},\"image\":{\"@id\":\"https:\\\/\\\/elinformativotam.com\\\/index.php\\\/2024\\\/04\\\/11\\\/colapsado-el-sistema-de-salud-del-gobierno-federal-sigue-impactando-a-la-zona-sur\\\/#primaryimage\"},\"thumbnailUrl\":\"https:\\\/\\\/elinformativotam.com\\\/wp-content\\\/uploads\\\/2024\\\/04\\\/Juana-Laura.jpeg\",\"datePublished\":\"2024-04-11T14:56:00+00:00\",\"description\":\"*La Falta De Medicamentos, Estudios Y Material M\u00e9dico Sigue Siendo Un Hecho En Todas Las Instituciones M\u00e9dicas De La Zona &nbsp; La falta de medicinas\",\"inLanguage\":\"es\",\"potentialAction\":[{\"@type\":\"ReadAction\",\"target\":[\"https:\\\/\\\/elinformativotam.com\\\/index.php\\\/2024\\\/04\\\/11\\\/colapsado-el-sistema-de-salud-del-gobierno-federal-sigue-impactando-a-la-zona-sur\\\/\"]}]},{\"@type\":\"ImageObject\",\"inLanguage\":\"es\",\"@id\":\"https:\\\/\\\/elinformativotam.com\\\/index.php\\\/2024\\\/04\\\/11\\\/colapsado-el-sistema-de-salud-del-gobierno-federal-sigue-impactando-a-la-zona-sur\\\/#primaryimage\",\"url\":\"https:\\\/\\\/elinformativotam.com\\\/wp-content\\\/uploads\\\/2024\\\/04\\\/Juana-Laura.jpeg\",\"contentUrl\":\"https:\\\/\\\/elinformativotam.com\\\/wp-content\\\/uploads\\\/2024\\\/04\\\/Juana-Laura.jpeg\",\"width\":1600,\"height\":1204},{\"@type\":\"WebSite\",\"@id\":\"https:\\\/\\\/elinformativotam.com\\\/#website\",\"url\":\"https:\\\/\\\/elinformativotam.com\\\/\",\"name\":\"EL INFORMATIVO DE TAMAULIPAS\",\"description\":\"Desde la Zona Metropolitana Para Todo M\u00e9xico\",\"publisher\":{\"@id\":\"https:\\\/\\\/elinformativotam.com\\\/#organization\"},\"potentialAction\":[{\"@type\":\"SearchAction\",\"target\":{\"@type\":\"EntryPoint\",\"urlTemplate\":\"https:\\\/\\\/elinformativotam.com\\\/?s={search_term_string}\"},\"query-input\":{\"@type\":\"PropertyValueSpecification\",\"valueRequired\":true,\"valueName\":\"search_term_string\"}}],\"inLanguage\":\"es\"},{\"@type\":\"Organization\",\"@id\":\"https:\\\/\\\/elinformativotam.com\\\/#organization\",\"name\":\"EL INFORMATIVO DE TAMAULIPAS\",\"url\":\"https:\\\/\\\/elinformativotam.com\\\/\",\"logo\":{\"@type\":\"ImageObject\",\"inLanguage\":\"es\",\"@id\":\"https:\\\/\\\/elinformativotam.com\\\/#\\\/schema\\\/logo\\\/image\\\/\",\"url\":\"https:\\\/\\\/elinformativotam.com\\\/wp-content\\\/uploads\\\/2026\\\/02\\\/Cabezal.png\",\"contentUrl\":\"https:\\\/\\\/elinformativotam.com\\\/wp-content\\\/uploads\\\/2026\\\/02\\\/Cabezal.png\",\"width\":960,\"height\":640,\"caption\":\"EL INFORMATIVO DE TAMAULIPAS\"},\"image\":{\"@id\":\"https:\\\/\\\/elinformativotam.com\\\/#\\\/schema\\\/logo\\\/image\\\/\"}},{\"@type\":\"Person\",\"@id\":\"https:\\\/\\\/elinformativotam.com\\\/#\\\/schema\\\/person\\\/78e08040eed0f6110f0c5f83b6153590\",\"name\":\"El Informativo Tam\",\"image\":{\"@type\":\"ImageObject\",\"inLanguage\":\"es\",\"@id\":\"https:\\\/\\\/secure.gravatar.com\\\/avatar\\\/f3b7ad3af540688955925ac610647be00b0cf41feea9c4978b73a707ee86bc53?s=96&d=mm&r=g\",\"url\":\"https:\\\/\\\/secure.gravatar.com\\\/avatar\\\/f3b7ad3af540688955925ac610647be00b0cf41feea9c4978b73a707ee86bc53?s=96&d=mm&r=g\",\"contentUrl\":\"https:\\\/\\\/secure.gravatar.com\\\/avatar\\\/f3b7ad3af540688955925ac610647be00b0cf41feea9c4978b73a707ee86bc53?s=96&d=mm&r=g\",\"caption\":\"El Informativo Tam\"}}]}<\/script>\n<!-- \/ Yoast SEO plugin. -->","yoast_head_json":{"title":"COLAPSADO EL SISTEMA DE SALUD DEL GOBIERNO FEDERAL; SIGUE IMPACTANDO A LA ZONA SUR - EL INFORMATIVO DE TAMAULIPAS","description":"*La Falta De Medicamentos, Estudios Y Material M\u00e9dico Sigue Siendo Un Hecho En Todas Las Instituciones M\u00e9dicas De La Zona &nbsp; La falta de medicinas","robots":{"index":"index","follow":"follow","max-snippet":"max-snippet:-1","max-image-preview":"max-image-preview:large","max-video-preview":"max-video-preview:-1"},"canonical":"https:\/\/elinformativotam.com\/index.php\/2024\/04\/11\/colapsado-el-sistema-de-salud-del-gobierno-federal-sigue-impactando-a-la-zona-sur\/","og_locale":"es_MX","og_type":"article","og_title":"COLAPSADO EL SISTEMA DE SALUD DEL GOBIERNO FEDERAL; SIGUE IMPACTANDO A LA ZONA SUR - EL INFORMATIVO DE TAMAULIPAS","og_description":"*La Falta De Medicamentos, Estudios Y Material M\u00e9dico Sigue Siendo Un Hecho En Todas Las Instituciones M\u00e9dicas De La Zona &nbsp; La falta de medicinas","og_url":"https:\/\/elinformativotam.com\/index.php\/2024\/04\/11\/colapsado-el-sistema-de-salud-del-gobierno-federal-sigue-impactando-a-la-zona-sur\/","og_site_name":"EL INFORMATIVO DE TAMAULIPAS","article_published_time":"2024-04-11T14:56:00+00:00","og_image":[{"width":1600,"height":1204,"url":"https:\/\/elinformativotam.com\/wp-content\/uploads\/2024\/04\/Juana-Laura.jpeg","type":"image\/jpeg"}],"author":"El Informativo Tam","twitter_card":"summary_large_image","twitter_misc":{"Escrito por":"El Informativo Tam","Tiempo de lectura":"2 minutos"},"schema":{"@context":"https:\/\/schema.org","@graph":[{"@type":"Article","@id":"https:\/\/elinformativotam.com\/index.php\/2024\/04\/11\/colapsado-el-sistema-de-salud-del-gobierno-federal-sigue-impactando-a-la-zona-sur\/#article","isPartOf":{"@id":"https:\/\/elinformativotam.com\/index.php\/2024\/04\/11\/colapsado-el-sistema-de-salud-del-gobierno-federal-sigue-impactando-a-la-zona-sur\/"},"author":{"name":"El Informativo Tam","@id":"https:\/\/elinformativotam.com\/#\/schema\/person\/78e08040eed0f6110f0c5f83b6153590"},"headline":"COLAPSADO EL SISTEMA DE SALUD DEL GOBIERNO FEDERAL; SIGUE IMPACTANDO A LA ZONA SUR","datePublished":"2024-04-11T14:56:00+00:00","mainEntityOfPage":{"@id":"https:\/\/elinformativotam.com\/index.php\/2024\/04\/11\/colapsado-el-sistema-de-salud-del-gobierno-federal-sigue-impactando-a-la-zona-sur\/"},"wordCount":376,"commentCount":0,"publisher":{"@id":"https:\/\/elinformativotam.com\/#organization"},"image":{"@id":"https:\/\/elinformativotam.com\/index.php\/2024\/04\/11\/colapsado-el-sistema-de-salud-del-gobierno-federal-sigue-impactando-a-la-zona-sur\/#primaryimage"},"thumbnailUrl":"https:\/\/elinformativotam.com\/wp-content\/uploads\/2024\/04\/Juana-Laura.jpeg","articleSection":["Tampico"],"inLanguage":"es","potentialAction":[{"@type":"CommentAction","name":"Comment","target":["https:\/\/elinformativotam.com\/index.php\/2024\/04\/11\/colapsado-el-sistema-de-salud-del-gobierno-federal-sigue-impactando-a-la-zona-sur\/#respond"]}]},{"@type":"WebPage","@id":"https:\/\/elinformativotam.com\/index.php\/2024\/04\/11\/colapsado-el-sistema-de-salud-del-gobierno-federal-sigue-impactando-a-la-zona-sur\/","url":"https:\/\/elinformativotam.com\/index.php\/2024\/04\/11\/colapsado-el-sistema-de-salud-del-gobierno-federal-sigue-impactando-a-la-zona-sur\/","name":"COLAPSADO EL SISTEMA DE SALUD DEL GOBIERNO FEDERAL; SIGUE IMPACTANDO A LA ZONA SUR - EL INFORMATIVO DE TAMAULIPAS","isPartOf":{"@id":"https:\/\/elinformativotam.com\/#website"},"primaryImageOfPage":{"@id":"https:\/\/elinformativotam.com\/index.php\/2024\/04\/11\/colapsado-el-sistema-de-salud-del-gobierno-federal-sigue-impactando-a-la-zona-sur\/#primaryimage"},"image":{"@id":"https:\/\/elinformativotam.com\/index.php\/2024\/04\/11\/colapsado-el-sistema-de-salud-del-gobierno-federal-sigue-impactando-a-la-zona-sur\/#primaryimage"},"thumbnailUrl":"https:\/\/elinformativotam.com\/wp-content\/uploads\/2024\/04\/Juana-Laura.jpeg","datePublished":"2024-04-11T14:56:00+00:00","description":"*La Falta De Medicamentos, Estudios Y Material M\u00e9dico Sigue Siendo Un Hecho En Todas Las Instituciones M\u00e9dicas De La Zona &nbsp; La falta de medicinas","inLanguage":"es","potentialAction":[{"@type":"ReadAction","target":["https:\/\/elinformativotam.com\/index.php\/2024\/04\/11\/colapsado-el-sistema-de-salud-del-gobierno-federal-sigue-impactando-a-la-zona-sur\/"]}]},{"@type":"ImageObject","inLanguage":"es","@id":"https:\/\/elinformativotam.com\/index.php\/2024\/04\/11\/colapsado-el-sistema-de-salud-del-gobierno-federal-sigue-impactando-a-la-zona-sur\/#primaryimage","url":"https:\/\/elinformativotam.com\/wp-content\/uploads\/2024\/04\/Juana-Laura.jpeg","contentUrl":"https:\/\/elinformativotam.com\/wp-content\/uploads\/2024\/04\/Juana-Laura.jpeg","width":1600,"height":1204},{"@type":"WebSite","@id":"https:\/\/elinformativotam.com\/#website","url":"https:\/\/elinformativotam.com\/","name":"EL INFORMATIVO DE TAMAULIPAS","description":"Desde la Zona Metropolitana Para Todo M\u00e9xico","publisher":{"@id":"https:\/\/elinformativotam.com\/#organization"},"potentialAction":[{"@type":"SearchAction","target":{"@type":"EntryPoint","urlTemplate":"https:\/\/elinformativotam.com\/?s={search_term_string}"},"query-input":{"@type":"PropertyValueSpecification","valueRequired":true,"valueName":"search_term_string"}}],"inLanguage":"es"},{"@type":"Organization","@id":"https:\/\/elinformativotam.com\/#organization","name":"EL INFORMATIVO DE TAMAULIPAS","url":"https:\/\/elinformativotam.com\/","logo":{"@type":"ImageObject","inLanguage":"es","@id":"https:\/\/elinformativotam.com\/#\/schema\/logo\/image\/","url":"https:\/\/elinformativotam.com\/wp-content\/uploads\/2026\/02\/Cabezal.png","contentUrl":"https:\/\/elinformativotam.com\/wp-content\/uploads\/2026\/02\/Cabezal.png","width":960,"height":640,"caption":"EL INFORMATIVO DE TAMAULIPAS"},"image":{"@id":"https:\/\/elinformativotam.com\/#\/schema\/logo\/image\/"}},{"@type":"Person","@id":"https:\/\/elinformativotam.com\/#\/schema\/person\/78e08040eed0f6110f0c5f83b6153590","name":"El Informativo Tam","image":{"@type":"ImageObject","inLanguage":"es","@id":"https:\/\/secure.gravatar.com\/avatar\/f3b7ad3af540688955925ac610647be00b0cf41feea9c4978b73a707ee86bc53?s=96&d=mm&r=g","url":"https:\/\/secure.gravatar.com\/avatar\/f3b7ad3af540688955925ac610647be00b0cf41feea9c4978b73a707ee86bc53?s=96&d=mm&r=g","contentUrl":"https:\/\/secure.gravatar.com\/avatar\/f3b7ad3af540688955925ac610647be00b0cf41feea9c4978b73a707ee86bc53?s=96&d=mm&r=g","caption":"El Informativo Tam"}}]}},"_links":{"self":[{"href":"https:\/\/elinformativotam.com\/index.php\/wp-json\/wp\/v2\/posts\/50178","targetHints":{"allow":["GET"]}}],"collection":[{"href":"https:\/\/elinformativotam.com\/index.php\/wp-json\/wp\/v2\/posts"}],"about":[{"href":"https:\/\/elinformativotam.com\/index.php\/wp-json\/wp\/v2\/types\/post"}],"author":[{"embeddable":true,"href":"https:\/\/elinformativotam.com\/index.php\/wp-json\/wp\/v2\/users\/1"}],"replies":[{"embeddable":true,"href":"https:\/\/elinformativotam.com\/index.php\/wp-json\/wp\/v2\/comments?post=50178"}],"version-history":[{"count":1,"href":"https:\/\/elinformativotam.com\/index.php\/wp-json\/wp\/v2\/posts\/50178\/revisions"}],"predecessor-version":[{"id":50181,"href":"https:\/\/elinformativotam.com\/index.php\/wp-json\/wp\/v2\/posts\/50178\/revisions\/50181"}],"wp:featuredmedia":[{"embeddable":true,"href":"https:\/\/elinformativotam.com\/index.php\/wp-json\/wp\/v2\/media\/50180"}],"wp:attachment":[{"href":"https:\/\/elinformativotam.com\/index.php\/wp-json\/wp\/v2\/media?parent=50178"}],"wp:term":[{"taxonomy":"category","embeddable":true,"href":"https:\/\/elinformativotam.com\/index.php\/wp-json\/wp\/v2\/categories?post=50178"},{"taxonomy":"post_tag","embeddable":true,"href":"https:\/\/elinformativotam.com\/index.php\/wp-json\/wp\/v2\/tags?post=50178"}],"curies":[{"name":"wp","href":"https:\/\/api.w.org\/{rel}","templated":true}]}}