{"id":50159,"date":"2024-04-09T22:00:58","date_gmt":"2024-04-10T04:00:58","guid":{"rendered":"https:\/\/elinformativotam.com\/?p=50159"},"modified":"2024-04-09T22:00:58","modified_gmt":"2024-04-10T04:00:58","slug":"festejara-tampico-el-201-aniversario-de-su-fundacion-este-proximo-viernes","status":"publish","type":"post","link":"https:\/\/elinformativotam.com\/index.php\/2024\/04\/09\/festejara-tampico-el-201-aniversario-de-su-fundacion-este-proximo-viernes\/","title":{"rendered":"FESTEJAR\u00c1 TAMPICO EL 201 ANIVERSARIO DE SU FUNDACI\u00d3N ESTE PR\u00d3XIMO VIERNES"},"content":{"rendered":"<h2 style=\"text-align: center;\"><em><span style=\"font-family: 'times new roman', times;\">*La Celebraci\u00f3n Dar\u00e1 Inicio A Las 11 De La Ma\u00f1ana Con El Recorrido De Las Carretas Por La Avenida Hidalgo<\/span><\/em><\/h2>\n<p>&nbsp;<\/p>\n<p>&nbsp;<\/p>\n<p>Ser\u00e1 este pr\u00f3ximo viernes 12 de Abril cu\u00e1ndo Tampico celebre el 201aniversario de su fundaci\u00f3n, y para ello se contempla un magno evento que dar\u00e1 inicio a las 11 de la ma\u00f1ana con una caminata y desfile de carretas a la usanza de aquellas \u00e9pocas, se\u00f1al\u00f3 Elvia Holguera Altamirano.<\/p>\n<p>&nbsp;<\/p>\n<p>La Secretaria de Turismo del Municipio, destac\u00f3 que la comitiva procedente de Altamira, iniciar\u00e1 su recorrido por la avenida hidalgo, a la altura del cementerio, donde las carreteras de 1823 partir\u00e1n hasta llegar a la plaza de los fundadores, donde se montar\u00e1 una guardia de honor encabezada por los alcaldes de ambas ciudades y autoridades, para despu\u00e9s establecer una ofrenda floral en memoria de aquellas personas que decidieron hacer la traves\u00eda hasta \u00e9ste puerto.<\/p>\n<p>&nbsp;<\/p>\n<p>Remarc\u00f3 que despu\u00e9s del recibimiento, los alcaldes, autoridades e invitados, iniciar\u00e1n una caminata hasta arribar a la plaza de Armas, frente al p\u00f3rtico del Palacio Municipal, donde los cabildos de Tampico y Altamira sesionar\u00e1n de manera extraordinaria, no sin antes recordar los pasajes hist\u00f3ricos que vivieron los pobladores de Tampico para comenzar a darle forma a lo que hoy es la zona centro.<\/p>\n<p>&nbsp;<\/p>\n<p>Holguera, manifest\u00f3 que durante la sesi\u00f3n solemne de cabildo se llevar\u00e1 a cabo un homenaje p\u00f3stumo y entregada de la presa Fray Andr\u00e9s de Olmos, al empresario Eduardo Vela Ru\u00edz.<\/p>\n<p>&nbsp;<\/p>\n<p>Despu\u00e9s de dicha sesi\u00f3n de ambos cabildos se realizar\u00e1 la tradicional verbena popular en la plaza de Armas, donde se ofrecer\u00e1n los tradicionales platillos de la ciudad y la regi\u00f3n.<\/p>\n<p>&nbsp;<\/p>\n<p>&#8220;Ser\u00e1 un evento conmemorativo muy importante para Tampico, recordemos que el a\u00f1o pasado festejamos el bicentenario de la fundaci\u00f3n, y ahora buscamos cerrar con broche de oro estas festividades del trienio&#8221;, resalt\u00f3<\/p>\n<p>&nbsp;<\/p>\n<p>La funcionaria municipal expres\u00f3 que Tampico ha alcanzando un nivel de reconocimiento importante en los \u00faltimos a\u00f1os, pues gracias al comercio, a la tranquilidad social e inversi\u00f3n, la ciudad muestra un rostro de crecimiento en todos los sentidos.<\/p>\n","protected":false},"excerpt":{"rendered":"<p>*La Celebraci\u00f3n Dar\u00e1 Inicio A Las 11 De La Ma\u00f1ana Con El Recorrido De Las Carretas Por La Avenida Hidalgo&hellip;<\/p>\n","protected":false},"author":1,"featured_media":50160,"comment_status":"open","ping_status":"open","sticky":false,"template":"","format":"standard","meta":{"footnotes":""},"categories":[3],"tags":[],"class_list":["post-50159","post","type-post","status-publish","format-standard","has-post-thumbnail","hentry","category-tampico"],"yoast_head":"<!-- This site is optimized with the Yoast SEO plugin v27.5 - https:\/\/yoast.com\/product\/yoast-seo-wordpress\/ -->\n<title>FESTEJAR\u00c1 TAMPICO EL 201 ANIVERSARIO DE SU FUNDACI\u00d3N ESTE PR\u00d3XIMO VIERNES - EL INFORMATIVO DE TAMAULIPAS<\/title>\n<meta name=\"description\" content=\"*La Celebraci\u00f3n Dar\u00e1 Inicio A Las 11 De La Ma\u00f1ana Con El Recorrido De Las Carretas Por La Avenida Hidalgo &nbsp; &nbsp; Ser\u00e1 este pr\u00f3ximo viernes 12 de\" \/>\n<meta name=\"robots\" content=\"index, follow, max-snippet:-1, max-image-preview:large, max-video-preview:-1\" \/>\n<link rel=\"canonical\" href=\"https:\/\/elinformativotam.com\/index.php\/2024\/04\/09\/festejara-tampico-el-201-aniversario-de-su-fundacion-este-proximo-viernes\/\" \/>\n<meta property=\"og:locale\" content=\"es_MX\" \/>\n<meta property=\"og:type\" content=\"article\" \/>\n<meta property=\"og:title\" content=\"FESTEJAR\u00c1 TAMPICO EL 201 ANIVERSARIO DE SU FUNDACI\u00d3N ESTE PR\u00d3XIMO VIERNES - EL INFORMATIVO DE TAMAULIPAS\" \/>\n<meta property=\"og:description\" content=\"*La Celebraci\u00f3n Dar\u00e1 Inicio A Las 11 De La Ma\u00f1ana Con El Recorrido De Las Carretas Por La Avenida Hidalgo &nbsp; &nbsp; Ser\u00e1 este pr\u00f3ximo viernes 12 de\" \/>\n<meta property=\"og:url\" content=\"https:\/\/elinformativotam.com\/index.php\/2024\/04\/09\/festejara-tampico-el-201-aniversario-de-su-fundacion-este-proximo-viernes\/\" \/>\n<meta property=\"og:site_name\" content=\"EL INFORMATIVO DE TAMAULIPAS\" \/>\n<meta property=\"article:published_time\" content=\"2024-04-10T04:00:58+00:00\" \/>\n<meta property=\"og:image\" content=\"https:\/\/elinformativotam.com\/wp-content\/uploads\/2024\/04\/Elvia-Holguera-1.jpeg\" \/>\n\t<meta property=\"og:image:width\" content=\"1600\" \/>\n\t<meta property=\"og:image:height\" content=\"1204\" \/>\n\t<meta property=\"og:image:type\" content=\"image\/jpeg\" \/>\n<meta name=\"author\" content=\"El Informativo Tam\" \/>\n<meta name=\"twitter:card\" content=\"summary_large_image\" \/>\n<meta name=\"twitter:label1\" content=\"Escrito por\" \/>\n\t<meta name=\"twitter:data1\" content=\"El Informativo Tam\" \/>\n\t<meta name=\"twitter:label2\" content=\"Tiempo de lectura\" \/>\n\t<meta name=\"twitter:data2\" content=\"2 minutos\" \/>\n<script type=\"application\/ld+json\" class=\"yoast-schema-graph\">{\"@context\":\"https:\\\/\\\/schema.org\",\"@graph\":[{\"@type\":\"Article\",\"@id\":\"https:\\\/\\\/elinformativotam.com\\\/index.php\\\/2024\\\/04\\\/09\\\/festejara-tampico-el-201-aniversario-de-su-fundacion-este-proximo-viernes\\\/#article\",\"isPartOf\":{\"@id\":\"https:\\\/\\\/elinformativotam.com\\\/index.php\\\/2024\\\/04\\\/09\\\/festejara-tampico-el-201-aniversario-de-su-fundacion-este-proximo-viernes\\\/\"},\"author\":{\"name\":\"El Informativo Tam\",\"@id\":\"https:\\\/\\\/elinformativotam.com\\\/#\\\/schema\\\/person\\\/78e08040eed0f6110f0c5f83b6153590\"},\"headline\":\"FESTEJAR\u00c1 TAMPICO EL 201 ANIVERSARIO DE SU FUNDACI\u00d3N ESTE PR\u00d3XIMO VIERNES\",\"datePublished\":\"2024-04-10T04:00:58+00:00\",\"mainEntityOfPage\":{\"@id\":\"https:\\\/\\\/elinformativotam.com\\\/index.php\\\/2024\\\/04\\\/09\\\/festejara-tampico-el-201-aniversario-de-su-fundacion-este-proximo-viernes\\\/\"},\"wordCount\":379,\"commentCount\":0,\"publisher\":{\"@id\":\"https:\\\/\\\/elinformativotam.com\\\/#organization\"},\"image\":{\"@id\":\"https:\\\/\\\/elinformativotam.com\\\/index.php\\\/2024\\\/04\\\/09\\\/festejara-tampico-el-201-aniversario-de-su-fundacion-este-proximo-viernes\\\/#primaryimage\"},\"thumbnailUrl\":\"https:\\\/\\\/elinformativotam.com\\\/wp-content\\\/uploads\\\/2024\\\/04\\\/Elvia-Holguera-1.jpeg\",\"articleSection\":[\"Tampico\"],\"inLanguage\":\"es\",\"potentialAction\":[{\"@type\":\"CommentAction\",\"name\":\"Comment\",\"target\":[\"https:\\\/\\\/elinformativotam.com\\\/index.php\\\/2024\\\/04\\\/09\\\/festejara-tampico-el-201-aniversario-de-su-fundacion-este-proximo-viernes\\\/#respond\"]}]},{\"@type\":\"WebPage\",\"@id\":\"https:\\\/\\\/elinformativotam.com\\\/index.php\\\/2024\\\/04\\\/09\\\/festejara-tampico-el-201-aniversario-de-su-fundacion-este-proximo-viernes\\\/\",\"url\":\"https:\\\/\\\/elinformativotam.com\\\/index.php\\\/2024\\\/04\\\/09\\\/festejara-tampico-el-201-aniversario-de-su-fundacion-este-proximo-viernes\\\/\",\"name\":\"FESTEJAR\u00c1 TAMPICO EL 201 ANIVERSARIO DE SU FUNDACI\u00d3N ESTE PR\u00d3XIMO VIERNES - EL INFORMATIVO DE TAMAULIPAS\",\"isPartOf\":{\"@id\":\"https:\\\/\\\/elinformativotam.com\\\/#website\"},\"primaryImageOfPage\":{\"@id\":\"https:\\\/\\\/elinformativotam.com\\\/index.php\\\/2024\\\/04\\\/09\\\/festejara-tampico-el-201-aniversario-de-su-fundacion-este-proximo-viernes\\\/#primaryimage\"},\"image\":{\"@id\":\"https:\\\/\\\/elinformativotam.com\\\/index.php\\\/2024\\\/04\\\/09\\\/festejara-tampico-el-201-aniversario-de-su-fundacion-este-proximo-viernes\\\/#primaryimage\"},\"thumbnailUrl\":\"https:\\\/\\\/elinformativotam.com\\\/wp-content\\\/uploads\\\/2024\\\/04\\\/Elvia-Holguera-1.jpeg\",\"datePublished\":\"2024-04-10T04:00:58+00:00\",\"description\":\"*La Celebraci\u00f3n Dar\u00e1 Inicio A Las 11 De La Ma\u00f1ana Con El Recorrido De Las Carretas Por La Avenida Hidalgo &nbsp; &nbsp; Ser\u00e1 este pr\u00f3ximo viernes 12 de\",\"inLanguage\":\"es\",\"potentialAction\":[{\"@type\":\"ReadAction\",\"target\":[\"https:\\\/\\\/elinformativotam.com\\\/index.php\\\/2024\\\/04\\\/09\\\/festejara-tampico-el-201-aniversario-de-su-fundacion-este-proximo-viernes\\\/\"]}]},{\"@type\":\"ImageObject\",\"inLanguage\":\"es\",\"@id\":\"https:\\\/\\\/elinformativotam.com\\\/index.php\\\/2024\\\/04\\\/09\\\/festejara-tampico-el-201-aniversario-de-su-fundacion-este-proximo-viernes\\\/#primaryimage\",\"url\":\"https:\\\/\\\/elinformativotam.com\\\/wp-content\\\/uploads\\\/2024\\\/04\\\/Elvia-Holguera-1.jpeg\",\"contentUrl\":\"https:\\\/\\\/elinformativotam.com\\\/wp-content\\\/uploads\\\/2024\\\/04\\\/Elvia-Holguera-1.jpeg\",\"width\":1600,\"height\":1204},{\"@type\":\"WebSite\",\"@id\":\"https:\\\/\\\/elinformativotam.com\\\/#website\",\"url\":\"https:\\\/\\\/elinformativotam.com\\\/\",\"name\":\"EL INFORMATIVO DE TAMAULIPAS\",\"description\":\"Desde la Zona Metropolitana Para Todo M\u00e9xico\",\"publisher\":{\"@id\":\"https:\\\/\\\/elinformativotam.com\\\/#organization\"},\"potentialAction\":[{\"@type\":\"SearchAction\",\"target\":{\"@type\":\"EntryPoint\",\"urlTemplate\":\"https:\\\/\\\/elinformativotam.com\\\/?s={search_term_string}\"},\"query-input\":{\"@type\":\"PropertyValueSpecification\",\"valueRequired\":true,\"valueName\":\"search_term_string\"}}],\"inLanguage\":\"es\"},{\"@type\":\"Organization\",\"@id\":\"https:\\\/\\\/elinformativotam.com\\\/#organization\",\"name\":\"EL INFORMATIVO DE TAMAULIPAS\",\"url\":\"https:\\\/\\\/elinformativotam.com\\\/\",\"logo\":{\"@type\":\"ImageObject\",\"inLanguage\":\"es\",\"@id\":\"https:\\\/\\\/elinformativotam.com\\\/#\\\/schema\\\/logo\\\/image\\\/\",\"url\":\"https:\\\/\\\/elinformativotam.com\\\/wp-content\\\/uploads\\\/2026\\\/02\\\/Cabezal.png\",\"contentUrl\":\"https:\\\/\\\/elinformativotam.com\\\/wp-content\\\/uploads\\\/2026\\\/02\\\/Cabezal.png\",\"width\":960,\"height\":640,\"caption\":\"EL INFORMATIVO DE TAMAULIPAS\"},\"image\":{\"@id\":\"https:\\\/\\\/elinformativotam.com\\\/#\\\/schema\\\/logo\\\/image\\\/\"}},{\"@type\":\"Person\",\"@id\":\"https:\\\/\\\/elinformativotam.com\\\/#\\\/schema\\\/person\\\/78e08040eed0f6110f0c5f83b6153590\",\"name\":\"El Informativo Tam\",\"image\":{\"@type\":\"ImageObject\",\"inLanguage\":\"es\",\"@id\":\"https:\\\/\\\/secure.gravatar.com\\\/avatar\\\/f3b7ad3af540688955925ac610647be00b0cf41feea9c4978b73a707ee86bc53?s=96&d=mm&r=g\",\"url\":\"https:\\\/\\\/secure.gravatar.com\\\/avatar\\\/f3b7ad3af540688955925ac610647be00b0cf41feea9c4978b73a707ee86bc53?s=96&d=mm&r=g\",\"contentUrl\":\"https:\\\/\\\/secure.gravatar.com\\\/avatar\\\/f3b7ad3af540688955925ac610647be00b0cf41feea9c4978b73a707ee86bc53?s=96&d=mm&r=g\",\"caption\":\"El Informativo Tam\"}}]}<\/script>\n<!-- \/ Yoast SEO plugin. -->","yoast_head_json":{"title":"FESTEJAR\u00c1 TAMPICO EL 201 ANIVERSARIO DE SU FUNDACI\u00d3N ESTE PR\u00d3XIMO VIERNES - EL INFORMATIVO DE TAMAULIPAS","description":"*La Celebraci\u00f3n Dar\u00e1 Inicio A Las 11 De La Ma\u00f1ana Con El Recorrido De Las Carretas Por La Avenida Hidalgo &nbsp; &nbsp; Ser\u00e1 este pr\u00f3ximo viernes 12 de","robots":{"index":"index","follow":"follow","max-snippet":"max-snippet:-1","max-image-preview":"max-image-preview:large","max-video-preview":"max-video-preview:-1"},"canonical":"https:\/\/elinformativotam.com\/index.php\/2024\/04\/09\/festejara-tampico-el-201-aniversario-de-su-fundacion-este-proximo-viernes\/","og_locale":"es_MX","og_type":"article","og_title":"FESTEJAR\u00c1 TAMPICO EL 201 ANIVERSARIO DE SU FUNDACI\u00d3N ESTE PR\u00d3XIMO VIERNES - EL INFORMATIVO DE TAMAULIPAS","og_description":"*La Celebraci\u00f3n Dar\u00e1 Inicio A Las 11 De La Ma\u00f1ana Con El Recorrido De Las Carretas Por La Avenida Hidalgo &nbsp; &nbsp; Ser\u00e1 este pr\u00f3ximo viernes 12 de","og_url":"https:\/\/elinformativotam.com\/index.php\/2024\/04\/09\/festejara-tampico-el-201-aniversario-de-su-fundacion-este-proximo-viernes\/","og_site_name":"EL INFORMATIVO DE TAMAULIPAS","article_published_time":"2024-04-10T04:00:58+00:00","og_image":[{"width":1600,"height":1204,"url":"https:\/\/elinformativotam.com\/wp-content\/uploads\/2024\/04\/Elvia-Holguera-1.jpeg","type":"image\/jpeg"}],"author":"El Informativo Tam","twitter_card":"summary_large_image","twitter_misc":{"Escrito por":"El Informativo Tam","Tiempo de lectura":"2 minutos"},"schema":{"@context":"https:\/\/schema.org","@graph":[{"@type":"Article","@id":"https:\/\/elinformativotam.com\/index.php\/2024\/04\/09\/festejara-tampico-el-201-aniversario-de-su-fundacion-este-proximo-viernes\/#article","isPartOf":{"@id":"https:\/\/elinformativotam.com\/index.php\/2024\/04\/09\/festejara-tampico-el-201-aniversario-de-su-fundacion-este-proximo-viernes\/"},"author":{"name":"El Informativo Tam","@id":"https:\/\/elinformativotam.com\/#\/schema\/person\/78e08040eed0f6110f0c5f83b6153590"},"headline":"FESTEJAR\u00c1 TAMPICO EL 201 ANIVERSARIO DE SU FUNDACI\u00d3N ESTE PR\u00d3XIMO VIERNES","datePublished":"2024-04-10T04:00:58+00:00","mainEntityOfPage":{"@id":"https:\/\/elinformativotam.com\/index.php\/2024\/04\/09\/festejara-tampico-el-201-aniversario-de-su-fundacion-este-proximo-viernes\/"},"wordCount":379,"commentCount":0,"publisher":{"@id":"https:\/\/elinformativotam.com\/#organization"},"image":{"@id":"https:\/\/elinformativotam.com\/index.php\/2024\/04\/09\/festejara-tampico-el-201-aniversario-de-su-fundacion-este-proximo-viernes\/#primaryimage"},"thumbnailUrl":"https:\/\/elinformativotam.com\/wp-content\/uploads\/2024\/04\/Elvia-Holguera-1.jpeg","articleSection":["Tampico"],"inLanguage":"es","potentialAction":[{"@type":"CommentAction","name":"Comment","target":["https:\/\/elinformativotam.com\/index.php\/2024\/04\/09\/festejara-tampico-el-201-aniversario-de-su-fundacion-este-proximo-viernes\/#respond"]}]},{"@type":"WebPage","@id":"https:\/\/elinformativotam.com\/index.php\/2024\/04\/09\/festejara-tampico-el-201-aniversario-de-su-fundacion-este-proximo-viernes\/","url":"https:\/\/elinformativotam.com\/index.php\/2024\/04\/09\/festejara-tampico-el-201-aniversario-de-su-fundacion-este-proximo-viernes\/","name":"FESTEJAR\u00c1 TAMPICO EL 201 ANIVERSARIO DE SU FUNDACI\u00d3N ESTE PR\u00d3XIMO VIERNES - EL INFORMATIVO DE TAMAULIPAS","isPartOf":{"@id":"https:\/\/elinformativotam.com\/#website"},"primaryImageOfPage":{"@id":"https:\/\/elinformativotam.com\/index.php\/2024\/04\/09\/festejara-tampico-el-201-aniversario-de-su-fundacion-este-proximo-viernes\/#primaryimage"},"image":{"@id":"https:\/\/elinformativotam.com\/index.php\/2024\/04\/09\/festejara-tampico-el-201-aniversario-de-su-fundacion-este-proximo-viernes\/#primaryimage"},"thumbnailUrl":"https:\/\/elinformativotam.com\/wp-content\/uploads\/2024\/04\/Elvia-Holguera-1.jpeg","datePublished":"2024-04-10T04:00:58+00:00","description":"*La Celebraci\u00f3n Dar\u00e1 Inicio A Las 11 De La Ma\u00f1ana Con El Recorrido De Las Carretas Por La Avenida Hidalgo &nbsp; &nbsp; Ser\u00e1 este pr\u00f3ximo viernes 12 de","inLanguage":"es","potentialAction":[{"@type":"ReadAction","target":["https:\/\/elinformativotam.com\/index.php\/2024\/04\/09\/festejara-tampico-el-201-aniversario-de-su-fundacion-este-proximo-viernes\/"]}]},{"@type":"ImageObject","inLanguage":"es","@id":"https:\/\/elinformativotam.com\/index.php\/2024\/04\/09\/festejara-tampico-el-201-aniversario-de-su-fundacion-este-proximo-viernes\/#primaryimage","url":"https:\/\/elinformativotam.com\/wp-content\/uploads\/2024\/04\/Elvia-Holguera-1.jpeg","contentUrl":"https:\/\/elinformativotam.com\/wp-content\/uploads\/2024\/04\/Elvia-Holguera-1.jpeg","width":1600,"height":1204},{"@type":"WebSite","@id":"https:\/\/elinformativotam.com\/#website","url":"https:\/\/elinformativotam.com\/","name":"EL INFORMATIVO DE TAMAULIPAS","description":"Desde la Zona Metropolitana Para Todo M\u00e9xico","publisher":{"@id":"https:\/\/elinformativotam.com\/#organization"},"potentialAction":[{"@type":"SearchAction","target":{"@type":"EntryPoint","urlTemplate":"https:\/\/elinformativotam.com\/?s={search_term_string}"},"query-input":{"@type":"PropertyValueSpecification","valueRequired":true,"valueName":"search_term_string"}}],"inLanguage":"es"},{"@type":"Organization","@id":"https:\/\/elinformativotam.com\/#organization","name":"EL INFORMATIVO DE TAMAULIPAS","url":"https:\/\/elinformativotam.com\/","logo":{"@type":"ImageObject","inLanguage":"es","@id":"https:\/\/elinformativotam.com\/#\/schema\/logo\/image\/","url":"https:\/\/elinformativotam.com\/wp-content\/uploads\/2026\/02\/Cabezal.png","contentUrl":"https:\/\/elinformativotam.com\/wp-content\/uploads\/2026\/02\/Cabezal.png","width":960,"height":640,"caption":"EL INFORMATIVO DE TAMAULIPAS"},"image":{"@id":"https:\/\/elinformativotam.com\/#\/schema\/logo\/image\/"}},{"@type":"Person","@id":"https:\/\/elinformativotam.com\/#\/schema\/person\/78e08040eed0f6110f0c5f83b6153590","name":"El Informativo Tam","image":{"@type":"ImageObject","inLanguage":"es","@id":"https:\/\/secure.gravatar.com\/avatar\/f3b7ad3af540688955925ac610647be00b0cf41feea9c4978b73a707ee86bc53?s=96&d=mm&r=g","url":"https:\/\/secure.gravatar.com\/avatar\/f3b7ad3af540688955925ac610647be00b0cf41feea9c4978b73a707ee86bc53?s=96&d=mm&r=g","contentUrl":"https:\/\/secure.gravatar.com\/avatar\/f3b7ad3af540688955925ac610647be00b0cf41feea9c4978b73a707ee86bc53?s=96&d=mm&r=g","caption":"El Informativo Tam"}}]}},"_links":{"self":[{"href":"https:\/\/elinformativotam.com\/index.php\/wp-json\/wp\/v2\/posts\/50159","targetHints":{"allow":["GET"]}}],"collection":[{"href":"https:\/\/elinformativotam.com\/index.php\/wp-json\/wp\/v2\/posts"}],"about":[{"href":"https:\/\/elinformativotam.com\/index.php\/wp-json\/wp\/v2\/types\/post"}],"author":[{"embeddable":true,"href":"https:\/\/elinformativotam.com\/index.php\/wp-json\/wp\/v2\/users\/1"}],"replies":[{"embeddable":true,"href":"https:\/\/elinformativotam.com\/index.php\/wp-json\/wp\/v2\/comments?post=50159"}],"version-history":[{"count":1,"href":"https:\/\/elinformativotam.com\/index.php\/wp-json\/wp\/v2\/posts\/50159\/revisions"}],"predecessor-version":[{"id":50161,"href":"https:\/\/elinformativotam.com\/index.php\/wp-json\/wp\/v2\/posts\/50159\/revisions\/50161"}],"wp:featuredmedia":[{"embeddable":true,"href":"https:\/\/elinformativotam.com\/index.php\/wp-json\/wp\/v2\/media\/50160"}],"wp:attachment":[{"href":"https:\/\/elinformativotam.com\/index.php\/wp-json\/wp\/v2\/media?parent=50159"}],"wp:term":[{"taxonomy":"category","embeddable":true,"href":"https:\/\/elinformativotam.com\/index.php\/wp-json\/wp\/v2\/categories?post=50159"},{"taxonomy":"post_tag","embeddable":true,"href":"https:\/\/elinformativotam.com\/index.php\/wp-json\/wp\/v2\/tags?post=50159"}],"curies":[{"name":"wp","href":"https:\/\/api.w.org\/{rel}","templated":true}]}}