{"id":50155,"date":"2024-04-09T21:59:19","date_gmt":"2024-04-10T03:59:19","guid":{"rendered":"https:\/\/elinformativotam.com\/?p=50155"},"modified":"2024-04-09T21:59:19","modified_gmt":"2024-04-10T03:59:19","slug":"capacitaran-a-6-mil-personas-para-ser-funcionarios-de-casilla-en-el-8-distrito","status":"publish","type":"post","link":"https:\/\/elinformativotam.com\/index.php\/2024\/04\/09\/capacitaran-a-6-mil-personas-para-ser-funcionarios-de-casilla-en-el-8-distrito\/","title":{"rendered":"CAPACITAR\u00c1N A 6 MIL PERSONAS PARA SER FUNCIONARIOS DE CASILLA EN EL 8 DISTRITO"},"content":{"rendered":"<h2 style=\"text-align: center;\"><em><span style=\"font-family: 'times new roman', times;\">*Inicia Hoy La Capacitaci\u00f3n Para Conocer Quienes Ser\u00e1n Presidentes De Casilla, Secretarios O Escrutadores<\/span><\/em><\/h2>\n<p>&nbsp;<\/p>\n<p>&nbsp;<\/p>\n<p>6552 personas entrar\u00e1n en fase de capacitaci\u00f3n para ser funcionarios de casilla a partir de \u00e9ste 9 de Abril, se\u00f1al\u00f3 Mar\u00eda de la Luz Espinoza Hern\u00e1ndez.<\/p>\n<p>&nbsp;<\/p>\n<p>La Presidenta del Consejo Distrital 8 Electoral, se\u00f1al\u00f3 que luego de la \u00faltima insaculaci\u00f3n que se realiz\u00f3 para definir el n\u00famero oficial de casillas a instalar as\u00ed como de las personas que estar\u00e1n al frente de los centros de votaci\u00f3n, se pas\u00f3 a la fase de capacitaci\u00f3n donde aqu\u00ed todas las personas insaculadas se les definir\u00e1 el sitio que habr\u00e1n de ocupar en la mesa receptora de los votos.<\/p>\n<p>&nbsp;<\/p>\n<p>Destac\u00f3 que dicha fase de la elecci\u00f3n federal tiene como esencial fin asegurar esos espacios como presidente de casilla, secretario, escrutadores, y para ello el personal del INE volver\u00e1 a los domicilios de dichas personas para entregar el respectivo nombramiento.<\/p>\n<p>&nbsp;<\/p>\n<p>&#8220;As\u00ed como el cargo que habr\u00e1n de desempe\u00f1ar en el d\u00eda de las votaciones, en esta segunda capacitaci\u00f3n donde tendremos asegurados a los funcionarios de casilla que nos ayudar\u00e1n en esta fiesta c\u00edvica&#8221;, abund\u00f3<\/p>\n<p>&nbsp;<\/p>\n<p>Espinoza, dej\u00f3 en claro que oficialmente se determin\u00f3 que ser\u00e1n 728 casillas electorales las que se montar\u00e1n el pr\u00f3ximo 2 de Junio en Tampico y Madero.<\/p>\n<p>&nbsp;<\/p>\n<p>La titular del INE con sede en Tampico extern\u00f3 que ya se llev\u00f3 a cabo la visita a esos espacios que representan una seguridad para el votante, pues pr\u00e1cticamente los 728 est\u00e1n avalados por los consejeros y representantes de los partidos pol\u00edticos acreditados ante la representaci\u00f3n electoral.<\/p>\n","protected":false},"excerpt":{"rendered":"<p>*Inicia Hoy La Capacitaci\u00f3n Para Conocer Quienes Ser\u00e1n Presidentes De Casilla, Secretarios O Escrutadores &nbsp; &nbsp; 6552 personas entrar\u00e1n en&hellip;<\/p>\n","protected":false},"author":1,"featured_media":50156,"comment_status":"open","ping_status":"open","sticky":false,"template":"","format":"standard","meta":{"footnotes":""},"categories":[3],"tags":[],"class_list":["post-50155","post","type-post","status-publish","format-standard","has-post-thumbnail","hentry","category-tampico"],"yoast_head":"<!-- This site is optimized with the Yoast SEO plugin v27.5 - https:\/\/yoast.com\/product\/yoast-seo-wordpress\/ -->\n<title>CAPACITAR\u00c1N A 6 MIL PERSONAS PARA SER FUNCIONARIOS DE CASILLA EN EL 8 DISTRITO - EL INFORMATIVO DE TAMAULIPAS<\/title>\n<meta name=\"description\" content=\"*Inicia Hoy La Capacitaci\u00f3n Para Conocer Quienes Ser\u00e1n Presidentes De Casilla, Secretarios O Escrutadores &nbsp; &nbsp; 6552 personas entrar\u00e1n en fase de\" \/>\n<meta name=\"robots\" content=\"index, follow, max-snippet:-1, max-image-preview:large, max-video-preview:-1\" \/>\n<link rel=\"canonical\" href=\"https:\/\/elinformativotam.com\/index.php\/2024\/04\/09\/capacitaran-a-6-mil-personas-para-ser-funcionarios-de-casilla-en-el-8-distrito\/\" \/>\n<meta property=\"og:locale\" content=\"es_MX\" \/>\n<meta property=\"og:type\" content=\"article\" \/>\n<meta property=\"og:title\" content=\"CAPACITAR\u00c1N A 6 MIL PERSONAS PARA SER FUNCIONARIOS DE CASILLA EN EL 8 DISTRITO - EL INFORMATIVO DE TAMAULIPAS\" \/>\n<meta property=\"og:description\" content=\"*Inicia Hoy La Capacitaci\u00f3n Para Conocer Quienes Ser\u00e1n Presidentes De Casilla, Secretarios O Escrutadores &nbsp; &nbsp; 6552 personas entrar\u00e1n en fase de\" \/>\n<meta property=\"og:url\" content=\"https:\/\/elinformativotam.com\/index.php\/2024\/04\/09\/capacitaran-a-6-mil-personas-para-ser-funcionarios-de-casilla-en-el-8-distrito\/\" \/>\n<meta property=\"og:site_name\" content=\"EL INFORMATIVO DE TAMAULIPAS\" \/>\n<meta property=\"article:published_time\" content=\"2024-04-10T03:59:19+00:00\" \/>\n<meta property=\"og:image\" content=\"https:\/\/elinformativotam.com\/wp-content\/uploads\/2024\/04\/Ma-de-la-Luz.jpeg\" \/>\n\t<meta property=\"og:image:width\" content=\"1600\" \/>\n\t<meta property=\"og:image:height\" content=\"1204\" \/>\n\t<meta property=\"og:image:type\" content=\"image\/jpeg\" \/>\n<meta name=\"author\" content=\"El Informativo Tam\" \/>\n<meta name=\"twitter:card\" content=\"summary_large_image\" \/>\n<meta name=\"twitter:label1\" content=\"Escrito por\" \/>\n\t<meta name=\"twitter:data1\" content=\"El Informativo Tam\" \/>\n\t<meta name=\"twitter:label2\" content=\"Tiempo de lectura\" \/>\n\t<meta name=\"twitter:data2\" content=\"2 minutos\" \/>\n<script type=\"application\/ld+json\" class=\"yoast-schema-graph\">{\"@context\":\"https:\\\/\\\/schema.org\",\"@graph\":[{\"@type\":\"Article\",\"@id\":\"https:\\\/\\\/elinformativotam.com\\\/index.php\\\/2024\\\/04\\\/09\\\/capacitaran-a-6-mil-personas-para-ser-funcionarios-de-casilla-en-el-8-distrito\\\/#article\",\"isPartOf\":{\"@id\":\"https:\\\/\\\/elinformativotam.com\\\/index.php\\\/2024\\\/04\\\/09\\\/capacitaran-a-6-mil-personas-para-ser-funcionarios-de-casilla-en-el-8-distrito\\\/\"},\"author\":{\"name\":\"El Informativo Tam\",\"@id\":\"https:\\\/\\\/elinformativotam.com\\\/#\\\/schema\\\/person\\\/78e08040eed0f6110f0c5f83b6153590\"},\"headline\":\"CAPACITAR\u00c1N A 6 MIL PERSONAS PARA SER FUNCIONARIOS DE CASILLA EN EL 8 DISTRITO\",\"datePublished\":\"2024-04-10T03:59:19+00:00\",\"mainEntityOfPage\":{\"@id\":\"https:\\\/\\\/elinformativotam.com\\\/index.php\\\/2024\\\/04\\\/09\\\/capacitaran-a-6-mil-personas-para-ser-funcionarios-de-casilla-en-el-8-distrito\\\/\"},\"wordCount\":298,\"commentCount\":0,\"publisher\":{\"@id\":\"https:\\\/\\\/elinformativotam.com\\\/#organization\"},\"image\":{\"@id\":\"https:\\\/\\\/elinformativotam.com\\\/index.php\\\/2024\\\/04\\\/09\\\/capacitaran-a-6-mil-personas-para-ser-funcionarios-de-casilla-en-el-8-distrito\\\/#primaryimage\"},\"thumbnailUrl\":\"https:\\\/\\\/elinformativotam.com\\\/wp-content\\\/uploads\\\/2024\\\/04\\\/Ma-de-la-Luz.jpeg\",\"articleSection\":[\"Tampico\"],\"inLanguage\":\"es\",\"potentialAction\":[{\"@type\":\"CommentAction\",\"name\":\"Comment\",\"target\":[\"https:\\\/\\\/elinformativotam.com\\\/index.php\\\/2024\\\/04\\\/09\\\/capacitaran-a-6-mil-personas-para-ser-funcionarios-de-casilla-en-el-8-distrito\\\/#respond\"]}]},{\"@type\":\"WebPage\",\"@id\":\"https:\\\/\\\/elinformativotam.com\\\/index.php\\\/2024\\\/04\\\/09\\\/capacitaran-a-6-mil-personas-para-ser-funcionarios-de-casilla-en-el-8-distrito\\\/\",\"url\":\"https:\\\/\\\/elinformativotam.com\\\/index.php\\\/2024\\\/04\\\/09\\\/capacitaran-a-6-mil-personas-para-ser-funcionarios-de-casilla-en-el-8-distrito\\\/\",\"name\":\"CAPACITAR\u00c1N A 6 MIL PERSONAS PARA SER FUNCIONARIOS DE CASILLA EN EL 8 DISTRITO - EL INFORMATIVO DE TAMAULIPAS\",\"isPartOf\":{\"@id\":\"https:\\\/\\\/elinformativotam.com\\\/#website\"},\"primaryImageOfPage\":{\"@id\":\"https:\\\/\\\/elinformativotam.com\\\/index.php\\\/2024\\\/04\\\/09\\\/capacitaran-a-6-mil-personas-para-ser-funcionarios-de-casilla-en-el-8-distrito\\\/#primaryimage\"},\"image\":{\"@id\":\"https:\\\/\\\/elinformativotam.com\\\/index.php\\\/2024\\\/04\\\/09\\\/capacitaran-a-6-mil-personas-para-ser-funcionarios-de-casilla-en-el-8-distrito\\\/#primaryimage\"},\"thumbnailUrl\":\"https:\\\/\\\/elinformativotam.com\\\/wp-content\\\/uploads\\\/2024\\\/04\\\/Ma-de-la-Luz.jpeg\",\"datePublished\":\"2024-04-10T03:59:19+00:00\",\"description\":\"*Inicia Hoy La Capacitaci\u00f3n Para Conocer Quienes Ser\u00e1n Presidentes De Casilla, Secretarios O Escrutadores &nbsp; &nbsp; 6552 personas entrar\u00e1n en fase de\",\"inLanguage\":\"es\",\"potentialAction\":[{\"@type\":\"ReadAction\",\"target\":[\"https:\\\/\\\/elinformativotam.com\\\/index.php\\\/2024\\\/04\\\/09\\\/capacitaran-a-6-mil-personas-para-ser-funcionarios-de-casilla-en-el-8-distrito\\\/\"]}]},{\"@type\":\"ImageObject\",\"inLanguage\":\"es\",\"@id\":\"https:\\\/\\\/elinformativotam.com\\\/index.php\\\/2024\\\/04\\\/09\\\/capacitaran-a-6-mil-personas-para-ser-funcionarios-de-casilla-en-el-8-distrito\\\/#primaryimage\",\"url\":\"https:\\\/\\\/elinformativotam.com\\\/wp-content\\\/uploads\\\/2024\\\/04\\\/Ma-de-la-Luz.jpeg\",\"contentUrl\":\"https:\\\/\\\/elinformativotam.com\\\/wp-content\\\/uploads\\\/2024\\\/04\\\/Ma-de-la-Luz.jpeg\",\"width\":1600,\"height\":1204},{\"@type\":\"WebSite\",\"@id\":\"https:\\\/\\\/elinformativotam.com\\\/#website\",\"url\":\"https:\\\/\\\/elinformativotam.com\\\/\",\"name\":\"EL INFORMATIVO DE TAMAULIPAS\",\"description\":\"Desde la Zona Metropolitana Para Todo M\u00e9xico\",\"publisher\":{\"@id\":\"https:\\\/\\\/elinformativotam.com\\\/#organization\"},\"potentialAction\":[{\"@type\":\"SearchAction\",\"target\":{\"@type\":\"EntryPoint\",\"urlTemplate\":\"https:\\\/\\\/elinformativotam.com\\\/?s={search_term_string}\"},\"query-input\":{\"@type\":\"PropertyValueSpecification\",\"valueRequired\":true,\"valueName\":\"search_term_string\"}}],\"inLanguage\":\"es\"},{\"@type\":\"Organization\",\"@id\":\"https:\\\/\\\/elinformativotam.com\\\/#organization\",\"name\":\"EL INFORMATIVO DE TAMAULIPAS\",\"url\":\"https:\\\/\\\/elinformativotam.com\\\/\",\"logo\":{\"@type\":\"ImageObject\",\"inLanguage\":\"es\",\"@id\":\"https:\\\/\\\/elinformativotam.com\\\/#\\\/schema\\\/logo\\\/image\\\/\",\"url\":\"https:\\\/\\\/elinformativotam.com\\\/wp-content\\\/uploads\\\/2026\\\/02\\\/Cabezal.png\",\"contentUrl\":\"https:\\\/\\\/elinformativotam.com\\\/wp-content\\\/uploads\\\/2026\\\/02\\\/Cabezal.png\",\"width\":960,\"height\":640,\"caption\":\"EL INFORMATIVO DE TAMAULIPAS\"},\"image\":{\"@id\":\"https:\\\/\\\/elinformativotam.com\\\/#\\\/schema\\\/logo\\\/image\\\/\"}},{\"@type\":\"Person\",\"@id\":\"https:\\\/\\\/elinformativotam.com\\\/#\\\/schema\\\/person\\\/78e08040eed0f6110f0c5f83b6153590\",\"name\":\"El Informativo Tam\",\"image\":{\"@type\":\"ImageObject\",\"inLanguage\":\"es\",\"@id\":\"https:\\\/\\\/secure.gravatar.com\\\/avatar\\\/f3b7ad3af540688955925ac610647be00b0cf41feea9c4978b73a707ee86bc53?s=96&d=mm&r=g\",\"url\":\"https:\\\/\\\/secure.gravatar.com\\\/avatar\\\/f3b7ad3af540688955925ac610647be00b0cf41feea9c4978b73a707ee86bc53?s=96&d=mm&r=g\",\"contentUrl\":\"https:\\\/\\\/secure.gravatar.com\\\/avatar\\\/f3b7ad3af540688955925ac610647be00b0cf41feea9c4978b73a707ee86bc53?s=96&d=mm&r=g\",\"caption\":\"El Informativo Tam\"}}]}<\/script>\n<!-- \/ Yoast SEO plugin. -->","yoast_head_json":{"title":"CAPACITAR\u00c1N A 6 MIL PERSONAS PARA SER FUNCIONARIOS DE CASILLA EN EL 8 DISTRITO - EL INFORMATIVO DE TAMAULIPAS","description":"*Inicia Hoy La Capacitaci\u00f3n Para Conocer Quienes Ser\u00e1n Presidentes De Casilla, Secretarios O Escrutadores &nbsp; &nbsp; 6552 personas entrar\u00e1n en fase de","robots":{"index":"index","follow":"follow","max-snippet":"max-snippet:-1","max-image-preview":"max-image-preview:large","max-video-preview":"max-video-preview:-1"},"canonical":"https:\/\/elinformativotam.com\/index.php\/2024\/04\/09\/capacitaran-a-6-mil-personas-para-ser-funcionarios-de-casilla-en-el-8-distrito\/","og_locale":"es_MX","og_type":"article","og_title":"CAPACITAR\u00c1N A 6 MIL PERSONAS PARA SER FUNCIONARIOS DE CASILLA EN EL 8 DISTRITO - EL INFORMATIVO DE TAMAULIPAS","og_description":"*Inicia Hoy La Capacitaci\u00f3n Para Conocer Quienes Ser\u00e1n Presidentes De Casilla, Secretarios O Escrutadores &nbsp; &nbsp; 6552 personas entrar\u00e1n en fase de","og_url":"https:\/\/elinformativotam.com\/index.php\/2024\/04\/09\/capacitaran-a-6-mil-personas-para-ser-funcionarios-de-casilla-en-el-8-distrito\/","og_site_name":"EL INFORMATIVO DE TAMAULIPAS","article_published_time":"2024-04-10T03:59:19+00:00","og_image":[{"width":1600,"height":1204,"url":"https:\/\/elinformativotam.com\/wp-content\/uploads\/2024\/04\/Ma-de-la-Luz.jpeg","type":"image\/jpeg"}],"author":"El Informativo Tam","twitter_card":"summary_large_image","twitter_misc":{"Escrito por":"El Informativo Tam","Tiempo de lectura":"2 minutos"},"schema":{"@context":"https:\/\/schema.org","@graph":[{"@type":"Article","@id":"https:\/\/elinformativotam.com\/index.php\/2024\/04\/09\/capacitaran-a-6-mil-personas-para-ser-funcionarios-de-casilla-en-el-8-distrito\/#article","isPartOf":{"@id":"https:\/\/elinformativotam.com\/index.php\/2024\/04\/09\/capacitaran-a-6-mil-personas-para-ser-funcionarios-de-casilla-en-el-8-distrito\/"},"author":{"name":"El Informativo Tam","@id":"https:\/\/elinformativotam.com\/#\/schema\/person\/78e08040eed0f6110f0c5f83b6153590"},"headline":"CAPACITAR\u00c1N A 6 MIL PERSONAS PARA SER FUNCIONARIOS DE CASILLA EN EL 8 DISTRITO","datePublished":"2024-04-10T03:59:19+00:00","mainEntityOfPage":{"@id":"https:\/\/elinformativotam.com\/index.php\/2024\/04\/09\/capacitaran-a-6-mil-personas-para-ser-funcionarios-de-casilla-en-el-8-distrito\/"},"wordCount":298,"commentCount":0,"publisher":{"@id":"https:\/\/elinformativotam.com\/#organization"},"image":{"@id":"https:\/\/elinformativotam.com\/index.php\/2024\/04\/09\/capacitaran-a-6-mil-personas-para-ser-funcionarios-de-casilla-en-el-8-distrito\/#primaryimage"},"thumbnailUrl":"https:\/\/elinformativotam.com\/wp-content\/uploads\/2024\/04\/Ma-de-la-Luz.jpeg","articleSection":["Tampico"],"inLanguage":"es","potentialAction":[{"@type":"CommentAction","name":"Comment","target":["https:\/\/elinformativotam.com\/index.php\/2024\/04\/09\/capacitaran-a-6-mil-personas-para-ser-funcionarios-de-casilla-en-el-8-distrito\/#respond"]}]},{"@type":"WebPage","@id":"https:\/\/elinformativotam.com\/index.php\/2024\/04\/09\/capacitaran-a-6-mil-personas-para-ser-funcionarios-de-casilla-en-el-8-distrito\/","url":"https:\/\/elinformativotam.com\/index.php\/2024\/04\/09\/capacitaran-a-6-mil-personas-para-ser-funcionarios-de-casilla-en-el-8-distrito\/","name":"CAPACITAR\u00c1N A 6 MIL PERSONAS PARA SER FUNCIONARIOS DE CASILLA EN EL 8 DISTRITO - EL INFORMATIVO DE TAMAULIPAS","isPartOf":{"@id":"https:\/\/elinformativotam.com\/#website"},"primaryImageOfPage":{"@id":"https:\/\/elinformativotam.com\/index.php\/2024\/04\/09\/capacitaran-a-6-mil-personas-para-ser-funcionarios-de-casilla-en-el-8-distrito\/#primaryimage"},"image":{"@id":"https:\/\/elinformativotam.com\/index.php\/2024\/04\/09\/capacitaran-a-6-mil-personas-para-ser-funcionarios-de-casilla-en-el-8-distrito\/#primaryimage"},"thumbnailUrl":"https:\/\/elinformativotam.com\/wp-content\/uploads\/2024\/04\/Ma-de-la-Luz.jpeg","datePublished":"2024-04-10T03:59:19+00:00","description":"*Inicia Hoy La Capacitaci\u00f3n Para Conocer Quienes Ser\u00e1n Presidentes De Casilla, Secretarios O Escrutadores &nbsp; &nbsp; 6552 personas entrar\u00e1n en fase de","inLanguage":"es","potentialAction":[{"@type":"ReadAction","target":["https:\/\/elinformativotam.com\/index.php\/2024\/04\/09\/capacitaran-a-6-mil-personas-para-ser-funcionarios-de-casilla-en-el-8-distrito\/"]}]},{"@type":"ImageObject","inLanguage":"es","@id":"https:\/\/elinformativotam.com\/index.php\/2024\/04\/09\/capacitaran-a-6-mil-personas-para-ser-funcionarios-de-casilla-en-el-8-distrito\/#primaryimage","url":"https:\/\/elinformativotam.com\/wp-content\/uploads\/2024\/04\/Ma-de-la-Luz.jpeg","contentUrl":"https:\/\/elinformativotam.com\/wp-content\/uploads\/2024\/04\/Ma-de-la-Luz.jpeg","width":1600,"height":1204},{"@type":"WebSite","@id":"https:\/\/elinformativotam.com\/#website","url":"https:\/\/elinformativotam.com\/","name":"EL INFORMATIVO DE TAMAULIPAS","description":"Desde la Zona Metropolitana Para Todo M\u00e9xico","publisher":{"@id":"https:\/\/elinformativotam.com\/#organization"},"potentialAction":[{"@type":"SearchAction","target":{"@type":"EntryPoint","urlTemplate":"https:\/\/elinformativotam.com\/?s={search_term_string}"},"query-input":{"@type":"PropertyValueSpecification","valueRequired":true,"valueName":"search_term_string"}}],"inLanguage":"es"},{"@type":"Organization","@id":"https:\/\/elinformativotam.com\/#organization","name":"EL INFORMATIVO DE TAMAULIPAS","url":"https:\/\/elinformativotam.com\/","logo":{"@type":"ImageObject","inLanguage":"es","@id":"https:\/\/elinformativotam.com\/#\/schema\/logo\/image\/","url":"https:\/\/elinformativotam.com\/wp-content\/uploads\/2026\/02\/Cabezal.png","contentUrl":"https:\/\/elinformativotam.com\/wp-content\/uploads\/2026\/02\/Cabezal.png","width":960,"height":640,"caption":"EL INFORMATIVO DE TAMAULIPAS"},"image":{"@id":"https:\/\/elinformativotam.com\/#\/schema\/logo\/image\/"}},{"@type":"Person","@id":"https:\/\/elinformativotam.com\/#\/schema\/person\/78e08040eed0f6110f0c5f83b6153590","name":"El Informativo Tam","image":{"@type":"ImageObject","inLanguage":"es","@id":"https:\/\/secure.gravatar.com\/avatar\/f3b7ad3af540688955925ac610647be00b0cf41feea9c4978b73a707ee86bc53?s=96&d=mm&r=g","url":"https:\/\/secure.gravatar.com\/avatar\/f3b7ad3af540688955925ac610647be00b0cf41feea9c4978b73a707ee86bc53?s=96&d=mm&r=g","contentUrl":"https:\/\/secure.gravatar.com\/avatar\/f3b7ad3af540688955925ac610647be00b0cf41feea9c4978b73a707ee86bc53?s=96&d=mm&r=g","caption":"El Informativo Tam"}}]}},"_links":{"self":[{"href":"https:\/\/elinformativotam.com\/index.php\/wp-json\/wp\/v2\/posts\/50155","targetHints":{"allow":["GET"]}}],"collection":[{"href":"https:\/\/elinformativotam.com\/index.php\/wp-json\/wp\/v2\/posts"}],"about":[{"href":"https:\/\/elinformativotam.com\/index.php\/wp-json\/wp\/v2\/types\/post"}],"author":[{"embeddable":true,"href":"https:\/\/elinformativotam.com\/index.php\/wp-json\/wp\/v2\/users\/1"}],"replies":[{"embeddable":true,"href":"https:\/\/elinformativotam.com\/index.php\/wp-json\/wp\/v2\/comments?post=50155"}],"version-history":[{"count":2,"href":"https:\/\/elinformativotam.com\/index.php\/wp-json\/wp\/v2\/posts\/50155\/revisions"}],"predecessor-version":[{"id":50158,"href":"https:\/\/elinformativotam.com\/index.php\/wp-json\/wp\/v2\/posts\/50155\/revisions\/50158"}],"wp:featuredmedia":[{"embeddable":true,"href":"https:\/\/elinformativotam.com\/index.php\/wp-json\/wp\/v2\/media\/50156"}],"wp:attachment":[{"href":"https:\/\/elinformativotam.com\/index.php\/wp-json\/wp\/v2\/media?parent=50155"}],"wp:term":[{"taxonomy":"category","embeddable":true,"href":"https:\/\/elinformativotam.com\/index.php\/wp-json\/wp\/v2\/categories?post=50155"},{"taxonomy":"post_tag","embeddable":true,"href":"https:\/\/elinformativotam.com\/index.php\/wp-json\/wp\/v2\/tags?post=50155"}],"curies":[{"name":"wp","href":"https:\/\/api.w.org\/{rel}","templated":true}]}}