{"id":50149,"date":"2024-04-09T08:11:59","date_gmt":"2024-04-09T14:11:59","guid":{"rendered":"https:\/\/elinformativotam.com\/?p=50149"},"modified":"2024-04-09T08:11:59","modified_gmt":"2024-04-09T14:11:59","slug":"inaugura-coper-su-recinto-oficial","status":"publish","type":"post","link":"https:\/\/elinformativotam.com\/index.php\/2024\/04\/09\/inaugura-coper-su-recinto-oficial\/","title":{"rendered":"Inaugura COPER su Recinto Oficial"},"content":{"rendered":"<p>CIUDAD MADERO, TAM. (09 de abril de 2024).- El Colectivo Periodistas COPER A.C., inaugur\u00f3 este lunes su recinto oficial siendo parte importante de los proyectos contemplados a concretar para este 2024 en beneficio del gremio period\u00edstico organizado en el sur de Tamaulipas.<\/p>\n<p>&nbsp;<\/p>\n<p>La denominada \u201cCasa del Periodista\u201d, fue abierta formalmente a partir de esta fecha, para servicio y uso de sus miembros, realizando en ese sentido un sencillo protocolo de Corte de List\u00f3n encabezado por el Presidente de COPER Lic. Liborio M\u00e9ndez, la Directiva 2023-2025 integrada por la LCC Adela Hern\u00e1ndez, secretaria general; el LCC Jos\u00e9 Luis Garc\u00eda, secretario ejecutivo; la LCC Gabriela Villalobos, Tesorera y el T.E.C. Julio C\u00e9sar Gonz\u00e1lez, secretario de Actas y Acuerdos.<\/p>\n<p>&nbsp;<\/p>\n<p>Asimismo, como invitados de Honor estuvieron presentes el Alcalde de Ciudad Madero Carlo Gonz\u00e1lez en representaci\u00f3n de la directora de Comunicaci\u00f3n Social LCC Loreleni Cano, el Lic. Gabino L\u00f3pez, Presidente de la Fundaci\u00f3n \u201cGanas de Ayudar\u201d en representaci\u00f3n del CP Fernando Qui\u00f1\u00f3nez y el Lic. Juan Hern\u00e1ndez Flores, representante legal de COPER A.C.<\/p>\n<p>En su mensaje, el presidente de Colectivo Periodistas destac\u00f3 la respuesta favorable a la convocatoria los cual demuestra la importancia y el respeto mutuo que existe entre las diferentes esferas de acci\u00f3n tanto con el \u00e1mbito de los gobiernos, como con empresarios, sociedad civil y los protagonistas de la pol\u00edtica local.<\/p>\n<p>&nbsp;<\/p>\n<p>\u201cNos encontramos aqu\u00ed reunidos para celebrar y afirmar que estamos haciendo el trabajo informativo con \u00e9tica, son seriedad, con veracidad, unidos, leales y dignos para fortalecernos desde este nuestro cuartel, este humilde recinto que ponemos a disposici\u00f3n de toda la sociedad, porque nosotros s\u00ed damos la cara, tenemos nombre, apellido y son nuestros contenidos los que nos respaldan diariamente\u201d, subray\u00f3 Liborio M\u00e9ndez.<\/p>\n<p>&nbsp;<\/p>\n<p>Esta \u201cCasa del Periodista\u201d ubicada en Calle Genovevo Rivas Guill\u00e9n No. 217 entre Sarabia y Carranza de la zona centro de Ciudad Madero, ofrecer\u00e1 a sus 22 miembros registrados, servicio de Internet, espacio para realizar entrevistas, \u00e1rea de redacci\u00f3n, cocina y atenci\u00f3n ciudadana, con un horario de lunes a viernes de 10:00 a 15 horas, asimismo la realizaci\u00f3n de las Asambleas mensuales en donde se continuar\u00e1 con la toma de decisiones democr\u00e1ticas y el debate de ideas.<\/p>\n<p>&nbsp;<\/p>\n<p>Cabe destacar que Colectivo Periodistas tiene como prioridad com\u00fan impulsar la capacitaci\u00f3n del gremio, pero tambi\u00e9n unificar las voluntades de los Profesionales Periodistas, protegiendo su integridad y probada trayectoria, manifestando estar en desacuerdo con la improvisaci\u00f3n informativa que predomina en redes sociales principalmente y que se incrementa de manera exponencial en el medio de la comunicaci\u00f3n, afectando el periodismo veraz, pero sobre todo a la comunidad y a los gobiernos quienes tienen el derecho de recibir un servicio de calidad informativa.<\/p>\n","protected":false},"excerpt":{"rendered":"<p>CIUDAD MADERO, TAM. (09 de abril de 2024).- El Colectivo Periodistas COPER A.C., inaugur\u00f3 este lunes su recinto oficial siendo&hellip;<\/p>\n","protected":false},"author":1,"featured_media":50150,"comment_status":"open","ping_status":"open","sticky":false,"template":"","format":"standard","meta":{"footnotes":""},"categories":[4],"tags":[],"class_list":["post-50149","post","type-post","status-publish","format-standard","has-post-thumbnail","hentry","category-madero"],"yoast_head":"<!-- This site is optimized with the Yoast SEO plugin v27.5 - https:\/\/yoast.com\/product\/yoast-seo-wordpress\/ -->\n<title>Inaugura COPER su Recinto Oficial - EL INFORMATIVO DE TAMAULIPAS<\/title>\n<meta name=\"description\" content=\"CIUDAD MADERO, TAM. (09 de abril de 2024).- El Colectivo Periodistas COPER A.C., inaugur\u00f3 este lunes su recinto oficial siendo parte importante de los\" \/>\n<meta name=\"robots\" content=\"index, follow, max-snippet:-1, max-image-preview:large, max-video-preview:-1\" \/>\n<link rel=\"canonical\" href=\"https:\/\/elinformativotam.com\/index.php\/2024\/04\/09\/inaugura-coper-su-recinto-oficial\/\" \/>\n<meta property=\"og:locale\" content=\"es_MX\" \/>\n<meta property=\"og:type\" content=\"article\" \/>\n<meta property=\"og:title\" content=\"Inaugura COPER su Recinto Oficial - EL INFORMATIVO DE TAMAULIPAS\" \/>\n<meta property=\"og:description\" content=\"CIUDAD MADERO, TAM. (09 de abril de 2024).- El Colectivo Periodistas COPER A.C., inaugur\u00f3 este lunes su recinto oficial siendo parte importante de los\" \/>\n<meta property=\"og:url\" content=\"https:\/\/elinformativotam.com\/index.php\/2024\/04\/09\/inaugura-coper-su-recinto-oficial\/\" \/>\n<meta property=\"og:site_name\" content=\"EL INFORMATIVO DE TAMAULIPAS\" \/>\n<meta property=\"article:published_time\" content=\"2024-04-09T14:11:59+00:00\" \/>\n<meta property=\"og:image\" content=\"https:\/\/elinformativotam.com\/wp-content\/uploads\/2024\/04\/IMG-20240408-WA0242.jpg\" \/>\n\t<meta property=\"og:image:width\" content=\"1600\" \/>\n\t<meta property=\"og:image:height\" content=\"1200\" \/>\n\t<meta property=\"og:image:type\" content=\"image\/jpeg\" \/>\n<meta name=\"author\" content=\"El Informativo Tam\" \/>\n<meta name=\"twitter:card\" content=\"summary_large_image\" \/>\n<meta name=\"twitter:label1\" content=\"Escrito por\" \/>\n\t<meta name=\"twitter:data1\" content=\"El Informativo Tam\" \/>\n\t<meta name=\"twitter:label2\" content=\"Tiempo de lectura\" \/>\n\t<meta name=\"twitter:data2\" content=\"3 minutos\" \/>\n<script type=\"application\/ld+json\" class=\"yoast-schema-graph\">{\"@context\":\"https:\\\/\\\/schema.org\",\"@graph\":[{\"@type\":\"Article\",\"@id\":\"https:\\\/\\\/elinformativotam.com\\\/index.php\\\/2024\\\/04\\\/09\\\/inaugura-coper-su-recinto-oficial\\\/#article\",\"isPartOf\":{\"@id\":\"https:\\\/\\\/elinformativotam.com\\\/index.php\\\/2024\\\/04\\\/09\\\/inaugura-coper-su-recinto-oficial\\\/\"},\"author\":{\"name\":\"El Informativo Tam\",\"@id\":\"https:\\\/\\\/elinformativotam.com\\\/#\\\/schema\\\/person\\\/78e08040eed0f6110f0c5f83b6153590\"},\"headline\":\"Inaugura COPER su Recinto Oficial\",\"datePublished\":\"2024-04-09T14:11:59+00:00\",\"mainEntityOfPage\":{\"@id\":\"https:\\\/\\\/elinformativotam.com\\\/index.php\\\/2024\\\/04\\\/09\\\/inaugura-coper-su-recinto-oficial\\\/\"},\"wordCount\":477,\"commentCount\":0,\"publisher\":{\"@id\":\"https:\\\/\\\/elinformativotam.com\\\/#organization\"},\"image\":{\"@id\":\"https:\\\/\\\/elinformativotam.com\\\/index.php\\\/2024\\\/04\\\/09\\\/inaugura-coper-su-recinto-oficial\\\/#primaryimage\"},\"thumbnailUrl\":\"https:\\\/\\\/elinformativotam.com\\\/wp-content\\\/uploads\\\/2024\\\/04\\\/IMG-20240408-WA0242.jpg\",\"articleSection\":[\"Cd Madero\"],\"inLanguage\":\"es\",\"potentialAction\":[{\"@type\":\"CommentAction\",\"name\":\"Comment\",\"target\":[\"https:\\\/\\\/elinformativotam.com\\\/index.php\\\/2024\\\/04\\\/09\\\/inaugura-coper-su-recinto-oficial\\\/#respond\"]}]},{\"@type\":\"WebPage\",\"@id\":\"https:\\\/\\\/elinformativotam.com\\\/index.php\\\/2024\\\/04\\\/09\\\/inaugura-coper-su-recinto-oficial\\\/\",\"url\":\"https:\\\/\\\/elinformativotam.com\\\/index.php\\\/2024\\\/04\\\/09\\\/inaugura-coper-su-recinto-oficial\\\/\",\"name\":\"Inaugura COPER su Recinto Oficial - EL INFORMATIVO DE TAMAULIPAS\",\"isPartOf\":{\"@id\":\"https:\\\/\\\/elinformativotam.com\\\/#website\"},\"primaryImageOfPage\":{\"@id\":\"https:\\\/\\\/elinformativotam.com\\\/index.php\\\/2024\\\/04\\\/09\\\/inaugura-coper-su-recinto-oficial\\\/#primaryimage\"},\"image\":{\"@id\":\"https:\\\/\\\/elinformativotam.com\\\/index.php\\\/2024\\\/04\\\/09\\\/inaugura-coper-su-recinto-oficial\\\/#primaryimage\"},\"thumbnailUrl\":\"https:\\\/\\\/elinformativotam.com\\\/wp-content\\\/uploads\\\/2024\\\/04\\\/IMG-20240408-WA0242.jpg\",\"datePublished\":\"2024-04-09T14:11:59+00:00\",\"description\":\"CIUDAD MADERO, TAM. (09 de abril de 2024).- El Colectivo Periodistas COPER A.C., inaugur\u00f3 este lunes su recinto oficial siendo parte importante de los\",\"inLanguage\":\"es\",\"potentialAction\":[{\"@type\":\"ReadAction\",\"target\":[\"https:\\\/\\\/elinformativotam.com\\\/index.php\\\/2024\\\/04\\\/09\\\/inaugura-coper-su-recinto-oficial\\\/\"]}]},{\"@type\":\"ImageObject\",\"inLanguage\":\"es\",\"@id\":\"https:\\\/\\\/elinformativotam.com\\\/index.php\\\/2024\\\/04\\\/09\\\/inaugura-coper-su-recinto-oficial\\\/#primaryimage\",\"url\":\"https:\\\/\\\/elinformativotam.com\\\/wp-content\\\/uploads\\\/2024\\\/04\\\/IMG-20240408-WA0242.jpg\",\"contentUrl\":\"https:\\\/\\\/elinformativotam.com\\\/wp-content\\\/uploads\\\/2024\\\/04\\\/IMG-20240408-WA0242.jpg\",\"width\":1600,\"height\":1200},{\"@type\":\"WebSite\",\"@id\":\"https:\\\/\\\/elinformativotam.com\\\/#website\",\"url\":\"https:\\\/\\\/elinformativotam.com\\\/\",\"name\":\"EL INFORMATIVO DE TAMAULIPAS\",\"description\":\"Desde la Zona Metropolitana Para Todo M\u00e9xico\",\"publisher\":{\"@id\":\"https:\\\/\\\/elinformativotam.com\\\/#organization\"},\"potentialAction\":[{\"@type\":\"SearchAction\",\"target\":{\"@type\":\"EntryPoint\",\"urlTemplate\":\"https:\\\/\\\/elinformativotam.com\\\/?s={search_term_string}\"},\"query-input\":{\"@type\":\"PropertyValueSpecification\",\"valueRequired\":true,\"valueName\":\"search_term_string\"}}],\"inLanguage\":\"es\"},{\"@type\":\"Organization\",\"@id\":\"https:\\\/\\\/elinformativotam.com\\\/#organization\",\"name\":\"EL INFORMATIVO DE TAMAULIPAS\",\"url\":\"https:\\\/\\\/elinformativotam.com\\\/\",\"logo\":{\"@type\":\"ImageObject\",\"inLanguage\":\"es\",\"@id\":\"https:\\\/\\\/elinformativotam.com\\\/#\\\/schema\\\/logo\\\/image\\\/\",\"url\":\"https:\\\/\\\/elinformativotam.com\\\/wp-content\\\/uploads\\\/2026\\\/02\\\/Cabezal.png\",\"contentUrl\":\"https:\\\/\\\/elinformativotam.com\\\/wp-content\\\/uploads\\\/2026\\\/02\\\/Cabezal.png\",\"width\":960,\"height\":640,\"caption\":\"EL INFORMATIVO DE TAMAULIPAS\"},\"image\":{\"@id\":\"https:\\\/\\\/elinformativotam.com\\\/#\\\/schema\\\/logo\\\/image\\\/\"}},{\"@type\":\"Person\",\"@id\":\"https:\\\/\\\/elinformativotam.com\\\/#\\\/schema\\\/person\\\/78e08040eed0f6110f0c5f83b6153590\",\"name\":\"El Informativo Tam\",\"image\":{\"@type\":\"ImageObject\",\"inLanguage\":\"es\",\"@id\":\"https:\\\/\\\/secure.gravatar.com\\\/avatar\\\/f3b7ad3af540688955925ac610647be00b0cf41feea9c4978b73a707ee86bc53?s=96&d=mm&r=g\",\"url\":\"https:\\\/\\\/secure.gravatar.com\\\/avatar\\\/f3b7ad3af540688955925ac610647be00b0cf41feea9c4978b73a707ee86bc53?s=96&d=mm&r=g\",\"contentUrl\":\"https:\\\/\\\/secure.gravatar.com\\\/avatar\\\/f3b7ad3af540688955925ac610647be00b0cf41feea9c4978b73a707ee86bc53?s=96&d=mm&r=g\",\"caption\":\"El Informativo Tam\"}}]}<\/script>\n<!-- \/ Yoast SEO plugin. -->","yoast_head_json":{"title":"Inaugura COPER su Recinto Oficial - EL INFORMATIVO DE TAMAULIPAS","description":"CIUDAD MADERO, TAM. (09 de abril de 2024).- El Colectivo Periodistas COPER A.C., inaugur\u00f3 este lunes su recinto oficial siendo parte importante de los","robots":{"index":"index","follow":"follow","max-snippet":"max-snippet:-1","max-image-preview":"max-image-preview:large","max-video-preview":"max-video-preview:-1"},"canonical":"https:\/\/elinformativotam.com\/index.php\/2024\/04\/09\/inaugura-coper-su-recinto-oficial\/","og_locale":"es_MX","og_type":"article","og_title":"Inaugura COPER su Recinto Oficial - EL INFORMATIVO DE TAMAULIPAS","og_description":"CIUDAD MADERO, TAM. (09 de abril de 2024).- El Colectivo Periodistas COPER A.C., inaugur\u00f3 este lunes su recinto oficial siendo parte importante de los","og_url":"https:\/\/elinformativotam.com\/index.php\/2024\/04\/09\/inaugura-coper-su-recinto-oficial\/","og_site_name":"EL INFORMATIVO DE TAMAULIPAS","article_published_time":"2024-04-09T14:11:59+00:00","og_image":[{"width":1600,"height":1200,"url":"https:\/\/elinformativotam.com\/wp-content\/uploads\/2024\/04\/IMG-20240408-WA0242.jpg","type":"image\/jpeg"}],"author":"El Informativo Tam","twitter_card":"summary_large_image","twitter_misc":{"Escrito por":"El Informativo Tam","Tiempo de lectura":"3 minutos"},"schema":{"@context":"https:\/\/schema.org","@graph":[{"@type":"Article","@id":"https:\/\/elinformativotam.com\/index.php\/2024\/04\/09\/inaugura-coper-su-recinto-oficial\/#article","isPartOf":{"@id":"https:\/\/elinformativotam.com\/index.php\/2024\/04\/09\/inaugura-coper-su-recinto-oficial\/"},"author":{"name":"El Informativo Tam","@id":"https:\/\/elinformativotam.com\/#\/schema\/person\/78e08040eed0f6110f0c5f83b6153590"},"headline":"Inaugura COPER su Recinto Oficial","datePublished":"2024-04-09T14:11:59+00:00","mainEntityOfPage":{"@id":"https:\/\/elinformativotam.com\/index.php\/2024\/04\/09\/inaugura-coper-su-recinto-oficial\/"},"wordCount":477,"commentCount":0,"publisher":{"@id":"https:\/\/elinformativotam.com\/#organization"},"image":{"@id":"https:\/\/elinformativotam.com\/index.php\/2024\/04\/09\/inaugura-coper-su-recinto-oficial\/#primaryimage"},"thumbnailUrl":"https:\/\/elinformativotam.com\/wp-content\/uploads\/2024\/04\/IMG-20240408-WA0242.jpg","articleSection":["Cd Madero"],"inLanguage":"es","potentialAction":[{"@type":"CommentAction","name":"Comment","target":["https:\/\/elinformativotam.com\/index.php\/2024\/04\/09\/inaugura-coper-su-recinto-oficial\/#respond"]}]},{"@type":"WebPage","@id":"https:\/\/elinformativotam.com\/index.php\/2024\/04\/09\/inaugura-coper-su-recinto-oficial\/","url":"https:\/\/elinformativotam.com\/index.php\/2024\/04\/09\/inaugura-coper-su-recinto-oficial\/","name":"Inaugura COPER su Recinto Oficial - EL INFORMATIVO DE TAMAULIPAS","isPartOf":{"@id":"https:\/\/elinformativotam.com\/#website"},"primaryImageOfPage":{"@id":"https:\/\/elinformativotam.com\/index.php\/2024\/04\/09\/inaugura-coper-su-recinto-oficial\/#primaryimage"},"image":{"@id":"https:\/\/elinformativotam.com\/index.php\/2024\/04\/09\/inaugura-coper-su-recinto-oficial\/#primaryimage"},"thumbnailUrl":"https:\/\/elinformativotam.com\/wp-content\/uploads\/2024\/04\/IMG-20240408-WA0242.jpg","datePublished":"2024-04-09T14:11:59+00:00","description":"CIUDAD MADERO, TAM. (09 de abril de 2024).- El Colectivo Periodistas COPER A.C., inaugur\u00f3 este lunes su recinto oficial siendo parte importante de los","inLanguage":"es","potentialAction":[{"@type":"ReadAction","target":["https:\/\/elinformativotam.com\/index.php\/2024\/04\/09\/inaugura-coper-su-recinto-oficial\/"]}]},{"@type":"ImageObject","inLanguage":"es","@id":"https:\/\/elinformativotam.com\/index.php\/2024\/04\/09\/inaugura-coper-su-recinto-oficial\/#primaryimage","url":"https:\/\/elinformativotam.com\/wp-content\/uploads\/2024\/04\/IMG-20240408-WA0242.jpg","contentUrl":"https:\/\/elinformativotam.com\/wp-content\/uploads\/2024\/04\/IMG-20240408-WA0242.jpg","width":1600,"height":1200},{"@type":"WebSite","@id":"https:\/\/elinformativotam.com\/#website","url":"https:\/\/elinformativotam.com\/","name":"EL INFORMATIVO DE TAMAULIPAS","description":"Desde la Zona Metropolitana Para Todo M\u00e9xico","publisher":{"@id":"https:\/\/elinformativotam.com\/#organization"},"potentialAction":[{"@type":"SearchAction","target":{"@type":"EntryPoint","urlTemplate":"https:\/\/elinformativotam.com\/?s={search_term_string}"},"query-input":{"@type":"PropertyValueSpecification","valueRequired":true,"valueName":"search_term_string"}}],"inLanguage":"es"},{"@type":"Organization","@id":"https:\/\/elinformativotam.com\/#organization","name":"EL INFORMATIVO DE TAMAULIPAS","url":"https:\/\/elinformativotam.com\/","logo":{"@type":"ImageObject","inLanguage":"es","@id":"https:\/\/elinformativotam.com\/#\/schema\/logo\/image\/","url":"https:\/\/elinformativotam.com\/wp-content\/uploads\/2026\/02\/Cabezal.png","contentUrl":"https:\/\/elinformativotam.com\/wp-content\/uploads\/2026\/02\/Cabezal.png","width":960,"height":640,"caption":"EL INFORMATIVO DE TAMAULIPAS"},"image":{"@id":"https:\/\/elinformativotam.com\/#\/schema\/logo\/image\/"}},{"@type":"Person","@id":"https:\/\/elinformativotam.com\/#\/schema\/person\/78e08040eed0f6110f0c5f83b6153590","name":"El Informativo Tam","image":{"@type":"ImageObject","inLanguage":"es","@id":"https:\/\/secure.gravatar.com\/avatar\/f3b7ad3af540688955925ac610647be00b0cf41feea9c4978b73a707ee86bc53?s=96&d=mm&r=g","url":"https:\/\/secure.gravatar.com\/avatar\/f3b7ad3af540688955925ac610647be00b0cf41feea9c4978b73a707ee86bc53?s=96&d=mm&r=g","contentUrl":"https:\/\/secure.gravatar.com\/avatar\/f3b7ad3af540688955925ac610647be00b0cf41feea9c4978b73a707ee86bc53?s=96&d=mm&r=g","caption":"El Informativo Tam"}}]}},"_links":{"self":[{"href":"https:\/\/elinformativotam.com\/index.php\/wp-json\/wp\/v2\/posts\/50149","targetHints":{"allow":["GET"]}}],"collection":[{"href":"https:\/\/elinformativotam.com\/index.php\/wp-json\/wp\/v2\/posts"}],"about":[{"href":"https:\/\/elinformativotam.com\/index.php\/wp-json\/wp\/v2\/types\/post"}],"author":[{"embeddable":true,"href":"https:\/\/elinformativotam.com\/index.php\/wp-json\/wp\/v2\/users\/1"}],"replies":[{"embeddable":true,"href":"https:\/\/elinformativotam.com\/index.php\/wp-json\/wp\/v2\/comments?post=50149"}],"version-history":[{"count":1,"href":"https:\/\/elinformativotam.com\/index.php\/wp-json\/wp\/v2\/posts\/50149\/revisions"}],"predecessor-version":[{"id":50151,"href":"https:\/\/elinformativotam.com\/index.php\/wp-json\/wp\/v2\/posts\/50149\/revisions\/50151"}],"wp:featuredmedia":[{"embeddable":true,"href":"https:\/\/elinformativotam.com\/index.php\/wp-json\/wp\/v2\/media\/50150"}],"wp:attachment":[{"href":"https:\/\/elinformativotam.com\/index.php\/wp-json\/wp\/v2\/media?parent=50149"}],"wp:term":[{"taxonomy":"category","embeddable":true,"href":"https:\/\/elinformativotam.com\/index.php\/wp-json\/wp\/v2\/categories?post=50149"},{"taxonomy":"post_tag","embeddable":true,"href":"https:\/\/elinformativotam.com\/index.php\/wp-json\/wp\/v2\/tags?post=50149"}],"curies":[{"name":"wp","href":"https:\/\/api.w.org\/{rel}","templated":true}]}}