{"id":50122,"date":"2024-04-08T21:46:28","date_gmt":"2024-04-09T03:46:28","guid":{"rendered":"https:\/\/elinformativotam.com\/?p=50122"},"modified":"2024-04-08T21:46:28","modified_gmt":"2024-04-09T03:46:28","slug":"confirma-coparmex-que-no-hubo-ganador-en-primer-debate-presidencial","status":"publish","type":"post","link":"https:\/\/elinformativotam.com\/index.php\/2024\/04\/08\/confirma-coparmex-que-no-hubo-ganador-en-primer-debate-presidencial\/","title":{"rendered":"CONFIRMA COPARMEX QUE NO HUBO GANADOR EN PRIMER DEBATE PRESIDENCIAL"},"content":{"rendered":"<h2 style=\"text-align: center;\"><em><span style=\"font-family: 'times new roman', times;\">*Solo S\u00ed Se Equivocan O Lanzan Alguna Propuesta Brillante Podr\u00e1 Haber Otra Percepci\u00f3n En Estos Ejercicios<\/span><\/em><\/h2>\n<p>&nbsp;<\/p>\n<p>En el primer debate presidencial llevado a cabo el pasado domingo no arroj\u00f3 a un ganador en espec\u00edfico, se\u00f1al\u00f3 el director de Coparmex en la zona sur, Pedro Granados Ram\u00edrez, al abundar que, quiz\u00e1 en los pr\u00f3ximos dos ejercicios m\u00e1s tampoco haya cambios sustanciosos, salvo que &#8220;se puedan equivocar o tener un error en algo importante, o que den a conocer algo muy brillante como propuesta&#8221;.<\/p>\n<p>&nbsp;<\/p>\n<p>Destac\u00f3 que el saldo de ese primer ejercicio fue positivo, pues se debatieron algunas propuestas de manera frontal, y de cara a la poblaci\u00f3n con un formato bueno.<\/p>\n<p>&nbsp;<\/p>\n<p>Remarc\u00f3 que en el primer debate no hubo ganador en espec\u00edfico, pues mucha gente que lo observ\u00f3 o se interes\u00f3 en conocer los resultados.<\/p>\n<p>&nbsp;<\/p>\n<p>&#8220;Son personas que de alguna manera les interesa conocer el tema, al estar politizadas, y por ende son personas que ya saben por qui\u00e9n van a votar&#8221;, dijo<\/p>\n<p>&nbsp;<\/p>\n<p>Explic\u00f3, la importancia de que el grueso de la sociedad se involucre m\u00e1s en estos ejercicios ciudadanos, que lo \u00fanico que pretenden es informar al mexicano de lo que quieren llevar a cabo los candidatos, de ganar el pr\u00f3ximo 2 de junio.<\/p>\n<p>&nbsp;<\/p>\n<p>El representante del centro empresarial de la regi\u00f3n, puntualiz\u00f3 que la labor del pr\u00f3ximo Presidente de M\u00e9xico ser\u00e1 fundamental, pues tendr\u00e1 que abordar t\u00f3picos de gran relevancia para el pa\u00eds y su poblaci\u00f3n, como abonar a qu\u00e9 mejore la seguridad, que haya mas empleos, desarrollo e inversi\u00f3n.<\/p>\n<p>&nbsp;<\/p>\n<p>Granados, mencion\u00f3 que ser\u00eda bueno observar esta clase de intercambio de opiniones y proyectos de naci\u00f3n con candidatos a senadores, diputados federales y abanderados a las alcald\u00edas, y de esa manera aterrizar la informaci\u00f3n de manera local<\/p>\n<p>&nbsp;<\/p>\n<p>Dej\u00f3 en claro que hay muchas posibilidades de que el tono de las descalificaciones suba de manera importante en el segundo y tercer debate, pues las condiciones electorales y pol\u00edticas ser\u00e1n otras, luego de que estar\u00e1n a muy pocos d\u00edas de celebrarse los comicios.<\/p>\n","protected":false},"excerpt":{"rendered":"<p>*Solo S\u00ed Se Equivocan O Lanzan Alguna Propuesta Brillante Podr\u00e1 Haber Otra Percepci\u00f3n En Estos Ejercicios &nbsp; En el primer&hellip;<\/p>\n","protected":false},"author":1,"featured_media":50123,"comment_status":"open","ping_status":"open","sticky":false,"template":"","format":"standard","meta":{"footnotes":""},"categories":[3],"tags":[],"class_list":["post-50122","post","type-post","status-publish","format-standard","has-post-thumbnail","hentry","category-tampico"],"yoast_head":"<!-- This site is optimized with the Yoast SEO plugin v27.5 - https:\/\/yoast.com\/product\/yoast-seo-wordpress\/ -->\n<title>CONFIRMA COPARMEX QUE NO HUBO GANADOR EN PRIMER DEBATE PRESIDENCIAL - EL INFORMATIVO DE TAMAULIPAS<\/title>\n<meta name=\"description\" content=\"*Solo S\u00ed Se Equivocan O Lanzan Alguna Propuesta Brillante Podr\u00e1 Haber Otra Percepci\u00f3n En Estos Ejercicios &nbsp; En el primer debate presidencial llevado\" \/>\n<meta name=\"robots\" content=\"index, follow, max-snippet:-1, max-image-preview:large, max-video-preview:-1\" \/>\n<link rel=\"canonical\" href=\"https:\/\/elinformativotam.com\/index.php\/2024\/04\/08\/confirma-coparmex-que-no-hubo-ganador-en-primer-debate-presidencial\/\" \/>\n<meta property=\"og:locale\" content=\"es_MX\" \/>\n<meta property=\"og:type\" content=\"article\" \/>\n<meta property=\"og:title\" content=\"CONFIRMA COPARMEX QUE NO HUBO GANADOR EN PRIMER DEBATE PRESIDENCIAL - EL INFORMATIVO DE TAMAULIPAS\" \/>\n<meta property=\"og:description\" content=\"*Solo S\u00ed Se Equivocan O Lanzan Alguna Propuesta Brillante Podr\u00e1 Haber Otra Percepci\u00f3n En Estos Ejercicios &nbsp; En el primer debate presidencial llevado\" \/>\n<meta property=\"og:url\" content=\"https:\/\/elinformativotam.com\/index.php\/2024\/04\/08\/confirma-coparmex-que-no-hubo-ganador-en-primer-debate-presidencial\/\" \/>\n<meta property=\"og:site_name\" content=\"EL INFORMATIVO DE TAMAULIPAS\" \/>\n<meta property=\"article:published_time\" content=\"2024-04-09T03:46:28+00:00\" \/>\n<meta property=\"og:image\" content=\"https:\/\/elinformativotam.com\/wp-content\/uploads\/2024\/04\/Coparmex.jpeg\" \/>\n\t<meta property=\"og:image:width\" content=\"1280\" \/>\n\t<meta property=\"og:image:height\" content=\"963\" \/>\n\t<meta property=\"og:image:type\" content=\"image\/jpeg\" \/>\n<meta name=\"author\" content=\"El Informativo Tam\" \/>\n<meta name=\"twitter:card\" content=\"summary_large_image\" \/>\n<meta name=\"twitter:label1\" content=\"Escrito por\" \/>\n\t<meta name=\"twitter:data1\" content=\"El Informativo Tam\" \/>\n\t<meta name=\"twitter:label2\" content=\"Tiempo de lectura\" \/>\n\t<meta name=\"twitter:data2\" content=\"2 minutos\" \/>\n<script type=\"application\/ld+json\" class=\"yoast-schema-graph\">{\"@context\":\"https:\\\/\\\/schema.org\",\"@graph\":[{\"@type\":\"Article\",\"@id\":\"https:\\\/\\\/elinformativotam.com\\\/index.php\\\/2024\\\/04\\\/08\\\/confirma-coparmex-que-no-hubo-ganador-en-primer-debate-presidencial\\\/#article\",\"isPartOf\":{\"@id\":\"https:\\\/\\\/elinformativotam.com\\\/index.php\\\/2024\\\/04\\\/08\\\/confirma-coparmex-que-no-hubo-ganador-en-primer-debate-presidencial\\\/\"},\"author\":{\"name\":\"El Informativo Tam\",\"@id\":\"https:\\\/\\\/elinformativotam.com\\\/#\\\/schema\\\/person\\\/78e08040eed0f6110f0c5f83b6153590\"},\"headline\":\"CONFIRMA COPARMEX QUE NO HUBO GANADOR EN PRIMER DEBATE PRESIDENCIAL\",\"datePublished\":\"2024-04-09T03:46:28+00:00\",\"mainEntityOfPage\":{\"@id\":\"https:\\\/\\\/elinformativotam.com\\\/index.php\\\/2024\\\/04\\\/08\\\/confirma-coparmex-que-no-hubo-ganador-en-primer-debate-presidencial\\\/\"},\"wordCount\":375,\"commentCount\":0,\"publisher\":{\"@id\":\"https:\\\/\\\/elinformativotam.com\\\/#organization\"},\"image\":{\"@id\":\"https:\\\/\\\/elinformativotam.com\\\/index.php\\\/2024\\\/04\\\/08\\\/confirma-coparmex-que-no-hubo-ganador-en-primer-debate-presidencial\\\/#primaryimage\"},\"thumbnailUrl\":\"https:\\\/\\\/elinformativotam.com\\\/wp-content\\\/uploads\\\/2024\\\/04\\\/Coparmex.jpeg\",\"articleSection\":[\"Tampico\"],\"inLanguage\":\"es\",\"potentialAction\":[{\"@type\":\"CommentAction\",\"name\":\"Comment\",\"target\":[\"https:\\\/\\\/elinformativotam.com\\\/index.php\\\/2024\\\/04\\\/08\\\/confirma-coparmex-que-no-hubo-ganador-en-primer-debate-presidencial\\\/#respond\"]}]},{\"@type\":\"WebPage\",\"@id\":\"https:\\\/\\\/elinformativotam.com\\\/index.php\\\/2024\\\/04\\\/08\\\/confirma-coparmex-que-no-hubo-ganador-en-primer-debate-presidencial\\\/\",\"url\":\"https:\\\/\\\/elinformativotam.com\\\/index.php\\\/2024\\\/04\\\/08\\\/confirma-coparmex-que-no-hubo-ganador-en-primer-debate-presidencial\\\/\",\"name\":\"CONFIRMA COPARMEX QUE NO HUBO GANADOR EN PRIMER DEBATE PRESIDENCIAL - EL INFORMATIVO DE TAMAULIPAS\",\"isPartOf\":{\"@id\":\"https:\\\/\\\/elinformativotam.com\\\/#website\"},\"primaryImageOfPage\":{\"@id\":\"https:\\\/\\\/elinformativotam.com\\\/index.php\\\/2024\\\/04\\\/08\\\/confirma-coparmex-que-no-hubo-ganador-en-primer-debate-presidencial\\\/#primaryimage\"},\"image\":{\"@id\":\"https:\\\/\\\/elinformativotam.com\\\/index.php\\\/2024\\\/04\\\/08\\\/confirma-coparmex-que-no-hubo-ganador-en-primer-debate-presidencial\\\/#primaryimage\"},\"thumbnailUrl\":\"https:\\\/\\\/elinformativotam.com\\\/wp-content\\\/uploads\\\/2024\\\/04\\\/Coparmex.jpeg\",\"datePublished\":\"2024-04-09T03:46:28+00:00\",\"description\":\"*Solo S\u00ed Se Equivocan O Lanzan Alguna Propuesta Brillante Podr\u00e1 Haber Otra Percepci\u00f3n En Estos Ejercicios &nbsp; En el primer debate presidencial llevado\",\"inLanguage\":\"es\",\"potentialAction\":[{\"@type\":\"ReadAction\",\"target\":[\"https:\\\/\\\/elinformativotam.com\\\/index.php\\\/2024\\\/04\\\/08\\\/confirma-coparmex-que-no-hubo-ganador-en-primer-debate-presidencial\\\/\"]}]},{\"@type\":\"ImageObject\",\"inLanguage\":\"es\",\"@id\":\"https:\\\/\\\/elinformativotam.com\\\/index.php\\\/2024\\\/04\\\/08\\\/confirma-coparmex-que-no-hubo-ganador-en-primer-debate-presidencial\\\/#primaryimage\",\"url\":\"https:\\\/\\\/elinformativotam.com\\\/wp-content\\\/uploads\\\/2024\\\/04\\\/Coparmex.jpeg\",\"contentUrl\":\"https:\\\/\\\/elinformativotam.com\\\/wp-content\\\/uploads\\\/2024\\\/04\\\/Coparmex.jpeg\",\"width\":1280,\"height\":963},{\"@type\":\"WebSite\",\"@id\":\"https:\\\/\\\/elinformativotam.com\\\/#website\",\"url\":\"https:\\\/\\\/elinformativotam.com\\\/\",\"name\":\"EL INFORMATIVO DE TAMAULIPAS\",\"description\":\"Desde la Zona Metropolitana Para Todo M\u00e9xico\",\"publisher\":{\"@id\":\"https:\\\/\\\/elinformativotam.com\\\/#organization\"},\"potentialAction\":[{\"@type\":\"SearchAction\",\"target\":{\"@type\":\"EntryPoint\",\"urlTemplate\":\"https:\\\/\\\/elinformativotam.com\\\/?s={search_term_string}\"},\"query-input\":{\"@type\":\"PropertyValueSpecification\",\"valueRequired\":true,\"valueName\":\"search_term_string\"}}],\"inLanguage\":\"es\"},{\"@type\":\"Organization\",\"@id\":\"https:\\\/\\\/elinformativotam.com\\\/#organization\",\"name\":\"EL INFORMATIVO DE TAMAULIPAS\",\"url\":\"https:\\\/\\\/elinformativotam.com\\\/\",\"logo\":{\"@type\":\"ImageObject\",\"inLanguage\":\"es\",\"@id\":\"https:\\\/\\\/elinformativotam.com\\\/#\\\/schema\\\/logo\\\/image\\\/\",\"url\":\"https:\\\/\\\/elinformativotam.com\\\/wp-content\\\/uploads\\\/2026\\\/02\\\/Cabezal.png\",\"contentUrl\":\"https:\\\/\\\/elinformativotam.com\\\/wp-content\\\/uploads\\\/2026\\\/02\\\/Cabezal.png\",\"width\":960,\"height\":640,\"caption\":\"EL INFORMATIVO DE TAMAULIPAS\"},\"image\":{\"@id\":\"https:\\\/\\\/elinformativotam.com\\\/#\\\/schema\\\/logo\\\/image\\\/\"}},{\"@type\":\"Person\",\"@id\":\"https:\\\/\\\/elinformativotam.com\\\/#\\\/schema\\\/person\\\/78e08040eed0f6110f0c5f83b6153590\",\"name\":\"El Informativo Tam\",\"image\":{\"@type\":\"ImageObject\",\"inLanguage\":\"es\",\"@id\":\"https:\\\/\\\/secure.gravatar.com\\\/avatar\\\/f3b7ad3af540688955925ac610647be00b0cf41feea9c4978b73a707ee86bc53?s=96&d=mm&r=g\",\"url\":\"https:\\\/\\\/secure.gravatar.com\\\/avatar\\\/f3b7ad3af540688955925ac610647be00b0cf41feea9c4978b73a707ee86bc53?s=96&d=mm&r=g\",\"contentUrl\":\"https:\\\/\\\/secure.gravatar.com\\\/avatar\\\/f3b7ad3af540688955925ac610647be00b0cf41feea9c4978b73a707ee86bc53?s=96&d=mm&r=g\",\"caption\":\"El Informativo Tam\"}}]}<\/script>\n<!-- \/ Yoast SEO plugin. -->","yoast_head_json":{"title":"CONFIRMA COPARMEX QUE NO HUBO GANADOR EN PRIMER DEBATE PRESIDENCIAL - EL INFORMATIVO DE TAMAULIPAS","description":"*Solo S\u00ed Se Equivocan O Lanzan Alguna Propuesta Brillante Podr\u00e1 Haber Otra Percepci\u00f3n En Estos Ejercicios &nbsp; En el primer debate presidencial llevado","robots":{"index":"index","follow":"follow","max-snippet":"max-snippet:-1","max-image-preview":"max-image-preview:large","max-video-preview":"max-video-preview:-1"},"canonical":"https:\/\/elinformativotam.com\/index.php\/2024\/04\/08\/confirma-coparmex-que-no-hubo-ganador-en-primer-debate-presidencial\/","og_locale":"es_MX","og_type":"article","og_title":"CONFIRMA COPARMEX QUE NO HUBO GANADOR EN PRIMER DEBATE PRESIDENCIAL - EL INFORMATIVO DE TAMAULIPAS","og_description":"*Solo S\u00ed Se Equivocan O Lanzan Alguna Propuesta Brillante Podr\u00e1 Haber Otra Percepci\u00f3n En Estos Ejercicios &nbsp; En el primer debate presidencial llevado","og_url":"https:\/\/elinformativotam.com\/index.php\/2024\/04\/08\/confirma-coparmex-que-no-hubo-ganador-en-primer-debate-presidencial\/","og_site_name":"EL INFORMATIVO DE TAMAULIPAS","article_published_time":"2024-04-09T03:46:28+00:00","og_image":[{"width":1280,"height":963,"url":"https:\/\/elinformativotam.com\/wp-content\/uploads\/2024\/04\/Coparmex.jpeg","type":"image\/jpeg"}],"author":"El Informativo Tam","twitter_card":"summary_large_image","twitter_misc":{"Escrito por":"El Informativo Tam","Tiempo de lectura":"2 minutos"},"schema":{"@context":"https:\/\/schema.org","@graph":[{"@type":"Article","@id":"https:\/\/elinformativotam.com\/index.php\/2024\/04\/08\/confirma-coparmex-que-no-hubo-ganador-en-primer-debate-presidencial\/#article","isPartOf":{"@id":"https:\/\/elinformativotam.com\/index.php\/2024\/04\/08\/confirma-coparmex-que-no-hubo-ganador-en-primer-debate-presidencial\/"},"author":{"name":"El Informativo Tam","@id":"https:\/\/elinformativotam.com\/#\/schema\/person\/78e08040eed0f6110f0c5f83b6153590"},"headline":"CONFIRMA COPARMEX QUE NO HUBO GANADOR EN PRIMER DEBATE PRESIDENCIAL","datePublished":"2024-04-09T03:46:28+00:00","mainEntityOfPage":{"@id":"https:\/\/elinformativotam.com\/index.php\/2024\/04\/08\/confirma-coparmex-que-no-hubo-ganador-en-primer-debate-presidencial\/"},"wordCount":375,"commentCount":0,"publisher":{"@id":"https:\/\/elinformativotam.com\/#organization"},"image":{"@id":"https:\/\/elinformativotam.com\/index.php\/2024\/04\/08\/confirma-coparmex-que-no-hubo-ganador-en-primer-debate-presidencial\/#primaryimage"},"thumbnailUrl":"https:\/\/elinformativotam.com\/wp-content\/uploads\/2024\/04\/Coparmex.jpeg","articleSection":["Tampico"],"inLanguage":"es","potentialAction":[{"@type":"CommentAction","name":"Comment","target":["https:\/\/elinformativotam.com\/index.php\/2024\/04\/08\/confirma-coparmex-que-no-hubo-ganador-en-primer-debate-presidencial\/#respond"]}]},{"@type":"WebPage","@id":"https:\/\/elinformativotam.com\/index.php\/2024\/04\/08\/confirma-coparmex-que-no-hubo-ganador-en-primer-debate-presidencial\/","url":"https:\/\/elinformativotam.com\/index.php\/2024\/04\/08\/confirma-coparmex-que-no-hubo-ganador-en-primer-debate-presidencial\/","name":"CONFIRMA COPARMEX QUE NO HUBO GANADOR EN PRIMER DEBATE PRESIDENCIAL - EL INFORMATIVO DE TAMAULIPAS","isPartOf":{"@id":"https:\/\/elinformativotam.com\/#website"},"primaryImageOfPage":{"@id":"https:\/\/elinformativotam.com\/index.php\/2024\/04\/08\/confirma-coparmex-que-no-hubo-ganador-en-primer-debate-presidencial\/#primaryimage"},"image":{"@id":"https:\/\/elinformativotam.com\/index.php\/2024\/04\/08\/confirma-coparmex-que-no-hubo-ganador-en-primer-debate-presidencial\/#primaryimage"},"thumbnailUrl":"https:\/\/elinformativotam.com\/wp-content\/uploads\/2024\/04\/Coparmex.jpeg","datePublished":"2024-04-09T03:46:28+00:00","description":"*Solo S\u00ed Se Equivocan O Lanzan Alguna Propuesta Brillante Podr\u00e1 Haber Otra Percepci\u00f3n En Estos Ejercicios &nbsp; En el primer debate presidencial llevado","inLanguage":"es","potentialAction":[{"@type":"ReadAction","target":["https:\/\/elinformativotam.com\/index.php\/2024\/04\/08\/confirma-coparmex-que-no-hubo-ganador-en-primer-debate-presidencial\/"]}]},{"@type":"ImageObject","inLanguage":"es","@id":"https:\/\/elinformativotam.com\/index.php\/2024\/04\/08\/confirma-coparmex-que-no-hubo-ganador-en-primer-debate-presidencial\/#primaryimage","url":"https:\/\/elinformativotam.com\/wp-content\/uploads\/2024\/04\/Coparmex.jpeg","contentUrl":"https:\/\/elinformativotam.com\/wp-content\/uploads\/2024\/04\/Coparmex.jpeg","width":1280,"height":963},{"@type":"WebSite","@id":"https:\/\/elinformativotam.com\/#website","url":"https:\/\/elinformativotam.com\/","name":"EL INFORMATIVO DE TAMAULIPAS","description":"Desde la Zona Metropolitana Para Todo M\u00e9xico","publisher":{"@id":"https:\/\/elinformativotam.com\/#organization"},"potentialAction":[{"@type":"SearchAction","target":{"@type":"EntryPoint","urlTemplate":"https:\/\/elinformativotam.com\/?s={search_term_string}"},"query-input":{"@type":"PropertyValueSpecification","valueRequired":true,"valueName":"search_term_string"}}],"inLanguage":"es"},{"@type":"Organization","@id":"https:\/\/elinformativotam.com\/#organization","name":"EL INFORMATIVO DE TAMAULIPAS","url":"https:\/\/elinformativotam.com\/","logo":{"@type":"ImageObject","inLanguage":"es","@id":"https:\/\/elinformativotam.com\/#\/schema\/logo\/image\/","url":"https:\/\/elinformativotam.com\/wp-content\/uploads\/2026\/02\/Cabezal.png","contentUrl":"https:\/\/elinformativotam.com\/wp-content\/uploads\/2026\/02\/Cabezal.png","width":960,"height":640,"caption":"EL INFORMATIVO DE TAMAULIPAS"},"image":{"@id":"https:\/\/elinformativotam.com\/#\/schema\/logo\/image\/"}},{"@type":"Person","@id":"https:\/\/elinformativotam.com\/#\/schema\/person\/78e08040eed0f6110f0c5f83b6153590","name":"El Informativo Tam","image":{"@type":"ImageObject","inLanguage":"es","@id":"https:\/\/secure.gravatar.com\/avatar\/f3b7ad3af540688955925ac610647be00b0cf41feea9c4978b73a707ee86bc53?s=96&d=mm&r=g","url":"https:\/\/secure.gravatar.com\/avatar\/f3b7ad3af540688955925ac610647be00b0cf41feea9c4978b73a707ee86bc53?s=96&d=mm&r=g","contentUrl":"https:\/\/secure.gravatar.com\/avatar\/f3b7ad3af540688955925ac610647be00b0cf41feea9c4978b73a707ee86bc53?s=96&d=mm&r=g","caption":"El Informativo Tam"}}]}},"_links":{"self":[{"href":"https:\/\/elinformativotam.com\/index.php\/wp-json\/wp\/v2\/posts\/50122","targetHints":{"allow":["GET"]}}],"collection":[{"href":"https:\/\/elinformativotam.com\/index.php\/wp-json\/wp\/v2\/posts"}],"about":[{"href":"https:\/\/elinformativotam.com\/index.php\/wp-json\/wp\/v2\/types\/post"}],"author":[{"embeddable":true,"href":"https:\/\/elinformativotam.com\/index.php\/wp-json\/wp\/v2\/users\/1"}],"replies":[{"embeddable":true,"href":"https:\/\/elinformativotam.com\/index.php\/wp-json\/wp\/v2\/comments?post=50122"}],"version-history":[{"count":1,"href":"https:\/\/elinformativotam.com\/index.php\/wp-json\/wp\/v2\/posts\/50122\/revisions"}],"predecessor-version":[{"id":50124,"href":"https:\/\/elinformativotam.com\/index.php\/wp-json\/wp\/v2\/posts\/50122\/revisions\/50124"}],"wp:featuredmedia":[{"embeddable":true,"href":"https:\/\/elinformativotam.com\/index.php\/wp-json\/wp\/v2\/media\/50123"}],"wp:attachment":[{"href":"https:\/\/elinformativotam.com\/index.php\/wp-json\/wp\/v2\/media?parent=50122"}],"wp:term":[{"taxonomy":"category","embeddable":true,"href":"https:\/\/elinformativotam.com\/index.php\/wp-json\/wp\/v2\/categories?post=50122"},{"taxonomy":"post_tag","embeddable":true,"href":"https:\/\/elinformativotam.com\/index.php\/wp-json\/wp\/v2\/tags?post=50122"}],"curies":[{"name":"wp","href":"https:\/\/api.w.org\/{rel}","templated":true}]}}