{"id":50119,"date":"2024-04-08T21:44:47","date_gmt":"2024-04-09T03:44:47","guid":{"rendered":"https:\/\/elinformativotam.com\/?p=50119"},"modified":"2024-04-08T21:44:47","modified_gmt":"2024-04-09T03:44:47","slug":"que-proximo-presidente-de-mexico-aborde-una-verdadera-reforma-fiscal","status":"publish","type":"post","link":"https:\/\/elinformativotam.com\/index.php\/2024\/04\/08\/que-proximo-presidente-de-mexico-aborde-una-verdadera-reforma-fiscal\/","title":{"rendered":"QUE PR\u00d3XIMO PRESIDENTE DE M\u00c9XICO ABORDE UNA VERDADERA REFORMA FISCAL"},"content":{"rendered":"<h2 style=\"text-align: center;\"><em><span style=\"font-family: 'times new roman', times;\">*El Pa\u00eds Est\u00e1 Muy Endeudado, Pues La Ganadora De La Elecci\u00f3n Recibir\u00e1 Un Presupuesto Muy Acotado<\/span><\/em><\/h2>\n<p>&nbsp;<\/p>\n<p>&nbsp;<\/p>\n<p>El candidato a la Presidencia de M\u00e9xico que logr\u00e9 ganar el pr\u00f3ximo 2 de Junio, deber\u00e1 de impulsar una verdadera reforma fiscal que permita resolver la enorme deuda que recibir\u00e1 de su antecesor, pues tan solo en el \u00faltimo presupuesto anual de egresos se autorizaron 9 billones de pesos, es decir 2 billones m\u00e1s comparado con el 2023, se\u00f1al\u00f3 el ex Presidente del PRI de Tampico, Roberto Gonz\u00e1lez Barba.<\/p>\n<p>&nbsp;<\/p>\n<p>El tambi\u00e9n edil porte\u00f1o, se\u00f1al\u00f3 que la abanderada de Morena presumi\u00f3 un ahorro millonario de m\u00e1s de 2 billones de pesos del combate a la corrupci\u00f3n, pero no se dio a conocer, dijo, en que se ha ejercido ese dinero &#8220;recuperado&#8221;.<\/p>\n<p>&nbsp;<\/p>\n<p>Precis\u00f3 que otro de los grandes temas que habr\u00e1 de enfrentar el ganador de los comicios es la alta deuda o pasivo que arrastra M\u00e9xico, de muchos a\u00f1os atras y que se maximiz\u00f3 en el presente sexenio, con tres obras\u00a0 monumentales que no han dado los resultados que esperan muchos mexicanos.<\/p>\n<p>&nbsp;<\/p>\n<p>&#8220;El AIFA pierde alrededor de 5 millones de pesos diarios por inoperancia; Dos Bocas no logra refinar y el tren Maya sigue ejerciendo presupuesto y ya se descarril\u00f3&#8221;, expuso<\/p>\n<p>&nbsp;<\/p>\n<p>Gonz\u00e1lez, manifest\u00f3 que ninguno de los tres abanderados presidenciales dieron s\u00edntomas de plantear una propuesta concreta y viable en los temas debatidos.<\/p>\n<p>&nbsp;<\/p>\n<p>&#8220;El tema del combate a la corrupci\u00f3n les da miedo tocarlo, pues los tres partidos que los postularon est\u00e1n manchados de eso, y no van a cumplir con lo que digan&#8221;, dijo<\/p>\n<p>&nbsp;<\/p>\n<p>Resalt\u00f3 que el pa\u00eds vive del amplio comercio que se genera con EUA con el TMEC y las remesas que env\u00edan los migrantes, puntos que corren riesgo una vez m\u00e1s de ganar Donald Trump los comicios en aquel pa\u00eds.<\/p>\n<p>&nbsp;<\/p>\n<p>&#8220;Es otro de los puntos que habr\u00e1 de enfrentar la ganadora del 2 de Junio. Tendr\u00e1 un presupuesto para el 2025 muy acotado y encima tener que lidiar con Trump en los temas econ\u00f3micos y migrantes, s\u00ed logra ganar en Estados Unidos&#8221;, apunt\u00f3.<\/p>\n<p>&nbsp;<\/p>\n","protected":false},"excerpt":{"rendered":"<p>*El Pa\u00eds Est\u00e1 Muy Endeudado, Pues La Ganadora De La Elecci\u00f3n Recibir\u00e1 Un Presupuesto Muy Acotado &nbsp; &nbsp; El candidato&hellip;<\/p>\n","protected":false},"author":1,"featured_media":50120,"comment_status":"open","ping_status":"open","sticky":false,"template":"","format":"standard","meta":{"footnotes":""},"categories":[3],"tags":[],"class_list":["post-50119","post","type-post","status-publish","format-standard","has-post-thumbnail","hentry","category-tampico"],"yoast_head":"<!-- This site is optimized with the Yoast SEO plugin v27.5 - https:\/\/yoast.com\/product\/yoast-seo-wordpress\/ -->\n<title>QUE PR\u00d3XIMO PRESIDENTE DE M\u00c9XICO ABORDE UNA VERDADERA REFORMA FISCAL - EL INFORMATIVO DE TAMAULIPAS<\/title>\n<meta name=\"description\" content=\"*El Pa\u00eds Est\u00e1 Muy Endeudado, Pues La Ganadora De La Elecci\u00f3n Recibir\u00e1 Un Presupuesto Muy Acotado &nbsp; &nbsp; El candidato a la Presidencia de M\u00e9xico que\" \/>\n<meta name=\"robots\" content=\"index, follow, max-snippet:-1, max-image-preview:large, max-video-preview:-1\" \/>\n<link rel=\"canonical\" href=\"https:\/\/elinformativotam.com\/index.php\/2024\/04\/08\/que-proximo-presidente-de-mexico-aborde-una-verdadera-reforma-fiscal\/\" \/>\n<meta property=\"og:locale\" content=\"es_MX\" \/>\n<meta property=\"og:type\" content=\"article\" \/>\n<meta property=\"og:title\" content=\"QUE PR\u00d3XIMO PRESIDENTE DE M\u00c9XICO ABORDE UNA VERDADERA REFORMA FISCAL - EL INFORMATIVO DE TAMAULIPAS\" \/>\n<meta property=\"og:description\" content=\"*El Pa\u00eds Est\u00e1 Muy Endeudado, Pues La Ganadora De La Elecci\u00f3n Recibir\u00e1 Un Presupuesto Muy Acotado &nbsp; &nbsp; El candidato a la Presidencia de M\u00e9xico que\" \/>\n<meta property=\"og:url\" content=\"https:\/\/elinformativotam.com\/index.php\/2024\/04\/08\/que-proximo-presidente-de-mexico-aborde-una-verdadera-reforma-fiscal\/\" \/>\n<meta property=\"og:site_name\" content=\"EL INFORMATIVO DE TAMAULIPAS\" \/>\n<meta property=\"article:published_time\" content=\"2024-04-09T03:44:47+00:00\" \/>\n<meta property=\"og:image\" content=\"https:\/\/elinformativotam.com\/wp-content\/uploads\/2024\/04\/Gonzalez-Barba.jpeg\" \/>\n\t<meta property=\"og:image:width\" content=\"1040\" \/>\n\t<meta property=\"og:image:height\" content=\"780\" \/>\n\t<meta property=\"og:image:type\" content=\"image\/jpeg\" \/>\n<meta name=\"author\" content=\"El Informativo Tam\" \/>\n<meta name=\"twitter:card\" content=\"summary_large_image\" \/>\n<meta name=\"twitter:label1\" content=\"Escrito por\" \/>\n\t<meta name=\"twitter:data1\" content=\"El Informativo Tam\" \/>\n\t<meta name=\"twitter:label2\" content=\"Tiempo de lectura\" \/>\n\t<meta name=\"twitter:data2\" content=\"2 minutos\" \/>\n<script type=\"application\/ld+json\" class=\"yoast-schema-graph\">{\"@context\":\"https:\\\/\\\/schema.org\",\"@graph\":[{\"@type\":\"Article\",\"@id\":\"https:\\\/\\\/elinformativotam.com\\\/index.php\\\/2024\\\/04\\\/08\\\/que-proximo-presidente-de-mexico-aborde-una-verdadera-reforma-fiscal\\\/#article\",\"isPartOf\":{\"@id\":\"https:\\\/\\\/elinformativotam.com\\\/index.php\\\/2024\\\/04\\\/08\\\/que-proximo-presidente-de-mexico-aborde-una-verdadera-reforma-fiscal\\\/\"},\"author\":{\"name\":\"El Informativo Tam\",\"@id\":\"https:\\\/\\\/elinformativotam.com\\\/#\\\/schema\\\/person\\\/78e08040eed0f6110f0c5f83b6153590\"},\"headline\":\"QUE PR\u00d3XIMO PRESIDENTE DE M\u00c9XICO ABORDE UNA VERDADERA REFORMA FISCAL\",\"datePublished\":\"2024-04-09T03:44:47+00:00\",\"mainEntityOfPage\":{\"@id\":\"https:\\\/\\\/elinformativotam.com\\\/index.php\\\/2024\\\/04\\\/08\\\/que-proximo-presidente-de-mexico-aborde-una-verdadera-reforma-fiscal\\\/\"},\"wordCount\":379,\"commentCount\":0,\"publisher\":{\"@id\":\"https:\\\/\\\/elinformativotam.com\\\/#organization\"},\"image\":{\"@id\":\"https:\\\/\\\/elinformativotam.com\\\/index.php\\\/2024\\\/04\\\/08\\\/que-proximo-presidente-de-mexico-aborde-una-verdadera-reforma-fiscal\\\/#primaryimage\"},\"thumbnailUrl\":\"https:\\\/\\\/elinformativotam.com\\\/wp-content\\\/uploads\\\/2024\\\/04\\\/Gonzalez-Barba.jpeg\",\"articleSection\":[\"Tampico\"],\"inLanguage\":\"es\",\"potentialAction\":[{\"@type\":\"CommentAction\",\"name\":\"Comment\",\"target\":[\"https:\\\/\\\/elinformativotam.com\\\/index.php\\\/2024\\\/04\\\/08\\\/que-proximo-presidente-de-mexico-aborde-una-verdadera-reforma-fiscal\\\/#respond\"]}]},{\"@type\":\"WebPage\",\"@id\":\"https:\\\/\\\/elinformativotam.com\\\/index.php\\\/2024\\\/04\\\/08\\\/que-proximo-presidente-de-mexico-aborde-una-verdadera-reforma-fiscal\\\/\",\"url\":\"https:\\\/\\\/elinformativotam.com\\\/index.php\\\/2024\\\/04\\\/08\\\/que-proximo-presidente-de-mexico-aborde-una-verdadera-reforma-fiscal\\\/\",\"name\":\"QUE PR\u00d3XIMO PRESIDENTE DE M\u00c9XICO ABORDE UNA VERDADERA REFORMA FISCAL - EL INFORMATIVO DE TAMAULIPAS\",\"isPartOf\":{\"@id\":\"https:\\\/\\\/elinformativotam.com\\\/#website\"},\"primaryImageOfPage\":{\"@id\":\"https:\\\/\\\/elinformativotam.com\\\/index.php\\\/2024\\\/04\\\/08\\\/que-proximo-presidente-de-mexico-aborde-una-verdadera-reforma-fiscal\\\/#primaryimage\"},\"image\":{\"@id\":\"https:\\\/\\\/elinformativotam.com\\\/index.php\\\/2024\\\/04\\\/08\\\/que-proximo-presidente-de-mexico-aborde-una-verdadera-reforma-fiscal\\\/#primaryimage\"},\"thumbnailUrl\":\"https:\\\/\\\/elinformativotam.com\\\/wp-content\\\/uploads\\\/2024\\\/04\\\/Gonzalez-Barba.jpeg\",\"datePublished\":\"2024-04-09T03:44:47+00:00\",\"description\":\"*El Pa\u00eds Est\u00e1 Muy Endeudado, Pues La Ganadora De La Elecci\u00f3n Recibir\u00e1 Un Presupuesto Muy Acotado &nbsp; &nbsp; El candidato a la Presidencia de M\u00e9xico que\",\"inLanguage\":\"es\",\"potentialAction\":[{\"@type\":\"ReadAction\",\"target\":[\"https:\\\/\\\/elinformativotam.com\\\/index.php\\\/2024\\\/04\\\/08\\\/que-proximo-presidente-de-mexico-aborde-una-verdadera-reforma-fiscal\\\/\"]}]},{\"@type\":\"ImageObject\",\"inLanguage\":\"es\",\"@id\":\"https:\\\/\\\/elinformativotam.com\\\/index.php\\\/2024\\\/04\\\/08\\\/que-proximo-presidente-de-mexico-aborde-una-verdadera-reforma-fiscal\\\/#primaryimage\",\"url\":\"https:\\\/\\\/elinformativotam.com\\\/wp-content\\\/uploads\\\/2024\\\/04\\\/Gonzalez-Barba.jpeg\",\"contentUrl\":\"https:\\\/\\\/elinformativotam.com\\\/wp-content\\\/uploads\\\/2024\\\/04\\\/Gonzalez-Barba.jpeg\",\"width\":1040,\"height\":780},{\"@type\":\"WebSite\",\"@id\":\"https:\\\/\\\/elinformativotam.com\\\/#website\",\"url\":\"https:\\\/\\\/elinformativotam.com\\\/\",\"name\":\"EL INFORMATIVO DE TAMAULIPAS\",\"description\":\"Desde la Zona Metropolitana Para Todo M\u00e9xico\",\"publisher\":{\"@id\":\"https:\\\/\\\/elinformativotam.com\\\/#organization\"},\"potentialAction\":[{\"@type\":\"SearchAction\",\"target\":{\"@type\":\"EntryPoint\",\"urlTemplate\":\"https:\\\/\\\/elinformativotam.com\\\/?s={search_term_string}\"},\"query-input\":{\"@type\":\"PropertyValueSpecification\",\"valueRequired\":true,\"valueName\":\"search_term_string\"}}],\"inLanguage\":\"es\"},{\"@type\":\"Organization\",\"@id\":\"https:\\\/\\\/elinformativotam.com\\\/#organization\",\"name\":\"EL INFORMATIVO DE TAMAULIPAS\",\"url\":\"https:\\\/\\\/elinformativotam.com\\\/\",\"logo\":{\"@type\":\"ImageObject\",\"inLanguage\":\"es\",\"@id\":\"https:\\\/\\\/elinformativotam.com\\\/#\\\/schema\\\/logo\\\/image\\\/\",\"url\":\"https:\\\/\\\/elinformativotam.com\\\/wp-content\\\/uploads\\\/2026\\\/02\\\/Cabezal.png\",\"contentUrl\":\"https:\\\/\\\/elinformativotam.com\\\/wp-content\\\/uploads\\\/2026\\\/02\\\/Cabezal.png\",\"width\":960,\"height\":640,\"caption\":\"EL INFORMATIVO DE TAMAULIPAS\"},\"image\":{\"@id\":\"https:\\\/\\\/elinformativotam.com\\\/#\\\/schema\\\/logo\\\/image\\\/\"}},{\"@type\":\"Person\",\"@id\":\"https:\\\/\\\/elinformativotam.com\\\/#\\\/schema\\\/person\\\/78e08040eed0f6110f0c5f83b6153590\",\"name\":\"El Informativo Tam\",\"image\":{\"@type\":\"ImageObject\",\"inLanguage\":\"es\",\"@id\":\"https:\\\/\\\/secure.gravatar.com\\\/avatar\\\/f3b7ad3af540688955925ac610647be00b0cf41feea9c4978b73a707ee86bc53?s=96&d=mm&r=g\",\"url\":\"https:\\\/\\\/secure.gravatar.com\\\/avatar\\\/f3b7ad3af540688955925ac610647be00b0cf41feea9c4978b73a707ee86bc53?s=96&d=mm&r=g\",\"contentUrl\":\"https:\\\/\\\/secure.gravatar.com\\\/avatar\\\/f3b7ad3af540688955925ac610647be00b0cf41feea9c4978b73a707ee86bc53?s=96&d=mm&r=g\",\"caption\":\"El Informativo Tam\"}}]}<\/script>\n<!-- \/ Yoast SEO plugin. -->","yoast_head_json":{"title":"QUE PR\u00d3XIMO PRESIDENTE DE M\u00c9XICO ABORDE UNA VERDADERA REFORMA FISCAL - EL INFORMATIVO DE TAMAULIPAS","description":"*El Pa\u00eds Est\u00e1 Muy Endeudado, Pues La Ganadora De La Elecci\u00f3n Recibir\u00e1 Un Presupuesto Muy Acotado &nbsp; &nbsp; El candidato a la Presidencia de M\u00e9xico que","robots":{"index":"index","follow":"follow","max-snippet":"max-snippet:-1","max-image-preview":"max-image-preview:large","max-video-preview":"max-video-preview:-1"},"canonical":"https:\/\/elinformativotam.com\/index.php\/2024\/04\/08\/que-proximo-presidente-de-mexico-aborde-una-verdadera-reforma-fiscal\/","og_locale":"es_MX","og_type":"article","og_title":"QUE PR\u00d3XIMO PRESIDENTE DE M\u00c9XICO ABORDE UNA VERDADERA REFORMA FISCAL - EL INFORMATIVO DE TAMAULIPAS","og_description":"*El Pa\u00eds Est\u00e1 Muy Endeudado, Pues La Ganadora De La Elecci\u00f3n Recibir\u00e1 Un Presupuesto Muy Acotado &nbsp; &nbsp; El candidato a la Presidencia de M\u00e9xico que","og_url":"https:\/\/elinformativotam.com\/index.php\/2024\/04\/08\/que-proximo-presidente-de-mexico-aborde-una-verdadera-reforma-fiscal\/","og_site_name":"EL INFORMATIVO DE TAMAULIPAS","article_published_time":"2024-04-09T03:44:47+00:00","og_image":[{"width":1040,"height":780,"url":"https:\/\/elinformativotam.com\/wp-content\/uploads\/2024\/04\/Gonzalez-Barba.jpeg","type":"image\/jpeg"}],"author":"El Informativo Tam","twitter_card":"summary_large_image","twitter_misc":{"Escrito por":"El Informativo Tam","Tiempo de lectura":"2 minutos"},"schema":{"@context":"https:\/\/schema.org","@graph":[{"@type":"Article","@id":"https:\/\/elinformativotam.com\/index.php\/2024\/04\/08\/que-proximo-presidente-de-mexico-aborde-una-verdadera-reforma-fiscal\/#article","isPartOf":{"@id":"https:\/\/elinformativotam.com\/index.php\/2024\/04\/08\/que-proximo-presidente-de-mexico-aborde-una-verdadera-reforma-fiscal\/"},"author":{"name":"El Informativo Tam","@id":"https:\/\/elinformativotam.com\/#\/schema\/person\/78e08040eed0f6110f0c5f83b6153590"},"headline":"QUE PR\u00d3XIMO PRESIDENTE DE M\u00c9XICO ABORDE UNA VERDADERA REFORMA FISCAL","datePublished":"2024-04-09T03:44:47+00:00","mainEntityOfPage":{"@id":"https:\/\/elinformativotam.com\/index.php\/2024\/04\/08\/que-proximo-presidente-de-mexico-aborde-una-verdadera-reforma-fiscal\/"},"wordCount":379,"commentCount":0,"publisher":{"@id":"https:\/\/elinformativotam.com\/#organization"},"image":{"@id":"https:\/\/elinformativotam.com\/index.php\/2024\/04\/08\/que-proximo-presidente-de-mexico-aborde-una-verdadera-reforma-fiscal\/#primaryimage"},"thumbnailUrl":"https:\/\/elinformativotam.com\/wp-content\/uploads\/2024\/04\/Gonzalez-Barba.jpeg","articleSection":["Tampico"],"inLanguage":"es","potentialAction":[{"@type":"CommentAction","name":"Comment","target":["https:\/\/elinformativotam.com\/index.php\/2024\/04\/08\/que-proximo-presidente-de-mexico-aborde-una-verdadera-reforma-fiscal\/#respond"]}]},{"@type":"WebPage","@id":"https:\/\/elinformativotam.com\/index.php\/2024\/04\/08\/que-proximo-presidente-de-mexico-aborde-una-verdadera-reforma-fiscal\/","url":"https:\/\/elinformativotam.com\/index.php\/2024\/04\/08\/que-proximo-presidente-de-mexico-aborde-una-verdadera-reforma-fiscal\/","name":"QUE PR\u00d3XIMO PRESIDENTE DE M\u00c9XICO ABORDE UNA VERDADERA REFORMA FISCAL - EL INFORMATIVO DE TAMAULIPAS","isPartOf":{"@id":"https:\/\/elinformativotam.com\/#website"},"primaryImageOfPage":{"@id":"https:\/\/elinformativotam.com\/index.php\/2024\/04\/08\/que-proximo-presidente-de-mexico-aborde-una-verdadera-reforma-fiscal\/#primaryimage"},"image":{"@id":"https:\/\/elinformativotam.com\/index.php\/2024\/04\/08\/que-proximo-presidente-de-mexico-aborde-una-verdadera-reforma-fiscal\/#primaryimage"},"thumbnailUrl":"https:\/\/elinformativotam.com\/wp-content\/uploads\/2024\/04\/Gonzalez-Barba.jpeg","datePublished":"2024-04-09T03:44:47+00:00","description":"*El Pa\u00eds Est\u00e1 Muy Endeudado, Pues La Ganadora De La Elecci\u00f3n Recibir\u00e1 Un Presupuesto Muy Acotado &nbsp; &nbsp; El candidato a la Presidencia de M\u00e9xico que","inLanguage":"es","potentialAction":[{"@type":"ReadAction","target":["https:\/\/elinformativotam.com\/index.php\/2024\/04\/08\/que-proximo-presidente-de-mexico-aborde-una-verdadera-reforma-fiscal\/"]}]},{"@type":"ImageObject","inLanguage":"es","@id":"https:\/\/elinformativotam.com\/index.php\/2024\/04\/08\/que-proximo-presidente-de-mexico-aborde-una-verdadera-reforma-fiscal\/#primaryimage","url":"https:\/\/elinformativotam.com\/wp-content\/uploads\/2024\/04\/Gonzalez-Barba.jpeg","contentUrl":"https:\/\/elinformativotam.com\/wp-content\/uploads\/2024\/04\/Gonzalez-Barba.jpeg","width":1040,"height":780},{"@type":"WebSite","@id":"https:\/\/elinformativotam.com\/#website","url":"https:\/\/elinformativotam.com\/","name":"EL INFORMATIVO DE TAMAULIPAS","description":"Desde la Zona Metropolitana Para Todo M\u00e9xico","publisher":{"@id":"https:\/\/elinformativotam.com\/#organization"},"potentialAction":[{"@type":"SearchAction","target":{"@type":"EntryPoint","urlTemplate":"https:\/\/elinformativotam.com\/?s={search_term_string}"},"query-input":{"@type":"PropertyValueSpecification","valueRequired":true,"valueName":"search_term_string"}}],"inLanguage":"es"},{"@type":"Organization","@id":"https:\/\/elinformativotam.com\/#organization","name":"EL INFORMATIVO DE TAMAULIPAS","url":"https:\/\/elinformativotam.com\/","logo":{"@type":"ImageObject","inLanguage":"es","@id":"https:\/\/elinformativotam.com\/#\/schema\/logo\/image\/","url":"https:\/\/elinformativotam.com\/wp-content\/uploads\/2026\/02\/Cabezal.png","contentUrl":"https:\/\/elinformativotam.com\/wp-content\/uploads\/2026\/02\/Cabezal.png","width":960,"height":640,"caption":"EL INFORMATIVO DE TAMAULIPAS"},"image":{"@id":"https:\/\/elinformativotam.com\/#\/schema\/logo\/image\/"}},{"@type":"Person","@id":"https:\/\/elinformativotam.com\/#\/schema\/person\/78e08040eed0f6110f0c5f83b6153590","name":"El Informativo Tam","image":{"@type":"ImageObject","inLanguage":"es","@id":"https:\/\/secure.gravatar.com\/avatar\/f3b7ad3af540688955925ac610647be00b0cf41feea9c4978b73a707ee86bc53?s=96&d=mm&r=g","url":"https:\/\/secure.gravatar.com\/avatar\/f3b7ad3af540688955925ac610647be00b0cf41feea9c4978b73a707ee86bc53?s=96&d=mm&r=g","contentUrl":"https:\/\/secure.gravatar.com\/avatar\/f3b7ad3af540688955925ac610647be00b0cf41feea9c4978b73a707ee86bc53?s=96&d=mm&r=g","caption":"El Informativo Tam"}}]}},"_links":{"self":[{"href":"https:\/\/elinformativotam.com\/index.php\/wp-json\/wp\/v2\/posts\/50119","targetHints":{"allow":["GET"]}}],"collection":[{"href":"https:\/\/elinformativotam.com\/index.php\/wp-json\/wp\/v2\/posts"}],"about":[{"href":"https:\/\/elinformativotam.com\/index.php\/wp-json\/wp\/v2\/types\/post"}],"author":[{"embeddable":true,"href":"https:\/\/elinformativotam.com\/index.php\/wp-json\/wp\/v2\/users\/1"}],"replies":[{"embeddable":true,"href":"https:\/\/elinformativotam.com\/index.php\/wp-json\/wp\/v2\/comments?post=50119"}],"version-history":[{"count":1,"href":"https:\/\/elinformativotam.com\/index.php\/wp-json\/wp\/v2\/posts\/50119\/revisions"}],"predecessor-version":[{"id":50121,"href":"https:\/\/elinformativotam.com\/index.php\/wp-json\/wp\/v2\/posts\/50119\/revisions\/50121"}],"wp:featuredmedia":[{"embeddable":true,"href":"https:\/\/elinformativotam.com\/index.php\/wp-json\/wp\/v2\/media\/50120"}],"wp:attachment":[{"href":"https:\/\/elinformativotam.com\/index.php\/wp-json\/wp\/v2\/media?parent=50119"}],"wp:term":[{"taxonomy":"category","embeddable":true,"href":"https:\/\/elinformativotam.com\/index.php\/wp-json\/wp\/v2\/categories?post=50119"},{"taxonomy":"post_tag","embeddable":true,"href":"https:\/\/elinformativotam.com\/index.php\/wp-json\/wp\/v2\/tags?post=50119"}],"curies":[{"name":"wp","href":"https:\/\/api.w.org\/{rel}","templated":true}]}}