{"id":50108,"date":"2024-04-06T20:44:41","date_gmt":"2024-04-07T02:44:41","guid":{"rendered":"https:\/\/elinformativotam.com\/?p=50108"},"modified":"2024-04-06T20:44:41","modified_gmt":"2024-04-07T02:44:41","slug":"pondera-carlos-fernandez-profesionalismo-y-unidad-de-colectivo-periodistas","status":"publish","type":"post","link":"https:\/\/elinformativotam.com\/index.php\/2024\/04\/06\/pondera-carlos-fernandez-profesionalismo-y-unidad-de-colectivo-periodistas\/","title":{"rendered":"Pondera Carlos Fern\u00e1ndez Profesionalismo y Unidad De Colectivo Periodistas"},"content":{"rendered":"<p style=\"text-align: center;\">\u2022 <em>Importante impulsar desde el Congreso de Tamaulipas mejores condiciones legislativas para los periodistas destac\u00f3 el legislador maderense<\/em><\/p>\n<p>&nbsp;<\/p>\n<p>CIUDAD MADERO, TAM. (06 de abril de 2024).- El diputado local Carlos Fern\u00e1ndez Altamirano, respondi\u00f3 a la invitaci\u00f3n de la Asociaci\u00f3n Profesionales Periodistas de Tamaulipas COPER , con quienes se reuni\u00f3 con la finalidad de abordar asuntos de inter\u00e9s general, .principalmente lo correspondiente al gremio period\u00edstico.<\/p>\n<p>La ma\u00f1ana de este viernes en las instalaciones oficiales de Colectivo Periodistas COPER A.C., ubicadas en el centro de este municipio, Liborio M\u00e9ndez, presidente del colectivo acompa\u00f1ado de los integrantes de la Mesa Directiva 2023-2025, LCC. Adela Cervantes, secretaria general; LCC Gabriela Villalobos, Tesorera y T.E.C. Julio C\u00e9sar Gonz\u00e1lez, secretario de Actas y Acuerdos le dio la formal bienvenida al joven legislador maderense, presentando en primer t\u00e9rmino a los miembros activos que asistieron al evento.<br \/>\nEn ese contexto, Carlos Fern\u00e1ndez escuch\u00f3 con atenci\u00f3n el objetivo de conformar la asociaci\u00f3n civil, reconociendo el trabajo cotidiano de cada uno de sus integrantes, subrayando que la trayectoria y profesionalizaci\u00f3n de todos los periodistas son factores fundamentales para garantizar la importante labor de informar a la sociedad, ya que lo hacen con veracidad y seriedad.<\/p>\n<p>\u201cDecirles a todos y cada uno de ustedes que en mi persona adem\u00e1s de un servidor p\u00fablico, de un diputado y representante ciudadano, tienen a un amigo, a un aliado, valoro su trabajo y es necesario apoyar en todo momento a quienes efect\u00faan con profesionalismo esta labor importante en una sociedad democr\u00e1tica, cuenten conmigo para fortalecer su asociaci\u00f3n\u201d, destac\u00f3 Fern\u00e1ndez Altamirano.<\/p>\n<p>En ese punto, el presidente de COPER A.C., solicit\u00f3 formalmente una gesti\u00f3n legislativa en el Congreso del Estado a Carlos Fern\u00e1ndez, \u201cqueremos pedirte de la manera m\u00e1s respetuosa apoyes no s\u00f3lo a COPER, sino a todos los periodistas de Tamaulipas con una iniciativa de Ley, misma que nos ofrezca garant\u00edas constitucionales m\u00e1s amplias para desarrollar nuestra funci\u00f3n y es la de promover un Padr\u00f3n o Registro Estatal de Periodistas, cuyas obligaciones y derechos sean cubrir requisitos esenciales como: Preparaci\u00f3n acad\u00e9mica documentada, trayectoria profesional, formalidad fiscal, reconocimiento p\u00fablico entre otros, ya que actualmente en el medio period\u00edstico, como en otros sectores productivos est\u00e1 proliferando la informalidad y la improvisaci\u00f3n, por ello es vital para la comunidad period\u00edstica estar debidamente acreditados ante la sociedad y los gobiernos\u201d, apunt\u00f3 Liborio M\u00e9ndez.<\/p>\n<p>En respuesta, el diputado Carlos Fern\u00e1ndez se comprometi\u00f3 a que este mismo a\u00f1o y legislatura, presentar\u00eda la iniciativa ante el Congreso Local, con la firme intenci\u00f3n que se pueda aprobar y aplicar en consecuencia en Tamaulipas, refrend\u00f3.<\/p>\n<p>En otros temas, el legislador dio a conocer su genuina intenci\u00f3n de continuar impulsando el progreso de Ciudad Madero desde otro cargo de elecci\u00f3n popular, siendo su aspiraci\u00f3n pol\u00edtica Administrar el Municipio como Presidente Municipal, para lo cual se registr\u00f3 y obtuvo la candidatura por su partido, una contienda que iniciar\u00e1 el pr\u00f3ximo 15 de abril, cuando arranque el Proceso Electoral 2024.<\/p>\n<p>\u201cEn esa fecha de acuerdo con lo que nos marca el IETAM, daremos a conocer nuestras propuestas a los maderenses, nuestra estrategia y para ello la participaci\u00f3n de Ustedes como comunicadores y profesionales periodistas es de suma importancia para que la ciudadan\u00eda tenga una correcta y veraz informaci\u00f3n\u201d, concluy\u00f3 Carlos Fern\u00e1ndez Altamirano.<\/p>\n<p>Cabe destacar la participaci\u00f3n de los miembros COPER: C. Miguel Morales de Revista Digital BONANZA, Lic. Lul\u00fa S\u00e1nchez de Pauta Informativa, LCC Jes\u00fas Cabello y LCC Edgar Mar de Canal City Channel, LCC Omar Lara de MVS Radio y Factos Conurbados, LCC Jos\u00e9 Luis Rodr\u00edguez de peri\u00f3dico La Raz\u00f3n, LCC Pablo Reyes de Milenio y el LCC Juan Hern\u00e1ndez de El Sol de Tampico quienes al termino de la reuni\u00f3n compartieron un almuerzo con el invitado especial.<\/p>\n","protected":false},"excerpt":{"rendered":"<p>\u2022 Importante impulsar desde el Congreso de Tamaulipas mejores condiciones legislativas para los periodistas destac\u00f3 el legislador maderense &nbsp; CIUDAD&hellip;<\/p>\n","protected":false},"author":1,"featured_media":50109,"comment_status":"open","ping_status":"open","sticky":false,"template":"","format":"standard","meta":{"footnotes":""},"categories":[4],"tags":[],"class_list":["post-50108","post","type-post","status-publish","format-standard","has-post-thumbnail","hentry","category-madero"],"yoast_head":"<!-- This site is optimized with the Yoast SEO plugin v27.5 - https:\/\/yoast.com\/product\/yoast-seo-wordpress\/ -->\n<title>Pondera Carlos Fern\u00e1ndez Profesionalismo y Unidad De Colectivo Periodistas - EL INFORMATIVO DE TAMAULIPAS<\/title>\n<meta name=\"description\" content=\"\u2022 Importante impulsar desde el Congreso de Tamaulipas mejores condiciones legislativas para los periodistas destac\u00f3 el legislador maderense &nbsp; CIUDAD\" \/>\n<meta name=\"robots\" content=\"index, follow, max-snippet:-1, max-image-preview:large, max-video-preview:-1\" \/>\n<link rel=\"canonical\" href=\"https:\/\/elinformativotam.com\/index.php\/2024\/04\/06\/pondera-carlos-fernandez-profesionalismo-y-unidad-de-colectivo-periodistas\/\" \/>\n<meta property=\"og:locale\" content=\"es_MX\" \/>\n<meta property=\"og:type\" content=\"article\" \/>\n<meta property=\"og:title\" content=\"Pondera Carlos Fern\u00e1ndez Profesionalismo y Unidad De Colectivo Periodistas - EL INFORMATIVO DE TAMAULIPAS\" \/>\n<meta property=\"og:description\" content=\"\u2022 Importante impulsar desde el Congreso de Tamaulipas mejores condiciones legislativas para los periodistas destac\u00f3 el legislador maderense &nbsp; CIUDAD\" \/>\n<meta property=\"og:url\" content=\"https:\/\/elinformativotam.com\/index.php\/2024\/04\/06\/pondera-carlos-fernandez-profesionalismo-y-unidad-de-colectivo-periodistas\/\" \/>\n<meta property=\"og:site_name\" content=\"EL INFORMATIVO DE TAMAULIPAS\" \/>\n<meta property=\"article:published_time\" content=\"2024-04-07T02:44:41+00:00\" \/>\n<meta property=\"og:image\" content=\"https:\/\/elinformativotam.com\/wp-content\/uploads\/2024\/04\/IMG-20240406-WA0093.jpg\" \/>\n\t<meta property=\"og:image:width\" content=\"960\" \/>\n\t<meta property=\"og:image:height\" content=\"1280\" \/>\n\t<meta property=\"og:image:type\" content=\"image\/jpeg\" \/>\n<meta name=\"author\" content=\"El Informativo Tam\" \/>\n<meta name=\"twitter:card\" content=\"summary_large_image\" \/>\n<meta name=\"twitter:label1\" content=\"Escrito por\" \/>\n\t<meta name=\"twitter:data1\" content=\"El Informativo Tam\" \/>\n\t<meta name=\"twitter:label2\" content=\"Tiempo de lectura\" \/>\n\t<meta name=\"twitter:data2\" content=\"4 minutos\" \/>\n<script type=\"application\/ld+json\" class=\"yoast-schema-graph\">{\"@context\":\"https:\\\/\\\/schema.org\",\"@graph\":[{\"@type\":\"Article\",\"@id\":\"https:\\\/\\\/elinformativotam.com\\\/index.php\\\/2024\\\/04\\\/06\\\/pondera-carlos-fernandez-profesionalismo-y-unidad-de-colectivo-periodistas\\\/#article\",\"isPartOf\":{\"@id\":\"https:\\\/\\\/elinformativotam.com\\\/index.php\\\/2024\\\/04\\\/06\\\/pondera-carlos-fernandez-profesionalismo-y-unidad-de-colectivo-periodistas\\\/\"},\"author\":{\"name\":\"El Informativo Tam\",\"@id\":\"https:\\\/\\\/elinformativotam.com\\\/#\\\/schema\\\/person\\\/78e08040eed0f6110f0c5f83b6153590\"},\"headline\":\"Pondera Carlos Fern\u00e1ndez Profesionalismo y Unidad De Colectivo Periodistas\",\"datePublished\":\"2024-04-07T02:44:41+00:00\",\"mainEntityOfPage\":{\"@id\":\"https:\\\/\\\/elinformativotam.com\\\/index.php\\\/2024\\\/04\\\/06\\\/pondera-carlos-fernandez-profesionalismo-y-unidad-de-colectivo-periodistas\\\/\"},\"wordCount\":679,\"commentCount\":0,\"publisher\":{\"@id\":\"https:\\\/\\\/elinformativotam.com\\\/#organization\"},\"image\":{\"@id\":\"https:\\\/\\\/elinformativotam.com\\\/index.php\\\/2024\\\/04\\\/06\\\/pondera-carlos-fernandez-profesionalismo-y-unidad-de-colectivo-periodistas\\\/#primaryimage\"},\"thumbnailUrl\":\"https:\\\/\\\/elinformativotam.com\\\/wp-content\\\/uploads\\\/2024\\\/04\\\/IMG-20240406-WA0093.jpg\",\"articleSection\":[\"Cd Madero\"],\"inLanguage\":\"es\",\"potentialAction\":[{\"@type\":\"CommentAction\",\"name\":\"Comment\",\"target\":[\"https:\\\/\\\/elinformativotam.com\\\/index.php\\\/2024\\\/04\\\/06\\\/pondera-carlos-fernandez-profesionalismo-y-unidad-de-colectivo-periodistas\\\/#respond\"]}]},{\"@type\":\"WebPage\",\"@id\":\"https:\\\/\\\/elinformativotam.com\\\/index.php\\\/2024\\\/04\\\/06\\\/pondera-carlos-fernandez-profesionalismo-y-unidad-de-colectivo-periodistas\\\/\",\"url\":\"https:\\\/\\\/elinformativotam.com\\\/index.php\\\/2024\\\/04\\\/06\\\/pondera-carlos-fernandez-profesionalismo-y-unidad-de-colectivo-periodistas\\\/\",\"name\":\"Pondera Carlos Fern\u00e1ndez Profesionalismo y Unidad De Colectivo Periodistas - EL INFORMATIVO DE TAMAULIPAS\",\"isPartOf\":{\"@id\":\"https:\\\/\\\/elinformativotam.com\\\/#website\"},\"primaryImageOfPage\":{\"@id\":\"https:\\\/\\\/elinformativotam.com\\\/index.php\\\/2024\\\/04\\\/06\\\/pondera-carlos-fernandez-profesionalismo-y-unidad-de-colectivo-periodistas\\\/#primaryimage\"},\"image\":{\"@id\":\"https:\\\/\\\/elinformativotam.com\\\/index.php\\\/2024\\\/04\\\/06\\\/pondera-carlos-fernandez-profesionalismo-y-unidad-de-colectivo-periodistas\\\/#primaryimage\"},\"thumbnailUrl\":\"https:\\\/\\\/elinformativotam.com\\\/wp-content\\\/uploads\\\/2024\\\/04\\\/IMG-20240406-WA0093.jpg\",\"datePublished\":\"2024-04-07T02:44:41+00:00\",\"description\":\"\u2022 Importante impulsar desde el Congreso de Tamaulipas mejores condiciones legislativas para los periodistas destac\u00f3 el legislador maderense &nbsp; CIUDAD\",\"inLanguage\":\"es\",\"potentialAction\":[{\"@type\":\"ReadAction\",\"target\":[\"https:\\\/\\\/elinformativotam.com\\\/index.php\\\/2024\\\/04\\\/06\\\/pondera-carlos-fernandez-profesionalismo-y-unidad-de-colectivo-periodistas\\\/\"]}]},{\"@type\":\"ImageObject\",\"inLanguage\":\"es\",\"@id\":\"https:\\\/\\\/elinformativotam.com\\\/index.php\\\/2024\\\/04\\\/06\\\/pondera-carlos-fernandez-profesionalismo-y-unidad-de-colectivo-periodistas\\\/#primaryimage\",\"url\":\"https:\\\/\\\/elinformativotam.com\\\/wp-content\\\/uploads\\\/2024\\\/04\\\/IMG-20240406-WA0093.jpg\",\"contentUrl\":\"https:\\\/\\\/elinformativotam.com\\\/wp-content\\\/uploads\\\/2024\\\/04\\\/IMG-20240406-WA0093.jpg\",\"width\":960,\"height\":1280},{\"@type\":\"WebSite\",\"@id\":\"https:\\\/\\\/elinformativotam.com\\\/#website\",\"url\":\"https:\\\/\\\/elinformativotam.com\\\/\",\"name\":\"EL INFORMATIVO DE TAMAULIPAS\",\"description\":\"Desde la Zona Metropolitana Para Todo M\u00e9xico\",\"publisher\":{\"@id\":\"https:\\\/\\\/elinformativotam.com\\\/#organization\"},\"potentialAction\":[{\"@type\":\"SearchAction\",\"target\":{\"@type\":\"EntryPoint\",\"urlTemplate\":\"https:\\\/\\\/elinformativotam.com\\\/?s={search_term_string}\"},\"query-input\":{\"@type\":\"PropertyValueSpecification\",\"valueRequired\":true,\"valueName\":\"search_term_string\"}}],\"inLanguage\":\"es\"},{\"@type\":\"Organization\",\"@id\":\"https:\\\/\\\/elinformativotam.com\\\/#organization\",\"name\":\"EL INFORMATIVO DE TAMAULIPAS\",\"url\":\"https:\\\/\\\/elinformativotam.com\\\/\",\"logo\":{\"@type\":\"ImageObject\",\"inLanguage\":\"es\",\"@id\":\"https:\\\/\\\/elinformativotam.com\\\/#\\\/schema\\\/logo\\\/image\\\/\",\"url\":\"https:\\\/\\\/elinformativotam.com\\\/wp-content\\\/uploads\\\/2026\\\/02\\\/Cabezal.png\",\"contentUrl\":\"https:\\\/\\\/elinformativotam.com\\\/wp-content\\\/uploads\\\/2026\\\/02\\\/Cabezal.png\",\"width\":960,\"height\":640,\"caption\":\"EL INFORMATIVO DE TAMAULIPAS\"},\"image\":{\"@id\":\"https:\\\/\\\/elinformativotam.com\\\/#\\\/schema\\\/logo\\\/image\\\/\"}},{\"@type\":\"Person\",\"@id\":\"https:\\\/\\\/elinformativotam.com\\\/#\\\/schema\\\/person\\\/78e08040eed0f6110f0c5f83b6153590\",\"name\":\"El Informativo Tam\",\"image\":{\"@type\":\"ImageObject\",\"inLanguage\":\"es\",\"@id\":\"https:\\\/\\\/secure.gravatar.com\\\/avatar\\\/f3b7ad3af540688955925ac610647be00b0cf41feea9c4978b73a707ee86bc53?s=96&d=mm&r=g\",\"url\":\"https:\\\/\\\/secure.gravatar.com\\\/avatar\\\/f3b7ad3af540688955925ac610647be00b0cf41feea9c4978b73a707ee86bc53?s=96&d=mm&r=g\",\"contentUrl\":\"https:\\\/\\\/secure.gravatar.com\\\/avatar\\\/f3b7ad3af540688955925ac610647be00b0cf41feea9c4978b73a707ee86bc53?s=96&d=mm&r=g\",\"caption\":\"El Informativo Tam\"}}]}<\/script>\n<!-- \/ Yoast SEO plugin. -->","yoast_head_json":{"title":"Pondera Carlos Fern\u00e1ndez Profesionalismo y Unidad De Colectivo Periodistas - EL INFORMATIVO DE TAMAULIPAS","description":"\u2022 Importante impulsar desde el Congreso de Tamaulipas mejores condiciones legislativas para los periodistas destac\u00f3 el legislador maderense &nbsp; CIUDAD","robots":{"index":"index","follow":"follow","max-snippet":"max-snippet:-1","max-image-preview":"max-image-preview:large","max-video-preview":"max-video-preview:-1"},"canonical":"https:\/\/elinformativotam.com\/index.php\/2024\/04\/06\/pondera-carlos-fernandez-profesionalismo-y-unidad-de-colectivo-periodistas\/","og_locale":"es_MX","og_type":"article","og_title":"Pondera Carlos Fern\u00e1ndez Profesionalismo y Unidad De Colectivo Periodistas - EL INFORMATIVO DE TAMAULIPAS","og_description":"\u2022 Importante impulsar desde el Congreso de Tamaulipas mejores condiciones legislativas para los periodistas destac\u00f3 el legislador maderense &nbsp; CIUDAD","og_url":"https:\/\/elinformativotam.com\/index.php\/2024\/04\/06\/pondera-carlos-fernandez-profesionalismo-y-unidad-de-colectivo-periodistas\/","og_site_name":"EL INFORMATIVO DE TAMAULIPAS","article_published_time":"2024-04-07T02:44:41+00:00","og_image":[{"width":960,"height":1280,"url":"https:\/\/elinformativotam.com\/wp-content\/uploads\/2024\/04\/IMG-20240406-WA0093.jpg","type":"image\/jpeg"}],"author":"El Informativo Tam","twitter_card":"summary_large_image","twitter_misc":{"Escrito por":"El Informativo Tam","Tiempo de lectura":"4 minutos"},"schema":{"@context":"https:\/\/schema.org","@graph":[{"@type":"Article","@id":"https:\/\/elinformativotam.com\/index.php\/2024\/04\/06\/pondera-carlos-fernandez-profesionalismo-y-unidad-de-colectivo-periodistas\/#article","isPartOf":{"@id":"https:\/\/elinformativotam.com\/index.php\/2024\/04\/06\/pondera-carlos-fernandez-profesionalismo-y-unidad-de-colectivo-periodistas\/"},"author":{"name":"El Informativo Tam","@id":"https:\/\/elinformativotam.com\/#\/schema\/person\/78e08040eed0f6110f0c5f83b6153590"},"headline":"Pondera Carlos Fern\u00e1ndez Profesionalismo y Unidad De Colectivo Periodistas","datePublished":"2024-04-07T02:44:41+00:00","mainEntityOfPage":{"@id":"https:\/\/elinformativotam.com\/index.php\/2024\/04\/06\/pondera-carlos-fernandez-profesionalismo-y-unidad-de-colectivo-periodistas\/"},"wordCount":679,"commentCount":0,"publisher":{"@id":"https:\/\/elinformativotam.com\/#organization"},"image":{"@id":"https:\/\/elinformativotam.com\/index.php\/2024\/04\/06\/pondera-carlos-fernandez-profesionalismo-y-unidad-de-colectivo-periodistas\/#primaryimage"},"thumbnailUrl":"https:\/\/elinformativotam.com\/wp-content\/uploads\/2024\/04\/IMG-20240406-WA0093.jpg","articleSection":["Cd Madero"],"inLanguage":"es","potentialAction":[{"@type":"CommentAction","name":"Comment","target":["https:\/\/elinformativotam.com\/index.php\/2024\/04\/06\/pondera-carlos-fernandez-profesionalismo-y-unidad-de-colectivo-periodistas\/#respond"]}]},{"@type":"WebPage","@id":"https:\/\/elinformativotam.com\/index.php\/2024\/04\/06\/pondera-carlos-fernandez-profesionalismo-y-unidad-de-colectivo-periodistas\/","url":"https:\/\/elinformativotam.com\/index.php\/2024\/04\/06\/pondera-carlos-fernandez-profesionalismo-y-unidad-de-colectivo-periodistas\/","name":"Pondera Carlos Fern\u00e1ndez Profesionalismo y Unidad De Colectivo Periodistas - EL INFORMATIVO DE TAMAULIPAS","isPartOf":{"@id":"https:\/\/elinformativotam.com\/#website"},"primaryImageOfPage":{"@id":"https:\/\/elinformativotam.com\/index.php\/2024\/04\/06\/pondera-carlos-fernandez-profesionalismo-y-unidad-de-colectivo-periodistas\/#primaryimage"},"image":{"@id":"https:\/\/elinformativotam.com\/index.php\/2024\/04\/06\/pondera-carlos-fernandez-profesionalismo-y-unidad-de-colectivo-periodistas\/#primaryimage"},"thumbnailUrl":"https:\/\/elinformativotam.com\/wp-content\/uploads\/2024\/04\/IMG-20240406-WA0093.jpg","datePublished":"2024-04-07T02:44:41+00:00","description":"\u2022 Importante impulsar desde el Congreso de Tamaulipas mejores condiciones legislativas para los periodistas destac\u00f3 el legislador maderense &nbsp; CIUDAD","inLanguage":"es","potentialAction":[{"@type":"ReadAction","target":["https:\/\/elinformativotam.com\/index.php\/2024\/04\/06\/pondera-carlos-fernandez-profesionalismo-y-unidad-de-colectivo-periodistas\/"]}]},{"@type":"ImageObject","inLanguage":"es","@id":"https:\/\/elinformativotam.com\/index.php\/2024\/04\/06\/pondera-carlos-fernandez-profesionalismo-y-unidad-de-colectivo-periodistas\/#primaryimage","url":"https:\/\/elinformativotam.com\/wp-content\/uploads\/2024\/04\/IMG-20240406-WA0093.jpg","contentUrl":"https:\/\/elinformativotam.com\/wp-content\/uploads\/2024\/04\/IMG-20240406-WA0093.jpg","width":960,"height":1280},{"@type":"WebSite","@id":"https:\/\/elinformativotam.com\/#website","url":"https:\/\/elinformativotam.com\/","name":"EL INFORMATIVO DE TAMAULIPAS","description":"Desde la Zona Metropolitana Para Todo M\u00e9xico","publisher":{"@id":"https:\/\/elinformativotam.com\/#organization"},"potentialAction":[{"@type":"SearchAction","target":{"@type":"EntryPoint","urlTemplate":"https:\/\/elinformativotam.com\/?s={search_term_string}"},"query-input":{"@type":"PropertyValueSpecification","valueRequired":true,"valueName":"search_term_string"}}],"inLanguage":"es"},{"@type":"Organization","@id":"https:\/\/elinformativotam.com\/#organization","name":"EL INFORMATIVO DE TAMAULIPAS","url":"https:\/\/elinformativotam.com\/","logo":{"@type":"ImageObject","inLanguage":"es","@id":"https:\/\/elinformativotam.com\/#\/schema\/logo\/image\/","url":"https:\/\/elinformativotam.com\/wp-content\/uploads\/2026\/02\/Cabezal.png","contentUrl":"https:\/\/elinformativotam.com\/wp-content\/uploads\/2026\/02\/Cabezal.png","width":960,"height":640,"caption":"EL INFORMATIVO DE TAMAULIPAS"},"image":{"@id":"https:\/\/elinformativotam.com\/#\/schema\/logo\/image\/"}},{"@type":"Person","@id":"https:\/\/elinformativotam.com\/#\/schema\/person\/78e08040eed0f6110f0c5f83b6153590","name":"El Informativo Tam","image":{"@type":"ImageObject","inLanguage":"es","@id":"https:\/\/secure.gravatar.com\/avatar\/f3b7ad3af540688955925ac610647be00b0cf41feea9c4978b73a707ee86bc53?s=96&d=mm&r=g","url":"https:\/\/secure.gravatar.com\/avatar\/f3b7ad3af540688955925ac610647be00b0cf41feea9c4978b73a707ee86bc53?s=96&d=mm&r=g","contentUrl":"https:\/\/secure.gravatar.com\/avatar\/f3b7ad3af540688955925ac610647be00b0cf41feea9c4978b73a707ee86bc53?s=96&d=mm&r=g","caption":"El Informativo Tam"}}]}},"_links":{"self":[{"href":"https:\/\/elinformativotam.com\/index.php\/wp-json\/wp\/v2\/posts\/50108","targetHints":{"allow":["GET"]}}],"collection":[{"href":"https:\/\/elinformativotam.com\/index.php\/wp-json\/wp\/v2\/posts"}],"about":[{"href":"https:\/\/elinformativotam.com\/index.php\/wp-json\/wp\/v2\/types\/post"}],"author":[{"embeddable":true,"href":"https:\/\/elinformativotam.com\/index.php\/wp-json\/wp\/v2\/users\/1"}],"replies":[{"embeddable":true,"href":"https:\/\/elinformativotam.com\/index.php\/wp-json\/wp\/v2\/comments?post=50108"}],"version-history":[{"count":1,"href":"https:\/\/elinformativotam.com\/index.php\/wp-json\/wp\/v2\/posts\/50108\/revisions"}],"predecessor-version":[{"id":50110,"href":"https:\/\/elinformativotam.com\/index.php\/wp-json\/wp\/v2\/posts\/50108\/revisions\/50110"}],"wp:featuredmedia":[{"embeddable":true,"href":"https:\/\/elinformativotam.com\/index.php\/wp-json\/wp\/v2\/media\/50109"}],"wp:attachment":[{"href":"https:\/\/elinformativotam.com\/index.php\/wp-json\/wp\/v2\/media?parent=50108"}],"wp:term":[{"taxonomy":"category","embeddable":true,"href":"https:\/\/elinformativotam.com\/index.php\/wp-json\/wp\/v2\/categories?post=50108"},{"taxonomy":"post_tag","embeddable":true,"href":"https:\/\/elinformativotam.com\/index.php\/wp-json\/wp\/v2\/tags?post=50108"}],"curies":[{"name":"wp","href":"https:\/\/api.w.org\/{rel}","templated":true}]}}