{"id":50104,"date":"2024-04-05T22:57:04","date_gmt":"2024-04-06T04:57:04","guid":{"rendered":"https:\/\/elinformativotam.com\/?p=50104"},"modified":"2024-04-05T22:57:04","modified_gmt":"2024-04-06T04:57:04","slug":"tamaulipas-considerado-con-sequia-extrema","status":"publish","type":"post","link":"https:\/\/elinformativotam.com\/index.php\/2024\/04\/05\/tamaulipas-considerado-con-sequia-extrema\/","title":{"rendered":"TAMAULIPAS CONSIDERADO CON SEQU\u00cdA EXTREMA"},"content":{"rendered":"<p>Tamaulipas junto con Puebla se encuentran catalogados con sequ\u00eda de severa a extrema, esto de acuerdo a datos del Monitor de Sequ\u00eda en M\u00e9xico que tiene acceso la Comisi\u00f3n Nacional del Agua a trav\u00e9s de su p\u00e1gina.<\/p>\n<p>&nbsp;<\/p>\n<p>Hasta el 15 de marzo pasado, el monitor de sequ\u00eda tiene catalogados a mil 621 municipios en esta situaci\u00f3n, en Tamaulipas se contemplan cinco en anormalmente seco, cuatro en sequ\u00eda moderada, nueve en sequ\u00eda severa y 22 en sequ\u00eda extrema.<\/p>\n<p>&nbsp;<\/p>\n<p>De acuerdo al reporte menciona qu\u00e9 ciudad Madero se encuentra catalogada como sequ\u00eda extrema desde el pasado octubre del 2023, el municipio de Altamira desde noviembre del a\u00f1o pasado y Tampico anormalmente seco.<\/p>\n<p>&nbsp;<\/p>\n<p>Seg\u00fan informaci\u00f3n de Gobierno Federal se est\u00e1n presentando condiciones de sequ\u00eda importantes en el pa\u00eds consideradas las m\u00e1s severas desde los \u00faltimos 10 a\u00f1os el escenario actual corresponde a los derivados del fen\u00f3meno de la ni\u00f1a y est\u00e1 influenciado en el norte del pa\u00eds por el d\u00e9ficit de precipitaciones desde el 2020.<\/p>\n<p>&nbsp;<\/p>\n<p>Jose Luis de Le\u00f3n Hurtado, ambientalista en la zona, expuso qu\u00e9 es importante saber por qu\u00e9 se est\u00e1n registrando esos niveles y ver de d\u00f3nde se est\u00e1 extrayendo el agua del sistema lagunario, entre industriales y agricultores.<\/p>\n<p>&nbsp;<\/p>\n<p>\u201ctenemos que estar monitoreando para verificar d\u00f3nde se est\u00e1 perdiendo el agua, hay que revisar los diques, porque estamos hablando que son estructuras viejas. En la escala que se encuentra en la casa de la naturaleza est\u00e1 por debajo del cero, es decir un cent\u00edmetro del cero\u201d, coment\u00f3.<\/p>\n<p>&nbsp;<\/p>\n<p>Agreg\u00f3 que hay demasiada evaporaci\u00f3n, porque estos nortes aunque son peque\u00f1os tambi\u00e9n se evapora el agua y eso tambi\u00e9n afecta, adem\u00e1s la cantidad de lirio, est\u00e1s plantas tambi\u00e9n consumen agua.<\/p>\n<p>&nbsp;<\/p>\n<p>&nbsp;<\/p>\n<p>&nbsp;<\/p>\n","protected":false},"excerpt":{"rendered":"<p>Tamaulipas junto con Puebla se encuentran catalogados con sequ\u00eda de severa a extrema, esto de acuerdo a datos del Monitor&hellip;<\/p>\n","protected":false},"author":1,"featured_media":50105,"comment_status":"open","ping_status":"open","sticky":false,"template":"","format":"standard","meta":{"footnotes":""},"categories":[5],"tags":[],"class_list":["post-50104","post","type-post","status-publish","format-standard","has-post-thumbnail","hentry","category-altamira"],"yoast_head":"<!-- This site is optimized with the Yoast SEO plugin v27.5 - https:\/\/yoast.com\/product\/yoast-seo-wordpress\/ -->\n<title>TAMAULIPAS CONSIDERADO CON SEQU\u00cdA EXTREMA - EL INFORMATIVO DE TAMAULIPAS<\/title>\n<meta name=\"description\" content=\"Tamaulipas junto con Puebla se encuentran catalogados con sequ\u00eda de severa a extrema, esto de acuerdo a datos del Monitor de Sequ\u00eda en M\u00e9xico que tiene\" \/>\n<meta name=\"robots\" content=\"index, follow, max-snippet:-1, max-image-preview:large, max-video-preview:-1\" \/>\n<link rel=\"canonical\" href=\"https:\/\/elinformativotam.com\/index.php\/2024\/04\/05\/tamaulipas-considerado-con-sequia-extrema\/\" \/>\n<meta property=\"og:locale\" content=\"es_MX\" \/>\n<meta property=\"og:type\" content=\"article\" \/>\n<meta property=\"og:title\" content=\"TAMAULIPAS CONSIDERADO CON SEQU\u00cdA EXTREMA - EL INFORMATIVO DE TAMAULIPAS\" \/>\n<meta property=\"og:description\" content=\"Tamaulipas junto con Puebla se encuentran catalogados con sequ\u00eda de severa a extrema, esto de acuerdo a datos del Monitor de Sequ\u00eda en M\u00e9xico que tiene\" \/>\n<meta property=\"og:url\" content=\"https:\/\/elinformativotam.com\/index.php\/2024\/04\/05\/tamaulipas-considerado-con-sequia-extrema\/\" \/>\n<meta property=\"og:site_name\" content=\"EL INFORMATIVO DE TAMAULIPAS\" \/>\n<meta property=\"article:published_time\" content=\"2024-04-06T04:57:04+00:00\" \/>\n<meta property=\"og:image\" content=\"https:\/\/elinformativotam.com\/wp-content\/uploads\/2024\/04\/sequia-1.jpg\" \/>\n\t<meta property=\"og:image:width\" content=\"741\" \/>\n\t<meta property=\"og:image:height\" content=\"540\" \/>\n\t<meta property=\"og:image:type\" content=\"image\/jpeg\" \/>\n<meta name=\"author\" content=\"El Informativo Tam\" \/>\n<meta name=\"twitter:card\" content=\"summary_large_image\" \/>\n<meta name=\"twitter:label1\" content=\"Escrito por\" \/>\n\t<meta name=\"twitter:data1\" content=\"El Informativo Tam\" \/>\n\t<meta name=\"twitter:label2\" content=\"Tiempo de lectura\" \/>\n\t<meta name=\"twitter:data2\" content=\"2 minutos\" \/>\n<script type=\"application\/ld+json\" class=\"yoast-schema-graph\">{\"@context\":\"https:\\\/\\\/schema.org\",\"@graph\":[{\"@type\":\"Article\",\"@id\":\"https:\\\/\\\/elinformativotam.com\\\/index.php\\\/2024\\\/04\\\/05\\\/tamaulipas-considerado-con-sequia-extrema\\\/#article\",\"isPartOf\":{\"@id\":\"https:\\\/\\\/elinformativotam.com\\\/index.php\\\/2024\\\/04\\\/05\\\/tamaulipas-considerado-con-sequia-extrema\\\/\"},\"author\":{\"name\":\"El Informativo Tam\",\"@id\":\"https:\\\/\\\/elinformativotam.com\\\/#\\\/schema\\\/person\\\/78e08040eed0f6110f0c5f83b6153590\"},\"headline\":\"TAMAULIPAS CONSIDERADO CON SEQU\u00cdA EXTREMA\",\"datePublished\":\"2024-04-06T04:57:04+00:00\",\"mainEntityOfPage\":{\"@id\":\"https:\\\/\\\/elinformativotam.com\\\/index.php\\\/2024\\\/04\\\/05\\\/tamaulipas-considerado-con-sequia-extrema\\\/\"},\"wordCount\":322,\"commentCount\":0,\"publisher\":{\"@id\":\"https:\\\/\\\/elinformativotam.com\\\/#organization\"},\"image\":{\"@id\":\"https:\\\/\\\/elinformativotam.com\\\/index.php\\\/2024\\\/04\\\/05\\\/tamaulipas-considerado-con-sequia-extrema\\\/#primaryimage\"},\"thumbnailUrl\":\"https:\\\/\\\/elinformativotam.com\\\/wp-content\\\/uploads\\\/2024\\\/04\\\/sequia-1.jpg\",\"articleSection\":[\"Altamira\"],\"inLanguage\":\"es\",\"potentialAction\":[{\"@type\":\"CommentAction\",\"name\":\"Comment\",\"target\":[\"https:\\\/\\\/elinformativotam.com\\\/index.php\\\/2024\\\/04\\\/05\\\/tamaulipas-considerado-con-sequia-extrema\\\/#respond\"]}]},{\"@type\":\"WebPage\",\"@id\":\"https:\\\/\\\/elinformativotam.com\\\/index.php\\\/2024\\\/04\\\/05\\\/tamaulipas-considerado-con-sequia-extrema\\\/\",\"url\":\"https:\\\/\\\/elinformativotam.com\\\/index.php\\\/2024\\\/04\\\/05\\\/tamaulipas-considerado-con-sequia-extrema\\\/\",\"name\":\"TAMAULIPAS CONSIDERADO CON SEQU\u00cdA EXTREMA - EL INFORMATIVO DE TAMAULIPAS\",\"isPartOf\":{\"@id\":\"https:\\\/\\\/elinformativotam.com\\\/#website\"},\"primaryImageOfPage\":{\"@id\":\"https:\\\/\\\/elinformativotam.com\\\/index.php\\\/2024\\\/04\\\/05\\\/tamaulipas-considerado-con-sequia-extrema\\\/#primaryimage\"},\"image\":{\"@id\":\"https:\\\/\\\/elinformativotam.com\\\/index.php\\\/2024\\\/04\\\/05\\\/tamaulipas-considerado-con-sequia-extrema\\\/#primaryimage\"},\"thumbnailUrl\":\"https:\\\/\\\/elinformativotam.com\\\/wp-content\\\/uploads\\\/2024\\\/04\\\/sequia-1.jpg\",\"datePublished\":\"2024-04-06T04:57:04+00:00\",\"description\":\"Tamaulipas junto con Puebla se encuentran catalogados con sequ\u00eda de severa a extrema, esto de acuerdo a datos del Monitor de Sequ\u00eda en M\u00e9xico que tiene\",\"inLanguage\":\"es\",\"potentialAction\":[{\"@type\":\"ReadAction\",\"target\":[\"https:\\\/\\\/elinformativotam.com\\\/index.php\\\/2024\\\/04\\\/05\\\/tamaulipas-considerado-con-sequia-extrema\\\/\"]}]},{\"@type\":\"ImageObject\",\"inLanguage\":\"es\",\"@id\":\"https:\\\/\\\/elinformativotam.com\\\/index.php\\\/2024\\\/04\\\/05\\\/tamaulipas-considerado-con-sequia-extrema\\\/#primaryimage\",\"url\":\"https:\\\/\\\/elinformativotam.com\\\/wp-content\\\/uploads\\\/2024\\\/04\\\/sequia-1.jpg\",\"contentUrl\":\"https:\\\/\\\/elinformativotam.com\\\/wp-content\\\/uploads\\\/2024\\\/04\\\/sequia-1.jpg\",\"width\":741,\"height\":540},{\"@type\":\"WebSite\",\"@id\":\"https:\\\/\\\/elinformativotam.com\\\/#website\",\"url\":\"https:\\\/\\\/elinformativotam.com\\\/\",\"name\":\"EL INFORMATIVO DE TAMAULIPAS\",\"description\":\"Desde la Zona Metropolitana Para Todo M\u00e9xico\",\"publisher\":{\"@id\":\"https:\\\/\\\/elinformativotam.com\\\/#organization\"},\"potentialAction\":[{\"@type\":\"SearchAction\",\"target\":{\"@type\":\"EntryPoint\",\"urlTemplate\":\"https:\\\/\\\/elinformativotam.com\\\/?s={search_term_string}\"},\"query-input\":{\"@type\":\"PropertyValueSpecification\",\"valueRequired\":true,\"valueName\":\"search_term_string\"}}],\"inLanguage\":\"es\"},{\"@type\":\"Organization\",\"@id\":\"https:\\\/\\\/elinformativotam.com\\\/#organization\",\"name\":\"EL INFORMATIVO DE TAMAULIPAS\",\"url\":\"https:\\\/\\\/elinformativotam.com\\\/\",\"logo\":{\"@type\":\"ImageObject\",\"inLanguage\":\"es\",\"@id\":\"https:\\\/\\\/elinformativotam.com\\\/#\\\/schema\\\/logo\\\/image\\\/\",\"url\":\"https:\\\/\\\/elinformativotam.com\\\/wp-content\\\/uploads\\\/2026\\\/02\\\/Cabezal.png\",\"contentUrl\":\"https:\\\/\\\/elinformativotam.com\\\/wp-content\\\/uploads\\\/2026\\\/02\\\/Cabezal.png\",\"width\":960,\"height\":640,\"caption\":\"EL INFORMATIVO DE TAMAULIPAS\"},\"image\":{\"@id\":\"https:\\\/\\\/elinformativotam.com\\\/#\\\/schema\\\/logo\\\/image\\\/\"}},{\"@type\":\"Person\",\"@id\":\"https:\\\/\\\/elinformativotam.com\\\/#\\\/schema\\\/person\\\/78e08040eed0f6110f0c5f83b6153590\",\"name\":\"El Informativo Tam\",\"image\":{\"@type\":\"ImageObject\",\"inLanguage\":\"es\",\"@id\":\"https:\\\/\\\/secure.gravatar.com\\\/avatar\\\/f3b7ad3af540688955925ac610647be00b0cf41feea9c4978b73a707ee86bc53?s=96&d=mm&r=g\",\"url\":\"https:\\\/\\\/secure.gravatar.com\\\/avatar\\\/f3b7ad3af540688955925ac610647be00b0cf41feea9c4978b73a707ee86bc53?s=96&d=mm&r=g\",\"contentUrl\":\"https:\\\/\\\/secure.gravatar.com\\\/avatar\\\/f3b7ad3af540688955925ac610647be00b0cf41feea9c4978b73a707ee86bc53?s=96&d=mm&r=g\",\"caption\":\"El Informativo Tam\"}}]}<\/script>\n<!-- \/ Yoast SEO plugin. -->","yoast_head_json":{"title":"TAMAULIPAS CONSIDERADO CON SEQU\u00cdA EXTREMA - EL INFORMATIVO DE TAMAULIPAS","description":"Tamaulipas junto con Puebla se encuentran catalogados con sequ\u00eda de severa a extrema, esto de acuerdo a datos del Monitor de Sequ\u00eda en M\u00e9xico que tiene","robots":{"index":"index","follow":"follow","max-snippet":"max-snippet:-1","max-image-preview":"max-image-preview:large","max-video-preview":"max-video-preview:-1"},"canonical":"https:\/\/elinformativotam.com\/index.php\/2024\/04\/05\/tamaulipas-considerado-con-sequia-extrema\/","og_locale":"es_MX","og_type":"article","og_title":"TAMAULIPAS CONSIDERADO CON SEQU\u00cdA EXTREMA - EL INFORMATIVO DE TAMAULIPAS","og_description":"Tamaulipas junto con Puebla se encuentran catalogados con sequ\u00eda de severa a extrema, esto de acuerdo a datos del Monitor de Sequ\u00eda en M\u00e9xico que tiene","og_url":"https:\/\/elinformativotam.com\/index.php\/2024\/04\/05\/tamaulipas-considerado-con-sequia-extrema\/","og_site_name":"EL INFORMATIVO DE TAMAULIPAS","article_published_time":"2024-04-06T04:57:04+00:00","og_image":[{"width":741,"height":540,"url":"https:\/\/elinformativotam.com\/wp-content\/uploads\/2024\/04\/sequia-1.jpg","type":"image\/jpeg"}],"author":"El Informativo Tam","twitter_card":"summary_large_image","twitter_misc":{"Escrito por":"El Informativo Tam","Tiempo de lectura":"2 minutos"},"schema":{"@context":"https:\/\/schema.org","@graph":[{"@type":"Article","@id":"https:\/\/elinformativotam.com\/index.php\/2024\/04\/05\/tamaulipas-considerado-con-sequia-extrema\/#article","isPartOf":{"@id":"https:\/\/elinformativotam.com\/index.php\/2024\/04\/05\/tamaulipas-considerado-con-sequia-extrema\/"},"author":{"name":"El Informativo Tam","@id":"https:\/\/elinformativotam.com\/#\/schema\/person\/78e08040eed0f6110f0c5f83b6153590"},"headline":"TAMAULIPAS CONSIDERADO CON SEQU\u00cdA EXTREMA","datePublished":"2024-04-06T04:57:04+00:00","mainEntityOfPage":{"@id":"https:\/\/elinformativotam.com\/index.php\/2024\/04\/05\/tamaulipas-considerado-con-sequia-extrema\/"},"wordCount":322,"commentCount":0,"publisher":{"@id":"https:\/\/elinformativotam.com\/#organization"},"image":{"@id":"https:\/\/elinformativotam.com\/index.php\/2024\/04\/05\/tamaulipas-considerado-con-sequia-extrema\/#primaryimage"},"thumbnailUrl":"https:\/\/elinformativotam.com\/wp-content\/uploads\/2024\/04\/sequia-1.jpg","articleSection":["Altamira"],"inLanguage":"es","potentialAction":[{"@type":"CommentAction","name":"Comment","target":["https:\/\/elinformativotam.com\/index.php\/2024\/04\/05\/tamaulipas-considerado-con-sequia-extrema\/#respond"]}]},{"@type":"WebPage","@id":"https:\/\/elinformativotam.com\/index.php\/2024\/04\/05\/tamaulipas-considerado-con-sequia-extrema\/","url":"https:\/\/elinformativotam.com\/index.php\/2024\/04\/05\/tamaulipas-considerado-con-sequia-extrema\/","name":"TAMAULIPAS CONSIDERADO CON SEQU\u00cdA EXTREMA - EL INFORMATIVO DE TAMAULIPAS","isPartOf":{"@id":"https:\/\/elinformativotam.com\/#website"},"primaryImageOfPage":{"@id":"https:\/\/elinformativotam.com\/index.php\/2024\/04\/05\/tamaulipas-considerado-con-sequia-extrema\/#primaryimage"},"image":{"@id":"https:\/\/elinformativotam.com\/index.php\/2024\/04\/05\/tamaulipas-considerado-con-sequia-extrema\/#primaryimage"},"thumbnailUrl":"https:\/\/elinformativotam.com\/wp-content\/uploads\/2024\/04\/sequia-1.jpg","datePublished":"2024-04-06T04:57:04+00:00","description":"Tamaulipas junto con Puebla se encuentran catalogados con sequ\u00eda de severa a extrema, esto de acuerdo a datos del Monitor de Sequ\u00eda en M\u00e9xico que tiene","inLanguage":"es","potentialAction":[{"@type":"ReadAction","target":["https:\/\/elinformativotam.com\/index.php\/2024\/04\/05\/tamaulipas-considerado-con-sequia-extrema\/"]}]},{"@type":"ImageObject","inLanguage":"es","@id":"https:\/\/elinformativotam.com\/index.php\/2024\/04\/05\/tamaulipas-considerado-con-sequia-extrema\/#primaryimage","url":"https:\/\/elinformativotam.com\/wp-content\/uploads\/2024\/04\/sequia-1.jpg","contentUrl":"https:\/\/elinformativotam.com\/wp-content\/uploads\/2024\/04\/sequia-1.jpg","width":741,"height":540},{"@type":"WebSite","@id":"https:\/\/elinformativotam.com\/#website","url":"https:\/\/elinformativotam.com\/","name":"EL INFORMATIVO DE TAMAULIPAS","description":"Desde la Zona Metropolitana Para Todo M\u00e9xico","publisher":{"@id":"https:\/\/elinformativotam.com\/#organization"},"potentialAction":[{"@type":"SearchAction","target":{"@type":"EntryPoint","urlTemplate":"https:\/\/elinformativotam.com\/?s={search_term_string}"},"query-input":{"@type":"PropertyValueSpecification","valueRequired":true,"valueName":"search_term_string"}}],"inLanguage":"es"},{"@type":"Organization","@id":"https:\/\/elinformativotam.com\/#organization","name":"EL INFORMATIVO DE TAMAULIPAS","url":"https:\/\/elinformativotam.com\/","logo":{"@type":"ImageObject","inLanguage":"es","@id":"https:\/\/elinformativotam.com\/#\/schema\/logo\/image\/","url":"https:\/\/elinformativotam.com\/wp-content\/uploads\/2026\/02\/Cabezal.png","contentUrl":"https:\/\/elinformativotam.com\/wp-content\/uploads\/2026\/02\/Cabezal.png","width":960,"height":640,"caption":"EL INFORMATIVO DE TAMAULIPAS"},"image":{"@id":"https:\/\/elinformativotam.com\/#\/schema\/logo\/image\/"}},{"@type":"Person","@id":"https:\/\/elinformativotam.com\/#\/schema\/person\/78e08040eed0f6110f0c5f83b6153590","name":"El Informativo Tam","image":{"@type":"ImageObject","inLanguage":"es","@id":"https:\/\/secure.gravatar.com\/avatar\/f3b7ad3af540688955925ac610647be00b0cf41feea9c4978b73a707ee86bc53?s=96&d=mm&r=g","url":"https:\/\/secure.gravatar.com\/avatar\/f3b7ad3af540688955925ac610647be00b0cf41feea9c4978b73a707ee86bc53?s=96&d=mm&r=g","contentUrl":"https:\/\/secure.gravatar.com\/avatar\/f3b7ad3af540688955925ac610647be00b0cf41feea9c4978b73a707ee86bc53?s=96&d=mm&r=g","caption":"El Informativo Tam"}}]}},"_links":{"self":[{"href":"https:\/\/elinformativotam.com\/index.php\/wp-json\/wp\/v2\/posts\/50104","targetHints":{"allow":["GET"]}}],"collection":[{"href":"https:\/\/elinformativotam.com\/index.php\/wp-json\/wp\/v2\/posts"}],"about":[{"href":"https:\/\/elinformativotam.com\/index.php\/wp-json\/wp\/v2\/types\/post"}],"author":[{"embeddable":true,"href":"https:\/\/elinformativotam.com\/index.php\/wp-json\/wp\/v2\/users\/1"}],"replies":[{"embeddable":true,"href":"https:\/\/elinformativotam.com\/index.php\/wp-json\/wp\/v2\/comments?post=50104"}],"version-history":[{"count":1,"href":"https:\/\/elinformativotam.com\/index.php\/wp-json\/wp\/v2\/posts\/50104\/revisions"}],"predecessor-version":[{"id":50106,"href":"https:\/\/elinformativotam.com\/index.php\/wp-json\/wp\/v2\/posts\/50104\/revisions\/50106"}],"wp:featuredmedia":[{"embeddable":true,"href":"https:\/\/elinformativotam.com\/index.php\/wp-json\/wp\/v2\/media\/50105"}],"wp:attachment":[{"href":"https:\/\/elinformativotam.com\/index.php\/wp-json\/wp\/v2\/media?parent=50104"}],"wp:term":[{"taxonomy":"category","embeddable":true,"href":"https:\/\/elinformativotam.com\/index.php\/wp-json\/wp\/v2\/categories?post=50104"},{"taxonomy":"post_tag","embeddable":true,"href":"https:\/\/elinformativotam.com\/index.php\/wp-json\/wp\/v2\/tags?post=50104"}],"curies":[{"name":"wp","href":"https:\/\/api.w.org\/{rel}","templated":true}]}}