{"id":50092,"date":"2024-04-05T22:19:38","date_gmt":"2024-04-06T04:19:38","guid":{"rendered":"https:\/\/elinformativotam.com\/?p=50092"},"modified":"2024-04-05T22:19:38","modified_gmt":"2024-04-06T04:19:38","slug":"quiere-arcim-ver-primer-debate-con-propuesta","status":"publish","type":"post","link":"https:\/\/elinformativotam.com\/index.php\/2024\/04\/05\/quiere-arcim-ver-primer-debate-con-propuesta\/","title":{"rendered":"QUIERE ARCIM VER PRIMER DEBATE CON PROPUESTA"},"content":{"rendered":"<h2 style=\"text-align: center;\"><em><span style=\"font-family: 'times new roman', times;\">*La Descalificaci\u00f3n Entre Abanderados Solo Alejar\u00eda Al Votante De Las Urnas<\/span><\/em><\/h2>\n<p>&nbsp;<\/p>\n<p>La Asociaci\u00f3n de Comerciantes e Industriales del Sur de Tamaulipas(ARCIM) se\u00f1al\u00f3 que esperan que los tres candidatos presidenciales se dediquen a proponer en temas relacionados con la inversi\u00f3n y seguridad, dos aspectos primordiales que requiere el sector productivo para continuar avanzando.<\/p>\n<p>&nbsp;<\/p>\n<p>Benjam\u00edn Larri\u00f3n Nava, Presidente del Organismo C\u00e1maral, expres\u00f3 que X\u00f3chitl G\u00e1lvez, Claudia Sheinbaum y Jorge Ma\u00ednez, tienen la responsabilidad de proponer soluciones en temas muy particulares de la agenda nacional y en los estados, pero sobre todo, dijo, alentar a qu\u00e9 la poblaci\u00f3n salga a votar el pr\u00f3ximo 2 de Junio.<\/p>\n<p>&nbsp;<\/p>\n<p>Indic\u00f3, que sin duda el primer debate ser\u00e1 un escaparate importante para los tres abanderados, pues ah\u00ed tendr\u00e1n la oportunidad de convencer al elector de que son la mejor opci\u00f3n para gobernar el pa\u00eds.<\/p>\n<p>&nbsp;<\/p>\n<p>Indic\u00f3 que M\u00e9xico necesita seguir avanzando en la generaci\u00f3n de m\u00e1s empleos as\u00ed como cristalizar proyectos que permitan dar soluci\u00f3n a aspectos muy puntuales de la agenda.<\/p>\n<p>&nbsp;<\/p>\n<p>&#8220;Sabemos que traen buenas propuestas, ojal\u00e1 que el pr\u00f3ximo domingo se dediquen a proponer y no caigan en la descalificaci\u00f3n&#8221;, remarc\u00f3<\/p>\n<p>&nbsp;<\/p>\n<p>Larri\u00f3n, enfatiz\u00f3 la necesidad de que los candidatos a la Presidencia de M\u00e9xico no abonen al golpeteo y la descalificaci\u00f3n, pues de esa manera provocar\u00e1n que el denominado abstencionismo aparezca en las urnas.<\/p>\n<p>&nbsp;<\/p>\n<p>Finalmente, coment\u00f3 que las autoridades electorales deben brindar certidumbre a la elecci\u00f3n, y llevarla a buen puerto para evitar que pueda haber alg\u00fan rasgo de anomal\u00eda que pueda desencadenar situaciones de tipo postelectoral.<\/p>\n<p>&nbsp;<\/p>\n<p>&nbsp;<\/p>\n","protected":false},"excerpt":{"rendered":"<p>*La Descalificaci\u00f3n Entre Abanderados Solo Alejar\u00eda Al Votante De Las Urnas &nbsp; La Asociaci\u00f3n de Comerciantes e Industriales del Sur&hellip;<\/p>\n","protected":false},"author":1,"featured_media":50093,"comment_status":"open","ping_status":"open","sticky":false,"template":"","format":"standard","meta":{"footnotes":""},"categories":[3],"tags":[],"class_list":["post-50092","post","type-post","status-publish","format-standard","has-post-thumbnail","hentry","category-tampico"],"yoast_head":"<!-- This site is optimized with the Yoast SEO plugin v27.5 - https:\/\/yoast.com\/product\/yoast-seo-wordpress\/ -->\n<title>QUIERE ARCIM VER PRIMER DEBATE CON PROPUESTA - EL INFORMATIVO DE TAMAULIPAS<\/title>\n<meta name=\"description\" content=\"*La Descalificaci\u00f3n Entre Abanderados Solo Alejar\u00eda Al Votante De Las Urnas &nbsp; La Asociaci\u00f3n de Comerciantes e Industriales del Sur de\" \/>\n<meta name=\"robots\" content=\"index, follow, max-snippet:-1, max-image-preview:large, max-video-preview:-1\" \/>\n<link rel=\"canonical\" href=\"https:\/\/elinformativotam.com\/index.php\/2024\/04\/05\/quiere-arcim-ver-primer-debate-con-propuesta\/\" \/>\n<meta property=\"og:locale\" content=\"es_MX\" \/>\n<meta property=\"og:type\" content=\"article\" \/>\n<meta property=\"og:title\" content=\"QUIERE ARCIM VER PRIMER DEBATE CON PROPUESTA - EL INFORMATIVO DE TAMAULIPAS\" \/>\n<meta property=\"og:description\" content=\"*La Descalificaci\u00f3n Entre Abanderados Solo Alejar\u00eda Al Votante De Las Urnas &nbsp; La Asociaci\u00f3n de Comerciantes e Industriales del Sur de\" \/>\n<meta property=\"og:url\" content=\"https:\/\/elinformativotam.com\/index.php\/2024\/04\/05\/quiere-arcim-ver-primer-debate-con-propuesta\/\" \/>\n<meta property=\"og:site_name\" content=\"EL INFORMATIVO DE TAMAULIPAS\" \/>\n<meta property=\"article:published_time\" content=\"2024-04-06T04:19:38+00:00\" \/>\n<meta property=\"og:image\" content=\"https:\/\/elinformativotam.com\/wp-content\/uploads\/2024\/04\/Larrion.jpeg\" \/>\n\t<meta property=\"og:image:width\" content=\"1600\" \/>\n\t<meta property=\"og:image:height\" content=\"1204\" \/>\n\t<meta property=\"og:image:type\" content=\"image\/jpeg\" \/>\n<meta name=\"author\" content=\"El Informativo Tam\" \/>\n<meta name=\"twitter:card\" content=\"summary_large_image\" \/>\n<meta name=\"twitter:label1\" content=\"Escrito por\" \/>\n\t<meta name=\"twitter:data1\" content=\"El Informativo Tam\" \/>\n\t<meta name=\"twitter:label2\" content=\"Tiempo de lectura\" \/>\n\t<meta name=\"twitter:data2\" content=\"2 minutos\" \/>\n<script type=\"application\/ld+json\" class=\"yoast-schema-graph\">{\"@context\":\"https:\\\/\\\/schema.org\",\"@graph\":[{\"@type\":\"Article\",\"@id\":\"https:\\\/\\\/elinformativotam.com\\\/index.php\\\/2024\\\/04\\\/05\\\/quiere-arcim-ver-primer-debate-con-propuesta\\\/#article\",\"isPartOf\":{\"@id\":\"https:\\\/\\\/elinformativotam.com\\\/index.php\\\/2024\\\/04\\\/05\\\/quiere-arcim-ver-primer-debate-con-propuesta\\\/\"},\"author\":{\"name\":\"El Informativo Tam\",\"@id\":\"https:\\\/\\\/elinformativotam.com\\\/#\\\/schema\\\/person\\\/78e08040eed0f6110f0c5f83b6153590\"},\"headline\":\"QUIERE ARCIM VER PRIMER DEBATE CON PROPUESTA\",\"datePublished\":\"2024-04-06T04:19:38+00:00\",\"mainEntityOfPage\":{\"@id\":\"https:\\\/\\\/elinformativotam.com\\\/index.php\\\/2024\\\/04\\\/05\\\/quiere-arcim-ver-primer-debate-con-propuesta\\\/\"},\"wordCount\":296,\"commentCount\":0,\"publisher\":{\"@id\":\"https:\\\/\\\/elinformativotam.com\\\/#organization\"},\"image\":{\"@id\":\"https:\\\/\\\/elinformativotam.com\\\/index.php\\\/2024\\\/04\\\/05\\\/quiere-arcim-ver-primer-debate-con-propuesta\\\/#primaryimage\"},\"thumbnailUrl\":\"https:\\\/\\\/elinformativotam.com\\\/wp-content\\\/uploads\\\/2024\\\/04\\\/Larrion.jpeg\",\"articleSection\":[\"Tampico\"],\"inLanguage\":\"es\",\"potentialAction\":[{\"@type\":\"CommentAction\",\"name\":\"Comment\",\"target\":[\"https:\\\/\\\/elinformativotam.com\\\/index.php\\\/2024\\\/04\\\/05\\\/quiere-arcim-ver-primer-debate-con-propuesta\\\/#respond\"]}]},{\"@type\":\"WebPage\",\"@id\":\"https:\\\/\\\/elinformativotam.com\\\/index.php\\\/2024\\\/04\\\/05\\\/quiere-arcim-ver-primer-debate-con-propuesta\\\/\",\"url\":\"https:\\\/\\\/elinformativotam.com\\\/index.php\\\/2024\\\/04\\\/05\\\/quiere-arcim-ver-primer-debate-con-propuesta\\\/\",\"name\":\"QUIERE ARCIM VER PRIMER DEBATE CON PROPUESTA - EL INFORMATIVO DE TAMAULIPAS\",\"isPartOf\":{\"@id\":\"https:\\\/\\\/elinformativotam.com\\\/#website\"},\"primaryImageOfPage\":{\"@id\":\"https:\\\/\\\/elinformativotam.com\\\/index.php\\\/2024\\\/04\\\/05\\\/quiere-arcim-ver-primer-debate-con-propuesta\\\/#primaryimage\"},\"image\":{\"@id\":\"https:\\\/\\\/elinformativotam.com\\\/index.php\\\/2024\\\/04\\\/05\\\/quiere-arcim-ver-primer-debate-con-propuesta\\\/#primaryimage\"},\"thumbnailUrl\":\"https:\\\/\\\/elinformativotam.com\\\/wp-content\\\/uploads\\\/2024\\\/04\\\/Larrion.jpeg\",\"datePublished\":\"2024-04-06T04:19:38+00:00\",\"description\":\"*La Descalificaci\u00f3n Entre Abanderados Solo Alejar\u00eda Al Votante De Las Urnas &nbsp; La Asociaci\u00f3n de Comerciantes e Industriales del Sur de\",\"inLanguage\":\"es\",\"potentialAction\":[{\"@type\":\"ReadAction\",\"target\":[\"https:\\\/\\\/elinformativotam.com\\\/index.php\\\/2024\\\/04\\\/05\\\/quiere-arcim-ver-primer-debate-con-propuesta\\\/\"]}]},{\"@type\":\"ImageObject\",\"inLanguage\":\"es\",\"@id\":\"https:\\\/\\\/elinformativotam.com\\\/index.php\\\/2024\\\/04\\\/05\\\/quiere-arcim-ver-primer-debate-con-propuesta\\\/#primaryimage\",\"url\":\"https:\\\/\\\/elinformativotam.com\\\/wp-content\\\/uploads\\\/2024\\\/04\\\/Larrion.jpeg\",\"contentUrl\":\"https:\\\/\\\/elinformativotam.com\\\/wp-content\\\/uploads\\\/2024\\\/04\\\/Larrion.jpeg\",\"width\":1600,\"height\":1204},{\"@type\":\"WebSite\",\"@id\":\"https:\\\/\\\/elinformativotam.com\\\/#website\",\"url\":\"https:\\\/\\\/elinformativotam.com\\\/\",\"name\":\"EL INFORMATIVO DE TAMAULIPAS\",\"description\":\"Desde la Zona Metropolitana Para Todo M\u00e9xico\",\"publisher\":{\"@id\":\"https:\\\/\\\/elinformativotam.com\\\/#organization\"},\"potentialAction\":[{\"@type\":\"SearchAction\",\"target\":{\"@type\":\"EntryPoint\",\"urlTemplate\":\"https:\\\/\\\/elinformativotam.com\\\/?s={search_term_string}\"},\"query-input\":{\"@type\":\"PropertyValueSpecification\",\"valueRequired\":true,\"valueName\":\"search_term_string\"}}],\"inLanguage\":\"es\"},{\"@type\":\"Organization\",\"@id\":\"https:\\\/\\\/elinformativotam.com\\\/#organization\",\"name\":\"EL INFORMATIVO DE TAMAULIPAS\",\"url\":\"https:\\\/\\\/elinformativotam.com\\\/\",\"logo\":{\"@type\":\"ImageObject\",\"inLanguage\":\"es\",\"@id\":\"https:\\\/\\\/elinformativotam.com\\\/#\\\/schema\\\/logo\\\/image\\\/\",\"url\":\"https:\\\/\\\/elinformativotam.com\\\/wp-content\\\/uploads\\\/2026\\\/02\\\/Cabezal.png\",\"contentUrl\":\"https:\\\/\\\/elinformativotam.com\\\/wp-content\\\/uploads\\\/2026\\\/02\\\/Cabezal.png\",\"width\":960,\"height\":640,\"caption\":\"EL INFORMATIVO DE TAMAULIPAS\"},\"image\":{\"@id\":\"https:\\\/\\\/elinformativotam.com\\\/#\\\/schema\\\/logo\\\/image\\\/\"}},{\"@type\":\"Person\",\"@id\":\"https:\\\/\\\/elinformativotam.com\\\/#\\\/schema\\\/person\\\/78e08040eed0f6110f0c5f83b6153590\",\"name\":\"El Informativo Tam\",\"image\":{\"@type\":\"ImageObject\",\"inLanguage\":\"es\",\"@id\":\"https:\\\/\\\/secure.gravatar.com\\\/avatar\\\/f3b7ad3af540688955925ac610647be00b0cf41feea9c4978b73a707ee86bc53?s=96&d=mm&r=g\",\"url\":\"https:\\\/\\\/secure.gravatar.com\\\/avatar\\\/f3b7ad3af540688955925ac610647be00b0cf41feea9c4978b73a707ee86bc53?s=96&d=mm&r=g\",\"contentUrl\":\"https:\\\/\\\/secure.gravatar.com\\\/avatar\\\/f3b7ad3af540688955925ac610647be00b0cf41feea9c4978b73a707ee86bc53?s=96&d=mm&r=g\",\"caption\":\"El Informativo Tam\"}}]}<\/script>\n<!-- \/ Yoast SEO plugin. -->","yoast_head_json":{"title":"QUIERE ARCIM VER PRIMER DEBATE CON PROPUESTA - EL INFORMATIVO DE TAMAULIPAS","description":"*La Descalificaci\u00f3n Entre Abanderados Solo Alejar\u00eda Al Votante De Las Urnas &nbsp; La Asociaci\u00f3n de Comerciantes e Industriales del Sur de","robots":{"index":"index","follow":"follow","max-snippet":"max-snippet:-1","max-image-preview":"max-image-preview:large","max-video-preview":"max-video-preview:-1"},"canonical":"https:\/\/elinformativotam.com\/index.php\/2024\/04\/05\/quiere-arcim-ver-primer-debate-con-propuesta\/","og_locale":"es_MX","og_type":"article","og_title":"QUIERE ARCIM VER PRIMER DEBATE CON PROPUESTA - EL INFORMATIVO DE TAMAULIPAS","og_description":"*La Descalificaci\u00f3n Entre Abanderados Solo Alejar\u00eda Al Votante De Las Urnas &nbsp; La Asociaci\u00f3n de Comerciantes e Industriales del Sur de","og_url":"https:\/\/elinformativotam.com\/index.php\/2024\/04\/05\/quiere-arcim-ver-primer-debate-con-propuesta\/","og_site_name":"EL INFORMATIVO DE TAMAULIPAS","article_published_time":"2024-04-06T04:19:38+00:00","og_image":[{"width":1600,"height":1204,"url":"https:\/\/elinformativotam.com\/wp-content\/uploads\/2024\/04\/Larrion.jpeg","type":"image\/jpeg"}],"author":"El Informativo Tam","twitter_card":"summary_large_image","twitter_misc":{"Escrito por":"El Informativo Tam","Tiempo de lectura":"2 minutos"},"schema":{"@context":"https:\/\/schema.org","@graph":[{"@type":"Article","@id":"https:\/\/elinformativotam.com\/index.php\/2024\/04\/05\/quiere-arcim-ver-primer-debate-con-propuesta\/#article","isPartOf":{"@id":"https:\/\/elinformativotam.com\/index.php\/2024\/04\/05\/quiere-arcim-ver-primer-debate-con-propuesta\/"},"author":{"name":"El Informativo Tam","@id":"https:\/\/elinformativotam.com\/#\/schema\/person\/78e08040eed0f6110f0c5f83b6153590"},"headline":"QUIERE ARCIM VER PRIMER DEBATE CON PROPUESTA","datePublished":"2024-04-06T04:19:38+00:00","mainEntityOfPage":{"@id":"https:\/\/elinformativotam.com\/index.php\/2024\/04\/05\/quiere-arcim-ver-primer-debate-con-propuesta\/"},"wordCount":296,"commentCount":0,"publisher":{"@id":"https:\/\/elinformativotam.com\/#organization"},"image":{"@id":"https:\/\/elinformativotam.com\/index.php\/2024\/04\/05\/quiere-arcim-ver-primer-debate-con-propuesta\/#primaryimage"},"thumbnailUrl":"https:\/\/elinformativotam.com\/wp-content\/uploads\/2024\/04\/Larrion.jpeg","articleSection":["Tampico"],"inLanguage":"es","potentialAction":[{"@type":"CommentAction","name":"Comment","target":["https:\/\/elinformativotam.com\/index.php\/2024\/04\/05\/quiere-arcim-ver-primer-debate-con-propuesta\/#respond"]}]},{"@type":"WebPage","@id":"https:\/\/elinformativotam.com\/index.php\/2024\/04\/05\/quiere-arcim-ver-primer-debate-con-propuesta\/","url":"https:\/\/elinformativotam.com\/index.php\/2024\/04\/05\/quiere-arcim-ver-primer-debate-con-propuesta\/","name":"QUIERE ARCIM VER PRIMER DEBATE CON PROPUESTA - EL INFORMATIVO DE TAMAULIPAS","isPartOf":{"@id":"https:\/\/elinformativotam.com\/#website"},"primaryImageOfPage":{"@id":"https:\/\/elinformativotam.com\/index.php\/2024\/04\/05\/quiere-arcim-ver-primer-debate-con-propuesta\/#primaryimage"},"image":{"@id":"https:\/\/elinformativotam.com\/index.php\/2024\/04\/05\/quiere-arcim-ver-primer-debate-con-propuesta\/#primaryimage"},"thumbnailUrl":"https:\/\/elinformativotam.com\/wp-content\/uploads\/2024\/04\/Larrion.jpeg","datePublished":"2024-04-06T04:19:38+00:00","description":"*La Descalificaci\u00f3n Entre Abanderados Solo Alejar\u00eda Al Votante De Las Urnas &nbsp; La Asociaci\u00f3n de Comerciantes e Industriales del Sur de","inLanguage":"es","potentialAction":[{"@type":"ReadAction","target":["https:\/\/elinformativotam.com\/index.php\/2024\/04\/05\/quiere-arcim-ver-primer-debate-con-propuesta\/"]}]},{"@type":"ImageObject","inLanguage":"es","@id":"https:\/\/elinformativotam.com\/index.php\/2024\/04\/05\/quiere-arcim-ver-primer-debate-con-propuesta\/#primaryimage","url":"https:\/\/elinformativotam.com\/wp-content\/uploads\/2024\/04\/Larrion.jpeg","contentUrl":"https:\/\/elinformativotam.com\/wp-content\/uploads\/2024\/04\/Larrion.jpeg","width":1600,"height":1204},{"@type":"WebSite","@id":"https:\/\/elinformativotam.com\/#website","url":"https:\/\/elinformativotam.com\/","name":"EL INFORMATIVO DE TAMAULIPAS","description":"Desde la Zona Metropolitana Para Todo M\u00e9xico","publisher":{"@id":"https:\/\/elinformativotam.com\/#organization"},"potentialAction":[{"@type":"SearchAction","target":{"@type":"EntryPoint","urlTemplate":"https:\/\/elinformativotam.com\/?s={search_term_string}"},"query-input":{"@type":"PropertyValueSpecification","valueRequired":true,"valueName":"search_term_string"}}],"inLanguage":"es"},{"@type":"Organization","@id":"https:\/\/elinformativotam.com\/#organization","name":"EL INFORMATIVO DE TAMAULIPAS","url":"https:\/\/elinformativotam.com\/","logo":{"@type":"ImageObject","inLanguage":"es","@id":"https:\/\/elinformativotam.com\/#\/schema\/logo\/image\/","url":"https:\/\/elinformativotam.com\/wp-content\/uploads\/2026\/02\/Cabezal.png","contentUrl":"https:\/\/elinformativotam.com\/wp-content\/uploads\/2026\/02\/Cabezal.png","width":960,"height":640,"caption":"EL INFORMATIVO DE TAMAULIPAS"},"image":{"@id":"https:\/\/elinformativotam.com\/#\/schema\/logo\/image\/"}},{"@type":"Person","@id":"https:\/\/elinformativotam.com\/#\/schema\/person\/78e08040eed0f6110f0c5f83b6153590","name":"El Informativo Tam","image":{"@type":"ImageObject","inLanguage":"es","@id":"https:\/\/secure.gravatar.com\/avatar\/f3b7ad3af540688955925ac610647be00b0cf41feea9c4978b73a707ee86bc53?s=96&d=mm&r=g","url":"https:\/\/secure.gravatar.com\/avatar\/f3b7ad3af540688955925ac610647be00b0cf41feea9c4978b73a707ee86bc53?s=96&d=mm&r=g","contentUrl":"https:\/\/secure.gravatar.com\/avatar\/f3b7ad3af540688955925ac610647be00b0cf41feea9c4978b73a707ee86bc53?s=96&d=mm&r=g","caption":"El Informativo Tam"}}]}},"_links":{"self":[{"href":"https:\/\/elinformativotam.com\/index.php\/wp-json\/wp\/v2\/posts\/50092","targetHints":{"allow":["GET"]}}],"collection":[{"href":"https:\/\/elinformativotam.com\/index.php\/wp-json\/wp\/v2\/posts"}],"about":[{"href":"https:\/\/elinformativotam.com\/index.php\/wp-json\/wp\/v2\/types\/post"}],"author":[{"embeddable":true,"href":"https:\/\/elinformativotam.com\/index.php\/wp-json\/wp\/v2\/users\/1"}],"replies":[{"embeddable":true,"href":"https:\/\/elinformativotam.com\/index.php\/wp-json\/wp\/v2\/comments?post=50092"}],"version-history":[{"count":1,"href":"https:\/\/elinformativotam.com\/index.php\/wp-json\/wp\/v2\/posts\/50092\/revisions"}],"predecessor-version":[{"id":50094,"href":"https:\/\/elinformativotam.com\/index.php\/wp-json\/wp\/v2\/posts\/50092\/revisions\/50094"}],"wp:featuredmedia":[{"embeddable":true,"href":"https:\/\/elinformativotam.com\/index.php\/wp-json\/wp\/v2\/media\/50093"}],"wp:attachment":[{"href":"https:\/\/elinformativotam.com\/index.php\/wp-json\/wp\/v2\/media?parent=50092"}],"wp:term":[{"taxonomy":"category","embeddable":true,"href":"https:\/\/elinformativotam.com\/index.php\/wp-json\/wp\/v2\/categories?post=50092"},{"taxonomy":"post_tag","embeddable":true,"href":"https:\/\/elinformativotam.com\/index.php\/wp-json\/wp\/v2\/tags?post=50092"}],"curies":[{"name":"wp","href":"https:\/\/api.w.org\/{rel}","templated":true}]}}