{"id":50089,"date":"2024-04-05T22:16:54","date_gmt":"2024-04-06T04:16:54","guid":{"rendered":"https:\/\/elinformativotam.com\/?p=50089"},"modified":"2024-04-05T22:16:54","modified_gmt":"2024-04-06T04:16:54","slug":"prepara-ciest-su-lista-de-propuestas-para-candidatos-del-sur","status":"publish","type":"post","link":"https:\/\/elinformativotam.com\/index.php\/2024\/04\/05\/prepara-ciest-su-lista-de-propuestas-para-candidatos-del-sur\/","title":{"rendered":"PREPARA CIEST SU LISTA DE PROPUESTAS PARA CANDIDATOS DEL SUR"},"content":{"rendered":"<h2 style=\"text-align: center;\"><em><span style=\"font-family: 'times new roman', times;\">*Empresarios Quieren Escuchar Compromisos Y Soluciones Reales En La Agenda Local<\/span><\/em><\/h2>\n<p>&nbsp;<\/p>\n<p>&nbsp;<\/p>\n<p>El CIEST tendr\u00e1 una lista de las principales propuestas que dar\u00e1n a conocer al bloque de candidatos de todos los partidos pol\u00edticos que participan(participar\u00e1n)en la elecci\u00f3n concurrente<\/p>\n<p>&nbsp;<\/p>\n<p>Juan \u00c1ngel Paredes Espinosa, dijo que dichas propuestas ser\u00e1n dadas a conocer la pr\u00f3xima semana, pues el objetivo principal es que los bloques de participantes comparezcan en un solo d\u00eda y por separado.<\/p>\n<p>&nbsp;<\/p>\n<p>A\u00f1adi\u00f3 que en estos momentos se afina la agenda del Consejo de Instituciones Empresariales del Sur de Tamaulipas con la de cada abanderado, ya que la idea es que todos participen y expongan ante los empresarios sus plataformas de trabajo.<\/p>\n<p>&nbsp;<\/p>\n<p>&#8220;Y nos den a conocer sus propuestas en temas muy espec\u00edficos, y que en esos momentos se comprometan a que ganando la elecci\u00f3n se cumpla con lo pactado&#8221;, explic\u00f3<\/p>\n<p>&nbsp;<\/p>\n<p>Paredes, remarc\u00f3 que la agenda de los empresarios es muy puntual y enfocada a temas como infraestructura, educaci\u00f3n, inversi\u00f3n, movilidad, seguridad y agua.<\/p>\n<p>&nbsp;<\/p>\n<p>&#8220;Vamos a proponer que su participaci\u00f3n sea con todos los candidatos en bloque de las coaliciones y por separado, adem\u00e1s de que nos den a conocer lo que ellos traen para hacer crecer al pa\u00eds, la entidad y los municipios&#8221;, acot\u00f3.<\/p>\n<p>&nbsp;<\/p>\n<p>&nbsp;<\/p>\n","protected":false},"excerpt":{"rendered":"<p>*Empresarios Quieren Escuchar Compromisos Y Soluciones Reales En La Agenda Local &nbsp; &nbsp; El CIEST tendr\u00e1 una lista de las&hellip;<\/p>\n","protected":false},"author":1,"featured_media":50090,"comment_status":"open","ping_status":"open","sticky":false,"template":"","format":"standard","meta":{"footnotes":""},"categories":[3],"tags":[],"class_list":["post-50089","post","type-post","status-publish","format-standard","has-post-thumbnail","hentry","category-tampico"],"yoast_head":"<!-- This site is optimized with the Yoast SEO plugin v27.5 - https:\/\/yoast.com\/product\/yoast-seo-wordpress\/ -->\n<title>PREPARA CIEST SU LISTA DE PROPUESTAS PARA CANDIDATOS DEL SUR - EL INFORMATIVO DE TAMAULIPAS<\/title>\n<meta name=\"description\" content=\"*Empresarios Quieren Escuchar Compromisos Y Soluciones Reales En La Agenda Local &nbsp; &nbsp; El CIEST tendr\u00e1 una lista de las principales propuestas que\" \/>\n<meta name=\"robots\" content=\"index, follow, max-snippet:-1, max-image-preview:large, max-video-preview:-1\" \/>\n<link rel=\"canonical\" href=\"https:\/\/elinformativotam.com\/index.php\/2024\/04\/05\/prepara-ciest-su-lista-de-propuestas-para-candidatos-del-sur\/\" \/>\n<meta property=\"og:locale\" content=\"es_MX\" \/>\n<meta property=\"og:type\" content=\"article\" \/>\n<meta property=\"og:title\" content=\"PREPARA CIEST SU LISTA DE PROPUESTAS PARA CANDIDATOS DEL SUR - EL INFORMATIVO DE TAMAULIPAS\" \/>\n<meta property=\"og:description\" content=\"*Empresarios Quieren Escuchar Compromisos Y Soluciones Reales En La Agenda Local &nbsp; &nbsp; El CIEST tendr\u00e1 una lista de las principales propuestas que\" \/>\n<meta property=\"og:url\" content=\"https:\/\/elinformativotam.com\/index.php\/2024\/04\/05\/prepara-ciest-su-lista-de-propuestas-para-candidatos-del-sur\/\" \/>\n<meta property=\"og:site_name\" content=\"EL INFORMATIVO DE TAMAULIPAS\" \/>\n<meta property=\"article:published_time\" content=\"2024-04-06T04:16:54+00:00\" \/>\n<meta property=\"og:image\" content=\"https:\/\/elinformativotam.com\/wp-content\/uploads\/2024\/04\/Angel-Paredes-2.jpeg\" \/>\n\t<meta property=\"og:image:width\" content=\"1600\" \/>\n\t<meta property=\"og:image:height\" content=\"1204\" \/>\n\t<meta property=\"og:image:type\" content=\"image\/jpeg\" \/>\n<meta name=\"author\" content=\"El Informativo Tam\" \/>\n<meta name=\"twitter:card\" content=\"summary_large_image\" \/>\n<meta name=\"twitter:label1\" content=\"Escrito por\" \/>\n\t<meta name=\"twitter:data1\" content=\"El Informativo Tam\" \/>\n\t<meta name=\"twitter:label2\" content=\"Tiempo de lectura\" \/>\n\t<meta name=\"twitter:data2\" content=\"2 minutos\" \/>\n<script type=\"application\/ld+json\" class=\"yoast-schema-graph\">{\"@context\":\"https:\\\/\\\/schema.org\",\"@graph\":[{\"@type\":\"Article\",\"@id\":\"https:\\\/\\\/elinformativotam.com\\\/index.php\\\/2024\\\/04\\\/05\\\/prepara-ciest-su-lista-de-propuestas-para-candidatos-del-sur\\\/#article\",\"isPartOf\":{\"@id\":\"https:\\\/\\\/elinformativotam.com\\\/index.php\\\/2024\\\/04\\\/05\\\/prepara-ciest-su-lista-de-propuestas-para-candidatos-del-sur\\\/\"},\"author\":{\"name\":\"El Informativo Tam\",\"@id\":\"https:\\\/\\\/elinformativotam.com\\\/#\\\/schema\\\/person\\\/78e08040eed0f6110f0c5f83b6153590\"},\"headline\":\"PREPARA CIEST SU LISTA DE PROPUESTAS PARA CANDIDATOS DEL SUR\",\"datePublished\":\"2024-04-06T04:16:54+00:00\",\"mainEntityOfPage\":{\"@id\":\"https:\\\/\\\/elinformativotam.com\\\/index.php\\\/2024\\\/04\\\/05\\\/prepara-ciest-su-lista-de-propuestas-para-candidatos-del-sur\\\/\"},\"wordCount\":240,\"commentCount\":0,\"publisher\":{\"@id\":\"https:\\\/\\\/elinformativotam.com\\\/#organization\"},\"image\":{\"@id\":\"https:\\\/\\\/elinformativotam.com\\\/index.php\\\/2024\\\/04\\\/05\\\/prepara-ciest-su-lista-de-propuestas-para-candidatos-del-sur\\\/#primaryimage\"},\"thumbnailUrl\":\"https:\\\/\\\/elinformativotam.com\\\/wp-content\\\/uploads\\\/2024\\\/04\\\/Angel-Paredes-2.jpeg\",\"articleSection\":[\"Tampico\"],\"inLanguage\":\"es\",\"potentialAction\":[{\"@type\":\"CommentAction\",\"name\":\"Comment\",\"target\":[\"https:\\\/\\\/elinformativotam.com\\\/index.php\\\/2024\\\/04\\\/05\\\/prepara-ciest-su-lista-de-propuestas-para-candidatos-del-sur\\\/#respond\"]}]},{\"@type\":\"WebPage\",\"@id\":\"https:\\\/\\\/elinformativotam.com\\\/index.php\\\/2024\\\/04\\\/05\\\/prepara-ciest-su-lista-de-propuestas-para-candidatos-del-sur\\\/\",\"url\":\"https:\\\/\\\/elinformativotam.com\\\/index.php\\\/2024\\\/04\\\/05\\\/prepara-ciest-su-lista-de-propuestas-para-candidatos-del-sur\\\/\",\"name\":\"PREPARA CIEST SU LISTA DE PROPUESTAS PARA CANDIDATOS DEL SUR - EL INFORMATIVO DE TAMAULIPAS\",\"isPartOf\":{\"@id\":\"https:\\\/\\\/elinformativotam.com\\\/#website\"},\"primaryImageOfPage\":{\"@id\":\"https:\\\/\\\/elinformativotam.com\\\/index.php\\\/2024\\\/04\\\/05\\\/prepara-ciest-su-lista-de-propuestas-para-candidatos-del-sur\\\/#primaryimage\"},\"image\":{\"@id\":\"https:\\\/\\\/elinformativotam.com\\\/index.php\\\/2024\\\/04\\\/05\\\/prepara-ciest-su-lista-de-propuestas-para-candidatos-del-sur\\\/#primaryimage\"},\"thumbnailUrl\":\"https:\\\/\\\/elinformativotam.com\\\/wp-content\\\/uploads\\\/2024\\\/04\\\/Angel-Paredes-2.jpeg\",\"datePublished\":\"2024-04-06T04:16:54+00:00\",\"description\":\"*Empresarios Quieren Escuchar Compromisos Y Soluciones Reales En La Agenda Local &nbsp; &nbsp; El CIEST tendr\u00e1 una lista de las principales propuestas que\",\"inLanguage\":\"es\",\"potentialAction\":[{\"@type\":\"ReadAction\",\"target\":[\"https:\\\/\\\/elinformativotam.com\\\/index.php\\\/2024\\\/04\\\/05\\\/prepara-ciest-su-lista-de-propuestas-para-candidatos-del-sur\\\/\"]}]},{\"@type\":\"ImageObject\",\"inLanguage\":\"es\",\"@id\":\"https:\\\/\\\/elinformativotam.com\\\/index.php\\\/2024\\\/04\\\/05\\\/prepara-ciest-su-lista-de-propuestas-para-candidatos-del-sur\\\/#primaryimage\",\"url\":\"https:\\\/\\\/elinformativotam.com\\\/wp-content\\\/uploads\\\/2024\\\/04\\\/Angel-Paredes-2.jpeg\",\"contentUrl\":\"https:\\\/\\\/elinformativotam.com\\\/wp-content\\\/uploads\\\/2024\\\/04\\\/Angel-Paredes-2.jpeg\",\"width\":1600,\"height\":1204},{\"@type\":\"WebSite\",\"@id\":\"https:\\\/\\\/elinformativotam.com\\\/#website\",\"url\":\"https:\\\/\\\/elinformativotam.com\\\/\",\"name\":\"EL INFORMATIVO DE TAMAULIPAS\",\"description\":\"Desde la Zona Metropolitana Para Todo M\u00e9xico\",\"publisher\":{\"@id\":\"https:\\\/\\\/elinformativotam.com\\\/#organization\"},\"potentialAction\":[{\"@type\":\"SearchAction\",\"target\":{\"@type\":\"EntryPoint\",\"urlTemplate\":\"https:\\\/\\\/elinformativotam.com\\\/?s={search_term_string}\"},\"query-input\":{\"@type\":\"PropertyValueSpecification\",\"valueRequired\":true,\"valueName\":\"search_term_string\"}}],\"inLanguage\":\"es\"},{\"@type\":\"Organization\",\"@id\":\"https:\\\/\\\/elinformativotam.com\\\/#organization\",\"name\":\"EL INFORMATIVO DE TAMAULIPAS\",\"url\":\"https:\\\/\\\/elinformativotam.com\\\/\",\"logo\":{\"@type\":\"ImageObject\",\"inLanguage\":\"es\",\"@id\":\"https:\\\/\\\/elinformativotam.com\\\/#\\\/schema\\\/logo\\\/image\\\/\",\"url\":\"https:\\\/\\\/elinformativotam.com\\\/wp-content\\\/uploads\\\/2026\\\/02\\\/Cabezal.png\",\"contentUrl\":\"https:\\\/\\\/elinformativotam.com\\\/wp-content\\\/uploads\\\/2026\\\/02\\\/Cabezal.png\",\"width\":960,\"height\":640,\"caption\":\"EL INFORMATIVO DE TAMAULIPAS\"},\"image\":{\"@id\":\"https:\\\/\\\/elinformativotam.com\\\/#\\\/schema\\\/logo\\\/image\\\/\"}},{\"@type\":\"Person\",\"@id\":\"https:\\\/\\\/elinformativotam.com\\\/#\\\/schema\\\/person\\\/78e08040eed0f6110f0c5f83b6153590\",\"name\":\"El Informativo Tam\",\"image\":{\"@type\":\"ImageObject\",\"inLanguage\":\"es\",\"@id\":\"https:\\\/\\\/secure.gravatar.com\\\/avatar\\\/f3b7ad3af540688955925ac610647be00b0cf41feea9c4978b73a707ee86bc53?s=96&d=mm&r=g\",\"url\":\"https:\\\/\\\/secure.gravatar.com\\\/avatar\\\/f3b7ad3af540688955925ac610647be00b0cf41feea9c4978b73a707ee86bc53?s=96&d=mm&r=g\",\"contentUrl\":\"https:\\\/\\\/secure.gravatar.com\\\/avatar\\\/f3b7ad3af540688955925ac610647be00b0cf41feea9c4978b73a707ee86bc53?s=96&d=mm&r=g\",\"caption\":\"El Informativo Tam\"}}]}<\/script>\n<!-- \/ Yoast SEO plugin. -->","yoast_head_json":{"title":"PREPARA CIEST SU LISTA DE PROPUESTAS PARA CANDIDATOS DEL SUR - EL INFORMATIVO DE TAMAULIPAS","description":"*Empresarios Quieren Escuchar Compromisos Y Soluciones Reales En La Agenda Local &nbsp; &nbsp; El CIEST tendr\u00e1 una lista de las principales propuestas que","robots":{"index":"index","follow":"follow","max-snippet":"max-snippet:-1","max-image-preview":"max-image-preview:large","max-video-preview":"max-video-preview:-1"},"canonical":"https:\/\/elinformativotam.com\/index.php\/2024\/04\/05\/prepara-ciest-su-lista-de-propuestas-para-candidatos-del-sur\/","og_locale":"es_MX","og_type":"article","og_title":"PREPARA CIEST SU LISTA DE PROPUESTAS PARA CANDIDATOS DEL SUR - EL INFORMATIVO DE TAMAULIPAS","og_description":"*Empresarios Quieren Escuchar Compromisos Y Soluciones Reales En La Agenda Local &nbsp; &nbsp; El CIEST tendr\u00e1 una lista de las principales propuestas que","og_url":"https:\/\/elinformativotam.com\/index.php\/2024\/04\/05\/prepara-ciest-su-lista-de-propuestas-para-candidatos-del-sur\/","og_site_name":"EL INFORMATIVO DE TAMAULIPAS","article_published_time":"2024-04-06T04:16:54+00:00","og_image":[{"width":1600,"height":1204,"url":"https:\/\/elinformativotam.com\/wp-content\/uploads\/2024\/04\/Angel-Paredes-2.jpeg","type":"image\/jpeg"}],"author":"El Informativo Tam","twitter_card":"summary_large_image","twitter_misc":{"Escrito por":"El Informativo Tam","Tiempo de lectura":"2 minutos"},"schema":{"@context":"https:\/\/schema.org","@graph":[{"@type":"Article","@id":"https:\/\/elinformativotam.com\/index.php\/2024\/04\/05\/prepara-ciest-su-lista-de-propuestas-para-candidatos-del-sur\/#article","isPartOf":{"@id":"https:\/\/elinformativotam.com\/index.php\/2024\/04\/05\/prepara-ciest-su-lista-de-propuestas-para-candidatos-del-sur\/"},"author":{"name":"El Informativo Tam","@id":"https:\/\/elinformativotam.com\/#\/schema\/person\/78e08040eed0f6110f0c5f83b6153590"},"headline":"PREPARA CIEST SU LISTA DE PROPUESTAS PARA CANDIDATOS DEL SUR","datePublished":"2024-04-06T04:16:54+00:00","mainEntityOfPage":{"@id":"https:\/\/elinformativotam.com\/index.php\/2024\/04\/05\/prepara-ciest-su-lista-de-propuestas-para-candidatos-del-sur\/"},"wordCount":240,"commentCount":0,"publisher":{"@id":"https:\/\/elinformativotam.com\/#organization"},"image":{"@id":"https:\/\/elinformativotam.com\/index.php\/2024\/04\/05\/prepara-ciest-su-lista-de-propuestas-para-candidatos-del-sur\/#primaryimage"},"thumbnailUrl":"https:\/\/elinformativotam.com\/wp-content\/uploads\/2024\/04\/Angel-Paredes-2.jpeg","articleSection":["Tampico"],"inLanguage":"es","potentialAction":[{"@type":"CommentAction","name":"Comment","target":["https:\/\/elinformativotam.com\/index.php\/2024\/04\/05\/prepara-ciest-su-lista-de-propuestas-para-candidatos-del-sur\/#respond"]}]},{"@type":"WebPage","@id":"https:\/\/elinformativotam.com\/index.php\/2024\/04\/05\/prepara-ciest-su-lista-de-propuestas-para-candidatos-del-sur\/","url":"https:\/\/elinformativotam.com\/index.php\/2024\/04\/05\/prepara-ciest-su-lista-de-propuestas-para-candidatos-del-sur\/","name":"PREPARA CIEST SU LISTA DE PROPUESTAS PARA CANDIDATOS DEL SUR - EL INFORMATIVO DE TAMAULIPAS","isPartOf":{"@id":"https:\/\/elinformativotam.com\/#website"},"primaryImageOfPage":{"@id":"https:\/\/elinformativotam.com\/index.php\/2024\/04\/05\/prepara-ciest-su-lista-de-propuestas-para-candidatos-del-sur\/#primaryimage"},"image":{"@id":"https:\/\/elinformativotam.com\/index.php\/2024\/04\/05\/prepara-ciest-su-lista-de-propuestas-para-candidatos-del-sur\/#primaryimage"},"thumbnailUrl":"https:\/\/elinformativotam.com\/wp-content\/uploads\/2024\/04\/Angel-Paredes-2.jpeg","datePublished":"2024-04-06T04:16:54+00:00","description":"*Empresarios Quieren Escuchar Compromisos Y Soluciones Reales En La Agenda Local &nbsp; &nbsp; El CIEST tendr\u00e1 una lista de las principales propuestas que","inLanguage":"es","potentialAction":[{"@type":"ReadAction","target":["https:\/\/elinformativotam.com\/index.php\/2024\/04\/05\/prepara-ciest-su-lista-de-propuestas-para-candidatos-del-sur\/"]}]},{"@type":"ImageObject","inLanguage":"es","@id":"https:\/\/elinformativotam.com\/index.php\/2024\/04\/05\/prepara-ciest-su-lista-de-propuestas-para-candidatos-del-sur\/#primaryimage","url":"https:\/\/elinformativotam.com\/wp-content\/uploads\/2024\/04\/Angel-Paredes-2.jpeg","contentUrl":"https:\/\/elinformativotam.com\/wp-content\/uploads\/2024\/04\/Angel-Paredes-2.jpeg","width":1600,"height":1204},{"@type":"WebSite","@id":"https:\/\/elinformativotam.com\/#website","url":"https:\/\/elinformativotam.com\/","name":"EL INFORMATIVO DE TAMAULIPAS","description":"Desde la Zona Metropolitana Para Todo M\u00e9xico","publisher":{"@id":"https:\/\/elinformativotam.com\/#organization"},"potentialAction":[{"@type":"SearchAction","target":{"@type":"EntryPoint","urlTemplate":"https:\/\/elinformativotam.com\/?s={search_term_string}"},"query-input":{"@type":"PropertyValueSpecification","valueRequired":true,"valueName":"search_term_string"}}],"inLanguage":"es"},{"@type":"Organization","@id":"https:\/\/elinformativotam.com\/#organization","name":"EL INFORMATIVO DE TAMAULIPAS","url":"https:\/\/elinformativotam.com\/","logo":{"@type":"ImageObject","inLanguage":"es","@id":"https:\/\/elinformativotam.com\/#\/schema\/logo\/image\/","url":"https:\/\/elinformativotam.com\/wp-content\/uploads\/2026\/02\/Cabezal.png","contentUrl":"https:\/\/elinformativotam.com\/wp-content\/uploads\/2026\/02\/Cabezal.png","width":960,"height":640,"caption":"EL INFORMATIVO DE TAMAULIPAS"},"image":{"@id":"https:\/\/elinformativotam.com\/#\/schema\/logo\/image\/"}},{"@type":"Person","@id":"https:\/\/elinformativotam.com\/#\/schema\/person\/78e08040eed0f6110f0c5f83b6153590","name":"El Informativo Tam","image":{"@type":"ImageObject","inLanguage":"es","@id":"https:\/\/secure.gravatar.com\/avatar\/f3b7ad3af540688955925ac610647be00b0cf41feea9c4978b73a707ee86bc53?s=96&d=mm&r=g","url":"https:\/\/secure.gravatar.com\/avatar\/f3b7ad3af540688955925ac610647be00b0cf41feea9c4978b73a707ee86bc53?s=96&d=mm&r=g","contentUrl":"https:\/\/secure.gravatar.com\/avatar\/f3b7ad3af540688955925ac610647be00b0cf41feea9c4978b73a707ee86bc53?s=96&d=mm&r=g","caption":"El Informativo Tam"}}]}},"_links":{"self":[{"href":"https:\/\/elinformativotam.com\/index.php\/wp-json\/wp\/v2\/posts\/50089","targetHints":{"allow":["GET"]}}],"collection":[{"href":"https:\/\/elinformativotam.com\/index.php\/wp-json\/wp\/v2\/posts"}],"about":[{"href":"https:\/\/elinformativotam.com\/index.php\/wp-json\/wp\/v2\/types\/post"}],"author":[{"embeddable":true,"href":"https:\/\/elinformativotam.com\/index.php\/wp-json\/wp\/v2\/users\/1"}],"replies":[{"embeddable":true,"href":"https:\/\/elinformativotam.com\/index.php\/wp-json\/wp\/v2\/comments?post=50089"}],"version-history":[{"count":1,"href":"https:\/\/elinformativotam.com\/index.php\/wp-json\/wp\/v2\/posts\/50089\/revisions"}],"predecessor-version":[{"id":50091,"href":"https:\/\/elinformativotam.com\/index.php\/wp-json\/wp\/v2\/posts\/50089\/revisions\/50091"}],"wp:featuredmedia":[{"embeddable":true,"href":"https:\/\/elinformativotam.com\/index.php\/wp-json\/wp\/v2\/media\/50090"}],"wp:attachment":[{"href":"https:\/\/elinformativotam.com\/index.php\/wp-json\/wp\/v2\/media?parent=50089"}],"wp:term":[{"taxonomy":"category","embeddable":true,"href":"https:\/\/elinformativotam.com\/index.php\/wp-json\/wp\/v2\/categories?post=50089"},{"taxonomy":"post_tag","embeddable":true,"href":"https:\/\/elinformativotam.com\/index.php\/wp-json\/wp\/v2\/tags?post=50089"}],"curies":[{"name":"wp","href":"https:\/\/api.w.org\/{rel}","templated":true}]}}