{"id":50086,"date":"2024-04-05T22:09:18","date_gmt":"2024-04-06T04:09:18","guid":{"rendered":"https:\/\/elinformativotam.com\/?p=50086"},"modified":"2024-04-05T22:09:18","modified_gmt":"2024-04-06T04:09:18","slug":"pide-mesa-del-agua-a-poblacion-no-caer-en-crisis-por-nivel-0-en-sistema-lagunario","status":"publish","type":"post","link":"https:\/\/elinformativotam.com\/index.php\/2024\/04\/05\/pide-mesa-del-agua-a-poblacion-no-caer-en-crisis-por-nivel-0-en-sistema-lagunario\/","title":{"rendered":"PIDE MESA DEL AGUA A POBLACI\u00d3N NO CAER EN CRISIS POR NIVEL 0 EN SISTEMA LAGUNARIO"},"content":{"rendered":"<h2 style=\"text-align: center;\"><em><span style=\"font-family: 'times new roman', times;\">*Afirman Que Hay Suficiente Agua En Lagunas Aleda\u00f1as Que Podr\u00e1 Ser Canalizada Al Sistema Lagunario<\/span><\/em><\/h2>\n<p>&nbsp;<\/p>\n<p>&nbsp;<\/p>\n<p>El sistema lagunario y las 17 lagunas que se encuentran r\u00edo arriba y en los alrededores de la zona sur cuentan con niveles que van desde aceptables, buenos y regulares, que juntas re\u00fanen 258 millones de metros c\u00fabicos del vital l\u00edquido, y para ello se trabaja en construir canales que permitan conectar ese volumen, y traerlo a las bocatomas del principal vaso de captaci\u00f3n de d\u00f3nde se toma para el uso diario de la poblaci\u00f3n.<\/p>\n<p>&nbsp;<\/p>\n<p>Al respecto, el coordinador de la mesa ciudadana del agua, Luis Apertti Llovet, pidi\u00f3 a la poblaci\u00f3n no caer en crisis ni generar psicosis por el nivel 0 que hoy presenta el vaso captador, y exhort\u00f3 a que contin\u00fae la conciencia en el ciudado y ahorro del agua, ya que s\u00ed una persona ahorra diariamente 10 litros del vital l\u00edquido en toda la zona sur, servir\u00eda para tener una autonom\u00eda h\u00eddrica en los pr\u00f3ximos seis meses.<\/p>\n<p>&nbsp;<\/p>\n<p>Acompa\u00f1ado de los miembros que integran dicha mesa, Apertti dej\u00f3 en claro que todo el conglomerado de lagunas tienen suficiente agua para abastecer a la zona metropolitana, en lo que resta del a\u00f1o y aguantar mientras llegan las tan ansiadas lluvias.<\/p>\n<p>&nbsp;<\/p>\n<p>Manifest\u00f3, que la industria, las instituciones educativas, los tres \u00f3rdenes de gobierno y las instancias involucradas en el tema, ya trabajan en abrir el fluido h\u00eddrico para conectar el agua almacenada de m\u00e1s de dos lagunas y canalizarla al sistema lagunario.<\/p>\n<p>&nbsp;<\/p>\n<p>&#8220;Hay algunas que tienen buena profundidad pero que su flujo est\u00e1 interrumpido por tener maleza acu\u00e1tica y azolve en sus canales. Las lagunas Champay\u00e1n y la Tortuga tienen juntas m\u00e1s del 50% de agua almacenada, y la idea es ubicar canales y que esa agua llegu\u00e9 a las bocatomas&#8221;, se\u00f1al\u00f3<\/p>\n<p>&nbsp;<\/p>\n<p>Aperti, dej\u00f3 en claro que s\u00ed existe la posibilidad de que pudiera ingresar agua salobre al sistema lagunario en unos d\u00edas m\u00e1s, pero con las acciones de contenci\u00f3n y reparaci\u00f3n de fugas de agua dulce que se han hecho en el estero el camalote, se busca aplazar ese fen\u00f3meno h\u00eddrico que ya se suscit\u00f3 en el 2021.<\/p>\n<p>&nbsp;<\/p>\n<p>&#8220;Hay que decir que el agua salina ya est\u00e1 adelante de P\u00e1nuco, pero hay que recordar que ya se hicieron trabajos de reparaci\u00f3n de diques y actualmente ya no hay fuga de agua dulce&#8221;, dijo<\/p>\n<p>&nbsp;<\/p>\n<p>El coordinador de la mesa del agua, puntualiz\u00f3 que no buscan esconder informaci\u00f3n sobre la crisis h\u00eddrica que se vive en la regi\u00f3n, pero tampoco alarmar a la poblaci\u00f3n, ya que existe suficiente agua almacenada en varias lagunas, y solo buscan la forma de acercarla a los puntos de extracci\u00f3n que tiene las Comapas de Tampico y Altamira.<\/p>\n<p>&nbsp;<\/p>\n<p>Finalmente, ah\u00ed se dijo que del sistema lagunario se extrae un cent\u00edmetro diario de agua para el consumo humano, del agro e industria, pues de no llegar las precipitaciones ser\u00e1 inminente la disminuci\u00f3n de la presi\u00f3n en viviendas durante noches y madrugadas, sin llegar a observarse tandeos.<\/p>\n","protected":false},"excerpt":{"rendered":"<p>*Afirman Que Hay Suficiente Agua En Lagunas Aleda\u00f1as Que Podr\u00e1 Ser Canalizada Al Sistema Lagunario &nbsp; &nbsp; El sistema lagunario&hellip;<\/p>\n","protected":false},"author":1,"featured_media":50087,"comment_status":"open","ping_status":"open","sticky":false,"template":"","format":"standard","meta":{"footnotes":""},"categories":[3],"tags":[],"class_list":["post-50086","post","type-post","status-publish","format-standard","has-post-thumbnail","hentry","category-tampico"],"yoast_head":"<!-- This site is optimized with the Yoast SEO plugin v27.5 - https:\/\/yoast.com\/product\/yoast-seo-wordpress\/ -->\n<title>PIDE MESA DEL AGUA A POBLACI\u00d3N NO CAER EN CRISIS POR NIVEL 0 EN SISTEMA LAGUNARIO - EL INFORMATIVO DE TAMAULIPAS<\/title>\n<meta name=\"description\" content=\"*Afirman Que Hay Suficiente Agua En Lagunas Aleda\u00f1as Que Podr\u00e1 Ser Canalizada Al Sistema Lagunario &nbsp; &nbsp; El sistema lagunario y las 17 lagunas que\" \/>\n<meta name=\"robots\" content=\"index, follow, max-snippet:-1, max-image-preview:large, max-video-preview:-1\" \/>\n<link rel=\"canonical\" href=\"https:\/\/elinformativotam.com\/index.php\/2024\/04\/05\/pide-mesa-del-agua-a-poblacion-no-caer-en-crisis-por-nivel-0-en-sistema-lagunario\/\" \/>\n<meta property=\"og:locale\" content=\"es_MX\" \/>\n<meta property=\"og:type\" content=\"article\" \/>\n<meta property=\"og:title\" content=\"PIDE MESA DEL AGUA A POBLACI\u00d3N NO CAER EN CRISIS POR NIVEL 0 EN SISTEMA LAGUNARIO - EL INFORMATIVO DE TAMAULIPAS\" \/>\n<meta property=\"og:description\" content=\"*Afirman Que Hay Suficiente Agua En Lagunas Aleda\u00f1as Que Podr\u00e1 Ser Canalizada Al Sistema Lagunario &nbsp; &nbsp; El sistema lagunario y las 17 lagunas que\" \/>\n<meta property=\"og:url\" content=\"https:\/\/elinformativotam.com\/index.php\/2024\/04\/05\/pide-mesa-del-agua-a-poblacion-no-caer-en-crisis-por-nivel-0-en-sistema-lagunario\/\" \/>\n<meta property=\"og:site_name\" content=\"EL INFORMATIVO DE TAMAULIPAS\" \/>\n<meta property=\"article:published_time\" content=\"2024-04-06T04:09:18+00:00\" \/>\n<meta property=\"og:image\" content=\"https:\/\/elinformativotam.com\/wp-content\/uploads\/2024\/04\/Cisest.jpeg\" \/>\n\t<meta property=\"og:image:width\" content=\"1600\" \/>\n\t<meta property=\"og:image:height\" content=\"1204\" \/>\n\t<meta property=\"og:image:type\" content=\"image\/jpeg\" \/>\n<meta name=\"author\" content=\"El Informativo Tam\" \/>\n<meta name=\"twitter:card\" content=\"summary_large_image\" \/>\n<meta name=\"twitter:label1\" content=\"Escrito por\" \/>\n\t<meta name=\"twitter:data1\" content=\"El Informativo Tam\" \/>\n\t<meta name=\"twitter:label2\" content=\"Tiempo de lectura\" \/>\n\t<meta name=\"twitter:data2\" content=\"3 minutos\" \/>\n<script type=\"application\/ld+json\" class=\"yoast-schema-graph\">{\"@context\":\"https:\\\/\\\/schema.org\",\"@graph\":[{\"@type\":\"Article\",\"@id\":\"https:\\\/\\\/elinformativotam.com\\\/index.php\\\/2024\\\/04\\\/05\\\/pide-mesa-del-agua-a-poblacion-no-caer-en-crisis-por-nivel-0-en-sistema-lagunario\\\/#article\",\"isPartOf\":{\"@id\":\"https:\\\/\\\/elinformativotam.com\\\/index.php\\\/2024\\\/04\\\/05\\\/pide-mesa-del-agua-a-poblacion-no-caer-en-crisis-por-nivel-0-en-sistema-lagunario\\\/\"},\"author\":{\"name\":\"El Informativo Tam\",\"@id\":\"https:\\\/\\\/elinformativotam.com\\\/#\\\/schema\\\/person\\\/78e08040eed0f6110f0c5f83b6153590\"},\"headline\":\"PIDE MESA DEL AGUA A POBLACI\u00d3N NO CAER EN CRISIS POR NIVEL 0 EN SISTEMA LAGUNARIO\",\"datePublished\":\"2024-04-06T04:09:18+00:00\",\"mainEntityOfPage\":{\"@id\":\"https:\\\/\\\/elinformativotam.com\\\/index.php\\\/2024\\\/04\\\/05\\\/pide-mesa-del-agua-a-poblacion-no-caer-en-crisis-por-nivel-0-en-sistema-lagunario\\\/\"},\"wordCount\":554,\"commentCount\":0,\"publisher\":{\"@id\":\"https:\\\/\\\/elinformativotam.com\\\/#organization\"},\"image\":{\"@id\":\"https:\\\/\\\/elinformativotam.com\\\/index.php\\\/2024\\\/04\\\/05\\\/pide-mesa-del-agua-a-poblacion-no-caer-en-crisis-por-nivel-0-en-sistema-lagunario\\\/#primaryimage\"},\"thumbnailUrl\":\"https:\\\/\\\/elinformativotam.com\\\/wp-content\\\/uploads\\\/2024\\\/04\\\/Cisest.jpeg\",\"articleSection\":[\"Tampico\"],\"inLanguage\":\"es\",\"potentialAction\":[{\"@type\":\"CommentAction\",\"name\":\"Comment\",\"target\":[\"https:\\\/\\\/elinformativotam.com\\\/index.php\\\/2024\\\/04\\\/05\\\/pide-mesa-del-agua-a-poblacion-no-caer-en-crisis-por-nivel-0-en-sistema-lagunario\\\/#respond\"]}]},{\"@type\":\"WebPage\",\"@id\":\"https:\\\/\\\/elinformativotam.com\\\/index.php\\\/2024\\\/04\\\/05\\\/pide-mesa-del-agua-a-poblacion-no-caer-en-crisis-por-nivel-0-en-sistema-lagunario\\\/\",\"url\":\"https:\\\/\\\/elinformativotam.com\\\/index.php\\\/2024\\\/04\\\/05\\\/pide-mesa-del-agua-a-poblacion-no-caer-en-crisis-por-nivel-0-en-sistema-lagunario\\\/\",\"name\":\"PIDE MESA DEL AGUA A POBLACI\u00d3N NO CAER EN CRISIS POR NIVEL 0 EN SISTEMA LAGUNARIO - EL INFORMATIVO DE TAMAULIPAS\",\"isPartOf\":{\"@id\":\"https:\\\/\\\/elinformativotam.com\\\/#website\"},\"primaryImageOfPage\":{\"@id\":\"https:\\\/\\\/elinformativotam.com\\\/index.php\\\/2024\\\/04\\\/05\\\/pide-mesa-del-agua-a-poblacion-no-caer-en-crisis-por-nivel-0-en-sistema-lagunario\\\/#primaryimage\"},\"image\":{\"@id\":\"https:\\\/\\\/elinformativotam.com\\\/index.php\\\/2024\\\/04\\\/05\\\/pide-mesa-del-agua-a-poblacion-no-caer-en-crisis-por-nivel-0-en-sistema-lagunario\\\/#primaryimage\"},\"thumbnailUrl\":\"https:\\\/\\\/elinformativotam.com\\\/wp-content\\\/uploads\\\/2024\\\/04\\\/Cisest.jpeg\",\"datePublished\":\"2024-04-06T04:09:18+00:00\",\"description\":\"*Afirman Que Hay Suficiente Agua En Lagunas Aleda\u00f1as Que Podr\u00e1 Ser Canalizada Al Sistema Lagunario &nbsp; &nbsp; El sistema lagunario y las 17 lagunas que\",\"inLanguage\":\"es\",\"potentialAction\":[{\"@type\":\"ReadAction\",\"target\":[\"https:\\\/\\\/elinformativotam.com\\\/index.php\\\/2024\\\/04\\\/05\\\/pide-mesa-del-agua-a-poblacion-no-caer-en-crisis-por-nivel-0-en-sistema-lagunario\\\/\"]}]},{\"@type\":\"ImageObject\",\"inLanguage\":\"es\",\"@id\":\"https:\\\/\\\/elinformativotam.com\\\/index.php\\\/2024\\\/04\\\/05\\\/pide-mesa-del-agua-a-poblacion-no-caer-en-crisis-por-nivel-0-en-sistema-lagunario\\\/#primaryimage\",\"url\":\"https:\\\/\\\/elinformativotam.com\\\/wp-content\\\/uploads\\\/2024\\\/04\\\/Cisest.jpeg\",\"contentUrl\":\"https:\\\/\\\/elinformativotam.com\\\/wp-content\\\/uploads\\\/2024\\\/04\\\/Cisest.jpeg\",\"width\":1600,\"height\":1204},{\"@type\":\"WebSite\",\"@id\":\"https:\\\/\\\/elinformativotam.com\\\/#website\",\"url\":\"https:\\\/\\\/elinformativotam.com\\\/\",\"name\":\"EL INFORMATIVO DE TAMAULIPAS\",\"description\":\"Desde la Zona Metropolitana Para Todo M\u00e9xico\",\"publisher\":{\"@id\":\"https:\\\/\\\/elinformativotam.com\\\/#organization\"},\"potentialAction\":[{\"@type\":\"SearchAction\",\"target\":{\"@type\":\"EntryPoint\",\"urlTemplate\":\"https:\\\/\\\/elinformativotam.com\\\/?s={search_term_string}\"},\"query-input\":{\"@type\":\"PropertyValueSpecification\",\"valueRequired\":true,\"valueName\":\"search_term_string\"}}],\"inLanguage\":\"es\"},{\"@type\":\"Organization\",\"@id\":\"https:\\\/\\\/elinformativotam.com\\\/#organization\",\"name\":\"EL INFORMATIVO DE TAMAULIPAS\",\"url\":\"https:\\\/\\\/elinformativotam.com\\\/\",\"logo\":{\"@type\":\"ImageObject\",\"inLanguage\":\"es\",\"@id\":\"https:\\\/\\\/elinformativotam.com\\\/#\\\/schema\\\/logo\\\/image\\\/\",\"url\":\"https:\\\/\\\/elinformativotam.com\\\/wp-content\\\/uploads\\\/2026\\\/02\\\/Cabezal.png\",\"contentUrl\":\"https:\\\/\\\/elinformativotam.com\\\/wp-content\\\/uploads\\\/2026\\\/02\\\/Cabezal.png\",\"width\":960,\"height\":640,\"caption\":\"EL INFORMATIVO DE TAMAULIPAS\"},\"image\":{\"@id\":\"https:\\\/\\\/elinformativotam.com\\\/#\\\/schema\\\/logo\\\/image\\\/\"}},{\"@type\":\"Person\",\"@id\":\"https:\\\/\\\/elinformativotam.com\\\/#\\\/schema\\\/person\\\/78e08040eed0f6110f0c5f83b6153590\",\"name\":\"El Informativo Tam\",\"image\":{\"@type\":\"ImageObject\",\"inLanguage\":\"es\",\"@id\":\"https:\\\/\\\/secure.gravatar.com\\\/avatar\\\/f3b7ad3af540688955925ac610647be00b0cf41feea9c4978b73a707ee86bc53?s=96&d=mm&r=g\",\"url\":\"https:\\\/\\\/secure.gravatar.com\\\/avatar\\\/f3b7ad3af540688955925ac610647be00b0cf41feea9c4978b73a707ee86bc53?s=96&d=mm&r=g\",\"contentUrl\":\"https:\\\/\\\/secure.gravatar.com\\\/avatar\\\/f3b7ad3af540688955925ac610647be00b0cf41feea9c4978b73a707ee86bc53?s=96&d=mm&r=g\",\"caption\":\"El Informativo Tam\"}}]}<\/script>\n<!-- \/ Yoast SEO plugin. -->","yoast_head_json":{"title":"PIDE MESA DEL AGUA A POBLACI\u00d3N NO CAER EN CRISIS POR NIVEL 0 EN SISTEMA LAGUNARIO - EL INFORMATIVO DE TAMAULIPAS","description":"*Afirman Que Hay Suficiente Agua En Lagunas Aleda\u00f1as Que Podr\u00e1 Ser Canalizada Al Sistema Lagunario &nbsp; &nbsp; El sistema lagunario y las 17 lagunas que","robots":{"index":"index","follow":"follow","max-snippet":"max-snippet:-1","max-image-preview":"max-image-preview:large","max-video-preview":"max-video-preview:-1"},"canonical":"https:\/\/elinformativotam.com\/index.php\/2024\/04\/05\/pide-mesa-del-agua-a-poblacion-no-caer-en-crisis-por-nivel-0-en-sistema-lagunario\/","og_locale":"es_MX","og_type":"article","og_title":"PIDE MESA DEL AGUA A POBLACI\u00d3N NO CAER EN CRISIS POR NIVEL 0 EN SISTEMA LAGUNARIO - EL INFORMATIVO DE TAMAULIPAS","og_description":"*Afirman Que Hay Suficiente Agua En Lagunas Aleda\u00f1as Que Podr\u00e1 Ser Canalizada Al Sistema Lagunario &nbsp; &nbsp; El sistema lagunario y las 17 lagunas que","og_url":"https:\/\/elinformativotam.com\/index.php\/2024\/04\/05\/pide-mesa-del-agua-a-poblacion-no-caer-en-crisis-por-nivel-0-en-sistema-lagunario\/","og_site_name":"EL INFORMATIVO DE TAMAULIPAS","article_published_time":"2024-04-06T04:09:18+00:00","og_image":[{"width":1600,"height":1204,"url":"https:\/\/elinformativotam.com\/wp-content\/uploads\/2024\/04\/Cisest.jpeg","type":"image\/jpeg"}],"author":"El Informativo Tam","twitter_card":"summary_large_image","twitter_misc":{"Escrito por":"El Informativo Tam","Tiempo de lectura":"3 minutos"},"schema":{"@context":"https:\/\/schema.org","@graph":[{"@type":"Article","@id":"https:\/\/elinformativotam.com\/index.php\/2024\/04\/05\/pide-mesa-del-agua-a-poblacion-no-caer-en-crisis-por-nivel-0-en-sistema-lagunario\/#article","isPartOf":{"@id":"https:\/\/elinformativotam.com\/index.php\/2024\/04\/05\/pide-mesa-del-agua-a-poblacion-no-caer-en-crisis-por-nivel-0-en-sistema-lagunario\/"},"author":{"name":"El Informativo Tam","@id":"https:\/\/elinformativotam.com\/#\/schema\/person\/78e08040eed0f6110f0c5f83b6153590"},"headline":"PIDE MESA DEL AGUA A POBLACI\u00d3N NO CAER EN CRISIS POR NIVEL 0 EN SISTEMA LAGUNARIO","datePublished":"2024-04-06T04:09:18+00:00","mainEntityOfPage":{"@id":"https:\/\/elinformativotam.com\/index.php\/2024\/04\/05\/pide-mesa-del-agua-a-poblacion-no-caer-en-crisis-por-nivel-0-en-sistema-lagunario\/"},"wordCount":554,"commentCount":0,"publisher":{"@id":"https:\/\/elinformativotam.com\/#organization"},"image":{"@id":"https:\/\/elinformativotam.com\/index.php\/2024\/04\/05\/pide-mesa-del-agua-a-poblacion-no-caer-en-crisis-por-nivel-0-en-sistema-lagunario\/#primaryimage"},"thumbnailUrl":"https:\/\/elinformativotam.com\/wp-content\/uploads\/2024\/04\/Cisest.jpeg","articleSection":["Tampico"],"inLanguage":"es","potentialAction":[{"@type":"CommentAction","name":"Comment","target":["https:\/\/elinformativotam.com\/index.php\/2024\/04\/05\/pide-mesa-del-agua-a-poblacion-no-caer-en-crisis-por-nivel-0-en-sistema-lagunario\/#respond"]}]},{"@type":"WebPage","@id":"https:\/\/elinformativotam.com\/index.php\/2024\/04\/05\/pide-mesa-del-agua-a-poblacion-no-caer-en-crisis-por-nivel-0-en-sistema-lagunario\/","url":"https:\/\/elinformativotam.com\/index.php\/2024\/04\/05\/pide-mesa-del-agua-a-poblacion-no-caer-en-crisis-por-nivel-0-en-sistema-lagunario\/","name":"PIDE MESA DEL AGUA A POBLACI\u00d3N NO CAER EN CRISIS POR NIVEL 0 EN SISTEMA LAGUNARIO - EL INFORMATIVO DE TAMAULIPAS","isPartOf":{"@id":"https:\/\/elinformativotam.com\/#website"},"primaryImageOfPage":{"@id":"https:\/\/elinformativotam.com\/index.php\/2024\/04\/05\/pide-mesa-del-agua-a-poblacion-no-caer-en-crisis-por-nivel-0-en-sistema-lagunario\/#primaryimage"},"image":{"@id":"https:\/\/elinformativotam.com\/index.php\/2024\/04\/05\/pide-mesa-del-agua-a-poblacion-no-caer-en-crisis-por-nivel-0-en-sistema-lagunario\/#primaryimage"},"thumbnailUrl":"https:\/\/elinformativotam.com\/wp-content\/uploads\/2024\/04\/Cisest.jpeg","datePublished":"2024-04-06T04:09:18+00:00","description":"*Afirman Que Hay Suficiente Agua En Lagunas Aleda\u00f1as Que Podr\u00e1 Ser Canalizada Al Sistema Lagunario &nbsp; &nbsp; El sistema lagunario y las 17 lagunas que","inLanguage":"es","potentialAction":[{"@type":"ReadAction","target":["https:\/\/elinformativotam.com\/index.php\/2024\/04\/05\/pide-mesa-del-agua-a-poblacion-no-caer-en-crisis-por-nivel-0-en-sistema-lagunario\/"]}]},{"@type":"ImageObject","inLanguage":"es","@id":"https:\/\/elinformativotam.com\/index.php\/2024\/04\/05\/pide-mesa-del-agua-a-poblacion-no-caer-en-crisis-por-nivel-0-en-sistema-lagunario\/#primaryimage","url":"https:\/\/elinformativotam.com\/wp-content\/uploads\/2024\/04\/Cisest.jpeg","contentUrl":"https:\/\/elinformativotam.com\/wp-content\/uploads\/2024\/04\/Cisest.jpeg","width":1600,"height":1204},{"@type":"WebSite","@id":"https:\/\/elinformativotam.com\/#website","url":"https:\/\/elinformativotam.com\/","name":"EL INFORMATIVO DE TAMAULIPAS","description":"Desde la Zona Metropolitana Para Todo M\u00e9xico","publisher":{"@id":"https:\/\/elinformativotam.com\/#organization"},"potentialAction":[{"@type":"SearchAction","target":{"@type":"EntryPoint","urlTemplate":"https:\/\/elinformativotam.com\/?s={search_term_string}"},"query-input":{"@type":"PropertyValueSpecification","valueRequired":true,"valueName":"search_term_string"}}],"inLanguage":"es"},{"@type":"Organization","@id":"https:\/\/elinformativotam.com\/#organization","name":"EL INFORMATIVO DE TAMAULIPAS","url":"https:\/\/elinformativotam.com\/","logo":{"@type":"ImageObject","inLanguage":"es","@id":"https:\/\/elinformativotam.com\/#\/schema\/logo\/image\/","url":"https:\/\/elinformativotam.com\/wp-content\/uploads\/2026\/02\/Cabezal.png","contentUrl":"https:\/\/elinformativotam.com\/wp-content\/uploads\/2026\/02\/Cabezal.png","width":960,"height":640,"caption":"EL INFORMATIVO DE TAMAULIPAS"},"image":{"@id":"https:\/\/elinformativotam.com\/#\/schema\/logo\/image\/"}},{"@type":"Person","@id":"https:\/\/elinformativotam.com\/#\/schema\/person\/78e08040eed0f6110f0c5f83b6153590","name":"El Informativo Tam","image":{"@type":"ImageObject","inLanguage":"es","@id":"https:\/\/secure.gravatar.com\/avatar\/f3b7ad3af540688955925ac610647be00b0cf41feea9c4978b73a707ee86bc53?s=96&d=mm&r=g","url":"https:\/\/secure.gravatar.com\/avatar\/f3b7ad3af540688955925ac610647be00b0cf41feea9c4978b73a707ee86bc53?s=96&d=mm&r=g","contentUrl":"https:\/\/secure.gravatar.com\/avatar\/f3b7ad3af540688955925ac610647be00b0cf41feea9c4978b73a707ee86bc53?s=96&d=mm&r=g","caption":"El Informativo Tam"}}]}},"_links":{"self":[{"href":"https:\/\/elinformativotam.com\/index.php\/wp-json\/wp\/v2\/posts\/50086","targetHints":{"allow":["GET"]}}],"collection":[{"href":"https:\/\/elinformativotam.com\/index.php\/wp-json\/wp\/v2\/posts"}],"about":[{"href":"https:\/\/elinformativotam.com\/index.php\/wp-json\/wp\/v2\/types\/post"}],"author":[{"embeddable":true,"href":"https:\/\/elinformativotam.com\/index.php\/wp-json\/wp\/v2\/users\/1"}],"replies":[{"embeddable":true,"href":"https:\/\/elinformativotam.com\/index.php\/wp-json\/wp\/v2\/comments?post=50086"}],"version-history":[{"count":1,"href":"https:\/\/elinformativotam.com\/index.php\/wp-json\/wp\/v2\/posts\/50086\/revisions"}],"predecessor-version":[{"id":50088,"href":"https:\/\/elinformativotam.com\/index.php\/wp-json\/wp\/v2\/posts\/50086\/revisions\/50088"}],"wp:featuredmedia":[{"embeddable":true,"href":"https:\/\/elinformativotam.com\/index.php\/wp-json\/wp\/v2\/media\/50087"}],"wp:attachment":[{"href":"https:\/\/elinformativotam.com\/index.php\/wp-json\/wp\/v2\/media?parent=50086"}],"wp:term":[{"taxonomy":"category","embeddable":true,"href":"https:\/\/elinformativotam.com\/index.php\/wp-json\/wp\/v2\/categories?post=50086"},{"taxonomy":"post_tag","embeddable":true,"href":"https:\/\/elinformativotam.com\/index.php\/wp-json\/wp\/v2\/tags?post=50086"}],"curies":[{"name":"wp","href":"https:\/\/api.w.org\/{rel}","templated":true}]}}