{"id":50083,"date":"2024-04-05T22:04:01","date_gmt":"2024-04-06T04:04:01","guid":{"rendered":"https:\/\/elinformativotam.com\/?p=50083"},"modified":"2024-04-05T22:04:01","modified_gmt":"2024-04-06T04:04:01","slug":"avala-congreso-de-la-union-iniciativa-de-rosa-gonzalez-en-favor-de-menores-y-adolescentes","status":"publish","type":"post","link":"https:\/\/elinformativotam.com\/index.php\/2024\/04\/05\/avala-congreso-de-la-union-iniciativa-de-rosa-gonzalez-en-favor-de-menores-y-adolescentes\/","title":{"rendered":"AVALA CONGRESO DE LA UNI\u00d3N INICIATIVA DE ROSA GONZ\u00c1LEZ EN FAVOR DE MENORES Y ADOLESCENTES"},"content":{"rendered":"<h2 style=\"text-align: center;\"><em><span style=\"font-family: 'times new roman', times;\">*Dicho Sector Poblacional Tendr\u00e1 Apoyo M\u00e9dico Psicol\u00f3gico Enfocado A La Prevenci\u00f3n De Suicidios, En Centros De Asistencia Social, Escuelas As\u00ed Como Dependencias De Los Tres \u00d3rdenes.<\/span><\/em><\/h2>\n<p>&nbsp;<\/p>\n<p>&nbsp;<\/p>\n<p>Con la premisa de que la familia es la piedra angular de la sociedad donde los menores y adolescentes deben tener beneficios tangibles de los tres \u00f3rdenes de gobierno, Rosa Gonz\u00e1lez Azc\u00e1rraga, afirm\u00f3 qu\u00e9 la adecuada salud mental de \u00e9ste sector poblacional es fundamental para su adecuado desarrollo en el entorno social, empero m\u00e1s a\u00fan para prevenir cualquier situaci\u00f3n que pueda da\u00f1ar su integridad f\u00edsica.<\/p>\n<p>&nbsp;<\/p>\n<p>Es por ello que la legisladora federal del PAN con licencia, celebr\u00f3 que en la reciente sesi\u00f3n del congreso se haya aprobado la iniciativa presentada para ayudar a qu\u00e9 las ni\u00f1as, ni\u00f1os y adolescentes tengan atenci\u00f3n psicol\u00f3gica, y se procure la salud mental en los servicios de salud de las entidades federativas y municipales.<\/p>\n<p>&nbsp;<\/p>\n<p>Se\u00f1al\u00f3 que el dictamen avalado y que reforma la Ley General de los Derechos de Ni\u00f1as, Ni\u00f1os y Adolescentes, se incluye dicha iniciativa que en t\u00e9rminos generales pretende que ese sector poblacional tenga la atenci\u00f3n m\u00e9dica en el rengl\u00f3n de salud mental, sobre todo cuando existan indicios claros de un posible suicidio.<\/p>\n<p>&nbsp;<\/p>\n<p>Rosa Gonz\u00e1lez, afirm\u00f3 qu\u00e9 el esp\u00edritu de la iniciativa est\u00e1 encaminada a que el futuro de M\u00e9xico tenga un mejor desarrollo y bienestar socio-emocional, pues un aspecto importante es que esa atenci\u00f3n psicol\u00f3gica llegue a todos los centros de asistencia social y planteles educativos del pa\u00eds con personal especializado.<\/p>\n<p>&nbsp;<\/p>\n<p>Afirm\u00f3 qu\u00e9 el eje central de su trabajo legislativo llevado a cabo en la mayor parte de su gesti\u00f3n como diputada federal, fue ponderar siempre la atenci\u00f3n hacia la familia, como ente importante y el centro de todas las pol\u00edticas p\u00fablicas en el Gobierno Federal, Estatal y Municipal.<\/p>\n<p>&nbsp;<\/p>\n<p>&#8220;Los menores y adolescentes son una parte importante de nuestras familias en todos los \u00e1mbitos, y yo siempre he dicho que s\u00ed la familia est\u00e1 bien, todo lo dem\u00e1s estar\u00e1 mejor&#8221;, resalt\u00f3<\/p>\n<p>&nbsp;<\/p>\n<p>La iniciativa presentada por Rosa Gonz\u00e1lez en el pleno legislativo, el pasado 13 de Diciembre del 2023, fue aprobada con 426 votos a favor, sin\u00a0 votos en contra, ni abstenciones, para inmediatamente pasar al Senado para los efectos del art\u00edculo 72 Constitucional.<\/p>\n<p>&nbsp;<\/p>\n","protected":false},"excerpt":{"rendered":"<p>*Dicho Sector Poblacional Tendr\u00e1 Apoyo M\u00e9dico Psicol\u00f3gico Enfocado A La Prevenci\u00f3n De Suicidios, En Centros De Asistencia Social, Escuelas As\u00ed&hellip;<\/p>\n","protected":false},"author":1,"featured_media":50084,"comment_status":"open","ping_status":"open","sticky":false,"template":"","format":"standard","meta":{"footnotes":""},"categories":[3],"tags":[],"class_list":["post-50083","post","type-post","status-publish","format-standard","has-post-thumbnail","hentry","category-tampico"],"yoast_head":"<!-- This site is optimized with the Yoast SEO plugin v27.5 - https:\/\/yoast.com\/product\/yoast-seo-wordpress\/ -->\n<title>AVALA CONGRESO DE LA UNI\u00d3N INICIATIVA DE ROSA GONZ\u00c1LEZ EN FAVOR DE MENORES Y ADOLESCENTES - EL INFORMATIVO DE TAMAULIPAS<\/title>\n<meta name=\"description\" content=\"*Dicho Sector Poblacional Tendr\u00e1 Apoyo M\u00e9dico Psicol\u00f3gico Enfocado A La Prevenci\u00f3n De Suicidios, En Centros De Asistencia Social, Escuelas As\u00ed Como\" \/>\n<meta name=\"robots\" content=\"index, follow, max-snippet:-1, max-image-preview:large, max-video-preview:-1\" \/>\n<link rel=\"canonical\" href=\"https:\/\/elinformativotam.com\/index.php\/2024\/04\/05\/avala-congreso-de-la-union-iniciativa-de-rosa-gonzalez-en-favor-de-menores-y-adolescentes\/\" \/>\n<meta property=\"og:locale\" content=\"es_MX\" \/>\n<meta property=\"og:type\" content=\"article\" \/>\n<meta property=\"og:title\" content=\"AVALA CONGRESO DE LA UNI\u00d3N INICIATIVA DE ROSA GONZ\u00c1LEZ EN FAVOR DE MENORES Y ADOLESCENTES - EL INFORMATIVO DE TAMAULIPAS\" \/>\n<meta property=\"og:description\" content=\"*Dicho Sector Poblacional Tendr\u00e1 Apoyo M\u00e9dico Psicol\u00f3gico Enfocado A La Prevenci\u00f3n De Suicidios, En Centros De Asistencia Social, Escuelas As\u00ed Como\" \/>\n<meta property=\"og:url\" content=\"https:\/\/elinformativotam.com\/index.php\/2024\/04\/05\/avala-congreso-de-la-union-iniciativa-de-rosa-gonzalez-en-favor-de-menores-y-adolescentes\/\" \/>\n<meta property=\"og:site_name\" content=\"EL INFORMATIVO DE TAMAULIPAS\" \/>\n<meta property=\"article:published_time\" content=\"2024-04-06T04:04:01+00:00\" \/>\n<meta property=\"og:image\" content=\"https:\/\/elinformativotam.com\/wp-content\/uploads\/2024\/04\/rosa.jpeg\" \/>\n\t<meta property=\"og:image:width\" content=\"1200\" \/>\n\t<meta property=\"og:image:height\" content=\"1600\" \/>\n\t<meta property=\"og:image:type\" content=\"image\/jpeg\" \/>\n<meta name=\"author\" content=\"El Informativo Tam\" \/>\n<meta name=\"twitter:card\" content=\"summary_large_image\" \/>\n<meta name=\"twitter:label1\" content=\"Escrito por\" \/>\n\t<meta name=\"twitter:data1\" content=\"El Informativo Tam\" \/>\n\t<meta name=\"twitter:label2\" content=\"Tiempo de lectura\" \/>\n\t<meta name=\"twitter:data2\" content=\"2 minutos\" \/>\n<script type=\"application\/ld+json\" class=\"yoast-schema-graph\">{\"@context\":\"https:\\\/\\\/schema.org\",\"@graph\":[{\"@type\":\"Article\",\"@id\":\"https:\\\/\\\/elinformativotam.com\\\/index.php\\\/2024\\\/04\\\/05\\\/avala-congreso-de-la-union-iniciativa-de-rosa-gonzalez-en-favor-de-menores-y-adolescentes\\\/#article\",\"isPartOf\":{\"@id\":\"https:\\\/\\\/elinformativotam.com\\\/index.php\\\/2024\\\/04\\\/05\\\/avala-congreso-de-la-union-iniciativa-de-rosa-gonzalez-en-favor-de-menores-y-adolescentes\\\/\"},\"author\":{\"name\":\"El Informativo Tam\",\"@id\":\"https:\\\/\\\/elinformativotam.com\\\/#\\\/schema\\\/person\\\/78e08040eed0f6110f0c5f83b6153590\"},\"headline\":\"AVALA CONGRESO DE LA UNI\u00d3N INICIATIVA DE ROSA GONZ\u00c1LEZ EN FAVOR DE MENORES Y ADOLESCENTES\",\"datePublished\":\"2024-04-06T04:04:01+00:00\",\"mainEntityOfPage\":{\"@id\":\"https:\\\/\\\/elinformativotam.com\\\/index.php\\\/2024\\\/04\\\/05\\\/avala-congreso-de-la-union-iniciativa-de-rosa-gonzalez-en-favor-de-menores-y-adolescentes\\\/\"},\"wordCount\":425,\"commentCount\":0,\"publisher\":{\"@id\":\"https:\\\/\\\/elinformativotam.com\\\/#organization\"},\"image\":{\"@id\":\"https:\\\/\\\/elinformativotam.com\\\/index.php\\\/2024\\\/04\\\/05\\\/avala-congreso-de-la-union-iniciativa-de-rosa-gonzalez-en-favor-de-menores-y-adolescentes\\\/#primaryimage\"},\"thumbnailUrl\":\"https:\\\/\\\/elinformativotam.com\\\/wp-content\\\/uploads\\\/2024\\\/04\\\/rosa.jpeg\",\"articleSection\":[\"Tampico\"],\"inLanguage\":\"es\",\"potentialAction\":[{\"@type\":\"CommentAction\",\"name\":\"Comment\",\"target\":[\"https:\\\/\\\/elinformativotam.com\\\/index.php\\\/2024\\\/04\\\/05\\\/avala-congreso-de-la-union-iniciativa-de-rosa-gonzalez-en-favor-de-menores-y-adolescentes\\\/#respond\"]}]},{\"@type\":\"WebPage\",\"@id\":\"https:\\\/\\\/elinformativotam.com\\\/index.php\\\/2024\\\/04\\\/05\\\/avala-congreso-de-la-union-iniciativa-de-rosa-gonzalez-en-favor-de-menores-y-adolescentes\\\/\",\"url\":\"https:\\\/\\\/elinformativotam.com\\\/index.php\\\/2024\\\/04\\\/05\\\/avala-congreso-de-la-union-iniciativa-de-rosa-gonzalez-en-favor-de-menores-y-adolescentes\\\/\",\"name\":\"AVALA CONGRESO DE LA UNI\u00d3N INICIATIVA DE ROSA GONZ\u00c1LEZ EN FAVOR DE MENORES Y ADOLESCENTES - EL INFORMATIVO DE TAMAULIPAS\",\"isPartOf\":{\"@id\":\"https:\\\/\\\/elinformativotam.com\\\/#website\"},\"primaryImageOfPage\":{\"@id\":\"https:\\\/\\\/elinformativotam.com\\\/index.php\\\/2024\\\/04\\\/05\\\/avala-congreso-de-la-union-iniciativa-de-rosa-gonzalez-en-favor-de-menores-y-adolescentes\\\/#primaryimage\"},\"image\":{\"@id\":\"https:\\\/\\\/elinformativotam.com\\\/index.php\\\/2024\\\/04\\\/05\\\/avala-congreso-de-la-union-iniciativa-de-rosa-gonzalez-en-favor-de-menores-y-adolescentes\\\/#primaryimage\"},\"thumbnailUrl\":\"https:\\\/\\\/elinformativotam.com\\\/wp-content\\\/uploads\\\/2024\\\/04\\\/rosa.jpeg\",\"datePublished\":\"2024-04-06T04:04:01+00:00\",\"description\":\"*Dicho Sector Poblacional Tendr\u00e1 Apoyo M\u00e9dico Psicol\u00f3gico Enfocado A La Prevenci\u00f3n De Suicidios, En Centros De Asistencia Social, Escuelas As\u00ed Como\",\"inLanguage\":\"es\",\"potentialAction\":[{\"@type\":\"ReadAction\",\"target\":[\"https:\\\/\\\/elinformativotam.com\\\/index.php\\\/2024\\\/04\\\/05\\\/avala-congreso-de-la-union-iniciativa-de-rosa-gonzalez-en-favor-de-menores-y-adolescentes\\\/\"]}]},{\"@type\":\"ImageObject\",\"inLanguage\":\"es\",\"@id\":\"https:\\\/\\\/elinformativotam.com\\\/index.php\\\/2024\\\/04\\\/05\\\/avala-congreso-de-la-union-iniciativa-de-rosa-gonzalez-en-favor-de-menores-y-adolescentes\\\/#primaryimage\",\"url\":\"https:\\\/\\\/elinformativotam.com\\\/wp-content\\\/uploads\\\/2024\\\/04\\\/rosa.jpeg\",\"contentUrl\":\"https:\\\/\\\/elinformativotam.com\\\/wp-content\\\/uploads\\\/2024\\\/04\\\/rosa.jpeg\",\"width\":1200,\"height\":1600},{\"@type\":\"WebSite\",\"@id\":\"https:\\\/\\\/elinformativotam.com\\\/#website\",\"url\":\"https:\\\/\\\/elinformativotam.com\\\/\",\"name\":\"EL INFORMATIVO DE TAMAULIPAS\",\"description\":\"Desde la Zona Metropolitana Para Todo M\u00e9xico\",\"publisher\":{\"@id\":\"https:\\\/\\\/elinformativotam.com\\\/#organization\"},\"potentialAction\":[{\"@type\":\"SearchAction\",\"target\":{\"@type\":\"EntryPoint\",\"urlTemplate\":\"https:\\\/\\\/elinformativotam.com\\\/?s={search_term_string}\"},\"query-input\":{\"@type\":\"PropertyValueSpecification\",\"valueRequired\":true,\"valueName\":\"search_term_string\"}}],\"inLanguage\":\"es\"},{\"@type\":\"Organization\",\"@id\":\"https:\\\/\\\/elinformativotam.com\\\/#organization\",\"name\":\"EL INFORMATIVO DE TAMAULIPAS\",\"url\":\"https:\\\/\\\/elinformativotam.com\\\/\",\"logo\":{\"@type\":\"ImageObject\",\"inLanguage\":\"es\",\"@id\":\"https:\\\/\\\/elinformativotam.com\\\/#\\\/schema\\\/logo\\\/image\\\/\",\"url\":\"https:\\\/\\\/elinformativotam.com\\\/wp-content\\\/uploads\\\/2026\\\/02\\\/Cabezal.png\",\"contentUrl\":\"https:\\\/\\\/elinformativotam.com\\\/wp-content\\\/uploads\\\/2026\\\/02\\\/Cabezal.png\",\"width\":960,\"height\":640,\"caption\":\"EL INFORMATIVO DE TAMAULIPAS\"},\"image\":{\"@id\":\"https:\\\/\\\/elinformativotam.com\\\/#\\\/schema\\\/logo\\\/image\\\/\"}},{\"@type\":\"Person\",\"@id\":\"https:\\\/\\\/elinformativotam.com\\\/#\\\/schema\\\/person\\\/78e08040eed0f6110f0c5f83b6153590\",\"name\":\"El Informativo Tam\",\"image\":{\"@type\":\"ImageObject\",\"inLanguage\":\"es\",\"@id\":\"https:\\\/\\\/secure.gravatar.com\\\/avatar\\\/f3b7ad3af540688955925ac610647be00b0cf41feea9c4978b73a707ee86bc53?s=96&d=mm&r=g\",\"url\":\"https:\\\/\\\/secure.gravatar.com\\\/avatar\\\/f3b7ad3af540688955925ac610647be00b0cf41feea9c4978b73a707ee86bc53?s=96&d=mm&r=g\",\"contentUrl\":\"https:\\\/\\\/secure.gravatar.com\\\/avatar\\\/f3b7ad3af540688955925ac610647be00b0cf41feea9c4978b73a707ee86bc53?s=96&d=mm&r=g\",\"caption\":\"El Informativo Tam\"}}]}<\/script>\n<!-- \/ Yoast SEO plugin. -->","yoast_head_json":{"title":"AVALA CONGRESO DE LA UNI\u00d3N INICIATIVA DE ROSA GONZ\u00c1LEZ EN FAVOR DE MENORES Y ADOLESCENTES - EL INFORMATIVO DE TAMAULIPAS","description":"*Dicho Sector Poblacional Tendr\u00e1 Apoyo M\u00e9dico Psicol\u00f3gico Enfocado A La Prevenci\u00f3n De Suicidios, En Centros De Asistencia Social, Escuelas As\u00ed Como","robots":{"index":"index","follow":"follow","max-snippet":"max-snippet:-1","max-image-preview":"max-image-preview:large","max-video-preview":"max-video-preview:-1"},"canonical":"https:\/\/elinformativotam.com\/index.php\/2024\/04\/05\/avala-congreso-de-la-union-iniciativa-de-rosa-gonzalez-en-favor-de-menores-y-adolescentes\/","og_locale":"es_MX","og_type":"article","og_title":"AVALA CONGRESO DE LA UNI\u00d3N INICIATIVA DE ROSA GONZ\u00c1LEZ EN FAVOR DE MENORES Y ADOLESCENTES - EL INFORMATIVO DE TAMAULIPAS","og_description":"*Dicho Sector Poblacional Tendr\u00e1 Apoyo M\u00e9dico Psicol\u00f3gico Enfocado A La Prevenci\u00f3n De Suicidios, En Centros De Asistencia Social, Escuelas As\u00ed Como","og_url":"https:\/\/elinformativotam.com\/index.php\/2024\/04\/05\/avala-congreso-de-la-union-iniciativa-de-rosa-gonzalez-en-favor-de-menores-y-adolescentes\/","og_site_name":"EL INFORMATIVO DE TAMAULIPAS","article_published_time":"2024-04-06T04:04:01+00:00","og_image":[{"width":1200,"height":1600,"url":"https:\/\/elinformativotam.com\/wp-content\/uploads\/2024\/04\/rosa.jpeg","type":"image\/jpeg"}],"author":"El Informativo Tam","twitter_card":"summary_large_image","twitter_misc":{"Escrito por":"El Informativo Tam","Tiempo de lectura":"2 minutos"},"schema":{"@context":"https:\/\/schema.org","@graph":[{"@type":"Article","@id":"https:\/\/elinformativotam.com\/index.php\/2024\/04\/05\/avala-congreso-de-la-union-iniciativa-de-rosa-gonzalez-en-favor-de-menores-y-adolescentes\/#article","isPartOf":{"@id":"https:\/\/elinformativotam.com\/index.php\/2024\/04\/05\/avala-congreso-de-la-union-iniciativa-de-rosa-gonzalez-en-favor-de-menores-y-adolescentes\/"},"author":{"name":"El Informativo Tam","@id":"https:\/\/elinformativotam.com\/#\/schema\/person\/78e08040eed0f6110f0c5f83b6153590"},"headline":"AVALA CONGRESO DE LA UNI\u00d3N INICIATIVA DE ROSA GONZ\u00c1LEZ EN FAVOR DE MENORES Y ADOLESCENTES","datePublished":"2024-04-06T04:04:01+00:00","mainEntityOfPage":{"@id":"https:\/\/elinformativotam.com\/index.php\/2024\/04\/05\/avala-congreso-de-la-union-iniciativa-de-rosa-gonzalez-en-favor-de-menores-y-adolescentes\/"},"wordCount":425,"commentCount":0,"publisher":{"@id":"https:\/\/elinformativotam.com\/#organization"},"image":{"@id":"https:\/\/elinformativotam.com\/index.php\/2024\/04\/05\/avala-congreso-de-la-union-iniciativa-de-rosa-gonzalez-en-favor-de-menores-y-adolescentes\/#primaryimage"},"thumbnailUrl":"https:\/\/elinformativotam.com\/wp-content\/uploads\/2024\/04\/rosa.jpeg","articleSection":["Tampico"],"inLanguage":"es","potentialAction":[{"@type":"CommentAction","name":"Comment","target":["https:\/\/elinformativotam.com\/index.php\/2024\/04\/05\/avala-congreso-de-la-union-iniciativa-de-rosa-gonzalez-en-favor-de-menores-y-adolescentes\/#respond"]}]},{"@type":"WebPage","@id":"https:\/\/elinformativotam.com\/index.php\/2024\/04\/05\/avala-congreso-de-la-union-iniciativa-de-rosa-gonzalez-en-favor-de-menores-y-adolescentes\/","url":"https:\/\/elinformativotam.com\/index.php\/2024\/04\/05\/avala-congreso-de-la-union-iniciativa-de-rosa-gonzalez-en-favor-de-menores-y-adolescentes\/","name":"AVALA CONGRESO DE LA UNI\u00d3N INICIATIVA DE ROSA GONZ\u00c1LEZ EN FAVOR DE MENORES Y ADOLESCENTES - EL INFORMATIVO DE TAMAULIPAS","isPartOf":{"@id":"https:\/\/elinformativotam.com\/#website"},"primaryImageOfPage":{"@id":"https:\/\/elinformativotam.com\/index.php\/2024\/04\/05\/avala-congreso-de-la-union-iniciativa-de-rosa-gonzalez-en-favor-de-menores-y-adolescentes\/#primaryimage"},"image":{"@id":"https:\/\/elinformativotam.com\/index.php\/2024\/04\/05\/avala-congreso-de-la-union-iniciativa-de-rosa-gonzalez-en-favor-de-menores-y-adolescentes\/#primaryimage"},"thumbnailUrl":"https:\/\/elinformativotam.com\/wp-content\/uploads\/2024\/04\/rosa.jpeg","datePublished":"2024-04-06T04:04:01+00:00","description":"*Dicho Sector Poblacional Tendr\u00e1 Apoyo M\u00e9dico Psicol\u00f3gico Enfocado A La Prevenci\u00f3n De Suicidios, En Centros De Asistencia Social, Escuelas As\u00ed Como","inLanguage":"es","potentialAction":[{"@type":"ReadAction","target":["https:\/\/elinformativotam.com\/index.php\/2024\/04\/05\/avala-congreso-de-la-union-iniciativa-de-rosa-gonzalez-en-favor-de-menores-y-adolescentes\/"]}]},{"@type":"ImageObject","inLanguage":"es","@id":"https:\/\/elinformativotam.com\/index.php\/2024\/04\/05\/avala-congreso-de-la-union-iniciativa-de-rosa-gonzalez-en-favor-de-menores-y-adolescentes\/#primaryimage","url":"https:\/\/elinformativotam.com\/wp-content\/uploads\/2024\/04\/rosa.jpeg","contentUrl":"https:\/\/elinformativotam.com\/wp-content\/uploads\/2024\/04\/rosa.jpeg","width":1200,"height":1600},{"@type":"WebSite","@id":"https:\/\/elinformativotam.com\/#website","url":"https:\/\/elinformativotam.com\/","name":"EL INFORMATIVO DE TAMAULIPAS","description":"Desde la Zona Metropolitana Para Todo M\u00e9xico","publisher":{"@id":"https:\/\/elinformativotam.com\/#organization"},"potentialAction":[{"@type":"SearchAction","target":{"@type":"EntryPoint","urlTemplate":"https:\/\/elinformativotam.com\/?s={search_term_string}"},"query-input":{"@type":"PropertyValueSpecification","valueRequired":true,"valueName":"search_term_string"}}],"inLanguage":"es"},{"@type":"Organization","@id":"https:\/\/elinformativotam.com\/#organization","name":"EL INFORMATIVO DE TAMAULIPAS","url":"https:\/\/elinformativotam.com\/","logo":{"@type":"ImageObject","inLanguage":"es","@id":"https:\/\/elinformativotam.com\/#\/schema\/logo\/image\/","url":"https:\/\/elinformativotam.com\/wp-content\/uploads\/2026\/02\/Cabezal.png","contentUrl":"https:\/\/elinformativotam.com\/wp-content\/uploads\/2026\/02\/Cabezal.png","width":960,"height":640,"caption":"EL INFORMATIVO DE TAMAULIPAS"},"image":{"@id":"https:\/\/elinformativotam.com\/#\/schema\/logo\/image\/"}},{"@type":"Person","@id":"https:\/\/elinformativotam.com\/#\/schema\/person\/78e08040eed0f6110f0c5f83b6153590","name":"El Informativo Tam","image":{"@type":"ImageObject","inLanguage":"es","@id":"https:\/\/secure.gravatar.com\/avatar\/f3b7ad3af540688955925ac610647be00b0cf41feea9c4978b73a707ee86bc53?s=96&d=mm&r=g","url":"https:\/\/secure.gravatar.com\/avatar\/f3b7ad3af540688955925ac610647be00b0cf41feea9c4978b73a707ee86bc53?s=96&d=mm&r=g","contentUrl":"https:\/\/secure.gravatar.com\/avatar\/f3b7ad3af540688955925ac610647be00b0cf41feea9c4978b73a707ee86bc53?s=96&d=mm&r=g","caption":"El Informativo Tam"}}]}},"_links":{"self":[{"href":"https:\/\/elinformativotam.com\/index.php\/wp-json\/wp\/v2\/posts\/50083","targetHints":{"allow":["GET"]}}],"collection":[{"href":"https:\/\/elinformativotam.com\/index.php\/wp-json\/wp\/v2\/posts"}],"about":[{"href":"https:\/\/elinformativotam.com\/index.php\/wp-json\/wp\/v2\/types\/post"}],"author":[{"embeddable":true,"href":"https:\/\/elinformativotam.com\/index.php\/wp-json\/wp\/v2\/users\/1"}],"replies":[{"embeddable":true,"href":"https:\/\/elinformativotam.com\/index.php\/wp-json\/wp\/v2\/comments?post=50083"}],"version-history":[{"count":1,"href":"https:\/\/elinformativotam.com\/index.php\/wp-json\/wp\/v2\/posts\/50083\/revisions"}],"predecessor-version":[{"id":50085,"href":"https:\/\/elinformativotam.com\/index.php\/wp-json\/wp\/v2\/posts\/50083\/revisions\/50085"}],"wp:featuredmedia":[{"embeddable":true,"href":"https:\/\/elinformativotam.com\/index.php\/wp-json\/wp\/v2\/media\/50084"}],"wp:attachment":[{"href":"https:\/\/elinformativotam.com\/index.php\/wp-json\/wp\/v2\/media?parent=50083"}],"wp:term":[{"taxonomy":"category","embeddable":true,"href":"https:\/\/elinformativotam.com\/index.php\/wp-json\/wp\/v2\/categories?post=50083"},{"taxonomy":"post_tag","embeddable":true,"href":"https:\/\/elinformativotam.com\/index.php\/wp-json\/wp\/v2\/tags?post=50083"}],"curies":[{"name":"wp","href":"https:\/\/api.w.org\/{rel}","templated":true}]}}