{"id":5005,"date":"2020-04-17T21:42:57","date_gmt":"2020-04-18T03:42:57","guid":{"rendered":"http:\/\/elinformativotam.com\/?p=5005"},"modified":"2020-04-17T21:42:57","modified_gmt":"2020-04-18T03:42:57","slug":"union-de-voceadores-solicitaran-apoyo-del-gobierno-municiapal","status":"publish","type":"post","link":"https:\/\/elinformativotam.com\/index.php\/2020\/04\/17\/union-de-voceadores-solicitaran-apoyo-del-gobierno-municiapal\/","title":{"rendered":"UNION DE VOCEADORES SOLICITARAN APOYO DEL GOBIERNO MUNICIAPAL"},"content":{"rendered":"<p>Un total de 120 estanquillos en la Zona Sur se han visto afectados de manera muy cr\u00edtica ante esta situaci\u00f3n del coronavirus, ya que la mayor\u00eda de los trabajadores de estos puestos, son personas que viven de ese sustento diario, que hasta el d\u00eda de hoy no tiene como solventar los gastos de sus hogares como lo son Agua luz entonces otros.<\/p>\n<p>H\u00e9ctor Molina secretario general de vendedores y expendedores de peri\u00f3dicos y revistas en la Zona sur menciono que est\u00e1n alzando la voz para que las autoridades apoyen a este sector y no pese tanto esta baja econom\u00eda.<\/p>\n<p>Menciono que tendr\u00e1n que buscar una estrategia de venta y no estar dependiendo \u00fanicamente del apoyo por parte de los gobiernos, ya que esta situaci\u00f3n cada vez se alarga m\u00e1s, y los preocupa de como poder sobrevivir a esta dura crisis<\/p>\n","protected":false},"excerpt":{"rendered":"<p>Un total de 120 estanquillos en la Zona Sur se han visto afectados de manera muy cr\u00edtica ante esta situaci\u00f3n&hellip;<\/p>\n","protected":false},"author":1,"featured_media":0,"comment_status":"open","ping_status":"open","sticky":false,"template":"","format":"standard","meta":{"footnotes":""},"categories":[3],"tags":[],"class_list":["post-5005","post","type-post","status-publish","format-standard","hentry","category-tampico"],"yoast_head":"<!-- This site is optimized with the Yoast SEO plugin v27.4 - https:\/\/yoast.com\/product\/yoast-seo-wordpress\/ -->\n<title>UNION DE VOCEADORES SOLICITARAN APOYO DEL GOBIERNO MUNICIAPAL - EL INFORMATIVO DE TAMAULIPAS<\/title>\n<meta name=\"description\" content=\"Un total de 120 estanquillos en la Zona Sur se han visto afectados de manera muy cr\u00edtica ante esta situaci\u00f3n del coronavirus, ya que la mayor\u00eda de los\" \/>\n<meta name=\"robots\" content=\"index, follow, max-snippet:-1, max-image-preview:large, max-video-preview:-1\" \/>\n<link rel=\"canonical\" href=\"https:\/\/elinformativotam.com\/index.php\/2020\/04\/17\/union-de-voceadores-solicitaran-apoyo-del-gobierno-municiapal\/\" \/>\n<meta property=\"og:locale\" content=\"es_MX\" \/>\n<meta property=\"og:type\" content=\"article\" \/>\n<meta property=\"og:title\" content=\"UNION DE VOCEADORES SOLICITARAN APOYO DEL GOBIERNO MUNICIAPAL - EL INFORMATIVO DE TAMAULIPAS\" \/>\n<meta property=\"og:description\" content=\"Un total de 120 estanquillos en la Zona Sur se han visto afectados de manera muy cr\u00edtica ante esta situaci\u00f3n del coronavirus, ya que la mayor\u00eda de los\" \/>\n<meta property=\"og:url\" content=\"https:\/\/elinformativotam.com\/index.php\/2020\/04\/17\/union-de-voceadores-solicitaran-apoyo-del-gobierno-municiapal\/\" \/>\n<meta property=\"og:site_name\" content=\"EL INFORMATIVO DE TAMAULIPAS\" \/>\n<meta property=\"article:published_time\" content=\"2020-04-18T03:42:57+00:00\" \/>\n<meta name=\"author\" content=\"El Informativo Tam\" \/>\n<meta name=\"twitter:card\" content=\"summary_large_image\" \/>\n<meta name=\"twitter:label1\" content=\"Escrito por\" \/>\n\t<meta name=\"twitter:data1\" content=\"El Informativo Tam\" \/>\n\t<meta name=\"twitter:label2\" content=\"Tiempo de lectura\" \/>\n\t<meta name=\"twitter:data2\" content=\"1 minuto\" \/>\n<script type=\"application\/ld+json\" class=\"yoast-schema-graph\">{\"@context\":\"https:\\\/\\\/schema.org\",\"@graph\":[{\"@type\":\"Article\",\"@id\":\"https:\\\/\\\/elinformativotam.com\\\/index.php\\\/2020\\\/04\\\/17\\\/union-de-voceadores-solicitaran-apoyo-del-gobierno-municiapal\\\/#article\",\"isPartOf\":{\"@id\":\"https:\\\/\\\/elinformativotam.com\\\/index.php\\\/2020\\\/04\\\/17\\\/union-de-voceadores-solicitaran-apoyo-del-gobierno-municiapal\\\/\"},\"author\":{\"name\":\"El Informativo Tam\",\"@id\":\"https:\\\/\\\/elinformativotam.com\\\/#\\\/schema\\\/person\\\/78e08040eed0f6110f0c5f83b6153590\"},\"headline\":\"UNION DE VOCEADORES SOLICITARAN APOYO DEL GOBIERNO MUNICIAPAL\",\"datePublished\":\"2020-04-18T03:42:57+00:00\",\"mainEntityOfPage\":{\"@id\":\"https:\\\/\\\/elinformativotam.com\\\/index.php\\\/2020\\\/04\\\/17\\\/union-de-voceadores-solicitaran-apoyo-del-gobierno-municiapal\\\/\"},\"wordCount\":158,\"commentCount\":0,\"publisher\":{\"@id\":\"https:\\\/\\\/elinformativotam.com\\\/#organization\"},\"articleSection\":[\"Tampico\"],\"inLanguage\":\"es\",\"potentialAction\":[{\"@type\":\"CommentAction\",\"name\":\"Comment\",\"target\":[\"https:\\\/\\\/elinformativotam.com\\\/index.php\\\/2020\\\/04\\\/17\\\/union-de-voceadores-solicitaran-apoyo-del-gobierno-municiapal\\\/#respond\"]}]},{\"@type\":\"WebPage\",\"@id\":\"https:\\\/\\\/elinformativotam.com\\\/index.php\\\/2020\\\/04\\\/17\\\/union-de-voceadores-solicitaran-apoyo-del-gobierno-municiapal\\\/\",\"url\":\"https:\\\/\\\/elinformativotam.com\\\/index.php\\\/2020\\\/04\\\/17\\\/union-de-voceadores-solicitaran-apoyo-del-gobierno-municiapal\\\/\",\"name\":\"UNION DE VOCEADORES SOLICITARAN APOYO DEL GOBIERNO MUNICIAPAL - EL INFORMATIVO DE TAMAULIPAS\",\"isPartOf\":{\"@id\":\"https:\\\/\\\/elinformativotam.com\\\/#website\"},\"datePublished\":\"2020-04-18T03:42:57+00:00\",\"description\":\"Un total de 120 estanquillos en la Zona Sur se han visto afectados de manera muy cr\u00edtica ante esta situaci\u00f3n del coronavirus, ya que la mayor\u00eda de los\",\"inLanguage\":\"es\",\"potentialAction\":[{\"@type\":\"ReadAction\",\"target\":[\"https:\\\/\\\/elinformativotam.com\\\/index.php\\\/2020\\\/04\\\/17\\\/union-de-voceadores-solicitaran-apoyo-del-gobierno-municiapal\\\/\"]}]},{\"@type\":\"WebSite\",\"@id\":\"https:\\\/\\\/elinformativotam.com\\\/#website\",\"url\":\"https:\\\/\\\/elinformativotam.com\\\/\",\"name\":\"EL INFORMATIVO DE TAMAULIPAS\",\"description\":\"Desde la Zona Metropolitana Para Todo M\u00e9xico\",\"publisher\":{\"@id\":\"https:\\\/\\\/elinformativotam.com\\\/#organization\"},\"potentialAction\":[{\"@type\":\"SearchAction\",\"target\":{\"@type\":\"EntryPoint\",\"urlTemplate\":\"https:\\\/\\\/elinformativotam.com\\\/?s={search_term_string}\"},\"query-input\":{\"@type\":\"PropertyValueSpecification\",\"valueRequired\":true,\"valueName\":\"search_term_string\"}}],\"inLanguage\":\"es\"},{\"@type\":\"Organization\",\"@id\":\"https:\\\/\\\/elinformativotam.com\\\/#organization\",\"name\":\"EL INFORMATIVO DE TAMAULIPAS\",\"url\":\"https:\\\/\\\/elinformativotam.com\\\/\",\"logo\":{\"@type\":\"ImageObject\",\"inLanguage\":\"es\",\"@id\":\"https:\\\/\\\/elinformativotam.com\\\/#\\\/schema\\\/logo\\\/image\\\/\",\"url\":\"https:\\\/\\\/elinformativotam.com\\\/wp-content\\\/uploads\\\/2026\\\/02\\\/Cabezal.png\",\"contentUrl\":\"https:\\\/\\\/elinformativotam.com\\\/wp-content\\\/uploads\\\/2026\\\/02\\\/Cabezal.png\",\"width\":960,\"height\":640,\"caption\":\"EL INFORMATIVO DE TAMAULIPAS\"},\"image\":{\"@id\":\"https:\\\/\\\/elinformativotam.com\\\/#\\\/schema\\\/logo\\\/image\\\/\"}},{\"@type\":\"Person\",\"@id\":\"https:\\\/\\\/elinformativotam.com\\\/#\\\/schema\\\/person\\\/78e08040eed0f6110f0c5f83b6153590\",\"name\":\"El Informativo Tam\",\"image\":{\"@type\":\"ImageObject\",\"inLanguage\":\"es\",\"@id\":\"https:\\\/\\\/secure.gravatar.com\\\/avatar\\\/f3b7ad3af540688955925ac610647be00b0cf41feea9c4978b73a707ee86bc53?s=96&d=mm&r=g\",\"url\":\"https:\\\/\\\/secure.gravatar.com\\\/avatar\\\/f3b7ad3af540688955925ac610647be00b0cf41feea9c4978b73a707ee86bc53?s=96&d=mm&r=g\",\"contentUrl\":\"https:\\\/\\\/secure.gravatar.com\\\/avatar\\\/f3b7ad3af540688955925ac610647be00b0cf41feea9c4978b73a707ee86bc53?s=96&d=mm&r=g\",\"caption\":\"El Informativo Tam\"}}]}<\/script>\n<!-- \/ Yoast SEO plugin. -->","yoast_head_json":{"title":"UNION DE VOCEADORES SOLICITARAN APOYO DEL GOBIERNO MUNICIAPAL - EL INFORMATIVO DE TAMAULIPAS","description":"Un total de 120 estanquillos en la Zona Sur se han visto afectados de manera muy cr\u00edtica ante esta situaci\u00f3n del coronavirus, ya que la mayor\u00eda de los","robots":{"index":"index","follow":"follow","max-snippet":"max-snippet:-1","max-image-preview":"max-image-preview:large","max-video-preview":"max-video-preview:-1"},"canonical":"https:\/\/elinformativotam.com\/index.php\/2020\/04\/17\/union-de-voceadores-solicitaran-apoyo-del-gobierno-municiapal\/","og_locale":"es_MX","og_type":"article","og_title":"UNION DE VOCEADORES SOLICITARAN APOYO DEL GOBIERNO MUNICIAPAL - EL INFORMATIVO DE TAMAULIPAS","og_description":"Un total de 120 estanquillos en la Zona Sur se han visto afectados de manera muy cr\u00edtica ante esta situaci\u00f3n del coronavirus, ya que la mayor\u00eda de los","og_url":"https:\/\/elinformativotam.com\/index.php\/2020\/04\/17\/union-de-voceadores-solicitaran-apoyo-del-gobierno-municiapal\/","og_site_name":"EL INFORMATIVO DE TAMAULIPAS","article_published_time":"2020-04-18T03:42:57+00:00","author":"El Informativo Tam","twitter_card":"summary_large_image","twitter_misc":{"Escrito por":"El Informativo Tam","Tiempo de lectura":"1 minuto"},"schema":{"@context":"https:\/\/schema.org","@graph":[{"@type":"Article","@id":"https:\/\/elinformativotam.com\/index.php\/2020\/04\/17\/union-de-voceadores-solicitaran-apoyo-del-gobierno-municiapal\/#article","isPartOf":{"@id":"https:\/\/elinformativotam.com\/index.php\/2020\/04\/17\/union-de-voceadores-solicitaran-apoyo-del-gobierno-municiapal\/"},"author":{"name":"El Informativo Tam","@id":"https:\/\/elinformativotam.com\/#\/schema\/person\/78e08040eed0f6110f0c5f83b6153590"},"headline":"UNION DE VOCEADORES SOLICITARAN APOYO DEL GOBIERNO MUNICIAPAL","datePublished":"2020-04-18T03:42:57+00:00","mainEntityOfPage":{"@id":"https:\/\/elinformativotam.com\/index.php\/2020\/04\/17\/union-de-voceadores-solicitaran-apoyo-del-gobierno-municiapal\/"},"wordCount":158,"commentCount":0,"publisher":{"@id":"https:\/\/elinformativotam.com\/#organization"},"articleSection":["Tampico"],"inLanguage":"es","potentialAction":[{"@type":"CommentAction","name":"Comment","target":["https:\/\/elinformativotam.com\/index.php\/2020\/04\/17\/union-de-voceadores-solicitaran-apoyo-del-gobierno-municiapal\/#respond"]}]},{"@type":"WebPage","@id":"https:\/\/elinformativotam.com\/index.php\/2020\/04\/17\/union-de-voceadores-solicitaran-apoyo-del-gobierno-municiapal\/","url":"https:\/\/elinformativotam.com\/index.php\/2020\/04\/17\/union-de-voceadores-solicitaran-apoyo-del-gobierno-municiapal\/","name":"UNION DE VOCEADORES SOLICITARAN APOYO DEL GOBIERNO MUNICIAPAL - EL INFORMATIVO DE TAMAULIPAS","isPartOf":{"@id":"https:\/\/elinformativotam.com\/#website"},"datePublished":"2020-04-18T03:42:57+00:00","description":"Un total de 120 estanquillos en la Zona Sur se han visto afectados de manera muy cr\u00edtica ante esta situaci\u00f3n del coronavirus, ya que la mayor\u00eda de los","inLanguage":"es","potentialAction":[{"@type":"ReadAction","target":["https:\/\/elinformativotam.com\/index.php\/2020\/04\/17\/union-de-voceadores-solicitaran-apoyo-del-gobierno-municiapal\/"]}]},{"@type":"WebSite","@id":"https:\/\/elinformativotam.com\/#website","url":"https:\/\/elinformativotam.com\/","name":"EL INFORMATIVO DE TAMAULIPAS","description":"Desde la Zona Metropolitana Para Todo M\u00e9xico","publisher":{"@id":"https:\/\/elinformativotam.com\/#organization"},"potentialAction":[{"@type":"SearchAction","target":{"@type":"EntryPoint","urlTemplate":"https:\/\/elinformativotam.com\/?s={search_term_string}"},"query-input":{"@type":"PropertyValueSpecification","valueRequired":true,"valueName":"search_term_string"}}],"inLanguage":"es"},{"@type":"Organization","@id":"https:\/\/elinformativotam.com\/#organization","name":"EL INFORMATIVO DE TAMAULIPAS","url":"https:\/\/elinformativotam.com\/","logo":{"@type":"ImageObject","inLanguage":"es","@id":"https:\/\/elinformativotam.com\/#\/schema\/logo\/image\/","url":"https:\/\/elinformativotam.com\/wp-content\/uploads\/2026\/02\/Cabezal.png","contentUrl":"https:\/\/elinformativotam.com\/wp-content\/uploads\/2026\/02\/Cabezal.png","width":960,"height":640,"caption":"EL INFORMATIVO DE TAMAULIPAS"},"image":{"@id":"https:\/\/elinformativotam.com\/#\/schema\/logo\/image\/"}},{"@type":"Person","@id":"https:\/\/elinformativotam.com\/#\/schema\/person\/78e08040eed0f6110f0c5f83b6153590","name":"El Informativo Tam","image":{"@type":"ImageObject","inLanguage":"es","@id":"https:\/\/secure.gravatar.com\/avatar\/f3b7ad3af540688955925ac610647be00b0cf41feea9c4978b73a707ee86bc53?s=96&d=mm&r=g","url":"https:\/\/secure.gravatar.com\/avatar\/f3b7ad3af540688955925ac610647be00b0cf41feea9c4978b73a707ee86bc53?s=96&d=mm&r=g","contentUrl":"https:\/\/secure.gravatar.com\/avatar\/f3b7ad3af540688955925ac610647be00b0cf41feea9c4978b73a707ee86bc53?s=96&d=mm&r=g","caption":"El Informativo Tam"}}]}},"_links":{"self":[{"href":"https:\/\/elinformativotam.com\/index.php\/wp-json\/wp\/v2\/posts\/5005","targetHints":{"allow":["GET"]}}],"collection":[{"href":"https:\/\/elinformativotam.com\/index.php\/wp-json\/wp\/v2\/posts"}],"about":[{"href":"https:\/\/elinformativotam.com\/index.php\/wp-json\/wp\/v2\/types\/post"}],"author":[{"embeddable":true,"href":"https:\/\/elinformativotam.com\/index.php\/wp-json\/wp\/v2\/users\/1"}],"replies":[{"embeddable":true,"href":"https:\/\/elinformativotam.com\/index.php\/wp-json\/wp\/v2\/comments?post=5005"}],"version-history":[{"count":0,"href":"https:\/\/elinformativotam.com\/index.php\/wp-json\/wp\/v2\/posts\/5005\/revisions"}],"wp:attachment":[{"href":"https:\/\/elinformativotam.com\/index.php\/wp-json\/wp\/v2\/media?parent=5005"}],"wp:term":[{"taxonomy":"category","embeddable":true,"href":"https:\/\/elinformativotam.com\/index.php\/wp-json\/wp\/v2\/categories?post=5005"},{"taxonomy":"post_tag","embeddable":true,"href":"https:\/\/elinformativotam.com\/index.php\/wp-json\/wp\/v2\/tags?post=5005"}],"curies":[{"name":"wp","href":"https:\/\/api.w.org\/{rel}","templated":true}]}}