{"id":50006,"date":"2024-04-02T20:42:14","date_gmt":"2024-04-03T02:42:14","guid":{"rendered":"https:\/\/elinformativotam.com\/?p=50006"},"modified":"2024-04-02T20:42:14","modified_gmt":"2024-04-03T02:42:14","slug":"buscan-hoteleros-rebasar-el-70-en-ocupacion-al-termino-de-las-vacaciones","status":"publish","type":"post","link":"https:\/\/elinformativotam.com\/index.php\/2024\/04\/02\/buscan-hoteleros-rebasar-el-70-en-ocupacion-al-termino-de-las-vacaciones\/","title":{"rendered":"BUSCAN HOTELEROS REBASAR EL 70% EN OCUPACI\u00d3N AL T\u00c9RMINO DE LAS VACACIONES"},"content":{"rendered":"<h2 style=\"text-align: center;\"><em><span style=\"font-family: 'times new roman', times;\">*Las Condiciones Han Sido Id\u00f3neas Para El Sector Productivo Desde El A\u00f1o Pasado<\/span><\/em><\/h2>\n<p>&nbsp;<\/p>\n<p>La Asociaci\u00f3n de Hoteles del Sur de Tamaulipas espera cerrar oficialmente la temporada vacacional de semana santa con una ocupaci\u00f3n superior al 70%, tal c\u00f3mo lo registraron en el llamado &#8220;Puente Largo&#8221; reciente-pasado.<\/p>\n<p>&nbsp;<\/p>\n<p>As\u00ed lo destac\u00f3, el Presidente de la Asociaci\u00f3n de Hoteleros, Alberto Ortega Ortega, qui\u00e9n se\u00f1al\u00f3 que los n\u00fameros han sido muy positivos desde el a\u00f1o pasado.<\/p>\n<p>&nbsp;<\/p>\n<p>Remarc\u00f3, que desde el jueves pasado hasta el s\u00e1bado de la semana mayor fueron los d\u00edas de m\u00e1s ocupaci\u00f3n en habitaciones, algo parecido, dijo, al denominado &#8220;puente de asueto&#8221; del 21 de Marzo.<\/p>\n<p>&nbsp;<\/p>\n<p>&#8220;En esos d\u00edas del Puente los hoteles registraron un 72% de ocupaci\u00f3n, un porcentaje muy aceptable, pues estamos a la espera de terminar el periodo vacacional para conocer como vamos a quedar con los n\u00fameros actualizados&#8221;, dijo<\/p>\n<p>&nbsp;<\/p>\n<p>Ortega, dej\u00f3 en claro que a partir del inicio de la presente semana la aglomeraci\u00f3n tur\u00edstica baj\u00f3, sin embargo a\u00fan se observa a una cantidad importante de visitantes paseando por la zona centro, centro hist\u00f3rico y Laguna del Carpintero.<\/p>\n<p>&nbsp;<\/p>\n<p>&#8220;Que aunado a la Feria que reci\u00e9n concluy\u00f3 y la Playa, fueron los sitios mas concurridos de la zona sur, aunque sabemos que despu\u00e9s de la pascua las ventas y ocupaci\u00f3n viene a la baja&#8221;, Apunt\u00f3<\/p>\n<p>&nbsp;<\/p>\n<p>El representante de los hoteleros de la zona puntualiz\u00f3 que la afluencia y derrama econ\u00f3mica que se ha presentado en la localidad es un signo importante de que la promoci\u00f3n tur\u00edstica fuera de la entidad y en el extranjero ha dado resultados positivos.<\/p>\n<p>&nbsp;<\/p>\n<p>&#8220;Y hoy se est\u00e1 reflejando en la regi\u00f3n, hay derrama y turismo, y eso es importante&#8221;, resalt\u00f3.<\/p>\n","protected":false},"excerpt":{"rendered":"<p>*Las Condiciones Han Sido Id\u00f3neas Para El Sector Productivo Desde El A\u00f1o Pasado &nbsp; La Asociaci\u00f3n de Hoteles del Sur&hellip;<\/p>\n","protected":false},"author":1,"featured_media":50007,"comment_status":"open","ping_status":"open","sticky":false,"template":"","format":"standard","meta":{"footnotes":""},"categories":[3],"tags":[],"class_list":["post-50006","post","type-post","status-publish","format-standard","has-post-thumbnail","hentry","category-tampico"],"yoast_head":"<!-- This site is optimized with the Yoast SEO plugin v27.5 - https:\/\/yoast.com\/product\/yoast-seo-wordpress\/ -->\n<title>BUSCAN HOTELEROS REBASAR EL 70% EN OCUPACI\u00d3N AL T\u00c9RMINO DE LAS VACACIONES - EL INFORMATIVO DE TAMAULIPAS<\/title>\n<meta name=\"description\" content=\"*Las Condiciones Han Sido Id\u00f3neas Para El Sector Productivo Desde El A\u00f1o Pasado &nbsp; La Asociaci\u00f3n de Hoteles del Sur de Tamaulipas espera cerrar\" \/>\n<meta name=\"robots\" content=\"index, follow, max-snippet:-1, max-image-preview:large, max-video-preview:-1\" \/>\n<link rel=\"canonical\" href=\"https:\/\/elinformativotam.com\/index.php\/2024\/04\/02\/buscan-hoteleros-rebasar-el-70-en-ocupacion-al-termino-de-las-vacaciones\/\" \/>\n<meta property=\"og:locale\" content=\"es_MX\" \/>\n<meta property=\"og:type\" content=\"article\" \/>\n<meta property=\"og:title\" content=\"BUSCAN HOTELEROS REBASAR EL 70% EN OCUPACI\u00d3N AL T\u00c9RMINO DE LAS VACACIONES - EL INFORMATIVO DE TAMAULIPAS\" \/>\n<meta property=\"og:description\" content=\"*Las Condiciones Han Sido Id\u00f3neas Para El Sector Productivo Desde El A\u00f1o Pasado &nbsp; La Asociaci\u00f3n de Hoteles del Sur de Tamaulipas espera cerrar\" \/>\n<meta property=\"og:url\" content=\"https:\/\/elinformativotam.com\/index.php\/2024\/04\/02\/buscan-hoteleros-rebasar-el-70-en-ocupacion-al-termino-de-las-vacaciones\/\" \/>\n<meta property=\"og:site_name\" content=\"EL INFORMATIVO DE TAMAULIPAS\" \/>\n<meta property=\"article:published_time\" content=\"2024-04-03T02:42:14+00:00\" \/>\n<meta property=\"og:image\" content=\"https:\/\/elinformativotam.com\/wp-content\/uploads\/2024\/04\/ALberto.jpeg\" \/>\n\t<meta property=\"og:image:width\" content=\"1600\" \/>\n\t<meta property=\"og:image:height\" content=\"1200\" \/>\n\t<meta property=\"og:image:type\" content=\"image\/jpeg\" \/>\n<meta name=\"author\" content=\"El Informativo Tam\" \/>\n<meta name=\"twitter:card\" content=\"summary_large_image\" \/>\n<meta name=\"twitter:label1\" content=\"Escrito por\" \/>\n\t<meta name=\"twitter:data1\" content=\"El Informativo Tam\" \/>\n\t<meta name=\"twitter:label2\" content=\"Tiempo de lectura\" \/>\n\t<meta name=\"twitter:data2\" content=\"2 minutos\" \/>\n<script type=\"application\/ld+json\" class=\"yoast-schema-graph\">{\"@context\":\"https:\\\/\\\/schema.org\",\"@graph\":[{\"@type\":\"Article\",\"@id\":\"https:\\\/\\\/elinformativotam.com\\\/index.php\\\/2024\\\/04\\\/02\\\/buscan-hoteleros-rebasar-el-70-en-ocupacion-al-termino-de-las-vacaciones\\\/#article\",\"isPartOf\":{\"@id\":\"https:\\\/\\\/elinformativotam.com\\\/index.php\\\/2024\\\/04\\\/02\\\/buscan-hoteleros-rebasar-el-70-en-ocupacion-al-termino-de-las-vacaciones\\\/\"},\"author\":{\"name\":\"El Informativo Tam\",\"@id\":\"https:\\\/\\\/elinformativotam.com\\\/#\\\/schema\\\/person\\\/78e08040eed0f6110f0c5f83b6153590\"},\"headline\":\"BUSCAN HOTELEROS REBASAR EL 70% EN OCUPACI\u00d3N AL T\u00c9RMINO DE LAS VACACIONES\",\"datePublished\":\"2024-04-03T02:42:14+00:00\",\"mainEntityOfPage\":{\"@id\":\"https:\\\/\\\/elinformativotam.com\\\/index.php\\\/2024\\\/04\\\/02\\\/buscan-hoteleros-rebasar-el-70-en-ocupacion-al-termino-de-las-vacaciones\\\/\"},\"wordCount\":323,\"commentCount\":0,\"publisher\":{\"@id\":\"https:\\\/\\\/elinformativotam.com\\\/#organization\"},\"image\":{\"@id\":\"https:\\\/\\\/elinformativotam.com\\\/index.php\\\/2024\\\/04\\\/02\\\/buscan-hoteleros-rebasar-el-70-en-ocupacion-al-termino-de-las-vacaciones\\\/#primaryimage\"},\"thumbnailUrl\":\"https:\\\/\\\/elinformativotam.com\\\/wp-content\\\/uploads\\\/2024\\\/04\\\/ALberto.jpeg\",\"articleSection\":[\"Tampico\"],\"inLanguage\":\"es\",\"potentialAction\":[{\"@type\":\"CommentAction\",\"name\":\"Comment\",\"target\":[\"https:\\\/\\\/elinformativotam.com\\\/index.php\\\/2024\\\/04\\\/02\\\/buscan-hoteleros-rebasar-el-70-en-ocupacion-al-termino-de-las-vacaciones\\\/#respond\"]}]},{\"@type\":\"WebPage\",\"@id\":\"https:\\\/\\\/elinformativotam.com\\\/index.php\\\/2024\\\/04\\\/02\\\/buscan-hoteleros-rebasar-el-70-en-ocupacion-al-termino-de-las-vacaciones\\\/\",\"url\":\"https:\\\/\\\/elinformativotam.com\\\/index.php\\\/2024\\\/04\\\/02\\\/buscan-hoteleros-rebasar-el-70-en-ocupacion-al-termino-de-las-vacaciones\\\/\",\"name\":\"BUSCAN HOTELEROS REBASAR EL 70% EN OCUPACI\u00d3N AL T\u00c9RMINO DE LAS VACACIONES - EL INFORMATIVO DE TAMAULIPAS\",\"isPartOf\":{\"@id\":\"https:\\\/\\\/elinformativotam.com\\\/#website\"},\"primaryImageOfPage\":{\"@id\":\"https:\\\/\\\/elinformativotam.com\\\/index.php\\\/2024\\\/04\\\/02\\\/buscan-hoteleros-rebasar-el-70-en-ocupacion-al-termino-de-las-vacaciones\\\/#primaryimage\"},\"image\":{\"@id\":\"https:\\\/\\\/elinformativotam.com\\\/index.php\\\/2024\\\/04\\\/02\\\/buscan-hoteleros-rebasar-el-70-en-ocupacion-al-termino-de-las-vacaciones\\\/#primaryimage\"},\"thumbnailUrl\":\"https:\\\/\\\/elinformativotam.com\\\/wp-content\\\/uploads\\\/2024\\\/04\\\/ALberto.jpeg\",\"datePublished\":\"2024-04-03T02:42:14+00:00\",\"description\":\"*Las Condiciones Han Sido Id\u00f3neas Para El Sector Productivo Desde El A\u00f1o Pasado &nbsp; La Asociaci\u00f3n de Hoteles del Sur de Tamaulipas espera cerrar\",\"inLanguage\":\"es\",\"potentialAction\":[{\"@type\":\"ReadAction\",\"target\":[\"https:\\\/\\\/elinformativotam.com\\\/index.php\\\/2024\\\/04\\\/02\\\/buscan-hoteleros-rebasar-el-70-en-ocupacion-al-termino-de-las-vacaciones\\\/\"]}]},{\"@type\":\"ImageObject\",\"inLanguage\":\"es\",\"@id\":\"https:\\\/\\\/elinformativotam.com\\\/index.php\\\/2024\\\/04\\\/02\\\/buscan-hoteleros-rebasar-el-70-en-ocupacion-al-termino-de-las-vacaciones\\\/#primaryimage\",\"url\":\"https:\\\/\\\/elinformativotam.com\\\/wp-content\\\/uploads\\\/2024\\\/04\\\/ALberto.jpeg\",\"contentUrl\":\"https:\\\/\\\/elinformativotam.com\\\/wp-content\\\/uploads\\\/2024\\\/04\\\/ALberto.jpeg\",\"width\":1600,\"height\":1200},{\"@type\":\"WebSite\",\"@id\":\"https:\\\/\\\/elinformativotam.com\\\/#website\",\"url\":\"https:\\\/\\\/elinformativotam.com\\\/\",\"name\":\"EL INFORMATIVO DE TAMAULIPAS\",\"description\":\"Desde la Zona Metropolitana Para Todo M\u00e9xico\",\"publisher\":{\"@id\":\"https:\\\/\\\/elinformativotam.com\\\/#organization\"},\"potentialAction\":[{\"@type\":\"SearchAction\",\"target\":{\"@type\":\"EntryPoint\",\"urlTemplate\":\"https:\\\/\\\/elinformativotam.com\\\/?s={search_term_string}\"},\"query-input\":{\"@type\":\"PropertyValueSpecification\",\"valueRequired\":true,\"valueName\":\"search_term_string\"}}],\"inLanguage\":\"es\"},{\"@type\":\"Organization\",\"@id\":\"https:\\\/\\\/elinformativotam.com\\\/#organization\",\"name\":\"EL INFORMATIVO DE TAMAULIPAS\",\"url\":\"https:\\\/\\\/elinformativotam.com\\\/\",\"logo\":{\"@type\":\"ImageObject\",\"inLanguage\":\"es\",\"@id\":\"https:\\\/\\\/elinformativotam.com\\\/#\\\/schema\\\/logo\\\/image\\\/\",\"url\":\"https:\\\/\\\/elinformativotam.com\\\/wp-content\\\/uploads\\\/2026\\\/02\\\/Cabezal.png\",\"contentUrl\":\"https:\\\/\\\/elinformativotam.com\\\/wp-content\\\/uploads\\\/2026\\\/02\\\/Cabezal.png\",\"width\":960,\"height\":640,\"caption\":\"EL INFORMATIVO DE TAMAULIPAS\"},\"image\":{\"@id\":\"https:\\\/\\\/elinformativotam.com\\\/#\\\/schema\\\/logo\\\/image\\\/\"}},{\"@type\":\"Person\",\"@id\":\"https:\\\/\\\/elinformativotam.com\\\/#\\\/schema\\\/person\\\/78e08040eed0f6110f0c5f83b6153590\",\"name\":\"El Informativo Tam\",\"image\":{\"@type\":\"ImageObject\",\"inLanguage\":\"es\",\"@id\":\"https:\\\/\\\/secure.gravatar.com\\\/avatar\\\/f3b7ad3af540688955925ac610647be00b0cf41feea9c4978b73a707ee86bc53?s=96&d=mm&r=g\",\"url\":\"https:\\\/\\\/secure.gravatar.com\\\/avatar\\\/f3b7ad3af540688955925ac610647be00b0cf41feea9c4978b73a707ee86bc53?s=96&d=mm&r=g\",\"contentUrl\":\"https:\\\/\\\/secure.gravatar.com\\\/avatar\\\/f3b7ad3af540688955925ac610647be00b0cf41feea9c4978b73a707ee86bc53?s=96&d=mm&r=g\",\"caption\":\"El Informativo Tam\"}}]}<\/script>\n<!-- \/ Yoast SEO plugin. -->","yoast_head_json":{"title":"BUSCAN HOTELEROS REBASAR EL 70% EN OCUPACI\u00d3N AL T\u00c9RMINO DE LAS VACACIONES - EL INFORMATIVO DE TAMAULIPAS","description":"*Las Condiciones Han Sido Id\u00f3neas Para El Sector Productivo Desde El A\u00f1o Pasado &nbsp; La Asociaci\u00f3n de Hoteles del Sur de Tamaulipas espera cerrar","robots":{"index":"index","follow":"follow","max-snippet":"max-snippet:-1","max-image-preview":"max-image-preview:large","max-video-preview":"max-video-preview:-1"},"canonical":"https:\/\/elinformativotam.com\/index.php\/2024\/04\/02\/buscan-hoteleros-rebasar-el-70-en-ocupacion-al-termino-de-las-vacaciones\/","og_locale":"es_MX","og_type":"article","og_title":"BUSCAN HOTELEROS REBASAR EL 70% EN OCUPACI\u00d3N AL T\u00c9RMINO DE LAS VACACIONES - EL INFORMATIVO DE TAMAULIPAS","og_description":"*Las Condiciones Han Sido Id\u00f3neas Para El Sector Productivo Desde El A\u00f1o Pasado &nbsp; La Asociaci\u00f3n de Hoteles del Sur de Tamaulipas espera cerrar","og_url":"https:\/\/elinformativotam.com\/index.php\/2024\/04\/02\/buscan-hoteleros-rebasar-el-70-en-ocupacion-al-termino-de-las-vacaciones\/","og_site_name":"EL INFORMATIVO DE TAMAULIPAS","article_published_time":"2024-04-03T02:42:14+00:00","og_image":[{"width":1600,"height":1200,"url":"https:\/\/elinformativotam.com\/wp-content\/uploads\/2024\/04\/ALberto.jpeg","type":"image\/jpeg"}],"author":"El Informativo Tam","twitter_card":"summary_large_image","twitter_misc":{"Escrito por":"El Informativo Tam","Tiempo de lectura":"2 minutos"},"schema":{"@context":"https:\/\/schema.org","@graph":[{"@type":"Article","@id":"https:\/\/elinformativotam.com\/index.php\/2024\/04\/02\/buscan-hoteleros-rebasar-el-70-en-ocupacion-al-termino-de-las-vacaciones\/#article","isPartOf":{"@id":"https:\/\/elinformativotam.com\/index.php\/2024\/04\/02\/buscan-hoteleros-rebasar-el-70-en-ocupacion-al-termino-de-las-vacaciones\/"},"author":{"name":"El Informativo Tam","@id":"https:\/\/elinformativotam.com\/#\/schema\/person\/78e08040eed0f6110f0c5f83b6153590"},"headline":"BUSCAN HOTELEROS REBASAR EL 70% EN OCUPACI\u00d3N AL T\u00c9RMINO DE LAS VACACIONES","datePublished":"2024-04-03T02:42:14+00:00","mainEntityOfPage":{"@id":"https:\/\/elinformativotam.com\/index.php\/2024\/04\/02\/buscan-hoteleros-rebasar-el-70-en-ocupacion-al-termino-de-las-vacaciones\/"},"wordCount":323,"commentCount":0,"publisher":{"@id":"https:\/\/elinformativotam.com\/#organization"},"image":{"@id":"https:\/\/elinformativotam.com\/index.php\/2024\/04\/02\/buscan-hoteleros-rebasar-el-70-en-ocupacion-al-termino-de-las-vacaciones\/#primaryimage"},"thumbnailUrl":"https:\/\/elinformativotam.com\/wp-content\/uploads\/2024\/04\/ALberto.jpeg","articleSection":["Tampico"],"inLanguage":"es","potentialAction":[{"@type":"CommentAction","name":"Comment","target":["https:\/\/elinformativotam.com\/index.php\/2024\/04\/02\/buscan-hoteleros-rebasar-el-70-en-ocupacion-al-termino-de-las-vacaciones\/#respond"]}]},{"@type":"WebPage","@id":"https:\/\/elinformativotam.com\/index.php\/2024\/04\/02\/buscan-hoteleros-rebasar-el-70-en-ocupacion-al-termino-de-las-vacaciones\/","url":"https:\/\/elinformativotam.com\/index.php\/2024\/04\/02\/buscan-hoteleros-rebasar-el-70-en-ocupacion-al-termino-de-las-vacaciones\/","name":"BUSCAN HOTELEROS REBASAR EL 70% EN OCUPACI\u00d3N AL T\u00c9RMINO DE LAS VACACIONES - EL INFORMATIVO DE TAMAULIPAS","isPartOf":{"@id":"https:\/\/elinformativotam.com\/#website"},"primaryImageOfPage":{"@id":"https:\/\/elinformativotam.com\/index.php\/2024\/04\/02\/buscan-hoteleros-rebasar-el-70-en-ocupacion-al-termino-de-las-vacaciones\/#primaryimage"},"image":{"@id":"https:\/\/elinformativotam.com\/index.php\/2024\/04\/02\/buscan-hoteleros-rebasar-el-70-en-ocupacion-al-termino-de-las-vacaciones\/#primaryimage"},"thumbnailUrl":"https:\/\/elinformativotam.com\/wp-content\/uploads\/2024\/04\/ALberto.jpeg","datePublished":"2024-04-03T02:42:14+00:00","description":"*Las Condiciones Han Sido Id\u00f3neas Para El Sector Productivo Desde El A\u00f1o Pasado &nbsp; La Asociaci\u00f3n de Hoteles del Sur de Tamaulipas espera cerrar","inLanguage":"es","potentialAction":[{"@type":"ReadAction","target":["https:\/\/elinformativotam.com\/index.php\/2024\/04\/02\/buscan-hoteleros-rebasar-el-70-en-ocupacion-al-termino-de-las-vacaciones\/"]}]},{"@type":"ImageObject","inLanguage":"es","@id":"https:\/\/elinformativotam.com\/index.php\/2024\/04\/02\/buscan-hoteleros-rebasar-el-70-en-ocupacion-al-termino-de-las-vacaciones\/#primaryimage","url":"https:\/\/elinformativotam.com\/wp-content\/uploads\/2024\/04\/ALberto.jpeg","contentUrl":"https:\/\/elinformativotam.com\/wp-content\/uploads\/2024\/04\/ALberto.jpeg","width":1600,"height":1200},{"@type":"WebSite","@id":"https:\/\/elinformativotam.com\/#website","url":"https:\/\/elinformativotam.com\/","name":"EL INFORMATIVO DE TAMAULIPAS","description":"Desde la Zona Metropolitana Para Todo M\u00e9xico","publisher":{"@id":"https:\/\/elinformativotam.com\/#organization"},"potentialAction":[{"@type":"SearchAction","target":{"@type":"EntryPoint","urlTemplate":"https:\/\/elinformativotam.com\/?s={search_term_string}"},"query-input":{"@type":"PropertyValueSpecification","valueRequired":true,"valueName":"search_term_string"}}],"inLanguage":"es"},{"@type":"Organization","@id":"https:\/\/elinformativotam.com\/#organization","name":"EL INFORMATIVO DE TAMAULIPAS","url":"https:\/\/elinformativotam.com\/","logo":{"@type":"ImageObject","inLanguage":"es","@id":"https:\/\/elinformativotam.com\/#\/schema\/logo\/image\/","url":"https:\/\/elinformativotam.com\/wp-content\/uploads\/2026\/02\/Cabezal.png","contentUrl":"https:\/\/elinformativotam.com\/wp-content\/uploads\/2026\/02\/Cabezal.png","width":960,"height":640,"caption":"EL INFORMATIVO DE TAMAULIPAS"},"image":{"@id":"https:\/\/elinformativotam.com\/#\/schema\/logo\/image\/"}},{"@type":"Person","@id":"https:\/\/elinformativotam.com\/#\/schema\/person\/78e08040eed0f6110f0c5f83b6153590","name":"El Informativo Tam","image":{"@type":"ImageObject","inLanguage":"es","@id":"https:\/\/secure.gravatar.com\/avatar\/f3b7ad3af540688955925ac610647be00b0cf41feea9c4978b73a707ee86bc53?s=96&d=mm&r=g","url":"https:\/\/secure.gravatar.com\/avatar\/f3b7ad3af540688955925ac610647be00b0cf41feea9c4978b73a707ee86bc53?s=96&d=mm&r=g","contentUrl":"https:\/\/secure.gravatar.com\/avatar\/f3b7ad3af540688955925ac610647be00b0cf41feea9c4978b73a707ee86bc53?s=96&d=mm&r=g","caption":"El Informativo Tam"}}]}},"_links":{"self":[{"href":"https:\/\/elinformativotam.com\/index.php\/wp-json\/wp\/v2\/posts\/50006","targetHints":{"allow":["GET"]}}],"collection":[{"href":"https:\/\/elinformativotam.com\/index.php\/wp-json\/wp\/v2\/posts"}],"about":[{"href":"https:\/\/elinformativotam.com\/index.php\/wp-json\/wp\/v2\/types\/post"}],"author":[{"embeddable":true,"href":"https:\/\/elinformativotam.com\/index.php\/wp-json\/wp\/v2\/users\/1"}],"replies":[{"embeddable":true,"href":"https:\/\/elinformativotam.com\/index.php\/wp-json\/wp\/v2\/comments?post=50006"}],"version-history":[{"count":1,"href":"https:\/\/elinformativotam.com\/index.php\/wp-json\/wp\/v2\/posts\/50006\/revisions"}],"predecessor-version":[{"id":50008,"href":"https:\/\/elinformativotam.com\/index.php\/wp-json\/wp\/v2\/posts\/50006\/revisions\/50008"}],"wp:featuredmedia":[{"embeddable":true,"href":"https:\/\/elinformativotam.com\/index.php\/wp-json\/wp\/v2\/media\/50007"}],"wp:attachment":[{"href":"https:\/\/elinformativotam.com\/index.php\/wp-json\/wp\/v2\/media?parent=50006"}],"wp:term":[{"taxonomy":"category","embeddable":true,"href":"https:\/\/elinformativotam.com\/index.php\/wp-json\/wp\/v2\/categories?post=50006"},{"taxonomy":"post_tag","embeddable":true,"href":"https:\/\/elinformativotam.com\/index.php\/wp-json\/wp\/v2\/tags?post=50006"}],"curies":[{"name":"wp","href":"https:\/\/api.w.org\/{rel}","templated":true}]}}