{"id":50004,"date":"2024-04-02T20:40:05","date_gmt":"2024-04-03T02:40:05","guid":{"rendered":"https:\/\/elinformativotam.com\/?p=50004"},"modified":"2024-04-02T20:40:05","modified_gmt":"2024-04-03T02:40:05","slug":"ningun-candidato-a-pedido-seguridad-personal-en-el-8-distrito-ine","status":"publish","type":"post","link":"https:\/\/elinformativotam.com\/index.php\/2024\/04\/02\/ningun-candidato-a-pedido-seguridad-personal-en-el-8-distrito-ine\/","title":{"rendered":"NING\u00daN CANDIDATO A PEDIDO SEGURIDAD PERSONAL EN EL 8 DISTRITO: INE"},"content":{"rendered":"<h2 style=\"text-align: center;\"><em><span style=\"font-family: 'times new roman', times;\">*A Un Mes Y D\u00edas De Haber Iniciado La Campa\u00f1a Federal Constitucional<\/span><\/em><\/h2>\n<p>&nbsp;<\/p>\n<p>Ning\u00fan candidato a la diputaci\u00f3n federal en el 8 distrito electoral federal ha activado el protocolo para solicitar seguridad personal o privada para sus campa\u00f1a, esto a un mes y dos d\u00edas de haber iniciado el proceso federal, confirm\u00f3 la Presidenta del Consejo Distrital, Mar\u00eda de la Luz Espinoza Hern\u00e1ndez<\/p>\n<p>&nbsp;<\/p>\n<p>Antes de recibir, este Martes, el arribo del material no custodiado que utilizar\u00e1 el INE para montar las casillas electorales, la representante en el 8 distrito, dej\u00f3 en claro que ning\u00fan abanderado ha presentado la solicitud para acogerse al protocolo de seguridad personal en este proceso electoral.<\/p>\n<p>&nbsp;<\/p>\n<p>Asimismo, la presidenta del consejo distrital 8 recalc\u00f3 que ninguno de los 728 espacios donde ser\u00e1n instalados los centros de votaci\u00f3n, de Tampico y Madero, tienen situaciones que pudieran derivar en problemas en el d\u00eda de las votaciones.<\/p>\n<p>&nbsp;<\/p>\n<p>Remarc\u00f3, que los recorridos que ha realizado el personal del INE, consejeros y representantes de los partidos pol\u00edticos acreditados, no se ha detectado situaciones irregulares que pudieran poner en riesgo al electorado el pr\u00f3ximo 2 de\u00a0 Junio.<\/p>\n<p>&nbsp;<\/p>\n<p>Destac\u00f3, que los candidatos que disputan el cargo p\u00fablico federal en ese distrito tienen la facultad de realizar dicha solicitud de seguridad personal ante la autoridad electoral pertinente, en caso de que se sientan amenazados en su integridad.<\/p>\n<p>&nbsp;<\/p>\n<p>Espinoza, recibi\u00f3 en las instalaciones del citado consejo distrital, el env\u00edo de documentaci\u00f3n, mamparas, papeler\u00eda y art\u00edculos de oficina, proveniente de la Ciudad de M\u00e9xico y que ser\u00e1 utilizada en cada una de las casillas electorales que se ubicar\u00e1n en Tampico y Madero.<\/p>\n","protected":false},"excerpt":{"rendered":"<p>*A Un Mes Y D\u00edas De Haber Iniciado La Campa\u00f1a Federal Constitucional &nbsp; Ning\u00fan candidato a la diputaci\u00f3n federal en&hellip;<\/p>\n","protected":false},"author":1,"featured_media":49708,"comment_status":"open","ping_status":"open","sticky":false,"template":"","format":"standard","meta":{"footnotes":""},"categories":[3],"tags":[],"class_list":["post-50004","post","type-post","status-publish","format-standard","has-post-thumbnail","hentry","category-tampico"],"yoast_head":"<!-- This site is optimized with the Yoast SEO plugin v27.5 - https:\/\/yoast.com\/product\/yoast-seo-wordpress\/ -->\n<title>NING\u00daN CANDIDATO A PEDIDO SEGURIDAD PERSONAL EN EL 8 DISTRITO: INE - EL INFORMATIVO DE TAMAULIPAS<\/title>\n<meta name=\"description\" content=\"*A Un Mes Y D\u00edas De Haber Iniciado La Campa\u00f1a Federal Constitucional &nbsp; Ning\u00fan candidato a la diputaci\u00f3n federal en el 8 distrito electoral federal ha\" \/>\n<meta name=\"robots\" content=\"index, follow, max-snippet:-1, max-image-preview:large, max-video-preview:-1\" \/>\n<link rel=\"canonical\" href=\"https:\/\/elinformativotam.com\/index.php\/2024\/04\/02\/ningun-candidato-a-pedido-seguridad-personal-en-el-8-distrito-ine\/\" \/>\n<meta property=\"og:locale\" content=\"es_MX\" \/>\n<meta property=\"og:type\" content=\"article\" \/>\n<meta property=\"og:title\" content=\"NING\u00daN CANDIDATO A PEDIDO SEGURIDAD PERSONAL EN EL 8 DISTRITO: INE - EL INFORMATIVO DE TAMAULIPAS\" \/>\n<meta property=\"og:description\" content=\"*A Un Mes Y D\u00edas De Haber Iniciado La Campa\u00f1a Federal Constitucional &nbsp; Ning\u00fan candidato a la diputaci\u00f3n federal en el 8 distrito electoral federal ha\" \/>\n<meta property=\"og:url\" content=\"https:\/\/elinformativotam.com\/index.php\/2024\/04\/02\/ningun-candidato-a-pedido-seguridad-personal-en-el-8-distrito-ine\/\" \/>\n<meta property=\"og:site_name\" content=\"EL INFORMATIVO DE TAMAULIPAS\" \/>\n<meta property=\"article:published_time\" content=\"2024-04-03T02:40:05+00:00\" \/>\n<meta property=\"og:image\" content=\"https:\/\/elinformativotam.com\/wp-content\/uploads\/2024\/03\/Maria-De-la-Luz-1.jpeg\" \/>\n\t<meta property=\"og:image:width\" content=\"1600\" \/>\n\t<meta property=\"og:image:height\" content=\"1204\" \/>\n\t<meta property=\"og:image:type\" content=\"image\/jpeg\" \/>\n<meta name=\"author\" content=\"El Informativo Tam\" \/>\n<meta name=\"twitter:card\" content=\"summary_large_image\" \/>\n<meta name=\"twitter:label1\" content=\"Escrito por\" \/>\n\t<meta name=\"twitter:data1\" content=\"El Informativo Tam\" \/>\n\t<meta name=\"twitter:label2\" content=\"Tiempo de lectura\" \/>\n\t<meta name=\"twitter:data2\" content=\"2 minutos\" \/>\n<script type=\"application\/ld+json\" class=\"yoast-schema-graph\">{\"@context\":\"https:\\\/\\\/schema.org\",\"@graph\":[{\"@type\":\"Article\",\"@id\":\"https:\\\/\\\/elinformativotam.com\\\/index.php\\\/2024\\\/04\\\/02\\\/ningun-candidato-a-pedido-seguridad-personal-en-el-8-distrito-ine\\\/#article\",\"isPartOf\":{\"@id\":\"https:\\\/\\\/elinformativotam.com\\\/index.php\\\/2024\\\/04\\\/02\\\/ningun-candidato-a-pedido-seguridad-personal-en-el-8-distrito-ine\\\/\"},\"author\":{\"name\":\"El Informativo Tam\",\"@id\":\"https:\\\/\\\/elinformativotam.com\\\/#\\\/schema\\\/person\\\/78e08040eed0f6110f0c5f83b6153590\"},\"headline\":\"NING\u00daN CANDIDATO A PEDIDO SEGURIDAD PERSONAL EN EL 8 DISTRITO: INE\",\"datePublished\":\"2024-04-03T02:40:05+00:00\",\"mainEntityOfPage\":{\"@id\":\"https:\\\/\\\/elinformativotam.com\\\/index.php\\\/2024\\\/04\\\/02\\\/ningun-candidato-a-pedido-seguridad-personal-en-el-8-distrito-ine\\\/\"},\"wordCount\":298,\"commentCount\":0,\"publisher\":{\"@id\":\"https:\\\/\\\/elinformativotam.com\\\/#organization\"},\"image\":{\"@id\":\"https:\\\/\\\/elinformativotam.com\\\/index.php\\\/2024\\\/04\\\/02\\\/ningun-candidato-a-pedido-seguridad-personal-en-el-8-distrito-ine\\\/#primaryimage\"},\"thumbnailUrl\":\"https:\\\/\\\/elinformativotam.com\\\/wp-content\\\/uploads\\\/2024\\\/03\\\/Maria-De-la-Luz-1.jpeg\",\"articleSection\":[\"Tampico\"],\"inLanguage\":\"es\",\"potentialAction\":[{\"@type\":\"CommentAction\",\"name\":\"Comment\",\"target\":[\"https:\\\/\\\/elinformativotam.com\\\/index.php\\\/2024\\\/04\\\/02\\\/ningun-candidato-a-pedido-seguridad-personal-en-el-8-distrito-ine\\\/#respond\"]}]},{\"@type\":\"WebPage\",\"@id\":\"https:\\\/\\\/elinformativotam.com\\\/index.php\\\/2024\\\/04\\\/02\\\/ningun-candidato-a-pedido-seguridad-personal-en-el-8-distrito-ine\\\/\",\"url\":\"https:\\\/\\\/elinformativotam.com\\\/index.php\\\/2024\\\/04\\\/02\\\/ningun-candidato-a-pedido-seguridad-personal-en-el-8-distrito-ine\\\/\",\"name\":\"NING\u00daN CANDIDATO A PEDIDO SEGURIDAD PERSONAL EN EL 8 DISTRITO: INE - EL INFORMATIVO DE TAMAULIPAS\",\"isPartOf\":{\"@id\":\"https:\\\/\\\/elinformativotam.com\\\/#website\"},\"primaryImageOfPage\":{\"@id\":\"https:\\\/\\\/elinformativotam.com\\\/index.php\\\/2024\\\/04\\\/02\\\/ningun-candidato-a-pedido-seguridad-personal-en-el-8-distrito-ine\\\/#primaryimage\"},\"image\":{\"@id\":\"https:\\\/\\\/elinformativotam.com\\\/index.php\\\/2024\\\/04\\\/02\\\/ningun-candidato-a-pedido-seguridad-personal-en-el-8-distrito-ine\\\/#primaryimage\"},\"thumbnailUrl\":\"https:\\\/\\\/elinformativotam.com\\\/wp-content\\\/uploads\\\/2024\\\/03\\\/Maria-De-la-Luz-1.jpeg\",\"datePublished\":\"2024-04-03T02:40:05+00:00\",\"description\":\"*A Un Mes Y D\u00edas De Haber Iniciado La Campa\u00f1a Federal Constitucional &nbsp; Ning\u00fan candidato a la diputaci\u00f3n federal en el 8 distrito electoral federal ha\",\"inLanguage\":\"es\",\"potentialAction\":[{\"@type\":\"ReadAction\",\"target\":[\"https:\\\/\\\/elinformativotam.com\\\/index.php\\\/2024\\\/04\\\/02\\\/ningun-candidato-a-pedido-seguridad-personal-en-el-8-distrito-ine\\\/\"]}]},{\"@type\":\"ImageObject\",\"inLanguage\":\"es\",\"@id\":\"https:\\\/\\\/elinformativotam.com\\\/index.php\\\/2024\\\/04\\\/02\\\/ningun-candidato-a-pedido-seguridad-personal-en-el-8-distrito-ine\\\/#primaryimage\",\"url\":\"https:\\\/\\\/elinformativotam.com\\\/wp-content\\\/uploads\\\/2024\\\/03\\\/Maria-De-la-Luz-1.jpeg\",\"contentUrl\":\"https:\\\/\\\/elinformativotam.com\\\/wp-content\\\/uploads\\\/2024\\\/03\\\/Maria-De-la-Luz-1.jpeg\",\"width\":1600,\"height\":1204},{\"@type\":\"WebSite\",\"@id\":\"https:\\\/\\\/elinformativotam.com\\\/#website\",\"url\":\"https:\\\/\\\/elinformativotam.com\\\/\",\"name\":\"EL INFORMATIVO DE TAMAULIPAS\",\"description\":\"Desde la Zona Metropolitana Para Todo M\u00e9xico\",\"publisher\":{\"@id\":\"https:\\\/\\\/elinformativotam.com\\\/#organization\"},\"potentialAction\":[{\"@type\":\"SearchAction\",\"target\":{\"@type\":\"EntryPoint\",\"urlTemplate\":\"https:\\\/\\\/elinformativotam.com\\\/?s={search_term_string}\"},\"query-input\":{\"@type\":\"PropertyValueSpecification\",\"valueRequired\":true,\"valueName\":\"search_term_string\"}}],\"inLanguage\":\"es\"},{\"@type\":\"Organization\",\"@id\":\"https:\\\/\\\/elinformativotam.com\\\/#organization\",\"name\":\"EL INFORMATIVO DE TAMAULIPAS\",\"url\":\"https:\\\/\\\/elinformativotam.com\\\/\",\"logo\":{\"@type\":\"ImageObject\",\"inLanguage\":\"es\",\"@id\":\"https:\\\/\\\/elinformativotam.com\\\/#\\\/schema\\\/logo\\\/image\\\/\",\"url\":\"https:\\\/\\\/elinformativotam.com\\\/wp-content\\\/uploads\\\/2026\\\/02\\\/Cabezal.png\",\"contentUrl\":\"https:\\\/\\\/elinformativotam.com\\\/wp-content\\\/uploads\\\/2026\\\/02\\\/Cabezal.png\",\"width\":960,\"height\":640,\"caption\":\"EL INFORMATIVO DE TAMAULIPAS\"},\"image\":{\"@id\":\"https:\\\/\\\/elinformativotam.com\\\/#\\\/schema\\\/logo\\\/image\\\/\"}},{\"@type\":\"Person\",\"@id\":\"https:\\\/\\\/elinformativotam.com\\\/#\\\/schema\\\/person\\\/78e08040eed0f6110f0c5f83b6153590\",\"name\":\"El Informativo Tam\",\"image\":{\"@type\":\"ImageObject\",\"inLanguage\":\"es\",\"@id\":\"https:\\\/\\\/secure.gravatar.com\\\/avatar\\\/f3b7ad3af540688955925ac610647be00b0cf41feea9c4978b73a707ee86bc53?s=96&d=mm&r=g\",\"url\":\"https:\\\/\\\/secure.gravatar.com\\\/avatar\\\/f3b7ad3af540688955925ac610647be00b0cf41feea9c4978b73a707ee86bc53?s=96&d=mm&r=g\",\"contentUrl\":\"https:\\\/\\\/secure.gravatar.com\\\/avatar\\\/f3b7ad3af540688955925ac610647be00b0cf41feea9c4978b73a707ee86bc53?s=96&d=mm&r=g\",\"caption\":\"El Informativo Tam\"}}]}<\/script>\n<!-- \/ Yoast SEO plugin. -->","yoast_head_json":{"title":"NING\u00daN CANDIDATO A PEDIDO SEGURIDAD PERSONAL EN EL 8 DISTRITO: INE - EL INFORMATIVO DE TAMAULIPAS","description":"*A Un Mes Y D\u00edas De Haber Iniciado La Campa\u00f1a Federal Constitucional &nbsp; Ning\u00fan candidato a la diputaci\u00f3n federal en el 8 distrito electoral federal ha","robots":{"index":"index","follow":"follow","max-snippet":"max-snippet:-1","max-image-preview":"max-image-preview:large","max-video-preview":"max-video-preview:-1"},"canonical":"https:\/\/elinformativotam.com\/index.php\/2024\/04\/02\/ningun-candidato-a-pedido-seguridad-personal-en-el-8-distrito-ine\/","og_locale":"es_MX","og_type":"article","og_title":"NING\u00daN CANDIDATO A PEDIDO SEGURIDAD PERSONAL EN EL 8 DISTRITO: INE - EL INFORMATIVO DE TAMAULIPAS","og_description":"*A Un Mes Y D\u00edas De Haber Iniciado La Campa\u00f1a Federal Constitucional &nbsp; Ning\u00fan candidato a la diputaci\u00f3n federal en el 8 distrito electoral federal ha","og_url":"https:\/\/elinformativotam.com\/index.php\/2024\/04\/02\/ningun-candidato-a-pedido-seguridad-personal-en-el-8-distrito-ine\/","og_site_name":"EL INFORMATIVO DE TAMAULIPAS","article_published_time":"2024-04-03T02:40:05+00:00","og_image":[{"width":1600,"height":1204,"url":"https:\/\/elinformativotam.com\/wp-content\/uploads\/2024\/03\/Maria-De-la-Luz-1.jpeg","type":"image\/jpeg"}],"author":"El Informativo Tam","twitter_card":"summary_large_image","twitter_misc":{"Escrito por":"El Informativo Tam","Tiempo de lectura":"2 minutos"},"schema":{"@context":"https:\/\/schema.org","@graph":[{"@type":"Article","@id":"https:\/\/elinformativotam.com\/index.php\/2024\/04\/02\/ningun-candidato-a-pedido-seguridad-personal-en-el-8-distrito-ine\/#article","isPartOf":{"@id":"https:\/\/elinformativotam.com\/index.php\/2024\/04\/02\/ningun-candidato-a-pedido-seguridad-personal-en-el-8-distrito-ine\/"},"author":{"name":"El Informativo Tam","@id":"https:\/\/elinformativotam.com\/#\/schema\/person\/78e08040eed0f6110f0c5f83b6153590"},"headline":"NING\u00daN CANDIDATO A PEDIDO SEGURIDAD PERSONAL EN EL 8 DISTRITO: INE","datePublished":"2024-04-03T02:40:05+00:00","mainEntityOfPage":{"@id":"https:\/\/elinformativotam.com\/index.php\/2024\/04\/02\/ningun-candidato-a-pedido-seguridad-personal-en-el-8-distrito-ine\/"},"wordCount":298,"commentCount":0,"publisher":{"@id":"https:\/\/elinformativotam.com\/#organization"},"image":{"@id":"https:\/\/elinformativotam.com\/index.php\/2024\/04\/02\/ningun-candidato-a-pedido-seguridad-personal-en-el-8-distrito-ine\/#primaryimage"},"thumbnailUrl":"https:\/\/elinformativotam.com\/wp-content\/uploads\/2024\/03\/Maria-De-la-Luz-1.jpeg","articleSection":["Tampico"],"inLanguage":"es","potentialAction":[{"@type":"CommentAction","name":"Comment","target":["https:\/\/elinformativotam.com\/index.php\/2024\/04\/02\/ningun-candidato-a-pedido-seguridad-personal-en-el-8-distrito-ine\/#respond"]}]},{"@type":"WebPage","@id":"https:\/\/elinformativotam.com\/index.php\/2024\/04\/02\/ningun-candidato-a-pedido-seguridad-personal-en-el-8-distrito-ine\/","url":"https:\/\/elinformativotam.com\/index.php\/2024\/04\/02\/ningun-candidato-a-pedido-seguridad-personal-en-el-8-distrito-ine\/","name":"NING\u00daN CANDIDATO A PEDIDO SEGURIDAD PERSONAL EN EL 8 DISTRITO: INE - EL INFORMATIVO DE TAMAULIPAS","isPartOf":{"@id":"https:\/\/elinformativotam.com\/#website"},"primaryImageOfPage":{"@id":"https:\/\/elinformativotam.com\/index.php\/2024\/04\/02\/ningun-candidato-a-pedido-seguridad-personal-en-el-8-distrito-ine\/#primaryimage"},"image":{"@id":"https:\/\/elinformativotam.com\/index.php\/2024\/04\/02\/ningun-candidato-a-pedido-seguridad-personal-en-el-8-distrito-ine\/#primaryimage"},"thumbnailUrl":"https:\/\/elinformativotam.com\/wp-content\/uploads\/2024\/03\/Maria-De-la-Luz-1.jpeg","datePublished":"2024-04-03T02:40:05+00:00","description":"*A Un Mes Y D\u00edas De Haber Iniciado La Campa\u00f1a Federal Constitucional &nbsp; Ning\u00fan candidato a la diputaci\u00f3n federal en el 8 distrito electoral federal ha","inLanguage":"es","potentialAction":[{"@type":"ReadAction","target":["https:\/\/elinformativotam.com\/index.php\/2024\/04\/02\/ningun-candidato-a-pedido-seguridad-personal-en-el-8-distrito-ine\/"]}]},{"@type":"ImageObject","inLanguage":"es","@id":"https:\/\/elinformativotam.com\/index.php\/2024\/04\/02\/ningun-candidato-a-pedido-seguridad-personal-en-el-8-distrito-ine\/#primaryimage","url":"https:\/\/elinformativotam.com\/wp-content\/uploads\/2024\/03\/Maria-De-la-Luz-1.jpeg","contentUrl":"https:\/\/elinformativotam.com\/wp-content\/uploads\/2024\/03\/Maria-De-la-Luz-1.jpeg","width":1600,"height":1204},{"@type":"WebSite","@id":"https:\/\/elinformativotam.com\/#website","url":"https:\/\/elinformativotam.com\/","name":"EL INFORMATIVO DE TAMAULIPAS","description":"Desde la Zona Metropolitana Para Todo M\u00e9xico","publisher":{"@id":"https:\/\/elinformativotam.com\/#organization"},"potentialAction":[{"@type":"SearchAction","target":{"@type":"EntryPoint","urlTemplate":"https:\/\/elinformativotam.com\/?s={search_term_string}"},"query-input":{"@type":"PropertyValueSpecification","valueRequired":true,"valueName":"search_term_string"}}],"inLanguage":"es"},{"@type":"Organization","@id":"https:\/\/elinformativotam.com\/#organization","name":"EL INFORMATIVO DE TAMAULIPAS","url":"https:\/\/elinformativotam.com\/","logo":{"@type":"ImageObject","inLanguage":"es","@id":"https:\/\/elinformativotam.com\/#\/schema\/logo\/image\/","url":"https:\/\/elinformativotam.com\/wp-content\/uploads\/2026\/02\/Cabezal.png","contentUrl":"https:\/\/elinformativotam.com\/wp-content\/uploads\/2026\/02\/Cabezal.png","width":960,"height":640,"caption":"EL INFORMATIVO DE TAMAULIPAS"},"image":{"@id":"https:\/\/elinformativotam.com\/#\/schema\/logo\/image\/"}},{"@type":"Person","@id":"https:\/\/elinformativotam.com\/#\/schema\/person\/78e08040eed0f6110f0c5f83b6153590","name":"El Informativo Tam","image":{"@type":"ImageObject","inLanguage":"es","@id":"https:\/\/secure.gravatar.com\/avatar\/f3b7ad3af540688955925ac610647be00b0cf41feea9c4978b73a707ee86bc53?s=96&d=mm&r=g","url":"https:\/\/secure.gravatar.com\/avatar\/f3b7ad3af540688955925ac610647be00b0cf41feea9c4978b73a707ee86bc53?s=96&d=mm&r=g","contentUrl":"https:\/\/secure.gravatar.com\/avatar\/f3b7ad3af540688955925ac610647be00b0cf41feea9c4978b73a707ee86bc53?s=96&d=mm&r=g","caption":"El Informativo Tam"}}]}},"_links":{"self":[{"href":"https:\/\/elinformativotam.com\/index.php\/wp-json\/wp\/v2\/posts\/50004","targetHints":{"allow":["GET"]}}],"collection":[{"href":"https:\/\/elinformativotam.com\/index.php\/wp-json\/wp\/v2\/posts"}],"about":[{"href":"https:\/\/elinformativotam.com\/index.php\/wp-json\/wp\/v2\/types\/post"}],"author":[{"embeddable":true,"href":"https:\/\/elinformativotam.com\/index.php\/wp-json\/wp\/v2\/users\/1"}],"replies":[{"embeddable":true,"href":"https:\/\/elinformativotam.com\/index.php\/wp-json\/wp\/v2\/comments?post=50004"}],"version-history":[{"count":1,"href":"https:\/\/elinformativotam.com\/index.php\/wp-json\/wp\/v2\/posts\/50004\/revisions"}],"predecessor-version":[{"id":50005,"href":"https:\/\/elinformativotam.com\/index.php\/wp-json\/wp\/v2\/posts\/50004\/revisions\/50005"}],"wp:featuredmedia":[{"embeddable":true,"href":"https:\/\/elinformativotam.com\/index.php\/wp-json\/wp\/v2\/media\/49708"}],"wp:attachment":[{"href":"https:\/\/elinformativotam.com\/index.php\/wp-json\/wp\/v2\/media?parent=50004"}],"wp:term":[{"taxonomy":"category","embeddable":true,"href":"https:\/\/elinformativotam.com\/index.php\/wp-json\/wp\/v2\/categories?post=50004"},{"taxonomy":"post_tag","embeddable":true,"href":"https:\/\/elinformativotam.com\/index.php\/wp-json\/wp\/v2\/tags?post=50004"}],"curies":[{"name":"wp","href":"https:\/\/api.w.org\/{rel}","templated":true}]}}