{"id":49995,"date":"2024-04-02T02:17:05","date_gmt":"2024-04-02T08:17:05","guid":{"rendered":"https:\/\/elinformativotam.com\/?p=49995"},"modified":"2024-04-02T02:17:05","modified_gmt":"2024-04-02T08:17:05","slug":"alerta-maxima-marca-3-cms-nivel-del-sistema-lagunario","status":"publish","type":"post","link":"https:\/\/elinformativotam.com\/index.php\/2024\/04\/02\/alerta-maxima-marca-3-cms-nivel-del-sistema-lagunario\/","title":{"rendered":"ALERTA M\u00c1XIMA! MARCA 3 CMS NIVEL DEL SISTEMA LAGUNARIO"},"content":{"rendered":"<h2 style=\"text-align: center;\"><em><span style=\"font-family: 'times new roman', times;\">*Exhortan A La Poblaci\u00f3n Racionar El Vital L\u00edquido<\/span><\/em><\/h2>\n<p>&nbsp;<\/p>\n<p>Luego de que el \u00faltimo reporte en el sistema lagunario arroja(este lunes) una escala de 3 cent\u00edmetros en sus niveles, el alcalde en funciones de Tampico, Fernando Alzaga Mandaria, volvi\u00f3 a insistir a la poblaci\u00f3n en qu\u00e9 la situaci\u00f3n es cr\u00edtica por la falta de lluvias, y la necesidad, dijo, de racionar el uso del vital l\u00edquido.<\/p>\n<p>&nbsp;<\/p>\n<p>Aunque las autoridades estatales y federales encargadas en el manejo y operaci\u00f3n del sistema lagunario no han dado a conocer qu\u00e9 tipo de acciones emergentes habr\u00e1n de llevar a cabo ante el inminente llegada del d\u00eda 0, la primera autoridad de esta ciudad, indic\u00f3 que no queda m\u00e1s que esperar a que alguna lluv\u00eda pertinaz impacte en la zona sur para poder tener agua y sortear el a\u00f1o muy seco que se espera a partir de este mes.<\/p>\n<p>&nbsp;<\/p>\n<p>Detall\u00f3, que el municipio est\u00e1 constantemente en contacto con Comapa Sur, CNA, la Secretar\u00eda de Recursos Hidr\u00e1ulicos del Gobierno del Estado, CIEST, Mesa del Agua e Industria, para conocer las acciones emergentes que habr\u00e1n de establecerse cuando se llegue al nivel 0, que bien podr\u00eda ser esta misma semana.<\/p>\n<p>&nbsp;<\/p>\n<p>Alzaga, lanz\u00f3 una vez m\u00e1s el exhorto a la poblaci\u00f3n a racionar el vital l\u00edquido &#8220;estamos en una situaci\u00f3n muy cr\u00edtica y severa, no hay otra que racionar lo mas qu\u00e9 se pueda hasta que lleguen las lluvias&#8221;, resalt\u00f3<\/p>\n<p>&nbsp;<\/p>\n<p>El alcalde en funciones puntualiz\u00f3 que las \u00e1reas del gobierno local donde el manejo del agua es necesario se tendr\u00e1n que hacer las debidas adecuaciones y establecer planes de ahorro.<\/p>\n<p>&nbsp;<\/p>\n<p>&#8220;Sabemos que el agua es muy necesaria para muchas acciones de la vida cotidiana, sin embargo tendremos que ser a\u00fan m\u00e1s prudentes en el manejo y racionarla lo m\u00e1s que se pueda&#8221;, acot\u00f3<\/p>\n<p>&nbsp;<\/p>\n<p>Alzaga Mandaria, dijo que tras la semana mayor de asueto que reci\u00e9n transcurri\u00f3, gran parte de la burocracia goz\u00f3 de un periodo vacacional, y solo se establecieron guardias en las dependencias con mayor operatividad, por lo que este lunes retorn\u00f3 la mayor\u00eda de los trabajadores al servicio del municipio.<\/p>\n","protected":false},"excerpt":{"rendered":"<p>*Exhortan A La Poblaci\u00f3n Racionar El Vital L\u00edquido &nbsp; Luego de que el \u00faltimo reporte en el sistema lagunario arroja(este&hellip;<\/p>\n","protected":false},"author":1,"featured_media":49996,"comment_status":"open","ping_status":"open","sticky":false,"template":"","format":"standard","meta":{"footnotes":""},"categories":[3],"tags":[],"class_list":["post-49995","post","type-post","status-publish","format-standard","has-post-thumbnail","hentry","category-tampico"],"yoast_head":"<!-- This site is optimized with the Yoast SEO plugin v27.5 - https:\/\/yoast.com\/product\/yoast-seo-wordpress\/ -->\n<title>ALERTA M\u00c1XIMA! MARCA 3 CMS NIVEL DEL SISTEMA LAGUNARIO - EL INFORMATIVO DE TAMAULIPAS<\/title>\n<meta name=\"description\" content=\"*Exhortan A La Poblaci\u00f3n Racionar El Vital L\u00edquido &nbsp; Luego de que el \u00faltimo reporte en el sistema lagunario arroja(este lunes) una escala de 3\" \/>\n<meta name=\"robots\" content=\"index, follow, max-snippet:-1, max-image-preview:large, max-video-preview:-1\" \/>\n<link rel=\"canonical\" href=\"https:\/\/elinformativotam.com\/index.php\/2024\/04\/02\/alerta-maxima-marca-3-cms-nivel-del-sistema-lagunario\/\" \/>\n<meta property=\"og:locale\" content=\"es_MX\" \/>\n<meta property=\"og:type\" content=\"article\" \/>\n<meta property=\"og:title\" content=\"ALERTA M\u00c1XIMA! MARCA 3 CMS NIVEL DEL SISTEMA LAGUNARIO - EL INFORMATIVO DE TAMAULIPAS\" \/>\n<meta property=\"og:description\" content=\"*Exhortan A La Poblaci\u00f3n Racionar El Vital L\u00edquido &nbsp; Luego de que el \u00faltimo reporte en el sistema lagunario arroja(este lunes) una escala de 3\" \/>\n<meta property=\"og:url\" content=\"https:\/\/elinformativotam.com\/index.php\/2024\/04\/02\/alerta-maxima-marca-3-cms-nivel-del-sistema-lagunario\/\" \/>\n<meta property=\"og:site_name\" content=\"EL INFORMATIVO DE TAMAULIPAS\" \/>\n<meta property=\"article:published_time\" content=\"2024-04-02T08:17:05+00:00\" \/>\n<meta property=\"og:image\" content=\"https:\/\/elinformativotam.com\/wp-content\/uploads\/2024\/04\/Alzaga-M.jpeg\" \/>\n\t<meta property=\"og:image:width\" content=\"1280\" \/>\n\t<meta property=\"og:image:height\" content=\"963\" \/>\n\t<meta property=\"og:image:type\" content=\"image\/jpeg\" \/>\n<meta name=\"author\" content=\"El Informativo Tam\" \/>\n<meta name=\"twitter:card\" content=\"summary_large_image\" \/>\n<meta name=\"twitter:label1\" content=\"Escrito por\" \/>\n\t<meta name=\"twitter:data1\" content=\"El Informativo Tam\" \/>\n\t<meta name=\"twitter:label2\" content=\"Tiempo de lectura\" \/>\n\t<meta name=\"twitter:data2\" content=\"2 minutos\" \/>\n<script type=\"application\/ld+json\" class=\"yoast-schema-graph\">{\"@context\":\"https:\\\/\\\/schema.org\",\"@graph\":[{\"@type\":\"Article\",\"@id\":\"https:\\\/\\\/elinformativotam.com\\\/index.php\\\/2024\\\/04\\\/02\\\/alerta-maxima-marca-3-cms-nivel-del-sistema-lagunario\\\/#article\",\"isPartOf\":{\"@id\":\"https:\\\/\\\/elinformativotam.com\\\/index.php\\\/2024\\\/04\\\/02\\\/alerta-maxima-marca-3-cms-nivel-del-sistema-lagunario\\\/\"},\"author\":{\"name\":\"El Informativo Tam\",\"@id\":\"https:\\\/\\\/elinformativotam.com\\\/#\\\/schema\\\/person\\\/78e08040eed0f6110f0c5f83b6153590\"},\"headline\":\"ALERTA M\u00c1XIMA! MARCA 3 CMS NIVEL DEL SISTEMA LAGUNARIO\",\"datePublished\":\"2024-04-02T08:17:05+00:00\",\"mainEntityOfPage\":{\"@id\":\"https:\\\/\\\/elinformativotam.com\\\/index.php\\\/2024\\\/04\\\/02\\\/alerta-maxima-marca-3-cms-nivel-del-sistema-lagunario\\\/\"},\"wordCount\":385,\"commentCount\":0,\"publisher\":{\"@id\":\"https:\\\/\\\/elinformativotam.com\\\/#organization\"},\"image\":{\"@id\":\"https:\\\/\\\/elinformativotam.com\\\/index.php\\\/2024\\\/04\\\/02\\\/alerta-maxima-marca-3-cms-nivel-del-sistema-lagunario\\\/#primaryimage\"},\"thumbnailUrl\":\"https:\\\/\\\/elinformativotam.com\\\/wp-content\\\/uploads\\\/2024\\\/04\\\/Alzaga-M.jpeg\",\"articleSection\":[\"Tampico\"],\"inLanguage\":\"es\",\"potentialAction\":[{\"@type\":\"CommentAction\",\"name\":\"Comment\",\"target\":[\"https:\\\/\\\/elinformativotam.com\\\/index.php\\\/2024\\\/04\\\/02\\\/alerta-maxima-marca-3-cms-nivel-del-sistema-lagunario\\\/#respond\"]}]},{\"@type\":\"WebPage\",\"@id\":\"https:\\\/\\\/elinformativotam.com\\\/index.php\\\/2024\\\/04\\\/02\\\/alerta-maxima-marca-3-cms-nivel-del-sistema-lagunario\\\/\",\"url\":\"https:\\\/\\\/elinformativotam.com\\\/index.php\\\/2024\\\/04\\\/02\\\/alerta-maxima-marca-3-cms-nivel-del-sistema-lagunario\\\/\",\"name\":\"ALERTA M\u00c1XIMA! MARCA 3 CMS NIVEL DEL SISTEMA LAGUNARIO - EL INFORMATIVO DE TAMAULIPAS\",\"isPartOf\":{\"@id\":\"https:\\\/\\\/elinformativotam.com\\\/#website\"},\"primaryImageOfPage\":{\"@id\":\"https:\\\/\\\/elinformativotam.com\\\/index.php\\\/2024\\\/04\\\/02\\\/alerta-maxima-marca-3-cms-nivel-del-sistema-lagunario\\\/#primaryimage\"},\"image\":{\"@id\":\"https:\\\/\\\/elinformativotam.com\\\/index.php\\\/2024\\\/04\\\/02\\\/alerta-maxima-marca-3-cms-nivel-del-sistema-lagunario\\\/#primaryimage\"},\"thumbnailUrl\":\"https:\\\/\\\/elinformativotam.com\\\/wp-content\\\/uploads\\\/2024\\\/04\\\/Alzaga-M.jpeg\",\"datePublished\":\"2024-04-02T08:17:05+00:00\",\"description\":\"*Exhortan A La Poblaci\u00f3n Racionar El Vital L\u00edquido &nbsp; Luego de que el \u00faltimo reporte en el sistema lagunario arroja(este lunes) una escala de 3\",\"inLanguage\":\"es\",\"potentialAction\":[{\"@type\":\"ReadAction\",\"target\":[\"https:\\\/\\\/elinformativotam.com\\\/index.php\\\/2024\\\/04\\\/02\\\/alerta-maxima-marca-3-cms-nivel-del-sistema-lagunario\\\/\"]}]},{\"@type\":\"ImageObject\",\"inLanguage\":\"es\",\"@id\":\"https:\\\/\\\/elinformativotam.com\\\/index.php\\\/2024\\\/04\\\/02\\\/alerta-maxima-marca-3-cms-nivel-del-sistema-lagunario\\\/#primaryimage\",\"url\":\"https:\\\/\\\/elinformativotam.com\\\/wp-content\\\/uploads\\\/2024\\\/04\\\/Alzaga-M.jpeg\",\"contentUrl\":\"https:\\\/\\\/elinformativotam.com\\\/wp-content\\\/uploads\\\/2024\\\/04\\\/Alzaga-M.jpeg\",\"width\":1280,\"height\":963},{\"@type\":\"WebSite\",\"@id\":\"https:\\\/\\\/elinformativotam.com\\\/#website\",\"url\":\"https:\\\/\\\/elinformativotam.com\\\/\",\"name\":\"EL INFORMATIVO DE TAMAULIPAS\",\"description\":\"Desde la Zona Metropolitana Para Todo M\u00e9xico\",\"publisher\":{\"@id\":\"https:\\\/\\\/elinformativotam.com\\\/#organization\"},\"potentialAction\":[{\"@type\":\"SearchAction\",\"target\":{\"@type\":\"EntryPoint\",\"urlTemplate\":\"https:\\\/\\\/elinformativotam.com\\\/?s={search_term_string}\"},\"query-input\":{\"@type\":\"PropertyValueSpecification\",\"valueRequired\":true,\"valueName\":\"search_term_string\"}}],\"inLanguage\":\"es\"},{\"@type\":\"Organization\",\"@id\":\"https:\\\/\\\/elinformativotam.com\\\/#organization\",\"name\":\"EL INFORMATIVO DE TAMAULIPAS\",\"url\":\"https:\\\/\\\/elinformativotam.com\\\/\",\"logo\":{\"@type\":\"ImageObject\",\"inLanguage\":\"es\",\"@id\":\"https:\\\/\\\/elinformativotam.com\\\/#\\\/schema\\\/logo\\\/image\\\/\",\"url\":\"https:\\\/\\\/elinformativotam.com\\\/wp-content\\\/uploads\\\/2026\\\/02\\\/Cabezal.png\",\"contentUrl\":\"https:\\\/\\\/elinformativotam.com\\\/wp-content\\\/uploads\\\/2026\\\/02\\\/Cabezal.png\",\"width\":960,\"height\":640,\"caption\":\"EL INFORMATIVO DE TAMAULIPAS\"},\"image\":{\"@id\":\"https:\\\/\\\/elinformativotam.com\\\/#\\\/schema\\\/logo\\\/image\\\/\"}},{\"@type\":\"Person\",\"@id\":\"https:\\\/\\\/elinformativotam.com\\\/#\\\/schema\\\/person\\\/78e08040eed0f6110f0c5f83b6153590\",\"name\":\"El Informativo Tam\",\"image\":{\"@type\":\"ImageObject\",\"inLanguage\":\"es\",\"@id\":\"https:\\\/\\\/secure.gravatar.com\\\/avatar\\\/f3b7ad3af540688955925ac610647be00b0cf41feea9c4978b73a707ee86bc53?s=96&d=mm&r=g\",\"url\":\"https:\\\/\\\/secure.gravatar.com\\\/avatar\\\/f3b7ad3af540688955925ac610647be00b0cf41feea9c4978b73a707ee86bc53?s=96&d=mm&r=g\",\"contentUrl\":\"https:\\\/\\\/secure.gravatar.com\\\/avatar\\\/f3b7ad3af540688955925ac610647be00b0cf41feea9c4978b73a707ee86bc53?s=96&d=mm&r=g\",\"caption\":\"El Informativo Tam\"}}]}<\/script>\n<!-- \/ Yoast SEO plugin. -->","yoast_head_json":{"title":"ALERTA M\u00c1XIMA! MARCA 3 CMS NIVEL DEL SISTEMA LAGUNARIO - EL INFORMATIVO DE TAMAULIPAS","description":"*Exhortan A La Poblaci\u00f3n Racionar El Vital L\u00edquido &nbsp; Luego de que el \u00faltimo reporte en el sistema lagunario arroja(este lunes) una escala de 3","robots":{"index":"index","follow":"follow","max-snippet":"max-snippet:-1","max-image-preview":"max-image-preview:large","max-video-preview":"max-video-preview:-1"},"canonical":"https:\/\/elinformativotam.com\/index.php\/2024\/04\/02\/alerta-maxima-marca-3-cms-nivel-del-sistema-lagunario\/","og_locale":"es_MX","og_type":"article","og_title":"ALERTA M\u00c1XIMA! MARCA 3 CMS NIVEL DEL SISTEMA LAGUNARIO - EL INFORMATIVO DE TAMAULIPAS","og_description":"*Exhortan A La Poblaci\u00f3n Racionar El Vital L\u00edquido &nbsp; Luego de que el \u00faltimo reporte en el sistema lagunario arroja(este lunes) una escala de 3","og_url":"https:\/\/elinformativotam.com\/index.php\/2024\/04\/02\/alerta-maxima-marca-3-cms-nivel-del-sistema-lagunario\/","og_site_name":"EL INFORMATIVO DE TAMAULIPAS","article_published_time":"2024-04-02T08:17:05+00:00","og_image":[{"width":1280,"height":963,"url":"https:\/\/elinformativotam.com\/wp-content\/uploads\/2024\/04\/Alzaga-M.jpeg","type":"image\/jpeg"}],"author":"El Informativo Tam","twitter_card":"summary_large_image","twitter_misc":{"Escrito por":"El Informativo Tam","Tiempo de lectura":"2 minutos"},"schema":{"@context":"https:\/\/schema.org","@graph":[{"@type":"Article","@id":"https:\/\/elinformativotam.com\/index.php\/2024\/04\/02\/alerta-maxima-marca-3-cms-nivel-del-sistema-lagunario\/#article","isPartOf":{"@id":"https:\/\/elinformativotam.com\/index.php\/2024\/04\/02\/alerta-maxima-marca-3-cms-nivel-del-sistema-lagunario\/"},"author":{"name":"El Informativo Tam","@id":"https:\/\/elinformativotam.com\/#\/schema\/person\/78e08040eed0f6110f0c5f83b6153590"},"headline":"ALERTA M\u00c1XIMA! MARCA 3 CMS NIVEL DEL SISTEMA LAGUNARIO","datePublished":"2024-04-02T08:17:05+00:00","mainEntityOfPage":{"@id":"https:\/\/elinformativotam.com\/index.php\/2024\/04\/02\/alerta-maxima-marca-3-cms-nivel-del-sistema-lagunario\/"},"wordCount":385,"commentCount":0,"publisher":{"@id":"https:\/\/elinformativotam.com\/#organization"},"image":{"@id":"https:\/\/elinformativotam.com\/index.php\/2024\/04\/02\/alerta-maxima-marca-3-cms-nivel-del-sistema-lagunario\/#primaryimage"},"thumbnailUrl":"https:\/\/elinformativotam.com\/wp-content\/uploads\/2024\/04\/Alzaga-M.jpeg","articleSection":["Tampico"],"inLanguage":"es","potentialAction":[{"@type":"CommentAction","name":"Comment","target":["https:\/\/elinformativotam.com\/index.php\/2024\/04\/02\/alerta-maxima-marca-3-cms-nivel-del-sistema-lagunario\/#respond"]}]},{"@type":"WebPage","@id":"https:\/\/elinformativotam.com\/index.php\/2024\/04\/02\/alerta-maxima-marca-3-cms-nivel-del-sistema-lagunario\/","url":"https:\/\/elinformativotam.com\/index.php\/2024\/04\/02\/alerta-maxima-marca-3-cms-nivel-del-sistema-lagunario\/","name":"ALERTA M\u00c1XIMA! MARCA 3 CMS NIVEL DEL SISTEMA LAGUNARIO - EL INFORMATIVO DE TAMAULIPAS","isPartOf":{"@id":"https:\/\/elinformativotam.com\/#website"},"primaryImageOfPage":{"@id":"https:\/\/elinformativotam.com\/index.php\/2024\/04\/02\/alerta-maxima-marca-3-cms-nivel-del-sistema-lagunario\/#primaryimage"},"image":{"@id":"https:\/\/elinformativotam.com\/index.php\/2024\/04\/02\/alerta-maxima-marca-3-cms-nivel-del-sistema-lagunario\/#primaryimage"},"thumbnailUrl":"https:\/\/elinformativotam.com\/wp-content\/uploads\/2024\/04\/Alzaga-M.jpeg","datePublished":"2024-04-02T08:17:05+00:00","description":"*Exhortan A La Poblaci\u00f3n Racionar El Vital L\u00edquido &nbsp; Luego de que el \u00faltimo reporte en el sistema lagunario arroja(este lunes) una escala de 3","inLanguage":"es","potentialAction":[{"@type":"ReadAction","target":["https:\/\/elinformativotam.com\/index.php\/2024\/04\/02\/alerta-maxima-marca-3-cms-nivel-del-sistema-lagunario\/"]}]},{"@type":"ImageObject","inLanguage":"es","@id":"https:\/\/elinformativotam.com\/index.php\/2024\/04\/02\/alerta-maxima-marca-3-cms-nivel-del-sistema-lagunario\/#primaryimage","url":"https:\/\/elinformativotam.com\/wp-content\/uploads\/2024\/04\/Alzaga-M.jpeg","contentUrl":"https:\/\/elinformativotam.com\/wp-content\/uploads\/2024\/04\/Alzaga-M.jpeg","width":1280,"height":963},{"@type":"WebSite","@id":"https:\/\/elinformativotam.com\/#website","url":"https:\/\/elinformativotam.com\/","name":"EL INFORMATIVO DE TAMAULIPAS","description":"Desde la Zona Metropolitana Para Todo M\u00e9xico","publisher":{"@id":"https:\/\/elinformativotam.com\/#organization"},"potentialAction":[{"@type":"SearchAction","target":{"@type":"EntryPoint","urlTemplate":"https:\/\/elinformativotam.com\/?s={search_term_string}"},"query-input":{"@type":"PropertyValueSpecification","valueRequired":true,"valueName":"search_term_string"}}],"inLanguage":"es"},{"@type":"Organization","@id":"https:\/\/elinformativotam.com\/#organization","name":"EL INFORMATIVO DE TAMAULIPAS","url":"https:\/\/elinformativotam.com\/","logo":{"@type":"ImageObject","inLanguage":"es","@id":"https:\/\/elinformativotam.com\/#\/schema\/logo\/image\/","url":"https:\/\/elinformativotam.com\/wp-content\/uploads\/2026\/02\/Cabezal.png","contentUrl":"https:\/\/elinformativotam.com\/wp-content\/uploads\/2026\/02\/Cabezal.png","width":960,"height":640,"caption":"EL INFORMATIVO DE TAMAULIPAS"},"image":{"@id":"https:\/\/elinformativotam.com\/#\/schema\/logo\/image\/"}},{"@type":"Person","@id":"https:\/\/elinformativotam.com\/#\/schema\/person\/78e08040eed0f6110f0c5f83b6153590","name":"El Informativo Tam","image":{"@type":"ImageObject","inLanguage":"es","@id":"https:\/\/secure.gravatar.com\/avatar\/f3b7ad3af540688955925ac610647be00b0cf41feea9c4978b73a707ee86bc53?s=96&d=mm&r=g","url":"https:\/\/secure.gravatar.com\/avatar\/f3b7ad3af540688955925ac610647be00b0cf41feea9c4978b73a707ee86bc53?s=96&d=mm&r=g","contentUrl":"https:\/\/secure.gravatar.com\/avatar\/f3b7ad3af540688955925ac610647be00b0cf41feea9c4978b73a707ee86bc53?s=96&d=mm&r=g","caption":"El Informativo Tam"}}]}},"_links":{"self":[{"href":"https:\/\/elinformativotam.com\/index.php\/wp-json\/wp\/v2\/posts\/49995","targetHints":{"allow":["GET"]}}],"collection":[{"href":"https:\/\/elinformativotam.com\/index.php\/wp-json\/wp\/v2\/posts"}],"about":[{"href":"https:\/\/elinformativotam.com\/index.php\/wp-json\/wp\/v2\/types\/post"}],"author":[{"embeddable":true,"href":"https:\/\/elinformativotam.com\/index.php\/wp-json\/wp\/v2\/users\/1"}],"replies":[{"embeddable":true,"href":"https:\/\/elinformativotam.com\/index.php\/wp-json\/wp\/v2\/comments?post=49995"}],"version-history":[{"count":1,"href":"https:\/\/elinformativotam.com\/index.php\/wp-json\/wp\/v2\/posts\/49995\/revisions"}],"predecessor-version":[{"id":49997,"href":"https:\/\/elinformativotam.com\/index.php\/wp-json\/wp\/v2\/posts\/49995\/revisions\/49997"}],"wp:featuredmedia":[{"embeddable":true,"href":"https:\/\/elinformativotam.com\/index.php\/wp-json\/wp\/v2\/media\/49996"}],"wp:attachment":[{"href":"https:\/\/elinformativotam.com\/index.php\/wp-json\/wp\/v2\/media?parent=49995"}],"wp:term":[{"taxonomy":"category","embeddable":true,"href":"https:\/\/elinformativotam.com\/index.php\/wp-json\/wp\/v2\/categories?post=49995"},{"taxonomy":"post_tag","embeddable":true,"href":"https:\/\/elinformativotam.com\/index.php\/wp-json\/wp\/v2\/tags?post=49995"}],"curies":[{"name":"wp","href":"https:\/\/api.w.org\/{rel}","templated":true}]}}