{"id":49992,"date":"2024-04-02T02:14:59","date_gmt":"2024-04-02T08:14:59","guid":{"rendered":"https:\/\/elinformativotam.com\/?p=49992"},"modified":"2024-04-02T02:14:59","modified_gmt":"2024-04-02T08:14:59","slug":"cero-robos-en-escuelas-de-tampico-en-primera-semana-de-vacaciones","status":"publish","type":"post","link":"https:\/\/elinformativotam.com\/index.php\/2024\/04\/02\/cero-robos-en-escuelas-de-tampico-en-primera-semana-de-vacaciones\/","title":{"rendered":"CERO ROBOS EN ESCUELAS DE TAMPICO EN PRIMERA SEMANA DE VACACIONES"},"content":{"rendered":"<h2 style=\"text-align: center;\"><em><span style=\"font-family: 'times new roman', times;\">*El Exhorto A Padres De Familia Es Que Le Sigan Echando Un Ojo A Las Instituciones Educativas<\/span><\/em><\/h2>\n<p>&nbsp;<\/p>\n<p>&nbsp;<\/p>\n<p>A una semana de que regresen a las aulas estudiantes del nivel b\u00e1sico en Tampico, hasta el momento no se han registrado robos a planteles educativos, se\u00f1al\u00f3 el Secretario de Educaci\u00f3n del Municipio, Rogelio Carlos Caballero Silva.<\/p>\n<p>&nbsp;<\/p>\n<p>Destac\u00f3 que en \u00e9ste tipo de acciones los padres de familia y maestros juegan un papel importante, ya que muchas escuelas no tienen vigilancia interna, y por ende se ven en la necesidad de &#8220;echarle un ojo&#8221; en la medida de sus posibilidades.<\/p>\n<p>&nbsp;<\/p>\n<p>Manifest\u00f3, que para prevenir cualquier posible incidente los maestros se ven en la necesidad de realizar resguardos de los bienes que se utilizan cotidianamente, y de esta manera evitar que la delincuencia com\u00fan haga de las suyas en las dos semanas de asueto.<\/p>\n<p>&nbsp;<\/p>\n<p>Caballero, destac\u00f3 que hasta el momento se tiene un registro de saldo blanco en este aspecto.<\/p>\n<p>&nbsp;<\/p>\n<p>&#8220;Esperemos que siga desarroll\u00e1ndose as\u00ed durante \u00e9sta \u00faltima semana de vacaciones. Lo dem\u00e1s ya no lo sabemos cada que inicia un periodo vacacional, que es de llevarse los bienes a las casas de los maestros como resguardo&#8221;, a\u00f1adi\u00f3<\/p>\n<p>&nbsp;<\/p>\n<p>El Secretario de Educaci\u00f3n del Gobierno panista solicit\u00f3 a la Guardia Estatal no descuidar la vigilancia en las escuelas de la ciudad.<\/p>\n<p>&nbsp;<\/p>\n<p>&#8220;Hasta el momento no hay reportes de robo, ojal\u00e1 siga as\u00ed, pero volvemos a pedirle encarecidamente a la guardia estatal que no olvide a las escuelas y que sigan inhibiendo el robo y vandalismo&#8221;, resalt\u00f3.<\/p>\n<p>&nbsp;<\/p>\n<p>&nbsp;<\/p>\n","protected":false},"excerpt":{"rendered":"<p>*El Exhorto A Padres De Familia Es Que Le Sigan Echando Un Ojo A Las Instituciones Educativas &nbsp; &nbsp; A&hellip;<\/p>\n","protected":false},"author":1,"featured_media":49993,"comment_status":"open","ping_status":"open","sticky":false,"template":"","format":"standard","meta":{"footnotes":""},"categories":[3],"tags":[],"class_list":["post-49992","post","type-post","status-publish","format-standard","has-post-thumbnail","hentry","category-tampico"],"yoast_head":"<!-- This site is optimized with the Yoast SEO plugin v27.5 - https:\/\/yoast.com\/product\/yoast-seo-wordpress\/ -->\n<title>CERO ROBOS EN ESCUELAS DE TAMPICO EN PRIMERA SEMANA DE VACACIONES - EL INFORMATIVO DE TAMAULIPAS<\/title>\n<meta name=\"description\" content=\"*El Exhorto A Padres De Familia Es Que Le Sigan Echando Un Ojo A Las Instituciones Educativas &nbsp; &nbsp; A una semana de que regresen a las aulas\" \/>\n<meta name=\"robots\" content=\"index, follow, max-snippet:-1, max-image-preview:large, max-video-preview:-1\" \/>\n<link rel=\"canonical\" href=\"https:\/\/elinformativotam.com\/index.php\/2024\/04\/02\/cero-robos-en-escuelas-de-tampico-en-primera-semana-de-vacaciones\/\" \/>\n<meta property=\"og:locale\" content=\"es_MX\" \/>\n<meta property=\"og:type\" content=\"article\" \/>\n<meta property=\"og:title\" content=\"CERO ROBOS EN ESCUELAS DE TAMPICO EN PRIMERA SEMANA DE VACACIONES - EL INFORMATIVO DE TAMAULIPAS\" \/>\n<meta property=\"og:description\" content=\"*El Exhorto A Padres De Familia Es Que Le Sigan Echando Un Ojo A Las Instituciones Educativas &nbsp; &nbsp; A una semana de que regresen a las aulas\" \/>\n<meta property=\"og:url\" content=\"https:\/\/elinformativotam.com\/index.php\/2024\/04\/02\/cero-robos-en-escuelas-de-tampico-en-primera-semana-de-vacaciones\/\" \/>\n<meta property=\"og:site_name\" content=\"EL INFORMATIVO DE TAMAULIPAS\" \/>\n<meta property=\"article:published_time\" content=\"2024-04-02T08:14:59+00:00\" \/>\n<meta property=\"og:image\" content=\"https:\/\/elinformativotam.com\/wp-content\/uploads\/2024\/04\/Rogelio.jpeg\" \/>\n\t<meta property=\"og:image:width\" content=\"1280\" \/>\n\t<meta property=\"og:image:height\" content=\"963\" \/>\n\t<meta property=\"og:image:type\" content=\"image\/jpeg\" \/>\n<meta name=\"author\" content=\"El Informativo Tam\" \/>\n<meta name=\"twitter:card\" content=\"summary_large_image\" \/>\n<meta name=\"twitter:label1\" content=\"Escrito por\" \/>\n\t<meta name=\"twitter:data1\" content=\"El Informativo Tam\" \/>\n\t<meta name=\"twitter:label2\" content=\"Tiempo de lectura\" \/>\n\t<meta name=\"twitter:data2\" content=\"2 minutos\" \/>\n<script type=\"application\/ld+json\" class=\"yoast-schema-graph\">{\"@context\":\"https:\\\/\\\/schema.org\",\"@graph\":[{\"@type\":\"Article\",\"@id\":\"https:\\\/\\\/elinformativotam.com\\\/index.php\\\/2024\\\/04\\\/02\\\/cero-robos-en-escuelas-de-tampico-en-primera-semana-de-vacaciones\\\/#article\",\"isPartOf\":{\"@id\":\"https:\\\/\\\/elinformativotam.com\\\/index.php\\\/2024\\\/04\\\/02\\\/cero-robos-en-escuelas-de-tampico-en-primera-semana-de-vacaciones\\\/\"},\"author\":{\"name\":\"El Informativo Tam\",\"@id\":\"https:\\\/\\\/elinformativotam.com\\\/#\\\/schema\\\/person\\\/78e08040eed0f6110f0c5f83b6153590\"},\"headline\":\"CERO ROBOS EN ESCUELAS DE TAMPICO EN PRIMERA SEMANA DE VACACIONES\",\"datePublished\":\"2024-04-02T08:14:59+00:00\",\"mainEntityOfPage\":{\"@id\":\"https:\\\/\\\/elinformativotam.com\\\/index.php\\\/2024\\\/04\\\/02\\\/cero-robos-en-escuelas-de-tampico-en-primera-semana-de-vacaciones\\\/\"},\"wordCount\":280,\"commentCount\":0,\"publisher\":{\"@id\":\"https:\\\/\\\/elinformativotam.com\\\/#organization\"},\"image\":{\"@id\":\"https:\\\/\\\/elinformativotam.com\\\/index.php\\\/2024\\\/04\\\/02\\\/cero-robos-en-escuelas-de-tampico-en-primera-semana-de-vacaciones\\\/#primaryimage\"},\"thumbnailUrl\":\"https:\\\/\\\/elinformativotam.com\\\/wp-content\\\/uploads\\\/2024\\\/04\\\/Rogelio.jpeg\",\"articleSection\":[\"Tampico\"],\"inLanguage\":\"es\",\"potentialAction\":[{\"@type\":\"CommentAction\",\"name\":\"Comment\",\"target\":[\"https:\\\/\\\/elinformativotam.com\\\/index.php\\\/2024\\\/04\\\/02\\\/cero-robos-en-escuelas-de-tampico-en-primera-semana-de-vacaciones\\\/#respond\"]}]},{\"@type\":\"WebPage\",\"@id\":\"https:\\\/\\\/elinformativotam.com\\\/index.php\\\/2024\\\/04\\\/02\\\/cero-robos-en-escuelas-de-tampico-en-primera-semana-de-vacaciones\\\/\",\"url\":\"https:\\\/\\\/elinformativotam.com\\\/index.php\\\/2024\\\/04\\\/02\\\/cero-robos-en-escuelas-de-tampico-en-primera-semana-de-vacaciones\\\/\",\"name\":\"CERO ROBOS EN ESCUELAS DE TAMPICO EN PRIMERA SEMANA DE VACACIONES - EL INFORMATIVO DE TAMAULIPAS\",\"isPartOf\":{\"@id\":\"https:\\\/\\\/elinformativotam.com\\\/#website\"},\"primaryImageOfPage\":{\"@id\":\"https:\\\/\\\/elinformativotam.com\\\/index.php\\\/2024\\\/04\\\/02\\\/cero-robos-en-escuelas-de-tampico-en-primera-semana-de-vacaciones\\\/#primaryimage\"},\"image\":{\"@id\":\"https:\\\/\\\/elinformativotam.com\\\/index.php\\\/2024\\\/04\\\/02\\\/cero-robos-en-escuelas-de-tampico-en-primera-semana-de-vacaciones\\\/#primaryimage\"},\"thumbnailUrl\":\"https:\\\/\\\/elinformativotam.com\\\/wp-content\\\/uploads\\\/2024\\\/04\\\/Rogelio.jpeg\",\"datePublished\":\"2024-04-02T08:14:59+00:00\",\"description\":\"*El Exhorto A Padres De Familia Es Que Le Sigan Echando Un Ojo A Las Instituciones Educativas &nbsp; &nbsp; A una semana de que regresen a las aulas\",\"inLanguage\":\"es\",\"potentialAction\":[{\"@type\":\"ReadAction\",\"target\":[\"https:\\\/\\\/elinformativotam.com\\\/index.php\\\/2024\\\/04\\\/02\\\/cero-robos-en-escuelas-de-tampico-en-primera-semana-de-vacaciones\\\/\"]}]},{\"@type\":\"ImageObject\",\"inLanguage\":\"es\",\"@id\":\"https:\\\/\\\/elinformativotam.com\\\/index.php\\\/2024\\\/04\\\/02\\\/cero-robos-en-escuelas-de-tampico-en-primera-semana-de-vacaciones\\\/#primaryimage\",\"url\":\"https:\\\/\\\/elinformativotam.com\\\/wp-content\\\/uploads\\\/2024\\\/04\\\/Rogelio.jpeg\",\"contentUrl\":\"https:\\\/\\\/elinformativotam.com\\\/wp-content\\\/uploads\\\/2024\\\/04\\\/Rogelio.jpeg\",\"width\":1280,\"height\":963},{\"@type\":\"WebSite\",\"@id\":\"https:\\\/\\\/elinformativotam.com\\\/#website\",\"url\":\"https:\\\/\\\/elinformativotam.com\\\/\",\"name\":\"EL INFORMATIVO DE TAMAULIPAS\",\"description\":\"Desde la Zona Metropolitana Para Todo M\u00e9xico\",\"publisher\":{\"@id\":\"https:\\\/\\\/elinformativotam.com\\\/#organization\"},\"potentialAction\":[{\"@type\":\"SearchAction\",\"target\":{\"@type\":\"EntryPoint\",\"urlTemplate\":\"https:\\\/\\\/elinformativotam.com\\\/?s={search_term_string}\"},\"query-input\":{\"@type\":\"PropertyValueSpecification\",\"valueRequired\":true,\"valueName\":\"search_term_string\"}}],\"inLanguage\":\"es\"},{\"@type\":\"Organization\",\"@id\":\"https:\\\/\\\/elinformativotam.com\\\/#organization\",\"name\":\"EL INFORMATIVO DE TAMAULIPAS\",\"url\":\"https:\\\/\\\/elinformativotam.com\\\/\",\"logo\":{\"@type\":\"ImageObject\",\"inLanguage\":\"es\",\"@id\":\"https:\\\/\\\/elinformativotam.com\\\/#\\\/schema\\\/logo\\\/image\\\/\",\"url\":\"https:\\\/\\\/elinformativotam.com\\\/wp-content\\\/uploads\\\/2026\\\/02\\\/Cabezal.png\",\"contentUrl\":\"https:\\\/\\\/elinformativotam.com\\\/wp-content\\\/uploads\\\/2026\\\/02\\\/Cabezal.png\",\"width\":960,\"height\":640,\"caption\":\"EL INFORMATIVO DE TAMAULIPAS\"},\"image\":{\"@id\":\"https:\\\/\\\/elinformativotam.com\\\/#\\\/schema\\\/logo\\\/image\\\/\"}},{\"@type\":\"Person\",\"@id\":\"https:\\\/\\\/elinformativotam.com\\\/#\\\/schema\\\/person\\\/78e08040eed0f6110f0c5f83b6153590\",\"name\":\"El Informativo Tam\",\"image\":{\"@type\":\"ImageObject\",\"inLanguage\":\"es\",\"@id\":\"https:\\\/\\\/secure.gravatar.com\\\/avatar\\\/f3b7ad3af540688955925ac610647be00b0cf41feea9c4978b73a707ee86bc53?s=96&d=mm&r=g\",\"url\":\"https:\\\/\\\/secure.gravatar.com\\\/avatar\\\/f3b7ad3af540688955925ac610647be00b0cf41feea9c4978b73a707ee86bc53?s=96&d=mm&r=g\",\"contentUrl\":\"https:\\\/\\\/secure.gravatar.com\\\/avatar\\\/f3b7ad3af540688955925ac610647be00b0cf41feea9c4978b73a707ee86bc53?s=96&d=mm&r=g\",\"caption\":\"El Informativo Tam\"}}]}<\/script>\n<!-- \/ Yoast SEO plugin. -->","yoast_head_json":{"title":"CERO ROBOS EN ESCUELAS DE TAMPICO EN PRIMERA SEMANA DE VACACIONES - EL INFORMATIVO DE TAMAULIPAS","description":"*El Exhorto A Padres De Familia Es Que Le Sigan Echando Un Ojo A Las Instituciones Educativas &nbsp; &nbsp; A una semana de que regresen a las aulas","robots":{"index":"index","follow":"follow","max-snippet":"max-snippet:-1","max-image-preview":"max-image-preview:large","max-video-preview":"max-video-preview:-1"},"canonical":"https:\/\/elinformativotam.com\/index.php\/2024\/04\/02\/cero-robos-en-escuelas-de-tampico-en-primera-semana-de-vacaciones\/","og_locale":"es_MX","og_type":"article","og_title":"CERO ROBOS EN ESCUELAS DE TAMPICO EN PRIMERA SEMANA DE VACACIONES - EL INFORMATIVO DE TAMAULIPAS","og_description":"*El Exhorto A Padres De Familia Es Que Le Sigan Echando Un Ojo A Las Instituciones Educativas &nbsp; &nbsp; A una semana de que regresen a las aulas","og_url":"https:\/\/elinformativotam.com\/index.php\/2024\/04\/02\/cero-robos-en-escuelas-de-tampico-en-primera-semana-de-vacaciones\/","og_site_name":"EL INFORMATIVO DE TAMAULIPAS","article_published_time":"2024-04-02T08:14:59+00:00","og_image":[{"width":1280,"height":963,"url":"https:\/\/elinformativotam.com\/wp-content\/uploads\/2024\/04\/Rogelio.jpeg","type":"image\/jpeg"}],"author":"El Informativo Tam","twitter_card":"summary_large_image","twitter_misc":{"Escrito por":"El Informativo Tam","Tiempo de lectura":"2 minutos"},"schema":{"@context":"https:\/\/schema.org","@graph":[{"@type":"Article","@id":"https:\/\/elinformativotam.com\/index.php\/2024\/04\/02\/cero-robos-en-escuelas-de-tampico-en-primera-semana-de-vacaciones\/#article","isPartOf":{"@id":"https:\/\/elinformativotam.com\/index.php\/2024\/04\/02\/cero-robos-en-escuelas-de-tampico-en-primera-semana-de-vacaciones\/"},"author":{"name":"El Informativo Tam","@id":"https:\/\/elinformativotam.com\/#\/schema\/person\/78e08040eed0f6110f0c5f83b6153590"},"headline":"CERO ROBOS EN ESCUELAS DE TAMPICO EN PRIMERA SEMANA DE VACACIONES","datePublished":"2024-04-02T08:14:59+00:00","mainEntityOfPage":{"@id":"https:\/\/elinformativotam.com\/index.php\/2024\/04\/02\/cero-robos-en-escuelas-de-tampico-en-primera-semana-de-vacaciones\/"},"wordCount":280,"commentCount":0,"publisher":{"@id":"https:\/\/elinformativotam.com\/#organization"},"image":{"@id":"https:\/\/elinformativotam.com\/index.php\/2024\/04\/02\/cero-robos-en-escuelas-de-tampico-en-primera-semana-de-vacaciones\/#primaryimage"},"thumbnailUrl":"https:\/\/elinformativotam.com\/wp-content\/uploads\/2024\/04\/Rogelio.jpeg","articleSection":["Tampico"],"inLanguage":"es","potentialAction":[{"@type":"CommentAction","name":"Comment","target":["https:\/\/elinformativotam.com\/index.php\/2024\/04\/02\/cero-robos-en-escuelas-de-tampico-en-primera-semana-de-vacaciones\/#respond"]}]},{"@type":"WebPage","@id":"https:\/\/elinformativotam.com\/index.php\/2024\/04\/02\/cero-robos-en-escuelas-de-tampico-en-primera-semana-de-vacaciones\/","url":"https:\/\/elinformativotam.com\/index.php\/2024\/04\/02\/cero-robos-en-escuelas-de-tampico-en-primera-semana-de-vacaciones\/","name":"CERO ROBOS EN ESCUELAS DE TAMPICO EN PRIMERA SEMANA DE VACACIONES - EL INFORMATIVO DE TAMAULIPAS","isPartOf":{"@id":"https:\/\/elinformativotam.com\/#website"},"primaryImageOfPage":{"@id":"https:\/\/elinformativotam.com\/index.php\/2024\/04\/02\/cero-robos-en-escuelas-de-tampico-en-primera-semana-de-vacaciones\/#primaryimage"},"image":{"@id":"https:\/\/elinformativotam.com\/index.php\/2024\/04\/02\/cero-robos-en-escuelas-de-tampico-en-primera-semana-de-vacaciones\/#primaryimage"},"thumbnailUrl":"https:\/\/elinformativotam.com\/wp-content\/uploads\/2024\/04\/Rogelio.jpeg","datePublished":"2024-04-02T08:14:59+00:00","description":"*El Exhorto A Padres De Familia Es Que Le Sigan Echando Un Ojo A Las Instituciones Educativas &nbsp; &nbsp; A una semana de que regresen a las aulas","inLanguage":"es","potentialAction":[{"@type":"ReadAction","target":["https:\/\/elinformativotam.com\/index.php\/2024\/04\/02\/cero-robos-en-escuelas-de-tampico-en-primera-semana-de-vacaciones\/"]}]},{"@type":"ImageObject","inLanguage":"es","@id":"https:\/\/elinformativotam.com\/index.php\/2024\/04\/02\/cero-robos-en-escuelas-de-tampico-en-primera-semana-de-vacaciones\/#primaryimage","url":"https:\/\/elinformativotam.com\/wp-content\/uploads\/2024\/04\/Rogelio.jpeg","contentUrl":"https:\/\/elinformativotam.com\/wp-content\/uploads\/2024\/04\/Rogelio.jpeg","width":1280,"height":963},{"@type":"WebSite","@id":"https:\/\/elinformativotam.com\/#website","url":"https:\/\/elinformativotam.com\/","name":"EL INFORMATIVO DE TAMAULIPAS","description":"Desde la Zona Metropolitana Para Todo M\u00e9xico","publisher":{"@id":"https:\/\/elinformativotam.com\/#organization"},"potentialAction":[{"@type":"SearchAction","target":{"@type":"EntryPoint","urlTemplate":"https:\/\/elinformativotam.com\/?s={search_term_string}"},"query-input":{"@type":"PropertyValueSpecification","valueRequired":true,"valueName":"search_term_string"}}],"inLanguage":"es"},{"@type":"Organization","@id":"https:\/\/elinformativotam.com\/#organization","name":"EL INFORMATIVO DE TAMAULIPAS","url":"https:\/\/elinformativotam.com\/","logo":{"@type":"ImageObject","inLanguage":"es","@id":"https:\/\/elinformativotam.com\/#\/schema\/logo\/image\/","url":"https:\/\/elinformativotam.com\/wp-content\/uploads\/2026\/02\/Cabezal.png","contentUrl":"https:\/\/elinformativotam.com\/wp-content\/uploads\/2026\/02\/Cabezal.png","width":960,"height":640,"caption":"EL INFORMATIVO DE TAMAULIPAS"},"image":{"@id":"https:\/\/elinformativotam.com\/#\/schema\/logo\/image\/"}},{"@type":"Person","@id":"https:\/\/elinformativotam.com\/#\/schema\/person\/78e08040eed0f6110f0c5f83b6153590","name":"El Informativo Tam","image":{"@type":"ImageObject","inLanguage":"es","@id":"https:\/\/secure.gravatar.com\/avatar\/f3b7ad3af540688955925ac610647be00b0cf41feea9c4978b73a707ee86bc53?s=96&d=mm&r=g","url":"https:\/\/secure.gravatar.com\/avatar\/f3b7ad3af540688955925ac610647be00b0cf41feea9c4978b73a707ee86bc53?s=96&d=mm&r=g","contentUrl":"https:\/\/secure.gravatar.com\/avatar\/f3b7ad3af540688955925ac610647be00b0cf41feea9c4978b73a707ee86bc53?s=96&d=mm&r=g","caption":"El Informativo Tam"}}]}},"_links":{"self":[{"href":"https:\/\/elinformativotam.com\/index.php\/wp-json\/wp\/v2\/posts\/49992","targetHints":{"allow":["GET"]}}],"collection":[{"href":"https:\/\/elinformativotam.com\/index.php\/wp-json\/wp\/v2\/posts"}],"about":[{"href":"https:\/\/elinformativotam.com\/index.php\/wp-json\/wp\/v2\/types\/post"}],"author":[{"embeddable":true,"href":"https:\/\/elinformativotam.com\/index.php\/wp-json\/wp\/v2\/users\/1"}],"replies":[{"embeddable":true,"href":"https:\/\/elinformativotam.com\/index.php\/wp-json\/wp\/v2\/comments?post=49992"}],"version-history":[{"count":1,"href":"https:\/\/elinformativotam.com\/index.php\/wp-json\/wp\/v2\/posts\/49992\/revisions"}],"predecessor-version":[{"id":49994,"href":"https:\/\/elinformativotam.com\/index.php\/wp-json\/wp\/v2\/posts\/49992\/revisions\/49994"}],"wp:featuredmedia":[{"embeddable":true,"href":"https:\/\/elinformativotam.com\/index.php\/wp-json\/wp\/v2\/media\/49993"}],"wp:attachment":[{"href":"https:\/\/elinformativotam.com\/index.php\/wp-json\/wp\/v2\/media?parent=49992"}],"wp:term":[{"taxonomy":"category","embeddable":true,"href":"https:\/\/elinformativotam.com\/index.php\/wp-json\/wp\/v2\/categories?post=49992"},{"taxonomy":"post_tag","embeddable":true,"href":"https:\/\/elinformativotam.com\/index.php\/wp-json\/wp\/v2\/tags?post=49992"}],"curies":[{"name":"wp","href":"https:\/\/api.w.org\/{rel}","templated":true}]}}