{"id":4999,"date":"2020-04-17T21:32:51","date_gmt":"2020-04-18T03:32:51","guid":{"rendered":"http:\/\/elinformativotam.com\/?p=4999"},"modified":"2020-04-17T21:32:51","modified_gmt":"2020-04-18T03:32:51","slug":"mas-empresarios-respaldan-a-chucho-nader-para-apoyar-familias-vulnerables","status":"publish","type":"post","link":"https:\/\/elinformativotam.com\/index.php\/2020\/04\/17\/mas-empresarios-respaldan-a-chucho-nader-para-apoyar-familias-vulnerables\/","title":{"rendered":"M\u00c1S EMPRESARIOS RESPALDAN A CHUCHO NADER PARA APOYAR FAMILIAS VULNERABLES"},"content":{"rendered":"<p>*Donan 4,400 Despensas Para Apoyar A Grupos Vulnerables Y El Ayuntamiento Duplica Beneficio Para Entregar 8mil 800.<\/p>\n<p>&nbsp;<\/p>\n<p>Un total de 4,400 despensas fueron donadas este viernes por parte de 21 empresarios de la localidad que se sumaron al llamado del Presidente Municipal Chucho Nader para respaldar la econom\u00eda de los grupos m\u00e1s desprotegidos de la sociedad.<\/p>\n<p>&nbsp;<\/p>\n<p>En una breve ceremonia efectuada en la Sala de Cabildo del Ayuntamiento porte\u00f1o, el jefe edilicio reconoci\u00f3 a nombre del pueblo de Tampico, la voluntad y generosidad de los sectores productivos por contribuir en este momento de gran necesidad para muchas familias tampique\u00f1as.<\/p>\n<p>&nbsp;<\/p>\n<p>Chucho Nader agradeci\u00f3 el gesto solidario de los empresarios Joaqu\u00edn Madaria Alzaga, Camilo Kuri, Erik Abrhamson, Joaqu\u00edn Arg\u00fcelles, Humberto De La Fuente, Alejandro Charur, Alberto Landi, Em\u00e9rico Hern\u00e1ndez, Le\u00f3n Arag\u00f3n, Gerardo Tamayo, Jes\u00fas G\u00f3mez Bra\u00f1a, Ricardo Corripio, Ricardo Gorordo, Armando Solbes Sim\u00f3n, Juan Antonio Solbes Sim\u00f3n, Francisco Fern\u00e1ndez, Jorge Nasrallah, Jorge Fern\u00e1ndez, \u00c9dgar Rubio, Trinidad Maximoto y Jaime Elizondo Naranjo, por ser parte de las acciones positivas en beneficio de los que menos tienen.<\/p>\n<p>&nbsp;<\/p>\n<p>&#8220;Mi reconocimiento a todos y cada uno de ustedes por acudir de manera responsable, sensible y humana y sobre todo, oportuna, en este momento en que m\u00e1s necesitamos del apoyo de todos. Muchas familias est\u00e1n enfrentando un momento dif\u00edcil y se han acercado a esta administraci\u00f3n para pedir ayuda; por lo que este paquete de despensas, sin duda, vendr\u00e1 ayudar a muchos ciudadanos&#8221;, dijo.<\/p>\n<p>&nbsp;<\/p>\n<p>El mandatario expuso que por cada despensa que los empresarios y representantes de la sociedad, done, su administraci\u00f3n donar\u00e1 una m\u00e1s, de tal suerte que el apoyo se duplique y se extienda la cobertura de beneficiarios.<\/p>\n<p>&nbsp;<\/p>\n<p>&#8220;Hoy estaremos dando inicio a la entrega de estas despensas que generosamente nos han donado nuestro amigos empresarios y con este compromiso de mi gobierno, ser\u00e1n 8,800 los paquetes alimentarios que distribuiremos entre los sectores m\u00e1s necesitados&#8221;, explic\u00f3.<\/p>\n<p>&nbsp;<\/p>\n<p>Por su parte el empresario Camilo Kuri Con reconoci\u00f3 la iniciativa del alcalde porte\u00f1o y refrend\u00f3 su compromiso de seguir respaldando los esfuerzos de la administraci\u00f3n municipal por apoyar a familias vulnerables y extendi\u00f3 la invitaci\u00f3n a los distintos sectores sociales y productivos a sumarse a este esfuerzo colectivo.<\/p>\n<p>&nbsp;<\/p>\n<p>Joaqu\u00edn Madaria Alzaga, otro de los empresarios que formaron parte de esta importante donaci\u00f3n, reconoci\u00f3 la iniciativa de Nader Nasrallah y asegur\u00f3 que seguiremos transitando por una temporada dif\u00edcil, &#8220;por lo que -dijo- es muy importante que quienes puedan sumarse a esta causa lo hagan; y sabemos que lo van a hacer porque hay una muy buena percepci\u00f3n de lo que est\u00e1 haciendo esta administraci\u00f3n municipal&#8221;.<\/p>\n","protected":false},"excerpt":{"rendered":"<p>*Donan 4,400 Despensas Para Apoyar A Grupos Vulnerables Y El Ayuntamiento Duplica Beneficio Para Entregar 8mil 800. &nbsp; Un total&hellip;<\/p>\n","protected":false},"author":1,"featured_media":0,"comment_status":"open","ping_status":"open","sticky":false,"template":"","format":"standard","meta":{"footnotes":""},"categories":[3],"tags":[],"class_list":["post-4999","post","type-post","status-publish","format-standard","hentry","category-tampico"],"yoast_head":"<!-- This site is optimized with the Yoast SEO plugin v27.4 - https:\/\/yoast.com\/product\/yoast-seo-wordpress\/ -->\n<title>M\u00c1S EMPRESARIOS RESPALDAN A CHUCHO NADER PARA APOYAR FAMILIAS VULNERABLES - EL INFORMATIVO DE TAMAULIPAS<\/title>\n<meta name=\"description\" content=\"*Donan 4,400 Despensas Para Apoyar A Grupos Vulnerables Y El Ayuntamiento Duplica Beneficio Para Entregar 8mil 800. &nbsp; Un total de 4,400 despensas\" \/>\n<meta name=\"robots\" content=\"index, follow, max-snippet:-1, max-image-preview:large, max-video-preview:-1\" \/>\n<link rel=\"canonical\" href=\"https:\/\/elinformativotam.com\/index.php\/2020\/04\/17\/mas-empresarios-respaldan-a-chucho-nader-para-apoyar-familias-vulnerables\/\" \/>\n<meta property=\"og:locale\" content=\"es_MX\" \/>\n<meta property=\"og:type\" content=\"article\" \/>\n<meta property=\"og:title\" content=\"M\u00c1S EMPRESARIOS RESPALDAN A CHUCHO NADER PARA APOYAR FAMILIAS VULNERABLES - EL INFORMATIVO DE TAMAULIPAS\" \/>\n<meta property=\"og:description\" content=\"*Donan 4,400 Despensas Para Apoyar A Grupos Vulnerables Y El Ayuntamiento Duplica Beneficio Para Entregar 8mil 800. &nbsp; Un total de 4,400 despensas\" \/>\n<meta property=\"og:url\" content=\"https:\/\/elinformativotam.com\/index.php\/2020\/04\/17\/mas-empresarios-respaldan-a-chucho-nader-para-apoyar-familias-vulnerables\/\" \/>\n<meta property=\"og:site_name\" content=\"EL INFORMATIVO DE TAMAULIPAS\" \/>\n<meta property=\"article:published_time\" content=\"2020-04-18T03:32:51+00:00\" \/>\n<meta name=\"author\" content=\"El Informativo Tam\" \/>\n<meta name=\"twitter:card\" content=\"summary_large_image\" \/>\n<meta name=\"twitter:label1\" content=\"Escrito por\" \/>\n\t<meta name=\"twitter:data1\" content=\"El Informativo Tam\" \/>\n\t<meta name=\"twitter:label2\" content=\"Tiempo de lectura\" \/>\n\t<meta name=\"twitter:data2\" content=\"2 minutos\" \/>\n<script type=\"application\/ld+json\" class=\"yoast-schema-graph\">{\"@context\":\"https:\\\/\\\/schema.org\",\"@graph\":[{\"@type\":\"Article\",\"@id\":\"https:\\\/\\\/elinformativotam.com\\\/index.php\\\/2020\\\/04\\\/17\\\/mas-empresarios-respaldan-a-chucho-nader-para-apoyar-familias-vulnerables\\\/#article\",\"isPartOf\":{\"@id\":\"https:\\\/\\\/elinformativotam.com\\\/index.php\\\/2020\\\/04\\\/17\\\/mas-empresarios-respaldan-a-chucho-nader-para-apoyar-familias-vulnerables\\\/\"},\"author\":{\"name\":\"El Informativo Tam\",\"@id\":\"https:\\\/\\\/elinformativotam.com\\\/#\\\/schema\\\/person\\\/78e08040eed0f6110f0c5f83b6153590\"},\"headline\":\"M\u00c1S EMPRESARIOS RESPALDAN A CHUCHO NADER PARA APOYAR FAMILIAS VULNERABLES\",\"datePublished\":\"2020-04-18T03:32:51+00:00\",\"mainEntityOfPage\":{\"@id\":\"https:\\\/\\\/elinformativotam.com\\\/index.php\\\/2020\\\/04\\\/17\\\/mas-empresarios-respaldan-a-chucho-nader-para-apoyar-familias-vulnerables\\\/\"},\"wordCount\":474,\"commentCount\":0,\"publisher\":{\"@id\":\"https:\\\/\\\/elinformativotam.com\\\/#organization\"},\"articleSection\":[\"Tampico\"],\"inLanguage\":\"es\",\"potentialAction\":[{\"@type\":\"CommentAction\",\"name\":\"Comment\",\"target\":[\"https:\\\/\\\/elinformativotam.com\\\/index.php\\\/2020\\\/04\\\/17\\\/mas-empresarios-respaldan-a-chucho-nader-para-apoyar-familias-vulnerables\\\/#respond\"]}]},{\"@type\":\"WebPage\",\"@id\":\"https:\\\/\\\/elinformativotam.com\\\/index.php\\\/2020\\\/04\\\/17\\\/mas-empresarios-respaldan-a-chucho-nader-para-apoyar-familias-vulnerables\\\/\",\"url\":\"https:\\\/\\\/elinformativotam.com\\\/index.php\\\/2020\\\/04\\\/17\\\/mas-empresarios-respaldan-a-chucho-nader-para-apoyar-familias-vulnerables\\\/\",\"name\":\"M\u00c1S EMPRESARIOS RESPALDAN A CHUCHO NADER PARA APOYAR FAMILIAS VULNERABLES - EL INFORMATIVO DE TAMAULIPAS\",\"isPartOf\":{\"@id\":\"https:\\\/\\\/elinformativotam.com\\\/#website\"},\"datePublished\":\"2020-04-18T03:32:51+00:00\",\"description\":\"*Donan 4,400 Despensas Para Apoyar A Grupos Vulnerables Y El Ayuntamiento Duplica Beneficio Para Entregar 8mil 800. &nbsp; Un total de 4,400 despensas\",\"inLanguage\":\"es\",\"potentialAction\":[{\"@type\":\"ReadAction\",\"target\":[\"https:\\\/\\\/elinformativotam.com\\\/index.php\\\/2020\\\/04\\\/17\\\/mas-empresarios-respaldan-a-chucho-nader-para-apoyar-familias-vulnerables\\\/\"]}]},{\"@type\":\"WebSite\",\"@id\":\"https:\\\/\\\/elinformativotam.com\\\/#website\",\"url\":\"https:\\\/\\\/elinformativotam.com\\\/\",\"name\":\"EL INFORMATIVO DE TAMAULIPAS\",\"description\":\"Desde la Zona Metropolitana Para Todo M\u00e9xico\",\"publisher\":{\"@id\":\"https:\\\/\\\/elinformativotam.com\\\/#organization\"},\"potentialAction\":[{\"@type\":\"SearchAction\",\"target\":{\"@type\":\"EntryPoint\",\"urlTemplate\":\"https:\\\/\\\/elinformativotam.com\\\/?s={search_term_string}\"},\"query-input\":{\"@type\":\"PropertyValueSpecification\",\"valueRequired\":true,\"valueName\":\"search_term_string\"}}],\"inLanguage\":\"es\"},{\"@type\":\"Organization\",\"@id\":\"https:\\\/\\\/elinformativotam.com\\\/#organization\",\"name\":\"EL INFORMATIVO DE TAMAULIPAS\",\"url\":\"https:\\\/\\\/elinformativotam.com\\\/\",\"logo\":{\"@type\":\"ImageObject\",\"inLanguage\":\"es\",\"@id\":\"https:\\\/\\\/elinformativotam.com\\\/#\\\/schema\\\/logo\\\/image\\\/\",\"url\":\"https:\\\/\\\/elinformativotam.com\\\/wp-content\\\/uploads\\\/2026\\\/02\\\/Cabezal.png\",\"contentUrl\":\"https:\\\/\\\/elinformativotam.com\\\/wp-content\\\/uploads\\\/2026\\\/02\\\/Cabezal.png\",\"width\":960,\"height\":640,\"caption\":\"EL INFORMATIVO DE TAMAULIPAS\"},\"image\":{\"@id\":\"https:\\\/\\\/elinformativotam.com\\\/#\\\/schema\\\/logo\\\/image\\\/\"}},{\"@type\":\"Person\",\"@id\":\"https:\\\/\\\/elinformativotam.com\\\/#\\\/schema\\\/person\\\/78e08040eed0f6110f0c5f83b6153590\",\"name\":\"El Informativo Tam\",\"image\":{\"@type\":\"ImageObject\",\"inLanguage\":\"es\",\"@id\":\"https:\\\/\\\/secure.gravatar.com\\\/avatar\\\/f3b7ad3af540688955925ac610647be00b0cf41feea9c4978b73a707ee86bc53?s=96&d=mm&r=g\",\"url\":\"https:\\\/\\\/secure.gravatar.com\\\/avatar\\\/f3b7ad3af540688955925ac610647be00b0cf41feea9c4978b73a707ee86bc53?s=96&d=mm&r=g\",\"contentUrl\":\"https:\\\/\\\/secure.gravatar.com\\\/avatar\\\/f3b7ad3af540688955925ac610647be00b0cf41feea9c4978b73a707ee86bc53?s=96&d=mm&r=g\",\"caption\":\"El Informativo Tam\"}}]}<\/script>\n<!-- \/ Yoast SEO plugin. -->","yoast_head_json":{"title":"M\u00c1S EMPRESARIOS RESPALDAN A CHUCHO NADER PARA APOYAR FAMILIAS VULNERABLES - EL INFORMATIVO DE TAMAULIPAS","description":"*Donan 4,400 Despensas Para Apoyar A Grupos Vulnerables Y El Ayuntamiento Duplica Beneficio Para Entregar 8mil 800. &nbsp; Un total de 4,400 despensas","robots":{"index":"index","follow":"follow","max-snippet":"max-snippet:-1","max-image-preview":"max-image-preview:large","max-video-preview":"max-video-preview:-1"},"canonical":"https:\/\/elinformativotam.com\/index.php\/2020\/04\/17\/mas-empresarios-respaldan-a-chucho-nader-para-apoyar-familias-vulnerables\/","og_locale":"es_MX","og_type":"article","og_title":"M\u00c1S EMPRESARIOS RESPALDAN A CHUCHO NADER PARA APOYAR FAMILIAS VULNERABLES - EL INFORMATIVO DE TAMAULIPAS","og_description":"*Donan 4,400 Despensas Para Apoyar A Grupos Vulnerables Y El Ayuntamiento Duplica Beneficio Para Entregar 8mil 800. &nbsp; Un total de 4,400 despensas","og_url":"https:\/\/elinformativotam.com\/index.php\/2020\/04\/17\/mas-empresarios-respaldan-a-chucho-nader-para-apoyar-familias-vulnerables\/","og_site_name":"EL INFORMATIVO DE TAMAULIPAS","article_published_time":"2020-04-18T03:32:51+00:00","author":"El Informativo Tam","twitter_card":"summary_large_image","twitter_misc":{"Escrito por":"El Informativo Tam","Tiempo de lectura":"2 minutos"},"schema":{"@context":"https:\/\/schema.org","@graph":[{"@type":"Article","@id":"https:\/\/elinformativotam.com\/index.php\/2020\/04\/17\/mas-empresarios-respaldan-a-chucho-nader-para-apoyar-familias-vulnerables\/#article","isPartOf":{"@id":"https:\/\/elinformativotam.com\/index.php\/2020\/04\/17\/mas-empresarios-respaldan-a-chucho-nader-para-apoyar-familias-vulnerables\/"},"author":{"name":"El Informativo Tam","@id":"https:\/\/elinformativotam.com\/#\/schema\/person\/78e08040eed0f6110f0c5f83b6153590"},"headline":"M\u00c1S EMPRESARIOS RESPALDAN A CHUCHO NADER PARA APOYAR FAMILIAS VULNERABLES","datePublished":"2020-04-18T03:32:51+00:00","mainEntityOfPage":{"@id":"https:\/\/elinformativotam.com\/index.php\/2020\/04\/17\/mas-empresarios-respaldan-a-chucho-nader-para-apoyar-familias-vulnerables\/"},"wordCount":474,"commentCount":0,"publisher":{"@id":"https:\/\/elinformativotam.com\/#organization"},"articleSection":["Tampico"],"inLanguage":"es","potentialAction":[{"@type":"CommentAction","name":"Comment","target":["https:\/\/elinformativotam.com\/index.php\/2020\/04\/17\/mas-empresarios-respaldan-a-chucho-nader-para-apoyar-familias-vulnerables\/#respond"]}]},{"@type":"WebPage","@id":"https:\/\/elinformativotam.com\/index.php\/2020\/04\/17\/mas-empresarios-respaldan-a-chucho-nader-para-apoyar-familias-vulnerables\/","url":"https:\/\/elinformativotam.com\/index.php\/2020\/04\/17\/mas-empresarios-respaldan-a-chucho-nader-para-apoyar-familias-vulnerables\/","name":"M\u00c1S EMPRESARIOS RESPALDAN A CHUCHO NADER PARA APOYAR FAMILIAS VULNERABLES - EL INFORMATIVO DE TAMAULIPAS","isPartOf":{"@id":"https:\/\/elinformativotam.com\/#website"},"datePublished":"2020-04-18T03:32:51+00:00","description":"*Donan 4,400 Despensas Para Apoyar A Grupos Vulnerables Y El Ayuntamiento Duplica Beneficio Para Entregar 8mil 800. &nbsp; Un total de 4,400 despensas","inLanguage":"es","potentialAction":[{"@type":"ReadAction","target":["https:\/\/elinformativotam.com\/index.php\/2020\/04\/17\/mas-empresarios-respaldan-a-chucho-nader-para-apoyar-familias-vulnerables\/"]}]},{"@type":"WebSite","@id":"https:\/\/elinformativotam.com\/#website","url":"https:\/\/elinformativotam.com\/","name":"EL INFORMATIVO DE TAMAULIPAS","description":"Desde la Zona Metropolitana Para Todo M\u00e9xico","publisher":{"@id":"https:\/\/elinformativotam.com\/#organization"},"potentialAction":[{"@type":"SearchAction","target":{"@type":"EntryPoint","urlTemplate":"https:\/\/elinformativotam.com\/?s={search_term_string}"},"query-input":{"@type":"PropertyValueSpecification","valueRequired":true,"valueName":"search_term_string"}}],"inLanguage":"es"},{"@type":"Organization","@id":"https:\/\/elinformativotam.com\/#organization","name":"EL INFORMATIVO DE TAMAULIPAS","url":"https:\/\/elinformativotam.com\/","logo":{"@type":"ImageObject","inLanguage":"es","@id":"https:\/\/elinformativotam.com\/#\/schema\/logo\/image\/","url":"https:\/\/elinformativotam.com\/wp-content\/uploads\/2026\/02\/Cabezal.png","contentUrl":"https:\/\/elinformativotam.com\/wp-content\/uploads\/2026\/02\/Cabezal.png","width":960,"height":640,"caption":"EL INFORMATIVO DE TAMAULIPAS"},"image":{"@id":"https:\/\/elinformativotam.com\/#\/schema\/logo\/image\/"}},{"@type":"Person","@id":"https:\/\/elinformativotam.com\/#\/schema\/person\/78e08040eed0f6110f0c5f83b6153590","name":"El Informativo Tam","image":{"@type":"ImageObject","inLanguage":"es","@id":"https:\/\/secure.gravatar.com\/avatar\/f3b7ad3af540688955925ac610647be00b0cf41feea9c4978b73a707ee86bc53?s=96&d=mm&r=g","url":"https:\/\/secure.gravatar.com\/avatar\/f3b7ad3af540688955925ac610647be00b0cf41feea9c4978b73a707ee86bc53?s=96&d=mm&r=g","contentUrl":"https:\/\/secure.gravatar.com\/avatar\/f3b7ad3af540688955925ac610647be00b0cf41feea9c4978b73a707ee86bc53?s=96&d=mm&r=g","caption":"El Informativo Tam"}}]}},"_links":{"self":[{"href":"https:\/\/elinformativotam.com\/index.php\/wp-json\/wp\/v2\/posts\/4999","targetHints":{"allow":["GET"]}}],"collection":[{"href":"https:\/\/elinformativotam.com\/index.php\/wp-json\/wp\/v2\/posts"}],"about":[{"href":"https:\/\/elinformativotam.com\/index.php\/wp-json\/wp\/v2\/types\/post"}],"author":[{"embeddable":true,"href":"https:\/\/elinformativotam.com\/index.php\/wp-json\/wp\/v2\/users\/1"}],"replies":[{"embeddable":true,"href":"https:\/\/elinformativotam.com\/index.php\/wp-json\/wp\/v2\/comments?post=4999"}],"version-history":[{"count":0,"href":"https:\/\/elinformativotam.com\/index.php\/wp-json\/wp\/v2\/posts\/4999\/revisions"}],"wp:attachment":[{"href":"https:\/\/elinformativotam.com\/index.php\/wp-json\/wp\/v2\/media?parent=4999"}],"wp:term":[{"taxonomy":"category","embeddable":true,"href":"https:\/\/elinformativotam.com\/index.php\/wp-json\/wp\/v2\/categories?post=4999"},{"taxonomy":"post_tag","embeddable":true,"href":"https:\/\/elinformativotam.com\/index.php\/wp-json\/wp\/v2\/tags?post=4999"}],"curies":[{"name":"wp","href":"https:\/\/api.w.org\/{rel}","templated":true}]}}