{"id":49945,"date":"2024-03-29T13:29:58","date_gmt":"2024-03-29T19:29:58","guid":{"rendered":"https:\/\/elinformativotam.com\/?p=49945"},"modified":"2024-03-29T13:29:58","modified_gmt":"2024-03-29T19:29:58","slug":"esperan-ocupacion-de-100-por-ciento-de-ocupacion-en-hoteles-de-altamira","status":"publish","type":"post","link":"https:\/\/elinformativotam.com\/index.php\/2024\/03\/29\/esperan-ocupacion-de-100-por-ciento-de-ocupacion-en-hoteles-de-altamira\/","title":{"rendered":"ESPERAN OCUPACI\u00d3N DE 100 POR CIENTO DE OCUPACION EN HOTELES DE ALTAMIRA"},"content":{"rendered":"<p>Las expectativas que se tienen para esta Semana Santa son muy positivas, ya que Gonzalo Urbina, empresario del sector hotelero, expuso que tienen confianza de llegar a un 100 por ciento.<\/p>\n<p>&nbsp;<\/p>\n<p>Detall\u00f3 cada a\u00f1o la expectativa es mejor y\u00a0 gran parte de eso es que desde el 2023, la ocupaci\u00f3n en los hoteles de Altamira se ha mantenido en un 50 por ciento.<\/p>\n<p>&nbsp;<\/p>\n<p>&#8220;En estos d\u00edas s\u00ed nos aumenta m\u00e1s la ocupaci\u00f3n, los precios son muy accesibles, somos un destino que es de los m\u00e1s econ\u00f3micos en todo el pa\u00eds&#8221;, coment\u00f3.<\/p>\n<p>&nbsp;<\/p>\n<p>Mencion\u00f3 que tienen las puertas abiertas a todos los que por alguna raz\u00f3n ya no quisieron ir a Acapulco, lo pueden hacer en este destino, pues cuentan con una gran diversidad de paseos, feria, museo.<\/p>\n<p>&nbsp;<\/p>\n<p>Agreg\u00f3 que no se sienten excluidos de la marca Tampico Miramar, ya que lo que se vende es el destino, porque adem\u00e1s la marca tiene mucho tiempo y reconocida.<\/p>\n","protected":false},"excerpt":{"rendered":"<p>Las expectativas que se tienen para esta Semana Santa son muy positivas, ya que Gonzalo Urbina, empresario del sector hotelero,&hellip;<\/p>\n","protected":false},"author":1,"featured_media":49942,"comment_status":"open","ping_status":"open","sticky":false,"template":"","format":"standard","meta":{"footnotes":""},"categories":[5],"tags":[],"class_list":["post-49945","post","type-post","status-publish","format-standard","has-post-thumbnail","hentry","category-altamira"],"yoast_head":"<!-- This site is optimized with the Yoast SEO plugin v27.5 - https:\/\/yoast.com\/product\/yoast-seo-wordpress\/ -->\n<title>ESPERAN OCUPACI\u00d3N DE 100 POR CIENTO DE OCUPACION EN HOTELES DE ALTAMIRA - EL INFORMATIVO DE TAMAULIPAS<\/title>\n<meta name=\"description\" content=\"Las expectativas que se tienen para esta Semana Santa son muy positivas, ya que Gonzalo Urbina, empresario del sector hotelero, expuso que tienen\" \/>\n<meta name=\"robots\" content=\"index, follow, max-snippet:-1, max-image-preview:large, max-video-preview:-1\" \/>\n<link rel=\"canonical\" href=\"https:\/\/elinformativotam.com\/index.php\/2024\/03\/29\/esperan-ocupacion-de-100-por-ciento-de-ocupacion-en-hoteles-de-altamira\/\" \/>\n<meta property=\"og:locale\" content=\"es_MX\" \/>\n<meta property=\"og:type\" content=\"article\" \/>\n<meta property=\"og:title\" content=\"ESPERAN OCUPACI\u00d3N DE 100 POR CIENTO DE OCUPACION EN HOTELES DE ALTAMIRA - EL INFORMATIVO DE TAMAULIPAS\" \/>\n<meta property=\"og:description\" content=\"Las expectativas que se tienen para esta Semana Santa son muy positivas, ya que Gonzalo Urbina, empresario del sector hotelero, expuso que tienen\" \/>\n<meta property=\"og:url\" content=\"https:\/\/elinformativotam.com\/index.php\/2024\/03\/29\/esperan-ocupacion-de-100-por-ciento-de-ocupacion-en-hoteles-de-altamira\/\" \/>\n<meta property=\"og:site_name\" content=\"EL INFORMATIVO DE TAMAULIPAS\" \/>\n<meta property=\"article:published_time\" content=\"2024-03-29T19:29:58+00:00\" \/>\n<meta property=\"og:image\" content=\"https:\/\/elinformativotam.com\/wp-content\/uploads\/2024\/03\/Hotel.jpeg\" \/>\n\t<meta property=\"og:image:width\" content=\"275\" \/>\n\t<meta property=\"og:image:height\" content=\"183\" \/>\n\t<meta property=\"og:image:type\" content=\"image\/jpeg\" \/>\n<meta name=\"author\" content=\"El Informativo Tam\" \/>\n<meta name=\"twitter:card\" content=\"summary_large_image\" \/>\n<meta name=\"twitter:label1\" content=\"Escrito por\" \/>\n\t<meta name=\"twitter:data1\" content=\"El Informativo Tam\" \/>\n\t<meta name=\"twitter:label2\" content=\"Tiempo de lectura\" \/>\n\t<meta name=\"twitter:data2\" content=\"1 minuto\" \/>\n<script type=\"application\/ld+json\" class=\"yoast-schema-graph\">{\"@context\":\"https:\\\/\\\/schema.org\",\"@graph\":[{\"@type\":\"Article\",\"@id\":\"https:\\\/\\\/elinformativotam.com\\\/index.php\\\/2024\\\/03\\\/29\\\/esperan-ocupacion-de-100-por-ciento-de-ocupacion-en-hoteles-de-altamira\\\/#article\",\"isPartOf\":{\"@id\":\"https:\\\/\\\/elinformativotam.com\\\/index.php\\\/2024\\\/03\\\/29\\\/esperan-ocupacion-de-100-por-ciento-de-ocupacion-en-hoteles-de-altamira\\\/\"},\"author\":{\"name\":\"El Informativo Tam\",\"@id\":\"https:\\\/\\\/elinformativotam.com\\\/#\\\/schema\\\/person\\\/78e08040eed0f6110f0c5f83b6153590\"},\"headline\":\"ESPERAN OCUPACI\u00d3N DE 100 POR CIENTO DE OCUPACION EN HOTELES DE ALTAMIRA\",\"datePublished\":\"2024-03-29T19:29:58+00:00\",\"mainEntityOfPage\":{\"@id\":\"https:\\\/\\\/elinformativotam.com\\\/index.php\\\/2024\\\/03\\\/29\\\/esperan-ocupacion-de-100-por-ciento-de-ocupacion-en-hoteles-de-altamira\\\/\"},\"wordCount\":178,\"commentCount\":0,\"publisher\":{\"@id\":\"https:\\\/\\\/elinformativotam.com\\\/#organization\"},\"image\":{\"@id\":\"https:\\\/\\\/elinformativotam.com\\\/index.php\\\/2024\\\/03\\\/29\\\/esperan-ocupacion-de-100-por-ciento-de-ocupacion-en-hoteles-de-altamira\\\/#primaryimage\"},\"thumbnailUrl\":\"https:\\\/\\\/elinformativotam.com\\\/wp-content\\\/uploads\\\/2024\\\/03\\\/Hotel.jpeg\",\"articleSection\":[\"Altamira\"],\"inLanguage\":\"es\",\"potentialAction\":[{\"@type\":\"CommentAction\",\"name\":\"Comment\",\"target\":[\"https:\\\/\\\/elinformativotam.com\\\/index.php\\\/2024\\\/03\\\/29\\\/esperan-ocupacion-de-100-por-ciento-de-ocupacion-en-hoteles-de-altamira\\\/#respond\"]}]},{\"@type\":\"WebPage\",\"@id\":\"https:\\\/\\\/elinformativotam.com\\\/index.php\\\/2024\\\/03\\\/29\\\/esperan-ocupacion-de-100-por-ciento-de-ocupacion-en-hoteles-de-altamira\\\/\",\"url\":\"https:\\\/\\\/elinformativotam.com\\\/index.php\\\/2024\\\/03\\\/29\\\/esperan-ocupacion-de-100-por-ciento-de-ocupacion-en-hoteles-de-altamira\\\/\",\"name\":\"ESPERAN OCUPACI\u00d3N DE 100 POR CIENTO DE OCUPACION EN HOTELES DE ALTAMIRA - EL INFORMATIVO DE TAMAULIPAS\",\"isPartOf\":{\"@id\":\"https:\\\/\\\/elinformativotam.com\\\/#website\"},\"primaryImageOfPage\":{\"@id\":\"https:\\\/\\\/elinformativotam.com\\\/index.php\\\/2024\\\/03\\\/29\\\/esperan-ocupacion-de-100-por-ciento-de-ocupacion-en-hoteles-de-altamira\\\/#primaryimage\"},\"image\":{\"@id\":\"https:\\\/\\\/elinformativotam.com\\\/index.php\\\/2024\\\/03\\\/29\\\/esperan-ocupacion-de-100-por-ciento-de-ocupacion-en-hoteles-de-altamira\\\/#primaryimage\"},\"thumbnailUrl\":\"https:\\\/\\\/elinformativotam.com\\\/wp-content\\\/uploads\\\/2024\\\/03\\\/Hotel.jpeg\",\"datePublished\":\"2024-03-29T19:29:58+00:00\",\"description\":\"Las expectativas que se tienen para esta Semana Santa son muy positivas, ya que Gonzalo Urbina, empresario del sector hotelero, expuso que tienen\",\"inLanguage\":\"es\",\"potentialAction\":[{\"@type\":\"ReadAction\",\"target\":[\"https:\\\/\\\/elinformativotam.com\\\/index.php\\\/2024\\\/03\\\/29\\\/esperan-ocupacion-de-100-por-ciento-de-ocupacion-en-hoteles-de-altamira\\\/\"]}]},{\"@type\":\"ImageObject\",\"inLanguage\":\"es\",\"@id\":\"https:\\\/\\\/elinformativotam.com\\\/index.php\\\/2024\\\/03\\\/29\\\/esperan-ocupacion-de-100-por-ciento-de-ocupacion-en-hoteles-de-altamira\\\/#primaryimage\",\"url\":\"https:\\\/\\\/elinformativotam.com\\\/wp-content\\\/uploads\\\/2024\\\/03\\\/Hotel.jpeg\",\"contentUrl\":\"https:\\\/\\\/elinformativotam.com\\\/wp-content\\\/uploads\\\/2024\\\/03\\\/Hotel.jpeg\",\"width\":275,\"height\":183},{\"@type\":\"WebSite\",\"@id\":\"https:\\\/\\\/elinformativotam.com\\\/#website\",\"url\":\"https:\\\/\\\/elinformativotam.com\\\/\",\"name\":\"EL INFORMATIVO DE TAMAULIPAS\",\"description\":\"Desde la Zona Metropolitana Para Todo M\u00e9xico\",\"publisher\":{\"@id\":\"https:\\\/\\\/elinformativotam.com\\\/#organization\"},\"potentialAction\":[{\"@type\":\"SearchAction\",\"target\":{\"@type\":\"EntryPoint\",\"urlTemplate\":\"https:\\\/\\\/elinformativotam.com\\\/?s={search_term_string}\"},\"query-input\":{\"@type\":\"PropertyValueSpecification\",\"valueRequired\":true,\"valueName\":\"search_term_string\"}}],\"inLanguage\":\"es\"},{\"@type\":\"Organization\",\"@id\":\"https:\\\/\\\/elinformativotam.com\\\/#organization\",\"name\":\"EL INFORMATIVO DE TAMAULIPAS\",\"url\":\"https:\\\/\\\/elinformativotam.com\\\/\",\"logo\":{\"@type\":\"ImageObject\",\"inLanguage\":\"es\",\"@id\":\"https:\\\/\\\/elinformativotam.com\\\/#\\\/schema\\\/logo\\\/image\\\/\",\"url\":\"https:\\\/\\\/elinformativotam.com\\\/wp-content\\\/uploads\\\/2026\\\/02\\\/Cabezal.png\",\"contentUrl\":\"https:\\\/\\\/elinformativotam.com\\\/wp-content\\\/uploads\\\/2026\\\/02\\\/Cabezal.png\",\"width\":960,\"height\":640,\"caption\":\"EL INFORMATIVO DE TAMAULIPAS\"},\"image\":{\"@id\":\"https:\\\/\\\/elinformativotam.com\\\/#\\\/schema\\\/logo\\\/image\\\/\"}},{\"@type\":\"Person\",\"@id\":\"https:\\\/\\\/elinformativotam.com\\\/#\\\/schema\\\/person\\\/78e08040eed0f6110f0c5f83b6153590\",\"name\":\"El Informativo Tam\",\"image\":{\"@type\":\"ImageObject\",\"inLanguage\":\"es\",\"@id\":\"https:\\\/\\\/secure.gravatar.com\\\/avatar\\\/f3b7ad3af540688955925ac610647be00b0cf41feea9c4978b73a707ee86bc53?s=96&d=mm&r=g\",\"url\":\"https:\\\/\\\/secure.gravatar.com\\\/avatar\\\/f3b7ad3af540688955925ac610647be00b0cf41feea9c4978b73a707ee86bc53?s=96&d=mm&r=g\",\"contentUrl\":\"https:\\\/\\\/secure.gravatar.com\\\/avatar\\\/f3b7ad3af540688955925ac610647be00b0cf41feea9c4978b73a707ee86bc53?s=96&d=mm&r=g\",\"caption\":\"El Informativo Tam\"}}]}<\/script>\n<!-- \/ Yoast SEO plugin. -->","yoast_head_json":{"title":"ESPERAN OCUPACI\u00d3N DE 100 POR CIENTO DE OCUPACION EN HOTELES DE ALTAMIRA - EL INFORMATIVO DE TAMAULIPAS","description":"Las expectativas que se tienen para esta Semana Santa son muy positivas, ya que Gonzalo Urbina, empresario del sector hotelero, expuso que tienen","robots":{"index":"index","follow":"follow","max-snippet":"max-snippet:-1","max-image-preview":"max-image-preview:large","max-video-preview":"max-video-preview:-1"},"canonical":"https:\/\/elinformativotam.com\/index.php\/2024\/03\/29\/esperan-ocupacion-de-100-por-ciento-de-ocupacion-en-hoteles-de-altamira\/","og_locale":"es_MX","og_type":"article","og_title":"ESPERAN OCUPACI\u00d3N DE 100 POR CIENTO DE OCUPACION EN HOTELES DE ALTAMIRA - EL INFORMATIVO DE TAMAULIPAS","og_description":"Las expectativas que se tienen para esta Semana Santa son muy positivas, ya que Gonzalo Urbina, empresario del sector hotelero, expuso que tienen","og_url":"https:\/\/elinformativotam.com\/index.php\/2024\/03\/29\/esperan-ocupacion-de-100-por-ciento-de-ocupacion-en-hoteles-de-altamira\/","og_site_name":"EL INFORMATIVO DE TAMAULIPAS","article_published_time":"2024-03-29T19:29:58+00:00","og_image":[{"width":275,"height":183,"url":"https:\/\/elinformativotam.com\/wp-content\/uploads\/2024\/03\/Hotel.jpeg","type":"image\/jpeg"}],"author":"El Informativo Tam","twitter_card":"summary_large_image","twitter_misc":{"Escrito por":"El Informativo Tam","Tiempo de lectura":"1 minuto"},"schema":{"@context":"https:\/\/schema.org","@graph":[{"@type":"Article","@id":"https:\/\/elinformativotam.com\/index.php\/2024\/03\/29\/esperan-ocupacion-de-100-por-ciento-de-ocupacion-en-hoteles-de-altamira\/#article","isPartOf":{"@id":"https:\/\/elinformativotam.com\/index.php\/2024\/03\/29\/esperan-ocupacion-de-100-por-ciento-de-ocupacion-en-hoteles-de-altamira\/"},"author":{"name":"El Informativo Tam","@id":"https:\/\/elinformativotam.com\/#\/schema\/person\/78e08040eed0f6110f0c5f83b6153590"},"headline":"ESPERAN OCUPACI\u00d3N DE 100 POR CIENTO DE OCUPACION EN HOTELES DE ALTAMIRA","datePublished":"2024-03-29T19:29:58+00:00","mainEntityOfPage":{"@id":"https:\/\/elinformativotam.com\/index.php\/2024\/03\/29\/esperan-ocupacion-de-100-por-ciento-de-ocupacion-en-hoteles-de-altamira\/"},"wordCount":178,"commentCount":0,"publisher":{"@id":"https:\/\/elinformativotam.com\/#organization"},"image":{"@id":"https:\/\/elinformativotam.com\/index.php\/2024\/03\/29\/esperan-ocupacion-de-100-por-ciento-de-ocupacion-en-hoteles-de-altamira\/#primaryimage"},"thumbnailUrl":"https:\/\/elinformativotam.com\/wp-content\/uploads\/2024\/03\/Hotel.jpeg","articleSection":["Altamira"],"inLanguage":"es","potentialAction":[{"@type":"CommentAction","name":"Comment","target":["https:\/\/elinformativotam.com\/index.php\/2024\/03\/29\/esperan-ocupacion-de-100-por-ciento-de-ocupacion-en-hoteles-de-altamira\/#respond"]}]},{"@type":"WebPage","@id":"https:\/\/elinformativotam.com\/index.php\/2024\/03\/29\/esperan-ocupacion-de-100-por-ciento-de-ocupacion-en-hoteles-de-altamira\/","url":"https:\/\/elinformativotam.com\/index.php\/2024\/03\/29\/esperan-ocupacion-de-100-por-ciento-de-ocupacion-en-hoteles-de-altamira\/","name":"ESPERAN OCUPACI\u00d3N DE 100 POR CIENTO DE OCUPACION EN HOTELES DE ALTAMIRA - EL INFORMATIVO DE TAMAULIPAS","isPartOf":{"@id":"https:\/\/elinformativotam.com\/#website"},"primaryImageOfPage":{"@id":"https:\/\/elinformativotam.com\/index.php\/2024\/03\/29\/esperan-ocupacion-de-100-por-ciento-de-ocupacion-en-hoteles-de-altamira\/#primaryimage"},"image":{"@id":"https:\/\/elinformativotam.com\/index.php\/2024\/03\/29\/esperan-ocupacion-de-100-por-ciento-de-ocupacion-en-hoteles-de-altamira\/#primaryimage"},"thumbnailUrl":"https:\/\/elinformativotam.com\/wp-content\/uploads\/2024\/03\/Hotel.jpeg","datePublished":"2024-03-29T19:29:58+00:00","description":"Las expectativas que se tienen para esta Semana Santa son muy positivas, ya que Gonzalo Urbina, empresario del sector hotelero, expuso que tienen","inLanguage":"es","potentialAction":[{"@type":"ReadAction","target":["https:\/\/elinformativotam.com\/index.php\/2024\/03\/29\/esperan-ocupacion-de-100-por-ciento-de-ocupacion-en-hoteles-de-altamira\/"]}]},{"@type":"ImageObject","inLanguage":"es","@id":"https:\/\/elinformativotam.com\/index.php\/2024\/03\/29\/esperan-ocupacion-de-100-por-ciento-de-ocupacion-en-hoteles-de-altamira\/#primaryimage","url":"https:\/\/elinformativotam.com\/wp-content\/uploads\/2024\/03\/Hotel.jpeg","contentUrl":"https:\/\/elinformativotam.com\/wp-content\/uploads\/2024\/03\/Hotel.jpeg","width":275,"height":183},{"@type":"WebSite","@id":"https:\/\/elinformativotam.com\/#website","url":"https:\/\/elinformativotam.com\/","name":"EL INFORMATIVO DE TAMAULIPAS","description":"Desde la Zona Metropolitana Para Todo M\u00e9xico","publisher":{"@id":"https:\/\/elinformativotam.com\/#organization"},"potentialAction":[{"@type":"SearchAction","target":{"@type":"EntryPoint","urlTemplate":"https:\/\/elinformativotam.com\/?s={search_term_string}"},"query-input":{"@type":"PropertyValueSpecification","valueRequired":true,"valueName":"search_term_string"}}],"inLanguage":"es"},{"@type":"Organization","@id":"https:\/\/elinformativotam.com\/#organization","name":"EL INFORMATIVO DE TAMAULIPAS","url":"https:\/\/elinformativotam.com\/","logo":{"@type":"ImageObject","inLanguage":"es","@id":"https:\/\/elinformativotam.com\/#\/schema\/logo\/image\/","url":"https:\/\/elinformativotam.com\/wp-content\/uploads\/2026\/02\/Cabezal.png","contentUrl":"https:\/\/elinformativotam.com\/wp-content\/uploads\/2026\/02\/Cabezal.png","width":960,"height":640,"caption":"EL INFORMATIVO DE TAMAULIPAS"},"image":{"@id":"https:\/\/elinformativotam.com\/#\/schema\/logo\/image\/"}},{"@type":"Person","@id":"https:\/\/elinformativotam.com\/#\/schema\/person\/78e08040eed0f6110f0c5f83b6153590","name":"El Informativo Tam","image":{"@type":"ImageObject","inLanguage":"es","@id":"https:\/\/secure.gravatar.com\/avatar\/f3b7ad3af540688955925ac610647be00b0cf41feea9c4978b73a707ee86bc53?s=96&d=mm&r=g","url":"https:\/\/secure.gravatar.com\/avatar\/f3b7ad3af540688955925ac610647be00b0cf41feea9c4978b73a707ee86bc53?s=96&d=mm&r=g","contentUrl":"https:\/\/secure.gravatar.com\/avatar\/f3b7ad3af540688955925ac610647be00b0cf41feea9c4978b73a707ee86bc53?s=96&d=mm&r=g","caption":"El Informativo Tam"}}]}},"_links":{"self":[{"href":"https:\/\/elinformativotam.com\/index.php\/wp-json\/wp\/v2\/posts\/49945","targetHints":{"allow":["GET"]}}],"collection":[{"href":"https:\/\/elinformativotam.com\/index.php\/wp-json\/wp\/v2\/posts"}],"about":[{"href":"https:\/\/elinformativotam.com\/index.php\/wp-json\/wp\/v2\/types\/post"}],"author":[{"embeddable":true,"href":"https:\/\/elinformativotam.com\/index.php\/wp-json\/wp\/v2\/users\/1"}],"replies":[{"embeddable":true,"href":"https:\/\/elinformativotam.com\/index.php\/wp-json\/wp\/v2\/comments?post=49945"}],"version-history":[{"count":1,"href":"https:\/\/elinformativotam.com\/index.php\/wp-json\/wp\/v2\/posts\/49945\/revisions"}],"predecessor-version":[{"id":49946,"href":"https:\/\/elinformativotam.com\/index.php\/wp-json\/wp\/v2\/posts\/49945\/revisions\/49946"}],"wp:featuredmedia":[{"embeddable":true,"href":"https:\/\/elinformativotam.com\/index.php\/wp-json\/wp\/v2\/media\/49942"}],"wp:attachment":[{"href":"https:\/\/elinformativotam.com\/index.php\/wp-json\/wp\/v2\/media?parent=49945"}],"wp:term":[{"taxonomy":"category","embeddable":true,"href":"https:\/\/elinformativotam.com\/index.php\/wp-json\/wp\/v2\/categories?post=49945"},{"taxonomy":"post_tag","embeddable":true,"href":"https:\/\/elinformativotam.com\/index.php\/wp-json\/wp\/v2\/tags?post=49945"}],"curies":[{"name":"wp","href":"https:\/\/api.w.org\/{rel}","templated":true}]}}