{"id":49940,"date":"2024-03-29T13:28:38","date_gmt":"2024-03-29T19:28:38","guid":{"rendered":"https:\/\/elinformativotam.com\/?p=49940"},"modified":"2024-03-29T13:28:38","modified_gmt":"2024-03-29T19:28:38","slug":"clinica-imss-de-la-morita-niega-atencion-a-una-madre-de-familia","status":"publish","type":"post","link":"https:\/\/elinformativotam.com\/index.php\/2024\/03\/29\/clinica-imss-de-la-morita-niega-atencion-a-una-madre-de-familia\/","title":{"rendered":"CL\u00cdNICA IMSS DE LA MORITA NIEGA ATENCI\u00d3N A UNA MADRE DE FAMILIA"},"content":{"rendered":"<p>Una madre desesperada llevo a su hija a recibiera atenci\u00f3n medica en la cl\u00ednica del IMSS ubicada en el sector la morita del municipio de Altamira, la desesperada progenitora de la menor menciono que la peque\u00f1a tra\u00eda m\u00e1s de \u00a040 \u00a0grados de temperatura corporal, v\u00f3mito y diarrea y que adem\u00e1s es una ni\u00f1a especial y eso podr\u00eda tener complicaciones.<\/p>\n<p>&nbsp;<\/p>\n<p>&#8220;Por su situaci\u00f3n m\u00e9dica eso podr\u00eda tener complicaciones y no les import\u00f3, porque ella estaba descansando bien a gusto y sac\u00f3 la cartilla de mi hijo, que estaba hasta abajo y puso hasta arriba&#8221;, coment\u00f3.<\/p>\n<p>&nbsp;<\/p>\n<p>Coment\u00f3 que otra persona le dijo que si la recepcionista no la pasaba, \u00e9l no la pod\u00eda pasar, expres\u00f3 que tuvo que llamar al 911 para que llegar\u00e1 una patrulla, ya para entonces, comenta que su hija est\u00e1 a tirada a media sala de espera.<\/p>\n<p>&nbsp;<\/p>\n<p>Agreg\u00f3 que apenas se fueron los polic\u00edas, le negaron el acceso y por ello recurri\u00f3 mejor a la cl\u00ednica del DIF. Argumenta que no es el\u00a0 \u00fanico caso, pues tambi\u00e9n lleg\u00f3 un se\u00f1or herido y tampoco lo atendieron.<\/p>\n<p>&nbsp;<\/p>\n<p>&nbsp;<\/p>\n<p>&nbsp;<\/p>\n","protected":false},"excerpt":{"rendered":"<p>Una madre desesperada llevo a su hija a recibiera atenci\u00f3n medica en la cl\u00ednica del IMSS ubicada en el sector&hellip;<\/p>\n","protected":false},"author":1,"featured_media":49943,"comment_status":"open","ping_status":"open","sticky":false,"template":"","format":"standard","meta":{"footnotes":""},"categories":[5],"tags":[],"class_list":["post-49940","post","type-post","status-publish","format-standard","has-post-thumbnail","hentry","category-altamira"],"yoast_head":"<!-- This site is optimized with the Yoast SEO plugin v27.5 - https:\/\/yoast.com\/product\/yoast-seo-wordpress\/ -->\n<title>CL\u00cdNICA IMSS DE LA MORITA NIEGA ATENCI\u00d3N A UNA MADRE DE FAMILIA - EL INFORMATIVO DE TAMAULIPAS<\/title>\n<meta name=\"description\" content=\"Una madre desesperada llevo a su hija a recibiera atenci\u00f3n medica en la cl\u00ednica del IMSS ubicada en el sector la morita del municipio de Altamira, la\" \/>\n<meta name=\"robots\" content=\"index, follow, max-snippet:-1, max-image-preview:large, max-video-preview:-1\" \/>\n<link rel=\"canonical\" href=\"https:\/\/elinformativotam.com\/index.php\/2024\/03\/29\/clinica-imss-de-la-morita-niega-atencion-a-una-madre-de-familia\/\" \/>\n<meta property=\"og:locale\" content=\"es_MX\" \/>\n<meta property=\"og:type\" content=\"article\" \/>\n<meta property=\"og:title\" content=\"CL\u00cdNICA IMSS DE LA MORITA NIEGA ATENCI\u00d3N A UNA MADRE DE FAMILIA - EL INFORMATIVO DE TAMAULIPAS\" \/>\n<meta property=\"og:description\" content=\"Una madre desesperada llevo a su hija a recibiera atenci\u00f3n medica en la cl\u00ednica del IMSS ubicada en el sector la morita del municipio de Altamira, la\" \/>\n<meta property=\"og:url\" content=\"https:\/\/elinformativotam.com\/index.php\/2024\/03\/29\/clinica-imss-de-la-morita-niega-atencion-a-una-madre-de-familia\/\" \/>\n<meta property=\"og:site_name\" content=\"EL INFORMATIVO DE TAMAULIPAS\" \/>\n<meta property=\"article:published_time\" content=\"2024-03-29T19:28:38+00:00\" \/>\n<meta property=\"og:image\" content=\"https:\/\/elinformativotam.com\/wp-content\/uploads\/2024\/03\/La-Morita.jpeg\" \/>\n\t<meta property=\"og:image:width\" content=\"284\" \/>\n\t<meta property=\"og:image:height\" content=\"177\" \/>\n\t<meta property=\"og:image:type\" content=\"image\/jpeg\" \/>\n<meta name=\"author\" content=\"El Informativo Tam\" \/>\n<meta name=\"twitter:card\" content=\"summary_large_image\" \/>\n<meta name=\"twitter:label1\" content=\"Escrito por\" \/>\n\t<meta name=\"twitter:data1\" content=\"El Informativo Tam\" \/>\n\t<meta name=\"twitter:label2\" content=\"Tiempo de lectura\" \/>\n\t<meta name=\"twitter:data2\" content=\"2 minutos\" \/>\n<script type=\"application\/ld+json\" class=\"yoast-schema-graph\">{\"@context\":\"https:\\\/\\\/schema.org\",\"@graph\":[{\"@type\":\"Article\",\"@id\":\"https:\\\/\\\/elinformativotam.com\\\/index.php\\\/2024\\\/03\\\/29\\\/clinica-imss-de-la-morita-niega-atencion-a-una-madre-de-familia\\\/#article\",\"isPartOf\":{\"@id\":\"https:\\\/\\\/elinformativotam.com\\\/index.php\\\/2024\\\/03\\\/29\\\/clinica-imss-de-la-morita-niega-atencion-a-una-madre-de-familia\\\/\"},\"author\":{\"name\":\"El Informativo Tam\",\"@id\":\"https:\\\/\\\/elinformativotam.com\\\/#\\\/schema\\\/person\\\/78e08040eed0f6110f0c5f83b6153590\"},\"headline\":\"CL\u00cdNICA IMSS DE LA MORITA NIEGA ATENCI\u00d3N A UNA MADRE DE FAMILIA\",\"datePublished\":\"2024-03-29T19:28:38+00:00\",\"mainEntityOfPage\":{\"@id\":\"https:\\\/\\\/elinformativotam.com\\\/index.php\\\/2024\\\/03\\\/29\\\/clinica-imss-de-la-morita-niega-atencion-a-una-madre-de-familia\\\/\"},\"wordCount\":212,\"commentCount\":0,\"publisher\":{\"@id\":\"https:\\\/\\\/elinformativotam.com\\\/#organization\"},\"image\":{\"@id\":\"https:\\\/\\\/elinformativotam.com\\\/index.php\\\/2024\\\/03\\\/29\\\/clinica-imss-de-la-morita-niega-atencion-a-una-madre-de-familia\\\/#primaryimage\"},\"thumbnailUrl\":\"https:\\\/\\\/elinformativotam.com\\\/wp-content\\\/uploads\\\/2024\\\/03\\\/La-Morita.jpeg\",\"articleSection\":[\"Altamira\"],\"inLanguage\":\"es\",\"potentialAction\":[{\"@type\":\"CommentAction\",\"name\":\"Comment\",\"target\":[\"https:\\\/\\\/elinformativotam.com\\\/index.php\\\/2024\\\/03\\\/29\\\/clinica-imss-de-la-morita-niega-atencion-a-una-madre-de-familia\\\/#respond\"]}]},{\"@type\":\"WebPage\",\"@id\":\"https:\\\/\\\/elinformativotam.com\\\/index.php\\\/2024\\\/03\\\/29\\\/clinica-imss-de-la-morita-niega-atencion-a-una-madre-de-familia\\\/\",\"url\":\"https:\\\/\\\/elinformativotam.com\\\/index.php\\\/2024\\\/03\\\/29\\\/clinica-imss-de-la-morita-niega-atencion-a-una-madre-de-familia\\\/\",\"name\":\"CL\u00cdNICA IMSS DE LA MORITA NIEGA ATENCI\u00d3N A UNA MADRE DE FAMILIA - EL INFORMATIVO DE TAMAULIPAS\",\"isPartOf\":{\"@id\":\"https:\\\/\\\/elinformativotam.com\\\/#website\"},\"primaryImageOfPage\":{\"@id\":\"https:\\\/\\\/elinformativotam.com\\\/index.php\\\/2024\\\/03\\\/29\\\/clinica-imss-de-la-morita-niega-atencion-a-una-madre-de-familia\\\/#primaryimage\"},\"image\":{\"@id\":\"https:\\\/\\\/elinformativotam.com\\\/index.php\\\/2024\\\/03\\\/29\\\/clinica-imss-de-la-morita-niega-atencion-a-una-madre-de-familia\\\/#primaryimage\"},\"thumbnailUrl\":\"https:\\\/\\\/elinformativotam.com\\\/wp-content\\\/uploads\\\/2024\\\/03\\\/La-Morita.jpeg\",\"datePublished\":\"2024-03-29T19:28:38+00:00\",\"description\":\"Una madre desesperada llevo a su hija a recibiera atenci\u00f3n medica en la cl\u00ednica del IMSS ubicada en el sector la morita del municipio de Altamira, la\",\"inLanguage\":\"es\",\"potentialAction\":[{\"@type\":\"ReadAction\",\"target\":[\"https:\\\/\\\/elinformativotam.com\\\/index.php\\\/2024\\\/03\\\/29\\\/clinica-imss-de-la-morita-niega-atencion-a-una-madre-de-familia\\\/\"]}]},{\"@type\":\"ImageObject\",\"inLanguage\":\"es\",\"@id\":\"https:\\\/\\\/elinformativotam.com\\\/index.php\\\/2024\\\/03\\\/29\\\/clinica-imss-de-la-morita-niega-atencion-a-una-madre-de-familia\\\/#primaryimage\",\"url\":\"https:\\\/\\\/elinformativotam.com\\\/wp-content\\\/uploads\\\/2024\\\/03\\\/La-Morita.jpeg\",\"contentUrl\":\"https:\\\/\\\/elinformativotam.com\\\/wp-content\\\/uploads\\\/2024\\\/03\\\/La-Morita.jpeg\",\"width\":284,\"height\":177},{\"@type\":\"WebSite\",\"@id\":\"https:\\\/\\\/elinformativotam.com\\\/#website\",\"url\":\"https:\\\/\\\/elinformativotam.com\\\/\",\"name\":\"EL INFORMATIVO DE TAMAULIPAS\",\"description\":\"Desde la Zona Metropolitana Para Todo M\u00e9xico\",\"publisher\":{\"@id\":\"https:\\\/\\\/elinformativotam.com\\\/#organization\"},\"potentialAction\":[{\"@type\":\"SearchAction\",\"target\":{\"@type\":\"EntryPoint\",\"urlTemplate\":\"https:\\\/\\\/elinformativotam.com\\\/?s={search_term_string}\"},\"query-input\":{\"@type\":\"PropertyValueSpecification\",\"valueRequired\":true,\"valueName\":\"search_term_string\"}}],\"inLanguage\":\"es\"},{\"@type\":\"Organization\",\"@id\":\"https:\\\/\\\/elinformativotam.com\\\/#organization\",\"name\":\"EL INFORMATIVO DE TAMAULIPAS\",\"url\":\"https:\\\/\\\/elinformativotam.com\\\/\",\"logo\":{\"@type\":\"ImageObject\",\"inLanguage\":\"es\",\"@id\":\"https:\\\/\\\/elinformativotam.com\\\/#\\\/schema\\\/logo\\\/image\\\/\",\"url\":\"https:\\\/\\\/elinformativotam.com\\\/wp-content\\\/uploads\\\/2026\\\/02\\\/Cabezal.png\",\"contentUrl\":\"https:\\\/\\\/elinformativotam.com\\\/wp-content\\\/uploads\\\/2026\\\/02\\\/Cabezal.png\",\"width\":960,\"height\":640,\"caption\":\"EL INFORMATIVO DE TAMAULIPAS\"},\"image\":{\"@id\":\"https:\\\/\\\/elinformativotam.com\\\/#\\\/schema\\\/logo\\\/image\\\/\"}},{\"@type\":\"Person\",\"@id\":\"https:\\\/\\\/elinformativotam.com\\\/#\\\/schema\\\/person\\\/78e08040eed0f6110f0c5f83b6153590\",\"name\":\"El Informativo Tam\",\"image\":{\"@type\":\"ImageObject\",\"inLanguage\":\"es\",\"@id\":\"https:\\\/\\\/secure.gravatar.com\\\/avatar\\\/f3b7ad3af540688955925ac610647be00b0cf41feea9c4978b73a707ee86bc53?s=96&d=mm&r=g\",\"url\":\"https:\\\/\\\/secure.gravatar.com\\\/avatar\\\/f3b7ad3af540688955925ac610647be00b0cf41feea9c4978b73a707ee86bc53?s=96&d=mm&r=g\",\"contentUrl\":\"https:\\\/\\\/secure.gravatar.com\\\/avatar\\\/f3b7ad3af540688955925ac610647be00b0cf41feea9c4978b73a707ee86bc53?s=96&d=mm&r=g\",\"caption\":\"El Informativo Tam\"}}]}<\/script>\n<!-- \/ Yoast SEO plugin. -->","yoast_head_json":{"title":"CL\u00cdNICA IMSS DE LA MORITA NIEGA ATENCI\u00d3N A UNA MADRE DE FAMILIA - EL INFORMATIVO DE TAMAULIPAS","description":"Una madre desesperada llevo a su hija a recibiera atenci\u00f3n medica en la cl\u00ednica del IMSS ubicada en el sector la morita del municipio de Altamira, la","robots":{"index":"index","follow":"follow","max-snippet":"max-snippet:-1","max-image-preview":"max-image-preview:large","max-video-preview":"max-video-preview:-1"},"canonical":"https:\/\/elinformativotam.com\/index.php\/2024\/03\/29\/clinica-imss-de-la-morita-niega-atencion-a-una-madre-de-familia\/","og_locale":"es_MX","og_type":"article","og_title":"CL\u00cdNICA IMSS DE LA MORITA NIEGA ATENCI\u00d3N A UNA MADRE DE FAMILIA - EL INFORMATIVO DE TAMAULIPAS","og_description":"Una madre desesperada llevo a su hija a recibiera atenci\u00f3n medica en la cl\u00ednica del IMSS ubicada en el sector la morita del municipio de Altamira, la","og_url":"https:\/\/elinformativotam.com\/index.php\/2024\/03\/29\/clinica-imss-de-la-morita-niega-atencion-a-una-madre-de-familia\/","og_site_name":"EL INFORMATIVO DE TAMAULIPAS","article_published_time":"2024-03-29T19:28:38+00:00","og_image":[{"width":284,"height":177,"url":"https:\/\/elinformativotam.com\/wp-content\/uploads\/2024\/03\/La-Morita.jpeg","type":"image\/jpeg"}],"author":"El Informativo Tam","twitter_card":"summary_large_image","twitter_misc":{"Escrito por":"El Informativo Tam","Tiempo de lectura":"2 minutos"},"schema":{"@context":"https:\/\/schema.org","@graph":[{"@type":"Article","@id":"https:\/\/elinformativotam.com\/index.php\/2024\/03\/29\/clinica-imss-de-la-morita-niega-atencion-a-una-madre-de-familia\/#article","isPartOf":{"@id":"https:\/\/elinformativotam.com\/index.php\/2024\/03\/29\/clinica-imss-de-la-morita-niega-atencion-a-una-madre-de-familia\/"},"author":{"name":"El Informativo Tam","@id":"https:\/\/elinformativotam.com\/#\/schema\/person\/78e08040eed0f6110f0c5f83b6153590"},"headline":"CL\u00cdNICA IMSS DE LA MORITA NIEGA ATENCI\u00d3N A UNA MADRE DE FAMILIA","datePublished":"2024-03-29T19:28:38+00:00","mainEntityOfPage":{"@id":"https:\/\/elinformativotam.com\/index.php\/2024\/03\/29\/clinica-imss-de-la-morita-niega-atencion-a-una-madre-de-familia\/"},"wordCount":212,"commentCount":0,"publisher":{"@id":"https:\/\/elinformativotam.com\/#organization"},"image":{"@id":"https:\/\/elinformativotam.com\/index.php\/2024\/03\/29\/clinica-imss-de-la-morita-niega-atencion-a-una-madre-de-familia\/#primaryimage"},"thumbnailUrl":"https:\/\/elinformativotam.com\/wp-content\/uploads\/2024\/03\/La-Morita.jpeg","articleSection":["Altamira"],"inLanguage":"es","potentialAction":[{"@type":"CommentAction","name":"Comment","target":["https:\/\/elinformativotam.com\/index.php\/2024\/03\/29\/clinica-imss-de-la-morita-niega-atencion-a-una-madre-de-familia\/#respond"]}]},{"@type":"WebPage","@id":"https:\/\/elinformativotam.com\/index.php\/2024\/03\/29\/clinica-imss-de-la-morita-niega-atencion-a-una-madre-de-familia\/","url":"https:\/\/elinformativotam.com\/index.php\/2024\/03\/29\/clinica-imss-de-la-morita-niega-atencion-a-una-madre-de-familia\/","name":"CL\u00cdNICA IMSS DE LA MORITA NIEGA ATENCI\u00d3N A UNA MADRE DE FAMILIA - EL INFORMATIVO DE TAMAULIPAS","isPartOf":{"@id":"https:\/\/elinformativotam.com\/#website"},"primaryImageOfPage":{"@id":"https:\/\/elinformativotam.com\/index.php\/2024\/03\/29\/clinica-imss-de-la-morita-niega-atencion-a-una-madre-de-familia\/#primaryimage"},"image":{"@id":"https:\/\/elinformativotam.com\/index.php\/2024\/03\/29\/clinica-imss-de-la-morita-niega-atencion-a-una-madre-de-familia\/#primaryimage"},"thumbnailUrl":"https:\/\/elinformativotam.com\/wp-content\/uploads\/2024\/03\/La-Morita.jpeg","datePublished":"2024-03-29T19:28:38+00:00","description":"Una madre desesperada llevo a su hija a recibiera atenci\u00f3n medica en la cl\u00ednica del IMSS ubicada en el sector la morita del municipio de Altamira, la","inLanguage":"es","potentialAction":[{"@type":"ReadAction","target":["https:\/\/elinformativotam.com\/index.php\/2024\/03\/29\/clinica-imss-de-la-morita-niega-atencion-a-una-madre-de-familia\/"]}]},{"@type":"ImageObject","inLanguage":"es","@id":"https:\/\/elinformativotam.com\/index.php\/2024\/03\/29\/clinica-imss-de-la-morita-niega-atencion-a-una-madre-de-familia\/#primaryimage","url":"https:\/\/elinformativotam.com\/wp-content\/uploads\/2024\/03\/La-Morita.jpeg","contentUrl":"https:\/\/elinformativotam.com\/wp-content\/uploads\/2024\/03\/La-Morita.jpeg","width":284,"height":177},{"@type":"WebSite","@id":"https:\/\/elinformativotam.com\/#website","url":"https:\/\/elinformativotam.com\/","name":"EL INFORMATIVO DE TAMAULIPAS","description":"Desde la Zona Metropolitana Para Todo M\u00e9xico","publisher":{"@id":"https:\/\/elinformativotam.com\/#organization"},"potentialAction":[{"@type":"SearchAction","target":{"@type":"EntryPoint","urlTemplate":"https:\/\/elinformativotam.com\/?s={search_term_string}"},"query-input":{"@type":"PropertyValueSpecification","valueRequired":true,"valueName":"search_term_string"}}],"inLanguage":"es"},{"@type":"Organization","@id":"https:\/\/elinformativotam.com\/#organization","name":"EL INFORMATIVO DE TAMAULIPAS","url":"https:\/\/elinformativotam.com\/","logo":{"@type":"ImageObject","inLanguage":"es","@id":"https:\/\/elinformativotam.com\/#\/schema\/logo\/image\/","url":"https:\/\/elinformativotam.com\/wp-content\/uploads\/2026\/02\/Cabezal.png","contentUrl":"https:\/\/elinformativotam.com\/wp-content\/uploads\/2026\/02\/Cabezal.png","width":960,"height":640,"caption":"EL INFORMATIVO DE TAMAULIPAS"},"image":{"@id":"https:\/\/elinformativotam.com\/#\/schema\/logo\/image\/"}},{"@type":"Person","@id":"https:\/\/elinformativotam.com\/#\/schema\/person\/78e08040eed0f6110f0c5f83b6153590","name":"El Informativo Tam","image":{"@type":"ImageObject","inLanguage":"es","@id":"https:\/\/secure.gravatar.com\/avatar\/f3b7ad3af540688955925ac610647be00b0cf41feea9c4978b73a707ee86bc53?s=96&d=mm&r=g","url":"https:\/\/secure.gravatar.com\/avatar\/f3b7ad3af540688955925ac610647be00b0cf41feea9c4978b73a707ee86bc53?s=96&d=mm&r=g","contentUrl":"https:\/\/secure.gravatar.com\/avatar\/f3b7ad3af540688955925ac610647be00b0cf41feea9c4978b73a707ee86bc53?s=96&d=mm&r=g","caption":"El Informativo Tam"}}]}},"_links":{"self":[{"href":"https:\/\/elinformativotam.com\/index.php\/wp-json\/wp\/v2\/posts\/49940","targetHints":{"allow":["GET"]}}],"collection":[{"href":"https:\/\/elinformativotam.com\/index.php\/wp-json\/wp\/v2\/posts"}],"about":[{"href":"https:\/\/elinformativotam.com\/index.php\/wp-json\/wp\/v2\/types\/post"}],"author":[{"embeddable":true,"href":"https:\/\/elinformativotam.com\/index.php\/wp-json\/wp\/v2\/users\/1"}],"replies":[{"embeddable":true,"href":"https:\/\/elinformativotam.com\/index.php\/wp-json\/wp\/v2\/comments?post=49940"}],"version-history":[{"count":1,"href":"https:\/\/elinformativotam.com\/index.php\/wp-json\/wp\/v2\/posts\/49940\/revisions"}],"predecessor-version":[{"id":49944,"href":"https:\/\/elinformativotam.com\/index.php\/wp-json\/wp\/v2\/posts\/49940\/revisions\/49944"}],"wp:featuredmedia":[{"embeddable":true,"href":"https:\/\/elinformativotam.com\/index.php\/wp-json\/wp\/v2\/media\/49943"}],"wp:attachment":[{"href":"https:\/\/elinformativotam.com\/index.php\/wp-json\/wp\/v2\/media?parent=49940"}],"wp:term":[{"taxonomy":"category","embeddable":true,"href":"https:\/\/elinformativotam.com\/index.php\/wp-json\/wp\/v2\/categories?post=49940"},{"taxonomy":"post_tag","embeddable":true,"href":"https:\/\/elinformativotam.com\/index.php\/wp-json\/wp\/v2\/tags?post=49940"}],"curies":[{"name":"wp","href":"https:\/\/api.w.org\/{rel}","templated":true}]}}