{"id":49934,"date":"2024-03-28T00:05:23","date_gmt":"2024-03-28T06:05:23","guid":{"rendered":"https:\/\/elinformativotam.com\/?p=49934"},"modified":"2024-03-28T00:05:23","modified_gmt":"2024-03-28T06:05:23","slug":"necesario-que-transitos-de-tampico-se-comporten-a-la-altura-con-turistas","status":"publish","type":"post","link":"https:\/\/elinformativotam.com\/index.php\/2024\/03\/28\/necesario-que-transitos-de-tampico-se-comporten-a-la-altura-con-turistas\/","title":{"rendered":"NECESARIO QU\u00c9 TR\u00c1NSITOS DE TAMPICO SE COMPORTEN A LA ALTURA CON TURISTAS"},"content":{"rendered":"<h2 style=\"text-align: center;\"><em><span style=\"font-family: 'times new roman', times;\">*Necesario Que Dejen La Cacer\u00eda Ciudadana En Estos D\u00edas De Gran Afluencia Tur\u00edstica<\/span><\/em><\/h2>\n<p>&nbsp;<\/p>\n<p>&nbsp;<\/p>\n<p>En Tampico es necesario que el turismo nacional se incremente en esta temporada de vacaciones de semana santa, y no qu\u00e9 se ahuyente por culpa de los elementos de tr\u00e1nsito, se\u00f1al\u00f3 el edil porte\u00f1o integrante de la comisi\u00f3n, Alberto S\u00e1nchez Neri<\/p>\n<p>&nbsp;<\/p>\n<p>Explic\u00f3 que la Secretar\u00eda no termina por afianzar su labor de atenci\u00f3n y prevenci\u00f3n hacia el automovilista, pese a la buena imagen que ha querido crear el municipio en estos 5 a\u00f1os.<\/p>\n<p>&nbsp;<\/p>\n<p>Remarc\u00f3 la importancia de que todos los agentes de tr\u00e1nsito trabajen en dotar todas las facilidades al vacacionista que llega de varias entidades del pa\u00eds, con el fin de que pasen unos d\u00edas de esparcimiento con tranquilidad.<\/p>\n<p>&nbsp;<\/p>\n<p>Expuso que las &#8220;cacer\u00edas ciudadanas&#8221; se suscitaban con anterioridad en Ciudad Madero, que era el municipio considerado con mayor corrupci\u00f3n en las filas de la corporaci\u00f3n vial.<\/p>\n<p>&nbsp;<\/p>\n<p>&#8220;Sin embargo ahora vemos visto que Tampico est\u00e1 cayendo en estos vicios, necesitamos que venga el turismo y no que se ahuyente por culpa de los elementos viales corruptos&#8221;, remarco<\/p>\n<p>&nbsp;<\/p>\n<p>S\u00e1nchez, dej\u00f3 en claro que algo est\u00e1 pasando en la Secretar\u00eda de Tr\u00e1nsito y Vialidad en Tampico, que hoy se observa hasta unidades pesadas y las denominadas quinta rueda en las avenidas principales en horas pico, cuando el tr\u00e1fico veh\u00edcular est\u00e1 saturado y con el riesgo de que pueda haber alg\u00fan accidente de funestas consecuencias.<\/p>\n<p>&nbsp;<\/p>\n<p>&#8220;De enero para ac\u00e1 ha venido a menos la Secretar\u00eda de Tr\u00e1nsito, hoy vemos una corporaci\u00f3n de cabeza y con la necesidad de que se ponga mano firme en todas las anomal\u00edas detectadas&#8221;, acot\u00f3.<\/p>\n","protected":false},"excerpt":{"rendered":"<p>*Necesario Que Dejen La Cacer\u00eda Ciudadana En Estos D\u00edas De Gran Afluencia Tur\u00edstica &nbsp; &nbsp; En Tampico es necesario que&hellip;<\/p>\n","protected":false},"author":1,"featured_media":49935,"comment_status":"open","ping_status":"open","sticky":false,"template":"","format":"standard","meta":{"footnotes":""},"categories":[3],"tags":[],"class_list":["post-49934","post","type-post","status-publish","format-standard","has-post-thumbnail","hentry","category-tampico"],"yoast_head":"<!-- This site is optimized with the Yoast SEO plugin v27.5 - https:\/\/yoast.com\/product\/yoast-seo-wordpress\/ -->\n<title>NECESARIO QU\u00c9 TR\u00c1NSITOS DE TAMPICO SE COMPORTEN A LA ALTURA CON TURISTAS - EL INFORMATIVO DE TAMAULIPAS<\/title>\n<meta name=\"description\" content=\"*Necesario Que Dejen La Cacer\u00eda Ciudadana En Estos D\u00edas De Gran Afluencia Tur\u00edstica &nbsp; &nbsp; En Tampico es necesario que el turismo nacional se\" \/>\n<meta name=\"robots\" content=\"index, follow, max-snippet:-1, max-image-preview:large, max-video-preview:-1\" \/>\n<link rel=\"canonical\" href=\"https:\/\/elinformativotam.com\/index.php\/2024\/03\/28\/necesario-que-transitos-de-tampico-se-comporten-a-la-altura-con-turistas\/\" \/>\n<meta property=\"og:locale\" content=\"es_MX\" \/>\n<meta property=\"og:type\" content=\"article\" \/>\n<meta property=\"og:title\" content=\"NECESARIO QU\u00c9 TR\u00c1NSITOS DE TAMPICO SE COMPORTEN A LA ALTURA CON TURISTAS - EL INFORMATIVO DE TAMAULIPAS\" \/>\n<meta property=\"og:description\" content=\"*Necesario Que Dejen La Cacer\u00eda Ciudadana En Estos D\u00edas De Gran Afluencia Tur\u00edstica &nbsp; &nbsp; En Tampico es necesario que el turismo nacional se\" \/>\n<meta property=\"og:url\" content=\"https:\/\/elinformativotam.com\/index.php\/2024\/03\/28\/necesario-que-transitos-de-tampico-se-comporten-a-la-altura-con-turistas\/\" \/>\n<meta property=\"og:site_name\" content=\"EL INFORMATIVO DE TAMAULIPAS\" \/>\n<meta property=\"article:published_time\" content=\"2024-03-28T06:05:23+00:00\" \/>\n<meta property=\"og:image\" content=\"https:\/\/elinformativotam.com\/wp-content\/uploads\/2024\/03\/Sanchez-Neri.jpeg\" \/>\n\t<meta property=\"og:image:width\" content=\"1600\" \/>\n\t<meta property=\"og:image:height\" content=\"1204\" \/>\n\t<meta property=\"og:image:type\" content=\"image\/jpeg\" \/>\n<meta name=\"author\" content=\"El Informativo Tam\" \/>\n<meta name=\"twitter:card\" content=\"summary_large_image\" \/>\n<meta name=\"twitter:label1\" content=\"Escrito por\" \/>\n\t<meta name=\"twitter:data1\" content=\"El Informativo Tam\" \/>\n\t<meta name=\"twitter:label2\" content=\"Tiempo de lectura\" \/>\n\t<meta name=\"twitter:data2\" content=\"2 minutos\" \/>\n<script type=\"application\/ld+json\" class=\"yoast-schema-graph\">{\"@context\":\"https:\\\/\\\/schema.org\",\"@graph\":[{\"@type\":\"Article\",\"@id\":\"https:\\\/\\\/elinformativotam.com\\\/index.php\\\/2024\\\/03\\\/28\\\/necesario-que-transitos-de-tampico-se-comporten-a-la-altura-con-turistas\\\/#article\",\"isPartOf\":{\"@id\":\"https:\\\/\\\/elinformativotam.com\\\/index.php\\\/2024\\\/03\\\/28\\\/necesario-que-transitos-de-tampico-se-comporten-a-la-altura-con-turistas\\\/\"},\"author\":{\"name\":\"El Informativo Tam\",\"@id\":\"https:\\\/\\\/elinformativotam.com\\\/#\\\/schema\\\/person\\\/78e08040eed0f6110f0c5f83b6153590\"},\"headline\":\"NECESARIO QU\u00c9 TR\u00c1NSITOS DE TAMPICO SE COMPORTEN A LA ALTURA CON TURISTAS\",\"datePublished\":\"2024-03-28T06:05:23+00:00\",\"mainEntityOfPage\":{\"@id\":\"https:\\\/\\\/elinformativotam.com\\\/index.php\\\/2024\\\/03\\\/28\\\/necesario-que-transitos-de-tampico-se-comporten-a-la-altura-con-turistas\\\/\"},\"wordCount\":317,\"commentCount\":0,\"publisher\":{\"@id\":\"https:\\\/\\\/elinformativotam.com\\\/#organization\"},\"image\":{\"@id\":\"https:\\\/\\\/elinformativotam.com\\\/index.php\\\/2024\\\/03\\\/28\\\/necesario-que-transitos-de-tampico-se-comporten-a-la-altura-con-turistas\\\/#primaryimage\"},\"thumbnailUrl\":\"https:\\\/\\\/elinformativotam.com\\\/wp-content\\\/uploads\\\/2024\\\/03\\\/Sanchez-Neri.jpeg\",\"articleSection\":[\"Tampico\"],\"inLanguage\":\"es\",\"potentialAction\":[{\"@type\":\"CommentAction\",\"name\":\"Comment\",\"target\":[\"https:\\\/\\\/elinformativotam.com\\\/index.php\\\/2024\\\/03\\\/28\\\/necesario-que-transitos-de-tampico-se-comporten-a-la-altura-con-turistas\\\/#respond\"]}]},{\"@type\":\"WebPage\",\"@id\":\"https:\\\/\\\/elinformativotam.com\\\/index.php\\\/2024\\\/03\\\/28\\\/necesario-que-transitos-de-tampico-se-comporten-a-la-altura-con-turistas\\\/\",\"url\":\"https:\\\/\\\/elinformativotam.com\\\/index.php\\\/2024\\\/03\\\/28\\\/necesario-que-transitos-de-tampico-se-comporten-a-la-altura-con-turistas\\\/\",\"name\":\"NECESARIO QU\u00c9 TR\u00c1NSITOS DE TAMPICO SE COMPORTEN A LA ALTURA CON TURISTAS - EL INFORMATIVO DE TAMAULIPAS\",\"isPartOf\":{\"@id\":\"https:\\\/\\\/elinformativotam.com\\\/#website\"},\"primaryImageOfPage\":{\"@id\":\"https:\\\/\\\/elinformativotam.com\\\/index.php\\\/2024\\\/03\\\/28\\\/necesario-que-transitos-de-tampico-se-comporten-a-la-altura-con-turistas\\\/#primaryimage\"},\"image\":{\"@id\":\"https:\\\/\\\/elinformativotam.com\\\/index.php\\\/2024\\\/03\\\/28\\\/necesario-que-transitos-de-tampico-se-comporten-a-la-altura-con-turistas\\\/#primaryimage\"},\"thumbnailUrl\":\"https:\\\/\\\/elinformativotam.com\\\/wp-content\\\/uploads\\\/2024\\\/03\\\/Sanchez-Neri.jpeg\",\"datePublished\":\"2024-03-28T06:05:23+00:00\",\"description\":\"*Necesario Que Dejen La Cacer\u00eda Ciudadana En Estos D\u00edas De Gran Afluencia Tur\u00edstica &nbsp; &nbsp; En Tampico es necesario que el turismo nacional se\",\"inLanguage\":\"es\",\"potentialAction\":[{\"@type\":\"ReadAction\",\"target\":[\"https:\\\/\\\/elinformativotam.com\\\/index.php\\\/2024\\\/03\\\/28\\\/necesario-que-transitos-de-tampico-se-comporten-a-la-altura-con-turistas\\\/\"]}]},{\"@type\":\"ImageObject\",\"inLanguage\":\"es\",\"@id\":\"https:\\\/\\\/elinformativotam.com\\\/index.php\\\/2024\\\/03\\\/28\\\/necesario-que-transitos-de-tampico-se-comporten-a-la-altura-con-turistas\\\/#primaryimage\",\"url\":\"https:\\\/\\\/elinformativotam.com\\\/wp-content\\\/uploads\\\/2024\\\/03\\\/Sanchez-Neri.jpeg\",\"contentUrl\":\"https:\\\/\\\/elinformativotam.com\\\/wp-content\\\/uploads\\\/2024\\\/03\\\/Sanchez-Neri.jpeg\",\"width\":1600,\"height\":1204},{\"@type\":\"WebSite\",\"@id\":\"https:\\\/\\\/elinformativotam.com\\\/#website\",\"url\":\"https:\\\/\\\/elinformativotam.com\\\/\",\"name\":\"EL INFORMATIVO DE TAMAULIPAS\",\"description\":\"Desde la Zona Metropolitana Para Todo M\u00e9xico\",\"publisher\":{\"@id\":\"https:\\\/\\\/elinformativotam.com\\\/#organization\"},\"potentialAction\":[{\"@type\":\"SearchAction\",\"target\":{\"@type\":\"EntryPoint\",\"urlTemplate\":\"https:\\\/\\\/elinformativotam.com\\\/?s={search_term_string}\"},\"query-input\":{\"@type\":\"PropertyValueSpecification\",\"valueRequired\":true,\"valueName\":\"search_term_string\"}}],\"inLanguage\":\"es\"},{\"@type\":\"Organization\",\"@id\":\"https:\\\/\\\/elinformativotam.com\\\/#organization\",\"name\":\"EL INFORMATIVO DE TAMAULIPAS\",\"url\":\"https:\\\/\\\/elinformativotam.com\\\/\",\"logo\":{\"@type\":\"ImageObject\",\"inLanguage\":\"es\",\"@id\":\"https:\\\/\\\/elinformativotam.com\\\/#\\\/schema\\\/logo\\\/image\\\/\",\"url\":\"https:\\\/\\\/elinformativotam.com\\\/wp-content\\\/uploads\\\/2026\\\/02\\\/Cabezal.png\",\"contentUrl\":\"https:\\\/\\\/elinformativotam.com\\\/wp-content\\\/uploads\\\/2026\\\/02\\\/Cabezal.png\",\"width\":960,\"height\":640,\"caption\":\"EL INFORMATIVO DE TAMAULIPAS\"},\"image\":{\"@id\":\"https:\\\/\\\/elinformativotam.com\\\/#\\\/schema\\\/logo\\\/image\\\/\"}},{\"@type\":\"Person\",\"@id\":\"https:\\\/\\\/elinformativotam.com\\\/#\\\/schema\\\/person\\\/78e08040eed0f6110f0c5f83b6153590\",\"name\":\"El Informativo Tam\",\"image\":{\"@type\":\"ImageObject\",\"inLanguage\":\"es\",\"@id\":\"https:\\\/\\\/secure.gravatar.com\\\/avatar\\\/f3b7ad3af540688955925ac610647be00b0cf41feea9c4978b73a707ee86bc53?s=96&d=mm&r=g\",\"url\":\"https:\\\/\\\/secure.gravatar.com\\\/avatar\\\/f3b7ad3af540688955925ac610647be00b0cf41feea9c4978b73a707ee86bc53?s=96&d=mm&r=g\",\"contentUrl\":\"https:\\\/\\\/secure.gravatar.com\\\/avatar\\\/f3b7ad3af540688955925ac610647be00b0cf41feea9c4978b73a707ee86bc53?s=96&d=mm&r=g\",\"caption\":\"El Informativo Tam\"}}]}<\/script>\n<!-- \/ Yoast SEO plugin. -->","yoast_head_json":{"title":"NECESARIO QU\u00c9 TR\u00c1NSITOS DE TAMPICO SE COMPORTEN A LA ALTURA CON TURISTAS - EL INFORMATIVO DE TAMAULIPAS","description":"*Necesario Que Dejen La Cacer\u00eda Ciudadana En Estos D\u00edas De Gran Afluencia Tur\u00edstica &nbsp; &nbsp; En Tampico es necesario que el turismo nacional se","robots":{"index":"index","follow":"follow","max-snippet":"max-snippet:-1","max-image-preview":"max-image-preview:large","max-video-preview":"max-video-preview:-1"},"canonical":"https:\/\/elinformativotam.com\/index.php\/2024\/03\/28\/necesario-que-transitos-de-tampico-se-comporten-a-la-altura-con-turistas\/","og_locale":"es_MX","og_type":"article","og_title":"NECESARIO QU\u00c9 TR\u00c1NSITOS DE TAMPICO SE COMPORTEN A LA ALTURA CON TURISTAS - EL INFORMATIVO DE TAMAULIPAS","og_description":"*Necesario Que Dejen La Cacer\u00eda Ciudadana En Estos D\u00edas De Gran Afluencia Tur\u00edstica &nbsp; &nbsp; En Tampico es necesario que el turismo nacional se","og_url":"https:\/\/elinformativotam.com\/index.php\/2024\/03\/28\/necesario-que-transitos-de-tampico-se-comporten-a-la-altura-con-turistas\/","og_site_name":"EL INFORMATIVO DE TAMAULIPAS","article_published_time":"2024-03-28T06:05:23+00:00","og_image":[{"width":1600,"height":1204,"url":"https:\/\/elinformativotam.com\/wp-content\/uploads\/2024\/03\/Sanchez-Neri.jpeg","type":"image\/jpeg"}],"author":"El Informativo Tam","twitter_card":"summary_large_image","twitter_misc":{"Escrito por":"El Informativo Tam","Tiempo de lectura":"2 minutos"},"schema":{"@context":"https:\/\/schema.org","@graph":[{"@type":"Article","@id":"https:\/\/elinformativotam.com\/index.php\/2024\/03\/28\/necesario-que-transitos-de-tampico-se-comporten-a-la-altura-con-turistas\/#article","isPartOf":{"@id":"https:\/\/elinformativotam.com\/index.php\/2024\/03\/28\/necesario-que-transitos-de-tampico-se-comporten-a-la-altura-con-turistas\/"},"author":{"name":"El Informativo Tam","@id":"https:\/\/elinformativotam.com\/#\/schema\/person\/78e08040eed0f6110f0c5f83b6153590"},"headline":"NECESARIO QU\u00c9 TR\u00c1NSITOS DE TAMPICO SE COMPORTEN A LA ALTURA CON TURISTAS","datePublished":"2024-03-28T06:05:23+00:00","mainEntityOfPage":{"@id":"https:\/\/elinformativotam.com\/index.php\/2024\/03\/28\/necesario-que-transitos-de-tampico-se-comporten-a-la-altura-con-turistas\/"},"wordCount":317,"commentCount":0,"publisher":{"@id":"https:\/\/elinformativotam.com\/#organization"},"image":{"@id":"https:\/\/elinformativotam.com\/index.php\/2024\/03\/28\/necesario-que-transitos-de-tampico-se-comporten-a-la-altura-con-turistas\/#primaryimage"},"thumbnailUrl":"https:\/\/elinformativotam.com\/wp-content\/uploads\/2024\/03\/Sanchez-Neri.jpeg","articleSection":["Tampico"],"inLanguage":"es","potentialAction":[{"@type":"CommentAction","name":"Comment","target":["https:\/\/elinformativotam.com\/index.php\/2024\/03\/28\/necesario-que-transitos-de-tampico-se-comporten-a-la-altura-con-turistas\/#respond"]}]},{"@type":"WebPage","@id":"https:\/\/elinformativotam.com\/index.php\/2024\/03\/28\/necesario-que-transitos-de-tampico-se-comporten-a-la-altura-con-turistas\/","url":"https:\/\/elinformativotam.com\/index.php\/2024\/03\/28\/necesario-que-transitos-de-tampico-se-comporten-a-la-altura-con-turistas\/","name":"NECESARIO QU\u00c9 TR\u00c1NSITOS DE TAMPICO SE COMPORTEN A LA ALTURA CON TURISTAS - EL INFORMATIVO DE TAMAULIPAS","isPartOf":{"@id":"https:\/\/elinformativotam.com\/#website"},"primaryImageOfPage":{"@id":"https:\/\/elinformativotam.com\/index.php\/2024\/03\/28\/necesario-que-transitos-de-tampico-se-comporten-a-la-altura-con-turistas\/#primaryimage"},"image":{"@id":"https:\/\/elinformativotam.com\/index.php\/2024\/03\/28\/necesario-que-transitos-de-tampico-se-comporten-a-la-altura-con-turistas\/#primaryimage"},"thumbnailUrl":"https:\/\/elinformativotam.com\/wp-content\/uploads\/2024\/03\/Sanchez-Neri.jpeg","datePublished":"2024-03-28T06:05:23+00:00","description":"*Necesario Que Dejen La Cacer\u00eda Ciudadana En Estos D\u00edas De Gran Afluencia Tur\u00edstica &nbsp; &nbsp; En Tampico es necesario que el turismo nacional se","inLanguage":"es","potentialAction":[{"@type":"ReadAction","target":["https:\/\/elinformativotam.com\/index.php\/2024\/03\/28\/necesario-que-transitos-de-tampico-se-comporten-a-la-altura-con-turistas\/"]}]},{"@type":"ImageObject","inLanguage":"es","@id":"https:\/\/elinformativotam.com\/index.php\/2024\/03\/28\/necesario-que-transitos-de-tampico-se-comporten-a-la-altura-con-turistas\/#primaryimage","url":"https:\/\/elinformativotam.com\/wp-content\/uploads\/2024\/03\/Sanchez-Neri.jpeg","contentUrl":"https:\/\/elinformativotam.com\/wp-content\/uploads\/2024\/03\/Sanchez-Neri.jpeg","width":1600,"height":1204},{"@type":"WebSite","@id":"https:\/\/elinformativotam.com\/#website","url":"https:\/\/elinformativotam.com\/","name":"EL INFORMATIVO DE TAMAULIPAS","description":"Desde la Zona Metropolitana Para Todo M\u00e9xico","publisher":{"@id":"https:\/\/elinformativotam.com\/#organization"},"potentialAction":[{"@type":"SearchAction","target":{"@type":"EntryPoint","urlTemplate":"https:\/\/elinformativotam.com\/?s={search_term_string}"},"query-input":{"@type":"PropertyValueSpecification","valueRequired":true,"valueName":"search_term_string"}}],"inLanguage":"es"},{"@type":"Organization","@id":"https:\/\/elinformativotam.com\/#organization","name":"EL INFORMATIVO DE TAMAULIPAS","url":"https:\/\/elinformativotam.com\/","logo":{"@type":"ImageObject","inLanguage":"es","@id":"https:\/\/elinformativotam.com\/#\/schema\/logo\/image\/","url":"https:\/\/elinformativotam.com\/wp-content\/uploads\/2026\/02\/Cabezal.png","contentUrl":"https:\/\/elinformativotam.com\/wp-content\/uploads\/2026\/02\/Cabezal.png","width":960,"height":640,"caption":"EL INFORMATIVO DE TAMAULIPAS"},"image":{"@id":"https:\/\/elinformativotam.com\/#\/schema\/logo\/image\/"}},{"@type":"Person","@id":"https:\/\/elinformativotam.com\/#\/schema\/person\/78e08040eed0f6110f0c5f83b6153590","name":"El Informativo Tam","image":{"@type":"ImageObject","inLanguage":"es","@id":"https:\/\/secure.gravatar.com\/avatar\/f3b7ad3af540688955925ac610647be00b0cf41feea9c4978b73a707ee86bc53?s=96&d=mm&r=g","url":"https:\/\/secure.gravatar.com\/avatar\/f3b7ad3af540688955925ac610647be00b0cf41feea9c4978b73a707ee86bc53?s=96&d=mm&r=g","contentUrl":"https:\/\/secure.gravatar.com\/avatar\/f3b7ad3af540688955925ac610647be00b0cf41feea9c4978b73a707ee86bc53?s=96&d=mm&r=g","caption":"El Informativo Tam"}}]}},"_links":{"self":[{"href":"https:\/\/elinformativotam.com\/index.php\/wp-json\/wp\/v2\/posts\/49934","targetHints":{"allow":["GET"]}}],"collection":[{"href":"https:\/\/elinformativotam.com\/index.php\/wp-json\/wp\/v2\/posts"}],"about":[{"href":"https:\/\/elinformativotam.com\/index.php\/wp-json\/wp\/v2\/types\/post"}],"author":[{"embeddable":true,"href":"https:\/\/elinformativotam.com\/index.php\/wp-json\/wp\/v2\/users\/1"}],"replies":[{"embeddable":true,"href":"https:\/\/elinformativotam.com\/index.php\/wp-json\/wp\/v2\/comments?post=49934"}],"version-history":[{"count":1,"href":"https:\/\/elinformativotam.com\/index.php\/wp-json\/wp\/v2\/posts\/49934\/revisions"}],"predecessor-version":[{"id":49936,"href":"https:\/\/elinformativotam.com\/index.php\/wp-json\/wp\/v2\/posts\/49934\/revisions\/49936"}],"wp:featuredmedia":[{"embeddable":true,"href":"https:\/\/elinformativotam.com\/index.php\/wp-json\/wp\/v2\/media\/49935"}],"wp:attachment":[{"href":"https:\/\/elinformativotam.com\/index.php\/wp-json\/wp\/v2\/media?parent=49934"}],"wp:term":[{"taxonomy":"category","embeddable":true,"href":"https:\/\/elinformativotam.com\/index.php\/wp-json\/wp\/v2\/categories?post=49934"},{"taxonomy":"post_tag","embeddable":true,"href":"https:\/\/elinformativotam.com\/index.php\/wp-json\/wp\/v2\/tags?post=49934"}],"curies":[{"name":"wp","href":"https:\/\/api.w.org\/{rel}","templated":true}]}}