{"id":49928,"date":"2024-03-28T00:01:40","date_gmt":"2024-03-28T06:01:40","guid":{"rendered":"https:\/\/elinformativotam.com\/?p=49928"},"modified":"2024-03-28T00:01:40","modified_gmt":"2024-03-28T06:01:40","slug":"piden-a-guardia-estatal-que-no-haya-vandalismo-en-escuelas-publicas-de-tampico","status":"publish","type":"post","link":"https:\/\/elinformativotam.com\/index.php\/2024\/03\/28\/piden-a-guardia-estatal-que-no-haya-vandalismo-en-escuelas-publicas-de-tampico\/","title":{"rendered":"PIDEN A GUARDIA ESTATAL QUE NO HAYA VANDALISMO EN ESCUELAS P\u00daBLICAS DE TAMPICO"},"content":{"rendered":"<h2 style=\"text-align: center;\"><em><span style=\"font-family: 'times new roman', times;\">*En La Mayor\u00eda De Las Escuelas Ya No Hay Bienes De Valor Para El Caco<\/span><\/em><\/h2>\n<p>&nbsp;<\/p>\n<p>&nbsp;<\/p>\n<p>El municipio de Tampico ya solicit\u00f3 a la Guardia Estatal el incremento de la seguridad en los planteles educativos con la finalidad de evitar el vandalismo en esta temporada de asueto, revel\u00f3 el edil y presidente de la comisi\u00f3n de educaci\u00f3n, Sergio Daniel Aguirre Contreras.<\/p>\n<p>&nbsp;<\/p>\n<p>Destac\u00f3 que en el puerto son un total de 156 planteles educativos, de los cu\u00e1les &#8220;2 de cada 10 tienen vigilancia ll\u00e1mese privada, camaras o alg\u00fan tipo de vigilante&#8221;.<\/p>\n<p>&nbsp;<\/p>\n<p>Indic\u00f3 que la mayor parte de los planteles educativos no cuentan con bienes costosos, sino mas bien alg\u00fan equipo de proyecci\u00f3n para audiovisual que es retirado del lugar bajo resguardo con alg\u00fan maestro o padre de familia.<\/p>\n<p>&nbsp;<\/p>\n<p>&#8220;La mayor parte de las fechor\u00edas que se suscitan en las escuelas no son robos, sino vandalismo y destrozo al no encontrar nada de valor y simplemente como diversi\u00f3n&#8221;, dijo<\/p>\n<p>&nbsp;<\/p>\n<p>Aguirre, dej\u00f3 en claro que los padres de familia que viven en las cercan\u00edas de las escuelas tienen la obligaci\u00f3n moral de contribuir en la vigilancia de las escuelas, como auxilio alterno mientras acude la autoridad pertinente&#8221;, acot\u00f3<\/p>\n<p>&nbsp;<\/p>\n<p>El edil coordinador de la comisi\u00f3n en el cabildo extern\u00f3 que afortunadamente la vigilancia en las colonias de toda la ciudad ha mejorado notablemente, y se espera que en las escuelas no sea la excepci\u00f3n y al final se logre saldo blanco en el tema.<\/p>\n<p>&nbsp;<\/p>\n","protected":false},"excerpt":{"rendered":"<p>*En La Mayor\u00eda De Las Escuelas Ya No Hay Bienes De Valor Para El Caco &nbsp; &nbsp; El municipio de&hellip;<\/p>\n","protected":false},"author":1,"featured_media":49929,"comment_status":"open","ping_status":"open","sticky":false,"template":"","format":"standard","meta":{"footnotes":""},"categories":[3],"tags":[],"class_list":["post-49928","post","type-post","status-publish","format-standard","has-post-thumbnail","hentry","category-tampico"],"yoast_head":"<!-- This site is optimized with the Yoast SEO plugin v27.5 - https:\/\/yoast.com\/product\/yoast-seo-wordpress\/ -->\n<title>PIDEN A GUARDIA ESTATAL QUE NO HAYA VANDALISMO EN ESCUELAS P\u00daBLICAS DE TAMPICO - EL INFORMATIVO DE TAMAULIPAS<\/title>\n<meta name=\"description\" content=\"*En La Mayor\u00eda De Las Escuelas Ya No Hay Bienes De Valor Para El Caco &nbsp; &nbsp; El municipio de Tampico ya solicit\u00f3 a la Guardia Estatal el incremento\" \/>\n<meta name=\"robots\" content=\"index, follow, max-snippet:-1, max-image-preview:large, max-video-preview:-1\" \/>\n<link rel=\"canonical\" href=\"https:\/\/elinformativotam.com\/index.php\/2024\/03\/28\/piden-a-guardia-estatal-que-no-haya-vandalismo-en-escuelas-publicas-de-tampico\/\" \/>\n<meta property=\"og:locale\" content=\"es_MX\" \/>\n<meta property=\"og:type\" content=\"article\" \/>\n<meta property=\"og:title\" content=\"PIDEN A GUARDIA ESTATAL QUE NO HAYA VANDALISMO EN ESCUELAS P\u00daBLICAS DE TAMPICO - EL INFORMATIVO DE TAMAULIPAS\" \/>\n<meta property=\"og:description\" content=\"*En La Mayor\u00eda De Las Escuelas Ya No Hay Bienes De Valor Para El Caco &nbsp; &nbsp; El municipio de Tampico ya solicit\u00f3 a la Guardia Estatal el incremento\" \/>\n<meta property=\"og:url\" content=\"https:\/\/elinformativotam.com\/index.php\/2024\/03\/28\/piden-a-guardia-estatal-que-no-haya-vandalismo-en-escuelas-publicas-de-tampico\/\" \/>\n<meta property=\"og:site_name\" content=\"EL INFORMATIVO DE TAMAULIPAS\" \/>\n<meta property=\"article:published_time\" content=\"2024-03-28T06:01:40+00:00\" \/>\n<meta property=\"og:image\" content=\"https:\/\/elinformativotam.com\/wp-content\/uploads\/2024\/03\/Sergio-Daiel.jpeg\" \/>\n\t<meta property=\"og:image:width\" content=\"1600\" \/>\n\t<meta property=\"og:image:height\" content=\"1204\" \/>\n\t<meta property=\"og:image:type\" content=\"image\/jpeg\" \/>\n<meta name=\"author\" content=\"El Informativo Tam\" \/>\n<meta name=\"twitter:card\" content=\"summary_large_image\" \/>\n<meta name=\"twitter:label1\" content=\"Escrito por\" \/>\n\t<meta name=\"twitter:data1\" content=\"El Informativo Tam\" \/>\n\t<meta name=\"twitter:label2\" content=\"Tiempo de lectura\" \/>\n\t<meta name=\"twitter:data2\" content=\"2 minutos\" \/>\n<script type=\"application\/ld+json\" class=\"yoast-schema-graph\">{\"@context\":\"https:\\\/\\\/schema.org\",\"@graph\":[{\"@type\":\"Article\",\"@id\":\"https:\\\/\\\/elinformativotam.com\\\/index.php\\\/2024\\\/03\\\/28\\\/piden-a-guardia-estatal-que-no-haya-vandalismo-en-escuelas-publicas-de-tampico\\\/#article\",\"isPartOf\":{\"@id\":\"https:\\\/\\\/elinformativotam.com\\\/index.php\\\/2024\\\/03\\\/28\\\/piden-a-guardia-estatal-que-no-haya-vandalismo-en-escuelas-publicas-de-tampico\\\/\"},\"author\":{\"name\":\"El Informativo Tam\",\"@id\":\"https:\\\/\\\/elinformativotam.com\\\/#\\\/schema\\\/person\\\/78e08040eed0f6110f0c5f83b6153590\"},\"headline\":\"PIDEN A GUARDIA ESTATAL QUE NO HAYA VANDALISMO EN ESCUELAS P\u00daBLICAS DE TAMPICO\",\"datePublished\":\"2024-03-28T06:01:40+00:00\",\"mainEntityOfPage\":{\"@id\":\"https:\\\/\\\/elinformativotam.com\\\/index.php\\\/2024\\\/03\\\/28\\\/piden-a-guardia-estatal-que-no-haya-vandalismo-en-escuelas-publicas-de-tampico\\\/\"},\"wordCount\":273,\"commentCount\":0,\"publisher\":{\"@id\":\"https:\\\/\\\/elinformativotam.com\\\/#organization\"},\"image\":{\"@id\":\"https:\\\/\\\/elinformativotam.com\\\/index.php\\\/2024\\\/03\\\/28\\\/piden-a-guardia-estatal-que-no-haya-vandalismo-en-escuelas-publicas-de-tampico\\\/#primaryimage\"},\"thumbnailUrl\":\"https:\\\/\\\/elinformativotam.com\\\/wp-content\\\/uploads\\\/2024\\\/03\\\/Sergio-Daiel.jpeg\",\"articleSection\":[\"Tampico\"],\"inLanguage\":\"es\",\"potentialAction\":[{\"@type\":\"CommentAction\",\"name\":\"Comment\",\"target\":[\"https:\\\/\\\/elinformativotam.com\\\/index.php\\\/2024\\\/03\\\/28\\\/piden-a-guardia-estatal-que-no-haya-vandalismo-en-escuelas-publicas-de-tampico\\\/#respond\"]}]},{\"@type\":\"WebPage\",\"@id\":\"https:\\\/\\\/elinformativotam.com\\\/index.php\\\/2024\\\/03\\\/28\\\/piden-a-guardia-estatal-que-no-haya-vandalismo-en-escuelas-publicas-de-tampico\\\/\",\"url\":\"https:\\\/\\\/elinformativotam.com\\\/index.php\\\/2024\\\/03\\\/28\\\/piden-a-guardia-estatal-que-no-haya-vandalismo-en-escuelas-publicas-de-tampico\\\/\",\"name\":\"PIDEN A GUARDIA ESTATAL QUE NO HAYA VANDALISMO EN ESCUELAS P\u00daBLICAS DE TAMPICO - EL INFORMATIVO DE TAMAULIPAS\",\"isPartOf\":{\"@id\":\"https:\\\/\\\/elinformativotam.com\\\/#website\"},\"primaryImageOfPage\":{\"@id\":\"https:\\\/\\\/elinformativotam.com\\\/index.php\\\/2024\\\/03\\\/28\\\/piden-a-guardia-estatal-que-no-haya-vandalismo-en-escuelas-publicas-de-tampico\\\/#primaryimage\"},\"image\":{\"@id\":\"https:\\\/\\\/elinformativotam.com\\\/index.php\\\/2024\\\/03\\\/28\\\/piden-a-guardia-estatal-que-no-haya-vandalismo-en-escuelas-publicas-de-tampico\\\/#primaryimage\"},\"thumbnailUrl\":\"https:\\\/\\\/elinformativotam.com\\\/wp-content\\\/uploads\\\/2024\\\/03\\\/Sergio-Daiel.jpeg\",\"datePublished\":\"2024-03-28T06:01:40+00:00\",\"description\":\"*En La Mayor\u00eda De Las Escuelas Ya No Hay Bienes De Valor Para El Caco &nbsp; &nbsp; El municipio de Tampico ya solicit\u00f3 a la Guardia Estatal el incremento\",\"inLanguage\":\"es\",\"potentialAction\":[{\"@type\":\"ReadAction\",\"target\":[\"https:\\\/\\\/elinformativotam.com\\\/index.php\\\/2024\\\/03\\\/28\\\/piden-a-guardia-estatal-que-no-haya-vandalismo-en-escuelas-publicas-de-tampico\\\/\"]}]},{\"@type\":\"ImageObject\",\"inLanguage\":\"es\",\"@id\":\"https:\\\/\\\/elinformativotam.com\\\/index.php\\\/2024\\\/03\\\/28\\\/piden-a-guardia-estatal-que-no-haya-vandalismo-en-escuelas-publicas-de-tampico\\\/#primaryimage\",\"url\":\"https:\\\/\\\/elinformativotam.com\\\/wp-content\\\/uploads\\\/2024\\\/03\\\/Sergio-Daiel.jpeg\",\"contentUrl\":\"https:\\\/\\\/elinformativotam.com\\\/wp-content\\\/uploads\\\/2024\\\/03\\\/Sergio-Daiel.jpeg\",\"width\":1600,\"height\":1204},{\"@type\":\"WebSite\",\"@id\":\"https:\\\/\\\/elinformativotam.com\\\/#website\",\"url\":\"https:\\\/\\\/elinformativotam.com\\\/\",\"name\":\"EL INFORMATIVO DE TAMAULIPAS\",\"description\":\"Desde la Zona Metropolitana Para Todo M\u00e9xico\",\"publisher\":{\"@id\":\"https:\\\/\\\/elinformativotam.com\\\/#organization\"},\"potentialAction\":[{\"@type\":\"SearchAction\",\"target\":{\"@type\":\"EntryPoint\",\"urlTemplate\":\"https:\\\/\\\/elinformativotam.com\\\/?s={search_term_string}\"},\"query-input\":{\"@type\":\"PropertyValueSpecification\",\"valueRequired\":true,\"valueName\":\"search_term_string\"}}],\"inLanguage\":\"es\"},{\"@type\":\"Organization\",\"@id\":\"https:\\\/\\\/elinformativotam.com\\\/#organization\",\"name\":\"EL INFORMATIVO DE TAMAULIPAS\",\"url\":\"https:\\\/\\\/elinformativotam.com\\\/\",\"logo\":{\"@type\":\"ImageObject\",\"inLanguage\":\"es\",\"@id\":\"https:\\\/\\\/elinformativotam.com\\\/#\\\/schema\\\/logo\\\/image\\\/\",\"url\":\"https:\\\/\\\/elinformativotam.com\\\/wp-content\\\/uploads\\\/2026\\\/02\\\/Cabezal.png\",\"contentUrl\":\"https:\\\/\\\/elinformativotam.com\\\/wp-content\\\/uploads\\\/2026\\\/02\\\/Cabezal.png\",\"width\":960,\"height\":640,\"caption\":\"EL INFORMATIVO DE TAMAULIPAS\"},\"image\":{\"@id\":\"https:\\\/\\\/elinformativotam.com\\\/#\\\/schema\\\/logo\\\/image\\\/\"}},{\"@type\":\"Person\",\"@id\":\"https:\\\/\\\/elinformativotam.com\\\/#\\\/schema\\\/person\\\/78e08040eed0f6110f0c5f83b6153590\",\"name\":\"El Informativo Tam\",\"image\":{\"@type\":\"ImageObject\",\"inLanguage\":\"es\",\"@id\":\"https:\\\/\\\/secure.gravatar.com\\\/avatar\\\/f3b7ad3af540688955925ac610647be00b0cf41feea9c4978b73a707ee86bc53?s=96&d=mm&r=g\",\"url\":\"https:\\\/\\\/secure.gravatar.com\\\/avatar\\\/f3b7ad3af540688955925ac610647be00b0cf41feea9c4978b73a707ee86bc53?s=96&d=mm&r=g\",\"contentUrl\":\"https:\\\/\\\/secure.gravatar.com\\\/avatar\\\/f3b7ad3af540688955925ac610647be00b0cf41feea9c4978b73a707ee86bc53?s=96&d=mm&r=g\",\"caption\":\"El Informativo Tam\"}}]}<\/script>\n<!-- \/ Yoast SEO plugin. -->","yoast_head_json":{"title":"PIDEN A GUARDIA ESTATAL QUE NO HAYA VANDALISMO EN ESCUELAS P\u00daBLICAS DE TAMPICO - EL INFORMATIVO DE TAMAULIPAS","description":"*En La Mayor\u00eda De Las Escuelas Ya No Hay Bienes De Valor Para El Caco &nbsp; &nbsp; El municipio de Tampico ya solicit\u00f3 a la Guardia Estatal el incremento","robots":{"index":"index","follow":"follow","max-snippet":"max-snippet:-1","max-image-preview":"max-image-preview:large","max-video-preview":"max-video-preview:-1"},"canonical":"https:\/\/elinformativotam.com\/index.php\/2024\/03\/28\/piden-a-guardia-estatal-que-no-haya-vandalismo-en-escuelas-publicas-de-tampico\/","og_locale":"es_MX","og_type":"article","og_title":"PIDEN A GUARDIA ESTATAL QUE NO HAYA VANDALISMO EN ESCUELAS P\u00daBLICAS DE TAMPICO - EL INFORMATIVO DE TAMAULIPAS","og_description":"*En La Mayor\u00eda De Las Escuelas Ya No Hay Bienes De Valor Para El Caco &nbsp; &nbsp; El municipio de Tampico ya solicit\u00f3 a la Guardia Estatal el incremento","og_url":"https:\/\/elinformativotam.com\/index.php\/2024\/03\/28\/piden-a-guardia-estatal-que-no-haya-vandalismo-en-escuelas-publicas-de-tampico\/","og_site_name":"EL INFORMATIVO DE TAMAULIPAS","article_published_time":"2024-03-28T06:01:40+00:00","og_image":[{"width":1600,"height":1204,"url":"https:\/\/elinformativotam.com\/wp-content\/uploads\/2024\/03\/Sergio-Daiel.jpeg","type":"image\/jpeg"}],"author":"El Informativo Tam","twitter_card":"summary_large_image","twitter_misc":{"Escrito por":"El Informativo Tam","Tiempo de lectura":"2 minutos"},"schema":{"@context":"https:\/\/schema.org","@graph":[{"@type":"Article","@id":"https:\/\/elinformativotam.com\/index.php\/2024\/03\/28\/piden-a-guardia-estatal-que-no-haya-vandalismo-en-escuelas-publicas-de-tampico\/#article","isPartOf":{"@id":"https:\/\/elinformativotam.com\/index.php\/2024\/03\/28\/piden-a-guardia-estatal-que-no-haya-vandalismo-en-escuelas-publicas-de-tampico\/"},"author":{"name":"El Informativo Tam","@id":"https:\/\/elinformativotam.com\/#\/schema\/person\/78e08040eed0f6110f0c5f83b6153590"},"headline":"PIDEN A GUARDIA ESTATAL QUE NO HAYA VANDALISMO EN ESCUELAS P\u00daBLICAS DE TAMPICO","datePublished":"2024-03-28T06:01:40+00:00","mainEntityOfPage":{"@id":"https:\/\/elinformativotam.com\/index.php\/2024\/03\/28\/piden-a-guardia-estatal-que-no-haya-vandalismo-en-escuelas-publicas-de-tampico\/"},"wordCount":273,"commentCount":0,"publisher":{"@id":"https:\/\/elinformativotam.com\/#organization"},"image":{"@id":"https:\/\/elinformativotam.com\/index.php\/2024\/03\/28\/piden-a-guardia-estatal-que-no-haya-vandalismo-en-escuelas-publicas-de-tampico\/#primaryimage"},"thumbnailUrl":"https:\/\/elinformativotam.com\/wp-content\/uploads\/2024\/03\/Sergio-Daiel.jpeg","articleSection":["Tampico"],"inLanguage":"es","potentialAction":[{"@type":"CommentAction","name":"Comment","target":["https:\/\/elinformativotam.com\/index.php\/2024\/03\/28\/piden-a-guardia-estatal-que-no-haya-vandalismo-en-escuelas-publicas-de-tampico\/#respond"]}]},{"@type":"WebPage","@id":"https:\/\/elinformativotam.com\/index.php\/2024\/03\/28\/piden-a-guardia-estatal-que-no-haya-vandalismo-en-escuelas-publicas-de-tampico\/","url":"https:\/\/elinformativotam.com\/index.php\/2024\/03\/28\/piden-a-guardia-estatal-que-no-haya-vandalismo-en-escuelas-publicas-de-tampico\/","name":"PIDEN A GUARDIA ESTATAL QUE NO HAYA VANDALISMO EN ESCUELAS P\u00daBLICAS DE TAMPICO - EL INFORMATIVO DE TAMAULIPAS","isPartOf":{"@id":"https:\/\/elinformativotam.com\/#website"},"primaryImageOfPage":{"@id":"https:\/\/elinformativotam.com\/index.php\/2024\/03\/28\/piden-a-guardia-estatal-que-no-haya-vandalismo-en-escuelas-publicas-de-tampico\/#primaryimage"},"image":{"@id":"https:\/\/elinformativotam.com\/index.php\/2024\/03\/28\/piden-a-guardia-estatal-que-no-haya-vandalismo-en-escuelas-publicas-de-tampico\/#primaryimage"},"thumbnailUrl":"https:\/\/elinformativotam.com\/wp-content\/uploads\/2024\/03\/Sergio-Daiel.jpeg","datePublished":"2024-03-28T06:01:40+00:00","description":"*En La Mayor\u00eda De Las Escuelas Ya No Hay Bienes De Valor Para El Caco &nbsp; &nbsp; El municipio de Tampico ya solicit\u00f3 a la Guardia Estatal el incremento","inLanguage":"es","potentialAction":[{"@type":"ReadAction","target":["https:\/\/elinformativotam.com\/index.php\/2024\/03\/28\/piden-a-guardia-estatal-que-no-haya-vandalismo-en-escuelas-publicas-de-tampico\/"]}]},{"@type":"ImageObject","inLanguage":"es","@id":"https:\/\/elinformativotam.com\/index.php\/2024\/03\/28\/piden-a-guardia-estatal-que-no-haya-vandalismo-en-escuelas-publicas-de-tampico\/#primaryimage","url":"https:\/\/elinformativotam.com\/wp-content\/uploads\/2024\/03\/Sergio-Daiel.jpeg","contentUrl":"https:\/\/elinformativotam.com\/wp-content\/uploads\/2024\/03\/Sergio-Daiel.jpeg","width":1600,"height":1204},{"@type":"WebSite","@id":"https:\/\/elinformativotam.com\/#website","url":"https:\/\/elinformativotam.com\/","name":"EL INFORMATIVO DE TAMAULIPAS","description":"Desde la Zona Metropolitana Para Todo M\u00e9xico","publisher":{"@id":"https:\/\/elinformativotam.com\/#organization"},"potentialAction":[{"@type":"SearchAction","target":{"@type":"EntryPoint","urlTemplate":"https:\/\/elinformativotam.com\/?s={search_term_string}"},"query-input":{"@type":"PropertyValueSpecification","valueRequired":true,"valueName":"search_term_string"}}],"inLanguage":"es"},{"@type":"Organization","@id":"https:\/\/elinformativotam.com\/#organization","name":"EL INFORMATIVO DE TAMAULIPAS","url":"https:\/\/elinformativotam.com\/","logo":{"@type":"ImageObject","inLanguage":"es","@id":"https:\/\/elinformativotam.com\/#\/schema\/logo\/image\/","url":"https:\/\/elinformativotam.com\/wp-content\/uploads\/2026\/02\/Cabezal.png","contentUrl":"https:\/\/elinformativotam.com\/wp-content\/uploads\/2026\/02\/Cabezal.png","width":960,"height":640,"caption":"EL INFORMATIVO DE TAMAULIPAS"},"image":{"@id":"https:\/\/elinformativotam.com\/#\/schema\/logo\/image\/"}},{"@type":"Person","@id":"https:\/\/elinformativotam.com\/#\/schema\/person\/78e08040eed0f6110f0c5f83b6153590","name":"El Informativo Tam","image":{"@type":"ImageObject","inLanguage":"es","@id":"https:\/\/secure.gravatar.com\/avatar\/f3b7ad3af540688955925ac610647be00b0cf41feea9c4978b73a707ee86bc53?s=96&d=mm&r=g","url":"https:\/\/secure.gravatar.com\/avatar\/f3b7ad3af540688955925ac610647be00b0cf41feea9c4978b73a707ee86bc53?s=96&d=mm&r=g","contentUrl":"https:\/\/secure.gravatar.com\/avatar\/f3b7ad3af540688955925ac610647be00b0cf41feea9c4978b73a707ee86bc53?s=96&d=mm&r=g","caption":"El Informativo Tam"}}]}},"_links":{"self":[{"href":"https:\/\/elinformativotam.com\/index.php\/wp-json\/wp\/v2\/posts\/49928","targetHints":{"allow":["GET"]}}],"collection":[{"href":"https:\/\/elinformativotam.com\/index.php\/wp-json\/wp\/v2\/posts"}],"about":[{"href":"https:\/\/elinformativotam.com\/index.php\/wp-json\/wp\/v2\/types\/post"}],"author":[{"embeddable":true,"href":"https:\/\/elinformativotam.com\/index.php\/wp-json\/wp\/v2\/users\/1"}],"replies":[{"embeddable":true,"href":"https:\/\/elinformativotam.com\/index.php\/wp-json\/wp\/v2\/comments?post=49928"}],"version-history":[{"count":1,"href":"https:\/\/elinformativotam.com\/index.php\/wp-json\/wp\/v2\/posts\/49928\/revisions"}],"predecessor-version":[{"id":49930,"href":"https:\/\/elinformativotam.com\/index.php\/wp-json\/wp\/v2\/posts\/49928\/revisions\/49930"}],"wp:featuredmedia":[{"embeddable":true,"href":"https:\/\/elinformativotam.com\/index.php\/wp-json\/wp\/v2\/media\/49929"}],"wp:attachment":[{"href":"https:\/\/elinformativotam.com\/index.php\/wp-json\/wp\/v2\/media?parent=49928"}],"wp:term":[{"taxonomy":"category","embeddable":true,"href":"https:\/\/elinformativotam.com\/index.php\/wp-json\/wp\/v2\/categories?post=49928"},{"taxonomy":"post_tag","embeddable":true,"href":"https:\/\/elinformativotam.com\/index.php\/wp-json\/wp\/v2\/tags?post=49928"}],"curies":[{"name":"wp","href":"https:\/\/api.w.org\/{rel}","templated":true}]}}