{"id":49925,"date":"2024-03-28T00:00:07","date_gmt":"2024-03-28T06:00:07","guid":{"rendered":"https:\/\/elinformativotam.com\/?p=49925"},"modified":"2024-03-28T00:00:07","modified_gmt":"2024-03-28T06:00:07","slug":"14-ninos-se-han-extraviado-en-lo-que-va-del-periodo-vacacional","status":"publish","type":"post","link":"https:\/\/elinformativotam.com\/index.php\/2024\/03\/28\/14-ninos-se-han-extraviado-en-lo-que-va-del-periodo-vacacional\/","title":{"rendered":"14 NI\u00d1OS SE HAN EXTRAVIADO EN LO QUE VA DEL PERIODO VACACIONAL."},"content":{"rendered":"<p>Cd. Madero, Tamaulipas.- En lo que va del periodo vacacional de verano, se ha registrado el extrav\u00edo de 14 menores de edad, quienes de manera pronta han sido devueltos a sus familias.<\/p>\n<p>&nbsp;<\/p>\n<p>La directora de turismo en Madero, Lorena Gonz\u00e1lez L\u00f3pez, se\u00f1al\u00f3 que es con el\u00a0 apoyo del sistema DIF, as\u00ed como de los salvavidas que se realiza la b\u00fasqueda de los menores.<\/p>\n<p>&nbsp;<\/p>\n<p>Mencion\u00f3 que en poco tiempo se han localizado los menores y se entregan a sus padres, haci\u00e9ndoles la recomendaci\u00f3n para que no los pierdan de vista, ya que de lo contrario puede presentarse una situaci\u00f3n mayor.<\/p>\n<p>&nbsp;<\/p>\n<p>Indic\u00f3 que para la semana santa se prev\u00e9 implementar la estrategia de las pulseras de colores, la cual les ha dado muy buenos resultados en a\u00f1os anteriores, pues con ello se identifica el \u00e1rea en la que se ubican los familiares del menor y se localiza a los padres de manera pronta.<\/p>\n<p>&nbsp;<\/p>\n<p>A\u00f1adi\u00f3 que las acciones que se implementan por las autoridades van encaminadas a que los visitantes de playa Miramar disfruten de sus vacaciones de forma tranquila y segura.<\/p>\n<p>&nbsp;<\/p>\n","protected":false},"excerpt":{"rendered":"<p>Cd. Madero, Tamaulipas.- En lo que va del periodo vacacional de verano, se ha registrado el extrav\u00edo de 14 menores&hellip;<\/p>\n","protected":false},"author":1,"featured_media":49926,"comment_status":"open","ping_status":"open","sticky":false,"template":"","format":"standard","meta":{"footnotes":""},"categories":[4],"tags":[],"class_list":["post-49925","post","type-post","status-publish","format-standard","has-post-thumbnail","hentry","category-madero"],"yoast_head":"<!-- This site is optimized with the Yoast SEO plugin v27.5 - https:\/\/yoast.com\/product\/yoast-seo-wordpress\/ -->\n<title>14 NI\u00d1OS SE HAN EXTRAVIADO EN LO QUE VA DEL PERIODO VACACIONAL. - EL INFORMATIVO DE TAMAULIPAS<\/title>\n<meta name=\"description\" content=\"Cd. Madero, Tamaulipas.- En lo que va del periodo vacacional de verano, se ha registrado el extrav\u00edo de 14 menores de edad, quienes de manera pronta han\" \/>\n<meta name=\"robots\" content=\"index, follow, max-snippet:-1, max-image-preview:large, max-video-preview:-1\" \/>\n<link rel=\"canonical\" href=\"https:\/\/elinformativotam.com\/index.php\/2024\/03\/28\/14-ninos-se-han-extraviado-en-lo-que-va-del-periodo-vacacional\/\" \/>\n<meta property=\"og:locale\" content=\"es_MX\" \/>\n<meta property=\"og:type\" content=\"article\" \/>\n<meta property=\"og:title\" content=\"14 NI\u00d1OS SE HAN EXTRAVIADO EN LO QUE VA DEL PERIODO VACACIONAL. - EL INFORMATIVO DE TAMAULIPAS\" \/>\n<meta property=\"og:description\" content=\"Cd. Madero, Tamaulipas.- En lo que va del periodo vacacional de verano, se ha registrado el extrav\u00edo de 14 menores de edad, quienes de manera pronta han\" \/>\n<meta property=\"og:url\" content=\"https:\/\/elinformativotam.com\/index.php\/2024\/03\/28\/14-ninos-se-han-extraviado-en-lo-que-va-del-periodo-vacacional\/\" \/>\n<meta property=\"og:site_name\" content=\"EL INFORMATIVO DE TAMAULIPAS\" \/>\n<meta property=\"article:published_time\" content=\"2024-03-28T06:00:07+00:00\" \/>\n<meta property=\"og:image\" content=\"https:\/\/elinformativotam.com\/wp-content\/uploads\/2024\/03\/Extraviados.jpeg\" \/>\n\t<meta property=\"og:image:width\" content=\"720\" \/>\n\t<meta property=\"og:image:height\" content=\"540\" \/>\n\t<meta property=\"og:image:type\" content=\"image\/jpeg\" \/>\n<meta name=\"author\" content=\"El Informativo Tam\" \/>\n<meta name=\"twitter:card\" content=\"summary_large_image\" \/>\n<meta name=\"twitter:label1\" content=\"Escrito por\" \/>\n\t<meta name=\"twitter:data1\" content=\"El Informativo Tam\" \/>\n\t<meta name=\"twitter:label2\" content=\"Tiempo de lectura\" \/>\n\t<meta name=\"twitter:data2\" content=\"2 minutos\" \/>\n<script type=\"application\/ld+json\" class=\"yoast-schema-graph\">{\"@context\":\"https:\\\/\\\/schema.org\",\"@graph\":[{\"@type\":\"Article\",\"@id\":\"https:\\\/\\\/elinformativotam.com\\\/index.php\\\/2024\\\/03\\\/28\\\/14-ninos-se-han-extraviado-en-lo-que-va-del-periodo-vacacional\\\/#article\",\"isPartOf\":{\"@id\":\"https:\\\/\\\/elinformativotam.com\\\/index.php\\\/2024\\\/03\\\/28\\\/14-ninos-se-han-extraviado-en-lo-que-va-del-periodo-vacacional\\\/\"},\"author\":{\"name\":\"El Informativo Tam\",\"@id\":\"https:\\\/\\\/elinformativotam.com\\\/#\\\/schema\\\/person\\\/78e08040eed0f6110f0c5f83b6153590\"},\"headline\":\"14 NI\u00d1OS SE HAN EXTRAVIADO EN LO QUE VA DEL PERIODO VACACIONAL.\",\"datePublished\":\"2024-03-28T06:00:07+00:00\",\"mainEntityOfPage\":{\"@id\":\"https:\\\/\\\/elinformativotam.com\\\/index.php\\\/2024\\\/03\\\/28\\\/14-ninos-se-han-extraviado-en-lo-que-va-del-periodo-vacacional\\\/\"},\"wordCount\":206,\"commentCount\":0,\"publisher\":{\"@id\":\"https:\\\/\\\/elinformativotam.com\\\/#organization\"},\"image\":{\"@id\":\"https:\\\/\\\/elinformativotam.com\\\/index.php\\\/2024\\\/03\\\/28\\\/14-ninos-se-han-extraviado-en-lo-que-va-del-periodo-vacacional\\\/#primaryimage\"},\"thumbnailUrl\":\"https:\\\/\\\/elinformativotam.com\\\/wp-content\\\/uploads\\\/2024\\\/03\\\/Extraviados.jpeg\",\"articleSection\":[\"Cd Madero\"],\"inLanguage\":\"es\",\"potentialAction\":[{\"@type\":\"CommentAction\",\"name\":\"Comment\",\"target\":[\"https:\\\/\\\/elinformativotam.com\\\/index.php\\\/2024\\\/03\\\/28\\\/14-ninos-se-han-extraviado-en-lo-que-va-del-periodo-vacacional\\\/#respond\"]}]},{\"@type\":\"WebPage\",\"@id\":\"https:\\\/\\\/elinformativotam.com\\\/index.php\\\/2024\\\/03\\\/28\\\/14-ninos-se-han-extraviado-en-lo-que-va-del-periodo-vacacional\\\/\",\"url\":\"https:\\\/\\\/elinformativotam.com\\\/index.php\\\/2024\\\/03\\\/28\\\/14-ninos-se-han-extraviado-en-lo-que-va-del-periodo-vacacional\\\/\",\"name\":\"14 NI\u00d1OS SE HAN EXTRAVIADO EN LO QUE VA DEL PERIODO VACACIONAL. - EL INFORMATIVO DE TAMAULIPAS\",\"isPartOf\":{\"@id\":\"https:\\\/\\\/elinformativotam.com\\\/#website\"},\"primaryImageOfPage\":{\"@id\":\"https:\\\/\\\/elinformativotam.com\\\/index.php\\\/2024\\\/03\\\/28\\\/14-ninos-se-han-extraviado-en-lo-que-va-del-periodo-vacacional\\\/#primaryimage\"},\"image\":{\"@id\":\"https:\\\/\\\/elinformativotam.com\\\/index.php\\\/2024\\\/03\\\/28\\\/14-ninos-se-han-extraviado-en-lo-que-va-del-periodo-vacacional\\\/#primaryimage\"},\"thumbnailUrl\":\"https:\\\/\\\/elinformativotam.com\\\/wp-content\\\/uploads\\\/2024\\\/03\\\/Extraviados.jpeg\",\"datePublished\":\"2024-03-28T06:00:07+00:00\",\"description\":\"Cd. Madero, Tamaulipas.- En lo que va del periodo vacacional de verano, se ha registrado el extrav\u00edo de 14 menores de edad, quienes de manera pronta han\",\"inLanguage\":\"es\",\"potentialAction\":[{\"@type\":\"ReadAction\",\"target\":[\"https:\\\/\\\/elinformativotam.com\\\/index.php\\\/2024\\\/03\\\/28\\\/14-ninos-se-han-extraviado-en-lo-que-va-del-periodo-vacacional\\\/\"]}]},{\"@type\":\"ImageObject\",\"inLanguage\":\"es\",\"@id\":\"https:\\\/\\\/elinformativotam.com\\\/index.php\\\/2024\\\/03\\\/28\\\/14-ninos-se-han-extraviado-en-lo-que-va-del-periodo-vacacional\\\/#primaryimage\",\"url\":\"https:\\\/\\\/elinformativotam.com\\\/wp-content\\\/uploads\\\/2024\\\/03\\\/Extraviados.jpeg\",\"contentUrl\":\"https:\\\/\\\/elinformativotam.com\\\/wp-content\\\/uploads\\\/2024\\\/03\\\/Extraviados.jpeg\",\"width\":720,\"height\":540},{\"@type\":\"WebSite\",\"@id\":\"https:\\\/\\\/elinformativotam.com\\\/#website\",\"url\":\"https:\\\/\\\/elinformativotam.com\\\/\",\"name\":\"EL INFORMATIVO DE TAMAULIPAS\",\"description\":\"Desde la Zona Metropolitana Para Todo M\u00e9xico\",\"publisher\":{\"@id\":\"https:\\\/\\\/elinformativotam.com\\\/#organization\"},\"potentialAction\":[{\"@type\":\"SearchAction\",\"target\":{\"@type\":\"EntryPoint\",\"urlTemplate\":\"https:\\\/\\\/elinformativotam.com\\\/?s={search_term_string}\"},\"query-input\":{\"@type\":\"PropertyValueSpecification\",\"valueRequired\":true,\"valueName\":\"search_term_string\"}}],\"inLanguage\":\"es\"},{\"@type\":\"Organization\",\"@id\":\"https:\\\/\\\/elinformativotam.com\\\/#organization\",\"name\":\"EL INFORMATIVO DE TAMAULIPAS\",\"url\":\"https:\\\/\\\/elinformativotam.com\\\/\",\"logo\":{\"@type\":\"ImageObject\",\"inLanguage\":\"es\",\"@id\":\"https:\\\/\\\/elinformativotam.com\\\/#\\\/schema\\\/logo\\\/image\\\/\",\"url\":\"https:\\\/\\\/elinformativotam.com\\\/wp-content\\\/uploads\\\/2026\\\/02\\\/Cabezal.png\",\"contentUrl\":\"https:\\\/\\\/elinformativotam.com\\\/wp-content\\\/uploads\\\/2026\\\/02\\\/Cabezal.png\",\"width\":960,\"height\":640,\"caption\":\"EL INFORMATIVO DE TAMAULIPAS\"},\"image\":{\"@id\":\"https:\\\/\\\/elinformativotam.com\\\/#\\\/schema\\\/logo\\\/image\\\/\"}},{\"@type\":\"Person\",\"@id\":\"https:\\\/\\\/elinformativotam.com\\\/#\\\/schema\\\/person\\\/78e08040eed0f6110f0c5f83b6153590\",\"name\":\"El Informativo Tam\",\"image\":{\"@type\":\"ImageObject\",\"inLanguage\":\"es\",\"@id\":\"https:\\\/\\\/secure.gravatar.com\\\/avatar\\\/f3b7ad3af540688955925ac610647be00b0cf41feea9c4978b73a707ee86bc53?s=96&d=mm&r=g\",\"url\":\"https:\\\/\\\/secure.gravatar.com\\\/avatar\\\/f3b7ad3af540688955925ac610647be00b0cf41feea9c4978b73a707ee86bc53?s=96&d=mm&r=g\",\"contentUrl\":\"https:\\\/\\\/secure.gravatar.com\\\/avatar\\\/f3b7ad3af540688955925ac610647be00b0cf41feea9c4978b73a707ee86bc53?s=96&d=mm&r=g\",\"caption\":\"El Informativo Tam\"}}]}<\/script>\n<!-- \/ Yoast SEO plugin. -->","yoast_head_json":{"title":"14 NI\u00d1OS SE HAN EXTRAVIADO EN LO QUE VA DEL PERIODO VACACIONAL. - EL INFORMATIVO DE TAMAULIPAS","description":"Cd. Madero, Tamaulipas.- En lo que va del periodo vacacional de verano, se ha registrado el extrav\u00edo de 14 menores de edad, quienes de manera pronta han","robots":{"index":"index","follow":"follow","max-snippet":"max-snippet:-1","max-image-preview":"max-image-preview:large","max-video-preview":"max-video-preview:-1"},"canonical":"https:\/\/elinformativotam.com\/index.php\/2024\/03\/28\/14-ninos-se-han-extraviado-en-lo-que-va-del-periodo-vacacional\/","og_locale":"es_MX","og_type":"article","og_title":"14 NI\u00d1OS SE HAN EXTRAVIADO EN LO QUE VA DEL PERIODO VACACIONAL. - EL INFORMATIVO DE TAMAULIPAS","og_description":"Cd. Madero, Tamaulipas.- En lo que va del periodo vacacional de verano, se ha registrado el extrav\u00edo de 14 menores de edad, quienes de manera pronta han","og_url":"https:\/\/elinformativotam.com\/index.php\/2024\/03\/28\/14-ninos-se-han-extraviado-en-lo-que-va-del-periodo-vacacional\/","og_site_name":"EL INFORMATIVO DE TAMAULIPAS","article_published_time":"2024-03-28T06:00:07+00:00","og_image":[{"width":720,"height":540,"url":"https:\/\/elinformativotam.com\/wp-content\/uploads\/2024\/03\/Extraviados.jpeg","type":"image\/jpeg"}],"author":"El Informativo Tam","twitter_card":"summary_large_image","twitter_misc":{"Escrito por":"El Informativo Tam","Tiempo de lectura":"2 minutos"},"schema":{"@context":"https:\/\/schema.org","@graph":[{"@type":"Article","@id":"https:\/\/elinformativotam.com\/index.php\/2024\/03\/28\/14-ninos-se-han-extraviado-en-lo-que-va-del-periodo-vacacional\/#article","isPartOf":{"@id":"https:\/\/elinformativotam.com\/index.php\/2024\/03\/28\/14-ninos-se-han-extraviado-en-lo-que-va-del-periodo-vacacional\/"},"author":{"name":"El Informativo Tam","@id":"https:\/\/elinformativotam.com\/#\/schema\/person\/78e08040eed0f6110f0c5f83b6153590"},"headline":"14 NI\u00d1OS SE HAN EXTRAVIADO EN LO QUE VA DEL PERIODO VACACIONAL.","datePublished":"2024-03-28T06:00:07+00:00","mainEntityOfPage":{"@id":"https:\/\/elinformativotam.com\/index.php\/2024\/03\/28\/14-ninos-se-han-extraviado-en-lo-que-va-del-periodo-vacacional\/"},"wordCount":206,"commentCount":0,"publisher":{"@id":"https:\/\/elinformativotam.com\/#organization"},"image":{"@id":"https:\/\/elinformativotam.com\/index.php\/2024\/03\/28\/14-ninos-se-han-extraviado-en-lo-que-va-del-periodo-vacacional\/#primaryimage"},"thumbnailUrl":"https:\/\/elinformativotam.com\/wp-content\/uploads\/2024\/03\/Extraviados.jpeg","articleSection":["Cd Madero"],"inLanguage":"es","potentialAction":[{"@type":"CommentAction","name":"Comment","target":["https:\/\/elinformativotam.com\/index.php\/2024\/03\/28\/14-ninos-se-han-extraviado-en-lo-que-va-del-periodo-vacacional\/#respond"]}]},{"@type":"WebPage","@id":"https:\/\/elinformativotam.com\/index.php\/2024\/03\/28\/14-ninos-se-han-extraviado-en-lo-que-va-del-periodo-vacacional\/","url":"https:\/\/elinformativotam.com\/index.php\/2024\/03\/28\/14-ninos-se-han-extraviado-en-lo-que-va-del-periodo-vacacional\/","name":"14 NI\u00d1OS SE HAN EXTRAVIADO EN LO QUE VA DEL PERIODO VACACIONAL. - EL INFORMATIVO DE TAMAULIPAS","isPartOf":{"@id":"https:\/\/elinformativotam.com\/#website"},"primaryImageOfPage":{"@id":"https:\/\/elinformativotam.com\/index.php\/2024\/03\/28\/14-ninos-se-han-extraviado-en-lo-que-va-del-periodo-vacacional\/#primaryimage"},"image":{"@id":"https:\/\/elinformativotam.com\/index.php\/2024\/03\/28\/14-ninos-se-han-extraviado-en-lo-que-va-del-periodo-vacacional\/#primaryimage"},"thumbnailUrl":"https:\/\/elinformativotam.com\/wp-content\/uploads\/2024\/03\/Extraviados.jpeg","datePublished":"2024-03-28T06:00:07+00:00","description":"Cd. Madero, Tamaulipas.- En lo que va del periodo vacacional de verano, se ha registrado el extrav\u00edo de 14 menores de edad, quienes de manera pronta han","inLanguage":"es","potentialAction":[{"@type":"ReadAction","target":["https:\/\/elinformativotam.com\/index.php\/2024\/03\/28\/14-ninos-se-han-extraviado-en-lo-que-va-del-periodo-vacacional\/"]}]},{"@type":"ImageObject","inLanguage":"es","@id":"https:\/\/elinformativotam.com\/index.php\/2024\/03\/28\/14-ninos-se-han-extraviado-en-lo-que-va-del-periodo-vacacional\/#primaryimage","url":"https:\/\/elinformativotam.com\/wp-content\/uploads\/2024\/03\/Extraviados.jpeg","contentUrl":"https:\/\/elinformativotam.com\/wp-content\/uploads\/2024\/03\/Extraviados.jpeg","width":720,"height":540},{"@type":"WebSite","@id":"https:\/\/elinformativotam.com\/#website","url":"https:\/\/elinformativotam.com\/","name":"EL INFORMATIVO DE TAMAULIPAS","description":"Desde la Zona Metropolitana Para Todo M\u00e9xico","publisher":{"@id":"https:\/\/elinformativotam.com\/#organization"},"potentialAction":[{"@type":"SearchAction","target":{"@type":"EntryPoint","urlTemplate":"https:\/\/elinformativotam.com\/?s={search_term_string}"},"query-input":{"@type":"PropertyValueSpecification","valueRequired":true,"valueName":"search_term_string"}}],"inLanguage":"es"},{"@type":"Organization","@id":"https:\/\/elinformativotam.com\/#organization","name":"EL INFORMATIVO DE TAMAULIPAS","url":"https:\/\/elinformativotam.com\/","logo":{"@type":"ImageObject","inLanguage":"es","@id":"https:\/\/elinformativotam.com\/#\/schema\/logo\/image\/","url":"https:\/\/elinformativotam.com\/wp-content\/uploads\/2026\/02\/Cabezal.png","contentUrl":"https:\/\/elinformativotam.com\/wp-content\/uploads\/2026\/02\/Cabezal.png","width":960,"height":640,"caption":"EL INFORMATIVO DE TAMAULIPAS"},"image":{"@id":"https:\/\/elinformativotam.com\/#\/schema\/logo\/image\/"}},{"@type":"Person","@id":"https:\/\/elinformativotam.com\/#\/schema\/person\/78e08040eed0f6110f0c5f83b6153590","name":"El Informativo Tam","image":{"@type":"ImageObject","inLanguage":"es","@id":"https:\/\/secure.gravatar.com\/avatar\/f3b7ad3af540688955925ac610647be00b0cf41feea9c4978b73a707ee86bc53?s=96&d=mm&r=g","url":"https:\/\/secure.gravatar.com\/avatar\/f3b7ad3af540688955925ac610647be00b0cf41feea9c4978b73a707ee86bc53?s=96&d=mm&r=g","contentUrl":"https:\/\/secure.gravatar.com\/avatar\/f3b7ad3af540688955925ac610647be00b0cf41feea9c4978b73a707ee86bc53?s=96&d=mm&r=g","caption":"El Informativo Tam"}}]}},"_links":{"self":[{"href":"https:\/\/elinformativotam.com\/index.php\/wp-json\/wp\/v2\/posts\/49925","targetHints":{"allow":["GET"]}}],"collection":[{"href":"https:\/\/elinformativotam.com\/index.php\/wp-json\/wp\/v2\/posts"}],"about":[{"href":"https:\/\/elinformativotam.com\/index.php\/wp-json\/wp\/v2\/types\/post"}],"author":[{"embeddable":true,"href":"https:\/\/elinformativotam.com\/index.php\/wp-json\/wp\/v2\/users\/1"}],"replies":[{"embeddable":true,"href":"https:\/\/elinformativotam.com\/index.php\/wp-json\/wp\/v2\/comments?post=49925"}],"version-history":[{"count":1,"href":"https:\/\/elinformativotam.com\/index.php\/wp-json\/wp\/v2\/posts\/49925\/revisions"}],"predecessor-version":[{"id":49927,"href":"https:\/\/elinformativotam.com\/index.php\/wp-json\/wp\/v2\/posts\/49925\/revisions\/49927"}],"wp:featuredmedia":[{"embeddable":true,"href":"https:\/\/elinformativotam.com\/index.php\/wp-json\/wp\/v2\/media\/49926"}],"wp:attachment":[{"href":"https:\/\/elinformativotam.com\/index.php\/wp-json\/wp\/v2\/media?parent=49925"}],"wp:term":[{"taxonomy":"category","embeddable":true,"href":"https:\/\/elinformativotam.com\/index.php\/wp-json\/wp\/v2\/categories?post=49925"},{"taxonomy":"post_tag","embeddable":true,"href":"https:\/\/elinformativotam.com\/index.php\/wp-json\/wp\/v2\/tags?post=49925"}],"curies":[{"name":"wp","href":"https:\/\/api.w.org\/{rel}","templated":true}]}}